{"id":111932,"date":"2025-10-15T11:32:14","date_gmt":"2025-10-15T15:32:14","guid":{"rendered":"https:\/\/lasprimeras.com.do\/?p=111932"},"modified":"2025-10-15T11:32:16","modified_gmt":"2025-10-15T15:32:16","slug":"gonzalez-cuadra-resalta-distincion-de-la-onu-a-david-collado-es-un-orgullo-para-el-pais","status":"publish","type":"post","link":"https:\/\/lasprimeras.com.do\/index.php\/2025\/10\/15\/gonzalez-cuadra-resalta-distincion-de-la-onu-a-david-collado-es-un-orgullo-para-el-pais\/","title":{"rendered":"Gonz\u00e1lez Cuadra resalta distinci\u00f3n de la ONU a David Collado es un orgullo para el pais"},"content":{"rendered":"\n<p><strong>Dice David Collado ha hecho una labor encomiable en favor del turismo.<\/strong><\/p>\n\n\n\n<p>El presidente ejecutivo de Centro Cuesta Nacional (CCN), empresario Jos\u00e9 Miguel Gonz\u00e1lez Cuadra, felicit\u00f3 al ministro de Turismo, David Collado, por el reconocimiento otorgado por la Organizaci\u00f3n Mundial del Turismo (ONU Turismo), que lo distingui\u00f3 como el mejor ministro de Turismo de Las Am\u00e9ricas por su liderazgo visionario y transformador en el sector.<\/p>\n\n\n\n<p>Al ser entrevistado por el periodista Mois\u00e9s Gonz\u00e1lez, director de Despertar Nacional, Gonz\u00e1lez Cuadra destac\u00f3 que este galard\u00f3n no solo enaltece la gesti\u00f3n del ministro Collado, sino tambi\u00e9n al presidente Luis Abinader y a la Rep\u00fablica Dominicana, por el respaldo institucional y la visi\u00f3n de Estado que han permitido fortalecer el sector tur\u00edstico como uno de los pilares de la econom\u00eda nacional.<\/p>\n\n\n\n<p>\u201cEl ministro Collado ha hecho un trabajo encomiable durante estos cinco a\u00f1os, sobre todo desde los momentos m\u00e1s dif\u00edciles. Este reconocimiento es un m\u00e9rito a su visi\u00f3n y tambi\u00e9n al respaldo del presidente Abinader. El turismo representa un puente econ\u00f3mico fundamental en la vida diaria del dominicano\u201d, expres\u00f3 el empresario.<\/p>\n\n\n\n<p>Asimismo, el presidente ejecutivo de CCN resalt\u00f3 que el crecimiento del turismo ha impactado de manera directa e indirecta a miles de familias dominicanas, consolidando al sector como uno de los principales motores del Producto Interno Bruto (PIB) del pa\u00eds.<br>Con este reconocimiento de consolida su liderazgo en el Caribe y Am\u00e9rica Latina como destino resiliente, innovador y sostenible.<\/p>\n\n\n\n<p>Gonz\u00e1lez Cuadra tambi\u00e9n se refiri\u00f3 a la inversi\u00f3n realizada en Santiago, donde desarroll\u00f3 un hotel bajo la marca Hilton, complementando el concepto de centro comercial con oferta hotelera.<\/p>\n\n\n\n<p>\u201cSantiago est\u00e1 viviendo un momento de gran desarrollo. Iniciamos con la idea de un centro comercial y luego sumamos el hotel, porque en el mundo ya ambos conceptos van de la mano. Nos sentimos muy satisfechos con el resultado y con la respuesta positiva de la comunidad y de todo el Cibao\u201d, agreg\u00f3.<\/p>\n","protected":false},"excerpt":{"rendered":"<p>Dice David Collado ha hecho una labor encomiable en favor del turismo. El presidente ejecutivo de Centro Cuesta Nacional (CCN), empresario Jos\u00e9 Miguel Gonz\u00e1lez Cuadra, felicit\u00f3 al ministro de Turismo,&hellip;<\/p>\n","protected":false},"author":10,"featured_media":111933,"comment_status":"open","ping_status":"open","sticky":false,"template":"","format":"standard","meta":{"content-type":"","jetpack_post_was_ever_published":false,"_jetpack_newsletter_access":"","_jetpack_dont_email_post_to_subs":false,"_jetpack_newsletter_tier_id":0,"_jetpack_memberships_contains_paywalled_content":false,"_jetpack_memberships_contains_paid_content":false,"footnotes":""},"categories":[25,376],"tags":[1498,25980,25981,93],"class_list":["post-111932","post","type-post","status-publish","format-standard","has-post-thumbnail","hentry","category-portada","category-turismo","tag-david-collado","tag-distincion","tag-jose-miguel-gonzalez-cuadra","tag-onu"],"jetpack_featured_media_url":"https:\/\/lasprimeras.com.do\/wp-content\/uploads\/2025\/10\/Jose-Miguel-Gonzalez-Cuadra.jpg","jetpack-related-posts":[{"id":54131,"url":"https:\/\/lasprimeras.com.do\/index.php\/2023\/07\/07\/ministro-de-turismo-inaugura-construccion-parque-central-en-el-pinar-de-ocoa\/","url_meta":{"origin":111932,"position":0},"title":"Ministro de Turismo inaugura construcci\u00f3n Parque Central en el Pinar de Ocoa","author":"Nelson Feliz","date":"7 de julio de 2023","format":false,"excerpt":"Ministro Collado destaca el potencial ecotur\u00edstico de la zona, ba\u00f1ada por la naturaleza. El ministro de Turismo, David Collado, inaugur\u00f3 la construcci\u00f3n del Parque Central de aqu\u00ed con una inversi\u00f3n superior a los RD$10 millones. Collado manifest\u00f3 que la construcci\u00f3n del parque central era un viejo reclamo de los residentes\u2026","rel":"","context":"En \u00abTURISMO\u00bb","block_context":{"text":"TURISMO","link":"https:\/\/lasprimeras.com.do\/index.php\/category\/turismo\/"},"img":{"alt_text":"David Collado","src":"https:\/\/i0.wp.com\/lasprimeras.com.do\/wp-content\/uploads\/2023\/07\/David-Collado-1.jpg?resize=350%2C200&ssl=1","width":350,"height":200,"srcset":"https:\/\/i0.wp.com\/lasprimeras.com.do\/wp-content\/uploads\/2023\/07\/David-Collado-1.jpg?resize=350%2C200&ssl=1 1x, https:\/\/i0.wp.com\/lasprimeras.com.do\/wp-content\/uploads\/2023\/07\/David-Collado-1.jpg?resize=525%2C300&ssl=1 1.5x, https:\/\/i0.wp.com\/lasprimeras.com.do\/wp-content\/uploads\/2023\/07\/David-Collado-1.jpg?resize=700%2C400&ssl=1 2x"},"classes":[]},{"id":71082,"url":"https:\/\/lasprimeras.com.do\/index.php\/2023\/12\/17\/david-collado-deja-iniciadas-obras-en-los-bajos-de-haina-que-impactaran-en-el-turismo\/","url_meta":{"origin":111932,"position":1},"title":"David Collado deja iniciadas obras en los Bajos de Haina que impactar\u00e1n en el turismo","author":"Nelson Feliz","date":"17 de diciembre de 2023","format":false,"excerpt":"El ministro de Turismo, David Collado, dej\u00f3 iniciadas varias obras que impactar\u00e1n directamente con el desarrollo del turismo en este municipio de la provincia de San Crist\u00f3bal, con una inversi\u00f3n que supera los 208 millones de pesos. Las obras incluyen la reconstrucci\u00f3n del Malec\u00f3n, la intervenci\u00f3n de Playa El Gringo\u2026","rel":"","context":"En \u00abPORTADA\u00bb","block_context":{"text":"PORTADA","link":"https:\/\/lasprimeras.com.do\/index.php\/category\/portada\/"},"img":{"alt_text":"Parque Haina","src":"https:\/\/i0.wp.com\/lasprimeras.com.do\/wp-content\/uploads\/2023\/12\/Parque-Haina.jpg?resize=350%2C200&ssl=1","width":350,"height":200,"srcset":"https:\/\/i0.wp.com\/lasprimeras.com.do\/wp-content\/uploads\/2023\/12\/Parque-Haina.jpg?resize=350%2C200&ssl=1 1x, https:\/\/i0.wp.com\/lasprimeras.com.do\/wp-content\/uploads\/2023\/12\/Parque-Haina.jpg?resize=525%2C300&ssl=1 1.5x, https:\/\/i0.wp.com\/lasprimeras.com.do\/wp-content\/uploads\/2023\/12\/Parque-Haina.jpg?resize=700%2C400&ssl=1 2x"},"classes":[]},{"id":115808,"url":"https:\/\/lasprimeras.com.do\/index.php\/2025\/11\/25\/asonahores-reconoce-al-ministro-david-collado-por-su-gestion-y-legado-en-el-turismo-dominicano\/","url_meta":{"origin":111932,"position":2},"title":"Asonahores reconoce al ministro David Collado por su gesti\u00f3n y legado en el turismo dominicano","author":"Nelson Feliz","date":"25 de noviembre de 2025","format":false,"excerpt":"La distinci\u00f3n fue entregada durante el Foro de Inversi\u00f3n de Turismo Deportivo La Asociaci\u00f3n de Hoteles y Turismo de la Rep\u00fablica Dominicana (Asonahores) otorg\u00f3 este martes un reconocimiento al ministro de Turismo, David Collado, por la solidez de su gesti\u00f3n y el impacto de su legado en el fortalecimiento y\u2026","rel":"","context":"En \u00abTURISMO\u00bb","block_context":{"text":"TURISMO","link":"https:\/\/lasprimeras.com.do\/index.php\/category\/turismo\/"},"img":{"alt_text":"Paola Rainieri de D\u00edaz, el presidente de Asonahores, Juan Bancalari; el ministro David Collado y la vicepresidenta de Asonahores, Aguie Lendor.","src":"https:\/\/i0.wp.com\/lasprimeras.com.do\/wp-content\/uploads\/2025\/11\/asonahores.jpg?resize=350%2C200&ssl=1","width":350,"height":200,"srcset":"https:\/\/i0.wp.com\/lasprimeras.com.do\/wp-content\/uploads\/2025\/11\/asonahores.jpg?resize=350%2C200&ssl=1 1x, https:\/\/i0.wp.com\/lasprimeras.com.do\/wp-content\/uploads\/2025\/11\/asonahores.jpg?resize=525%2C300&ssl=1 1.5x, https:\/\/i0.wp.com\/lasprimeras.com.do\/wp-content\/uploads\/2025\/11\/asonahores.jpg?resize=700%2C400&ssl=1 2x"},"classes":[]},{"id":67234,"url":"https:\/\/lasprimeras.com.do\/index.php\/2023\/11\/14\/turismo-inicia-construccion-de-plaza-multiuso-en-santa-cruz-de-el-seibo\/","url_meta":{"origin":111932,"position":3},"title":"Turismo inicia construcci\u00f3n de plaza multiuso en Santa Cruz de El Seibo","author":"Nelson Feliz","date":"14 de noviembre de 2023","format":false,"excerpt":"Ministro Collado dice la obra tendr\u00e1 un gran impacto en el desarrollo del turismo en toda la provincia. El ministro de Turismo, David Collado, dej\u00f3 iniciados los trabajos de construcci\u00f3n de la Plaza Multiuso en este municipio de la provincia El Seibo, a un costo superior a los trescientos millones\u2026","rel":"","context":"En \u00abTURISMO\u00bb","block_context":{"text":"TURISMO","link":"https:\/\/lasprimeras.com.do\/index.php\/category\/turismo\/"},"img":{"alt_text":"","src":"https:\/\/i0.wp.com\/lasprimeras.com.do\/wp-content\/uploads\/2023\/11\/Plaza-multiuso-El-Seibo.jpg?resize=350%2C200&ssl=1","width":350,"height":200,"srcset":"https:\/\/i0.wp.com\/lasprimeras.com.do\/wp-content\/uploads\/2023\/11\/Plaza-multiuso-El-Seibo.jpg?resize=350%2C200&ssl=1 1x, https:\/\/i0.wp.com\/lasprimeras.com.do\/wp-content\/uploads\/2023\/11\/Plaza-multiuso-El-Seibo.jpg?resize=525%2C300&ssl=1 1.5x, https:\/\/i0.wp.com\/lasprimeras.com.do\/wp-content\/uploads\/2023\/11\/Plaza-multiuso-El-Seibo.jpg?resize=700%2C400&ssl=1 2x"},"classes":[]},{"id":86887,"url":"https:\/\/lasprimeras.com.do\/index.php\/2024\/08\/02\/bancos-popular-bhd-y-reserva-reconocen-trabajo-de-david-collado-en-turismo\/","url_meta":{"origin":111932,"position":4},"title":"Bancos Popular, BHD y Reserva reconocen trabajo de David Collado en turismo","author":"Nelson Feliz","date":"2 de agosto de 2024","format":false,"excerpt":"Destacan los aportes y esfuerzo del funcionario para garantizar el crecimiento sostenible del sector. Los tres principales bancos comerciales de Rep\u00fablica Dominicana reconocieron la destacada labor realizada por David Collado como ministro de Turismo por alcanzar r\u00e9cord extraordinarios en el sector. En el marco de la celebraci\u00f3n del 62 aniversario\u2026","rel":"","context":"En \u00abECONOM\u00cdA\u00bb","block_context":{"text":"ECONOM\u00cdA","link":"https:\/\/lasprimeras.com.do\/index.php\/category\/economia\/"},"img":{"alt_text":"Banca Dominicana reconoce David Collado","src":"https:\/\/i0.wp.com\/lasprimeras.com.do\/wp-content\/uploads\/2024\/08\/Banca-Dominicana-reconoce-David-Collado.jpg?resize=350%2C200&ssl=1","width":350,"height":200,"srcset":"https:\/\/i0.wp.com\/lasprimeras.com.do\/wp-content\/uploads\/2024\/08\/Banca-Dominicana-reconoce-David-Collado.jpg?resize=350%2C200&ssl=1 1x, https:\/\/i0.wp.com\/lasprimeras.com.do\/wp-content\/uploads\/2024\/08\/Banca-Dominicana-reconoce-David-Collado.jpg?resize=525%2C300&ssl=1 1.5x, https:\/\/i0.wp.com\/lasprimeras.com.do\/wp-content\/uploads\/2024\/08\/Banca-Dominicana-reconoce-David-Collado.jpg?resize=700%2C400&ssl=1 2x"},"classes":[]},{"id":60705,"url":"https:\/\/lasprimeras.com.do\/index.php\/2023\/09\/17\/ministro-de-turismo-inaugura-sendero-peatonal-en-cabrera\/","url_meta":{"origin":111932,"position":5},"title":"Ministro de Turismo inaugura sendero peatonal en Cabrera","author":"Nelson Feliz","date":"17 de septiembre de 2023","format":false,"excerpt":"David Collado dice cada obra que ejecuta el MITUR busca impactar en la comunidad para fortalecer la oferta tur\u00edstica. El ministro de Turismo, David Collado, inaugur\u00f3 el Paseo Peatonal Tur\u00edstico dedicado a la m\u00fasica t\u00edpica en este municipio, un punto de inter\u00e9s y de encuentro en la zona que forma\u2026","rel":"","context":"En \u00abTURISMO\u00bb","block_context":{"text":"TURISMO","link":"https:\/\/lasprimeras.com.do\/index.php\/category\/turismo\/"},"img":{"alt_text":"David Collado","src":"https:\/\/i0.wp.com\/lasprimeras.com.do\/wp-content\/uploads\/2023\/09\/David-Collado.jpg?resize=350%2C200&ssl=1","width":350,"height":200,"srcset":"https:\/\/i0.wp.com\/lasprimeras.com.do\/wp-content\/uploads\/2023\/09\/David-Collado.jpg?resize=350%2C200&ssl=1 1x, https:\/\/i0.wp.com\/lasprimeras.com.do\/wp-content\/uploads\/2023\/09\/David-Collado.jpg?resize=525%2C300&ssl=1 1.5x, https:\/\/i0.wp.com\/lasprimeras.com.do\/wp-content\/uploads\/2023\/09\/David-Collado.jpg?resize=700%2C400&ssl=1 2x"},"classes":[]}],"jetpack_sharing_enabled":true,"_links":{"self":[{"href":"https:\/\/lasprimeras.com.do\/index.php\/wp-json\/wp\/v2\/posts\/111932","targetHints":{"allow":["GET"]}}],"collection":[{"href":"https:\/\/lasprimeras.com.do\/index.php\/wp-json\/wp\/v2\/posts"}],"about":[{"href":"https:\/\/lasprimeras.com.do\/index.php\/wp-json\/wp\/v2\/types\/post"}],"author":[{"embeddable":true,"href":"https:\/\/lasprimeras.com.do\/index.php\/wp-json\/wp\/v2\/users\/10"}],"replies":[{"embeddable":true,"href":"https:\/\/lasprimeras.com.do\/index.php\/wp-json\/wp\/v2\/comments?post=111932"}],"version-history":[{"count":1,"href":"https:\/\/lasprimeras.com.do\/index.php\/wp-json\/wp\/v2\/posts\/111932\/revisions"}],"predecessor-version":[{"id":111934,"href":"https:\/\/lasprimeras.com.do\/index.php\/wp-json\/wp\/v2\/posts\/111932\/revisions\/111934"}],"wp:featuredmedia":[{"embeddable":true,"href":"https:\/\/lasprimeras.com.do\/index.php\/wp-json\/wp\/v2\/media\/111933"}],"wp:attachment":[{"href":"https:\/\/lasprimeras.com.do\/index.php\/wp-json\/wp\/v2\/media?parent=111932"}],"wp:term":[{"taxonomy":"category","embeddable":true,"href":"https:\/\/lasprimeras.com.do\/index.php\/wp-json\/wp\/v2\/categories?post=111932"},{"taxonomy":"post_tag","embeddable":true,"href":"https:\/\/lasprimeras.com.do\/index.php\/wp-json\/wp\/v2\/tags?post=111932"}],"curies":[{"name":"wp","href":"https:\/\/api.w.org\/{rel}","templated":true}]}}