{"id":111943,"date":"2025-10-15T12:31:58","date_gmt":"2025-10-15T16:31:58","guid":{"rendered":"https:\/\/lasprimeras.com.do\/?p=111943"},"modified":"2025-10-15T12:32:00","modified_gmt":"2025-10-15T16:32:00","slug":"exportaciones-alcanzan-record-de-us10695-8-millones-entre-enero-septiembre-2025","status":"publish","type":"post","link":"https:\/\/lasprimeras.com.do\/index.php\/2025\/10\/15\/exportaciones-alcanzan-record-de-us10695-8-millones-entre-enero-septiembre-2025\/","title":{"rendered":"Exportaciones alcanzan r\u00e9cord de US$10,695.8 millones entre enero-septiembre 2025"},"content":{"rendered":"\n<p><strong>El crecimiento interanual del env\u00edo de mercanc\u00edas registr\u00f3 un 10.2%.<\/strong><\/p>\n\n\n\n<p>La Directora Ejecutiva del Centro de Exportaci\u00f3n e Inversi\u00f3n de la Rep\u00fablica Dominicana (ProDominicana) Biviana Riveiro Disla, inform\u00f3 sobre un hito significativo en las exportaciones y la inversi\u00f3n extranjera directa (IED) de la naci\u00f3n.<\/p>\n\n\n\n<p>En el per\u00edodo enero-septiembre 2025, las exportaciones dominicanas totalizaron US$10,695.8 millones, alcanzando un crecimiento interanual del 10.2%, lo que marca el m\u00e1s alto registro de exportaciones en los primeros nueve meses del a\u00f1o.<\/p>\n\n\n\n<p>Este notable desempe\u00f1o se atribuye al impulso de productos clave como el oro en bruto (+53.4%), cacao en grano (+64.1%), barras de hierro (+69.3%), instrumentos y aparatos m\u00e9dicos (+3.0%), art\u00edculos pl\u00e1sticos (+10.1%), bananos (+5.4%), cemento portland (+21.2%), as\u00ed como 1,363 l\u00edneas arancelarias adicionales que registraron crecimiento positivo.<\/p>\n\n\n\n<p>Durante este per\u00edodo, Estados Unidos mantiene su liderazgo como el principal mercado para las exportaciones dominicanas, con un total de US$5,383.6 millones, lo que representa un 50.3% del total exportado y un crecimiento interanual del 2.9%.<\/p>\n\n\n\n<p>Este mercado sigue mostrando un crecimiento constante, con un incremento de US$151.5 millones en comparaci\u00f3n con el mismo per\u00edodo del a\u00f1o anterior, impulsado por productos clave como cacao en grano, instrumentos m\u00e9dicos, tabaco y suced\u00e1neos y oro en bruto.<\/p>\n\n\n\n<p>Otros mercados mostraron crecimientos destacados durante este per\u00edodo como India alcanzando US$1,222.6 millones (+116.3%), Canad\u00e1 US$406.7 millones (+714.9%) y Hait\u00ed US$876.9 millones (+31.8%).<\/p>\n\n\n\n<p>Asimismo, B\u00e9lgica y Pa\u00edses Bajos registraron aumentos importantes, con US$218.6 millones (+109.7%) y US$365.9 millones (+19.5%), mientras que Cuba US$70.3 millones (+36.8%), Jap\u00f3n US$59.9 millones (+14.4%), Brasil US$42.8 millones (+42.4%) y Reino Unido US$80.0 millones (+1.5%) tambi\u00e9n se destacaron, junto con Qatar (+2,540.9%), entre otros 60 mercados con crecimiento positivo, reflejando la diversificaci\u00f3n y dinamismo de las exportaciones dominicanas.<\/p>\n\n\n\n<p>Riveiro destac\u00f3 el \u00e9xito de la implementaci\u00f3n del Plan Nacional de Fomento a las Exportaciones (PNFE), que ha logrado impactar m\u00e1s del 87% de sus medidas a mitad de su ciclo.<\/p>\n\n\n\n<p>&#8220;Este crecimiento no solo refleja el impacto de nuestras pol\u00edticas p\u00fablicas, sino tambi\u00e9n la efectiva colaboraci\u00f3n entre el sector p\u00fablico y privado para posicionar a la Rep\u00fablica Dominicana como un referente en comercio global,&#8221; afirm\u00f3 Riveiro.<\/p>\n\n\n\n<p>Asimismo, la inversi\u00f3n extranjera directa en la Rep\u00fablica Dominicana alcanz\u00f3 US$2,892.8 millones en el primer semestre de 2025, lo que representa un crecimiento interanual del 15.3%. Este aumento refleja la creciente confianza de los inversionistas en el pa\u00eds, con sectores como energ\u00eda y turismo liderando las entradas de inversi\u00f3n.<\/p>\n\n\n\n<p>Para el cierre del a\u00f1o 2025, se proyecta que la IED alcanzar\u00e1 un r\u00e9cord, superando los US$4,860 millones.<\/p>\n","protected":false},"excerpt":{"rendered":"<p>El crecimiento interanual del env\u00edo de mercanc\u00edas registr\u00f3 un 10.2%. La Directora Ejecutiva del Centro de Exportaci\u00f3n e Inversi\u00f3n de la Rep\u00fablica Dominicana (ProDominicana) Biviana Riveiro Disla, inform\u00f3 sobre un&hellip;<\/p>\n","protected":false},"author":10,"featured_media":66642,"comment_status":"open","ping_status":"open","sticky":false,"template":"","format":"standard","meta":{"content-type":"","jetpack_post_was_ever_published":false,"_jetpack_newsletter_access":"","_jetpack_dont_email_post_to_subs":false,"_jetpack_newsletter_tier_id":0,"_jetpack_memberships_contains_paywalled_content":false,"_jetpack_memberships_contains_paid_content":false,"footnotes":""},"categories":[39],"tags":[24607,1116,752,4609],"class_list":["post-111943","post","type-post","status-publish","format-standard","has-post-thumbnail","hentry","category-economia","tag-biviana-riveiro-disla","tag-exportaciones","tag-prodominicana","tag-record"],"jetpack_featured_media_url":"https:\/\/lasprimeras.com.do\/wp-content\/uploads\/2023\/11\/Biviana-Riveiro-Disla-directora-ejecutiva-de-ProDominicana-2.jpg","jetpack-related-posts":[{"id":109089,"url":"https:\/\/lasprimeras.com.do\/index.php\/2025\/09\/14\/crecimiento-exportador-impulsa-economia-dominicana-agosto-marca-alza-de-11-interanual\/","url_meta":{"origin":111943,"position":0},"title":"Crecimiento exportador impulsa econom\u00eda dominicana: agosto marca alza de 11% interanual","author":"Nelson Feliz","date":"14 de septiembre de 2025","format":false,"excerpt":"La directora ejecutiva del Centro de Exportaci\u00f3n e Inversi\u00f3n de la Rep\u00fablica Dominicana (ProDominicana), Biviana Riveiro Disla, inform\u00f3 que las exportaciones de mercanc\u00edas alcanzaron r\u00e9cord hist\u00f3rico de US$9,485.1 millones durante el per\u00edodo enero\u2013agosto 2025, lo que representa un crecimiento interanual de 10.4% en comparaci\u00f3n con el mismo per\u00edodo de 2024.\u2026","rel":"","context":"En \u00abECONOM\u00cdA\u00bb","block_context":{"text":"ECONOM\u00cdA","link":"https:\/\/lasprimeras.com.do\/index.php\/category\/economia\/"},"img":{"alt_text":"Biviana Riveiro Disla Directora de ProDominicana","src":"https:\/\/i0.wp.com\/lasprimeras.com.do\/wp-content\/uploads\/2024\/08\/Biviana-Riveiro-Disla-Directora-de-ProDominicana.jpg?resize=350%2C200&ssl=1","width":350,"height":200,"srcset":"https:\/\/i0.wp.com\/lasprimeras.com.do\/wp-content\/uploads\/2024\/08\/Biviana-Riveiro-Disla-Directora-de-ProDominicana.jpg?resize=350%2C200&ssl=1 1x, https:\/\/i0.wp.com\/lasprimeras.com.do\/wp-content\/uploads\/2024\/08\/Biviana-Riveiro-Disla-Directora-de-ProDominicana.jpg?resize=525%2C300&ssl=1 1.5x, https:\/\/i0.wp.com\/lasprimeras.com.do\/wp-content\/uploads\/2024\/08\/Biviana-Riveiro-Disla-Directora-de-ProDominicana.jpg?resize=700%2C400&ssl=1 2x"},"classes":[]},{"id":97188,"url":"https:\/\/lasprimeras.com.do\/index.php\/2025\/04\/17\/prodominicana-exportaciones-dominicanas-superan-los-us3166-2-millones-en-primer-trimestre-2025\/","url_meta":{"origin":111943,"position":1},"title":"ProDominicana: Exportaciones dominicanas superan los US$3,166.2 millones en primer trimestre 2025","author":"Nelson Feliz","date":"17 de abril de 2025","format":false,"excerpt":"El crecimiento interanual de las exportaciones de mercanc\u00edas registr\u00f3 un 12.2%. La directora ejecutiva del Centro de Exportaci\u00f3n e Inversi\u00f3n de la Rep\u00fablica Dominicana (ProDominicana), Biviana Riveiro Disla, inform\u00f3 que Rep\u00fablica Dominicana alcanz\u00f3 el r\u00e9cord de US$3,166.2 millones en exportaciones de mercanc\u00edas durante el primer trimestre de 2025. Este resultado\u2026","rel":"","context":"En \u00abECONOM\u00cdA\u00bb","block_context":{"text":"ECONOM\u00cdA","link":"https:\/\/lasprimeras.com.do\/index.php\/category\/economia\/"},"img":{"alt_text":"","src":"https:\/\/i0.wp.com\/lasprimeras.com.do\/wp-content\/uploads\/2025\/04\/ProDominicana.jpg?resize=350%2C200&ssl=1","width":350,"height":200,"srcset":"https:\/\/i0.wp.com\/lasprimeras.com.do\/wp-content\/uploads\/2025\/04\/ProDominicana.jpg?resize=350%2C200&ssl=1 1x, https:\/\/i0.wp.com\/lasprimeras.com.do\/wp-content\/uploads\/2025\/04\/ProDominicana.jpg?resize=525%2C300&ssl=1 1.5x, https:\/\/i0.wp.com\/lasprimeras.com.do\/wp-content\/uploads\/2025\/04\/ProDominicana.jpg?resize=700%2C400&ssl=1 2x"},"classes":[]},{"id":117790,"url":"https:\/\/lasprimeras.com.do\/index.php\/2025\/12\/16\/prodominicana-y-la-camara-de-comercio-y-produccion-de-santiago-acuerdan-fortalecer-exportaciones-en-la-region-norte\/","url_meta":{"origin":111943,"position":2},"title":"ProDominicana y la C\u00e1mara de Comercio y Producci\u00f3n de Santiago acuerdan fortalecer exportaciones en la Regi\u00f3n Norte","author":"Nelson Feliz","date":"16 de diciembre de 2025","format":false,"excerpt":"El Centro de Exportaci\u00f3n e Inversi\u00f3n de la Rep\u00fablica Dominicana (ProDominicana) y la C\u00e1mara de Comercio y Producci\u00f3n de Santiago firmaron un acuerdo interinstitucional orientado a fortalecer las capacidades de los sectores productivos y promover nuevas oportunidades en los mercados globales. Durante la firma, la directora ejecutiva de ProDominicana, Biviana\u2026","rel":"","context":"En \u00abECONOM\u00cdA\u00bb","block_context":{"text":"ECONOM\u00cdA","link":"https:\/\/lasprimeras.com.do\/index.php\/category\/economia\/"},"img":{"alt_text":"ProDominicana","src":"https:\/\/i0.wp.com\/lasprimeras.com.do\/wp-content\/uploads\/2025\/12\/ProDominicana.jpg?resize=350%2C200&ssl=1","width":350,"height":200,"srcset":"https:\/\/i0.wp.com\/lasprimeras.com.do\/wp-content\/uploads\/2025\/12\/ProDominicana.jpg?resize=350%2C200&ssl=1 1x, https:\/\/i0.wp.com\/lasprimeras.com.do\/wp-content\/uploads\/2025\/12\/ProDominicana.jpg?resize=525%2C300&ssl=1 1.5x, https:\/\/i0.wp.com\/lasprimeras.com.do\/wp-content\/uploads\/2025\/12\/ProDominicana.jpg?resize=700%2C400&ssl=1 2x, https:\/\/i0.wp.com\/lasprimeras.com.do\/wp-content\/uploads\/2025\/12\/ProDominicana.jpg?resize=1050%2C600&ssl=1 3x"},"classes":[]},{"id":68653,"url":"https:\/\/lasprimeras.com.do\/index.php\/2023\/11\/26\/comercio-turismo-e-inversion-sueca-crecen-significativamente-en-2022-en-rd\/","url_meta":{"origin":111943,"position":3},"title":"Comercio, turismo e inversi\u00f3n sueca crecen significativamente en 2022 en RD","author":"Nelson Feliz","date":"26 de noviembre de 2023","format":false,"excerpt":"Prodominicana realiza encuentros estrat\u00e9gicos para promover impulso de exportaciones e inversi\u00f3n en Suecia que crecieron en un 46% y 48% respectivamente. La directora ejecutiva del Centro de Exportaci\u00f3n e Inversi\u00f3n de la Rep\u00fablica Dominicana (ProDominicana), Biviana Riveiro Disla, particip\u00f3 en una misi\u00f3n especial para presentar las oportunidades comerciales, aprovechar el\u2026","rel":"","context":"En \u00abECONOM\u00cdA\u00bb","block_context":{"text":"ECONOM\u00cdA","link":"https:\/\/lasprimeras.com.do\/index.php\/category\/economia\/"},"img":{"alt_text":"Misi\u00f3n Suecia al centro Biviana Riveiro Dislas","src":"https:\/\/i0.wp.com\/lasprimeras.com.do\/wp-content\/uploads\/2023\/11\/Presentacuon-pais-Suecia.jpg?resize=350%2C200&ssl=1","width":350,"height":200,"srcset":"https:\/\/i0.wp.com\/lasprimeras.com.do\/wp-content\/uploads\/2023\/11\/Presentacuon-pais-Suecia.jpg?resize=350%2C200&ssl=1 1x, https:\/\/i0.wp.com\/lasprimeras.com.do\/wp-content\/uploads\/2023\/11\/Presentacuon-pais-Suecia.jpg?resize=525%2C300&ssl=1 1.5x, https:\/\/i0.wp.com\/lasprimeras.com.do\/wp-content\/uploads\/2023\/11\/Presentacuon-pais-Suecia.jpg?resize=700%2C400&ssl=1 2x"},"classes":[]},{"id":53568,"url":"https:\/\/lasprimeras.com.do\/index.php\/2023\/06\/28\/exportaciones-dominicanas-incrementan-participacion-en-65-mercados-en-mayo-del-2023\/","url_meta":{"origin":111943,"position":4},"title":"Exportaciones dominicanas incrementan participaci\u00f3n en 65 mercados en mayo del 2023","author":"Nelson Feliz","date":"28 de junio de 2023","format":false,"excerpt":"La salida de mercanc\u00edas un r\u00e9cord de USD$ 1,167.6 millones para un incremento de un 8.5% La Directora Ejecutiva del Centro de Exportaci\u00f3n e Inversi\u00f3n de la Rep\u00fablica Dominicana (ProDominicana), Biviana Riveiro Disla, inform\u00f3 que las exportaciones de mercanc\u00edas alcanzaron los US$1,167.6 millones, equivalente a un crecimiento interanual de 8.5%\u2026","rel":"","context":"En \u00abECONOM\u00cdA\u00bb","block_context":{"text":"ECONOM\u00cdA","link":"https:\/\/lasprimeras.com.do\/index.php\/category\/economia\/"},"img":{"alt_text":"La Directora Ejecutiva del Centro de Exportaci\u00f3n e Inversi\u00f3n de la Rep\u00fablica Dominicana (ProDominicana), Biviana Riveiro Disla","src":"https:\/\/i0.wp.com\/lasprimeras.com.do\/wp-content\/uploads\/2023\/06\/Biviana-Riveiro-Disla.jpg?resize=350%2C200&ssl=1","width":350,"height":200,"srcset":"https:\/\/i0.wp.com\/lasprimeras.com.do\/wp-content\/uploads\/2023\/06\/Biviana-Riveiro-Disla.jpg?resize=350%2C200&ssl=1 1x, https:\/\/i0.wp.com\/lasprimeras.com.do\/wp-content\/uploads\/2023\/06\/Biviana-Riveiro-Disla.jpg?resize=525%2C300&ssl=1 1.5x, https:\/\/i0.wp.com\/lasprimeras.com.do\/wp-content\/uploads\/2023\/06\/Biviana-Riveiro-Disla.jpg?resize=700%2C400&ssl=1 2x"},"classes":[]},{"id":115168,"url":"https:\/\/lasprimeras.com.do\/index.php\/2025\/11\/19\/prodominicana-presenta-6ta-edicion-del-estudio-mujeres-en-exportacion-2025-destacandose-un-26-de-crecimiento\/","url_meta":{"origin":111943,"position":5},"title":"ProDominicana presenta 6ta edici\u00f3n del estudio \u201cMujeres en Exportaci\u00f3n 2025\u201d destac\u00e1ndose un 26% de crecimiento","author":"Nelson Feliz","date":"19 de noviembre de 2025","format":false,"excerpt":"En el marco de la presentaci\u00f3n de los avances hist\u00f3ricos del liderazgo femenino se reconocieron empresas ejemplares lideradas por mujeres Con la presencia de la vicepresidenta de la Rep\u00fablica Dominicana, Raquel Pe\u00f1a; el ministro de Industria, Comercio y Mipymes, V\u00edctor Bison\u00f3; y la directora ejecutiva del Centro de Exportaci\u00f3n e\u2026","rel":"","context":"En \u00abECONOM\u00cdA\u00bb","block_context":{"text":"ECONOM\u00cdA","link":"https:\/\/lasprimeras.com.do\/index.php\/category\/economia\/"},"img":{"alt_text":"","src":"https:\/\/i0.wp.com\/lasprimeras.com.do\/wp-content\/uploads\/2025\/11\/prodominicana-1.jpg?resize=350%2C200&ssl=1","width":350,"height":200,"srcset":"https:\/\/i0.wp.com\/lasprimeras.com.do\/wp-content\/uploads\/2025\/11\/prodominicana-1.jpg?resize=350%2C200&ssl=1 1x, https:\/\/i0.wp.com\/lasprimeras.com.do\/wp-content\/uploads\/2025\/11\/prodominicana-1.jpg?resize=525%2C300&ssl=1 1.5x, https:\/\/i0.wp.com\/lasprimeras.com.do\/wp-content\/uploads\/2025\/11\/prodominicana-1.jpg?resize=700%2C400&ssl=1 2x"},"classes":[]}],"jetpack_sharing_enabled":true,"_links":{"self":[{"href":"https:\/\/lasprimeras.com.do\/index.php\/wp-json\/wp\/v2\/posts\/111943","targetHints":{"allow":["GET"]}}],"collection":[{"href":"https:\/\/lasprimeras.com.do\/index.php\/wp-json\/wp\/v2\/posts"}],"about":[{"href":"https:\/\/lasprimeras.com.do\/index.php\/wp-json\/wp\/v2\/types\/post"}],"author":[{"embeddable":true,"href":"https:\/\/lasprimeras.com.do\/index.php\/wp-json\/wp\/v2\/users\/10"}],"replies":[{"embeddable":true,"href":"https:\/\/lasprimeras.com.do\/index.php\/wp-json\/wp\/v2\/comments?post=111943"}],"version-history":[{"count":1,"href":"https:\/\/lasprimeras.com.do\/index.php\/wp-json\/wp\/v2\/posts\/111943\/revisions"}],"predecessor-version":[{"id":111944,"href":"https:\/\/lasprimeras.com.do\/index.php\/wp-json\/wp\/v2\/posts\/111943\/revisions\/111944"}],"wp:featuredmedia":[{"embeddable":true,"href":"https:\/\/lasprimeras.com.do\/index.php\/wp-json\/wp\/v2\/media\/66642"}],"wp:attachment":[{"href":"https:\/\/lasprimeras.com.do\/index.php\/wp-json\/wp\/v2\/media?parent=111943"}],"wp:term":[{"taxonomy":"category","embeddable":true,"href":"https:\/\/lasprimeras.com.do\/index.php\/wp-json\/wp\/v2\/categories?post=111943"},{"taxonomy":"post_tag","embeddable":true,"href":"https:\/\/lasprimeras.com.do\/index.php\/wp-json\/wp\/v2\/tags?post=111943"}],"curies":[{"name":"wp","href":"https:\/\/api.w.org\/{rel}","templated":true}]}}