{"id":111951,"date":"2025-10-15T13:07:00","date_gmt":"2025-10-15T17:07:00","guid":{"rendered":"https:\/\/lasprimeras.com.do\/?p=111951"},"modified":"2025-10-15T13:07:02","modified_gmt":"2025-10-15T17:07:02","slug":"luis-reyes-nueva-tarjeta-del-gobierno-aumentara-deuda-publica-de-forma-irresponsable","status":"publish","type":"post","link":"https:\/\/lasprimeras.com.do\/index.php\/2025\/10\/15\/luis-reyes-nueva-tarjeta-del-gobierno-aumentara-deuda-publica-de-forma-irresponsable\/","title":{"rendered":"Luis Reyes: Nueva Tarjeta del Gobierno aumentar\u00e1 deuda p\u00fablica de forma irresponsable"},"content":{"rendered":"\n<p><strong>El economista Luis Reyes acus\u00f3 al Gobierno de improvisar con la \u201cTarjeta Joven RD\u201d, calific\u00e1ndola como una medida \u201cpopulista\u201d y sin verdadero impacto sostenible para la juventud dominicana.<\/strong><\/p>\n\n\n\n<p>El titular de la Secretar\u00eda de Asuntos Econ\u00f3micos del Partido de la Liberaci\u00f3n Dominicana (PLD), Luis Reyes, considera que el programa social lanzado por el Ministerio de la Juventud, dirigido a m\u00e1s de 10 mil j\u00f3venes entre 18 y 35 a\u00f1os, responde a una estrategia de corte electoral, para tratar de revertir la impopularidad del gobierno del PRM que crece r\u00e1pidamente en la poblaci\u00f3n.<\/p>\n\n\n\n<p>\u201cEs una decisi\u00f3n a todas luces populista, como otras m\u00e1s que se ha inventado el gobierno para tratar de revertir la tendencia a la baja que se observa en el apoyo de la poblaci\u00f3n\u201d, afirm\u00f3 el exdirector de Presupuesto<\/p>\n\n\n\n<p>Seg\u00fan el economista, el gobierno repite un patr\u00f3n de uso dispendioso de fondos p\u00fablicos, repartiendo recursos sin medir el verdadero impacto ni garantizar la sostenibilidad fiscal.<\/p>\n\n\n\n<p>\u201cSe reparten fondos en diferentes sectores sin evaluar si el efecto real mejora el bienestar general ni si es la mejor opci\u00f3n disponible. No hay criterios claros y se sacrifica la estabilidad de las cuentas p\u00fablicas\u201d, precis\u00f3.<\/p>\n\n\n\n<p>Reyes fue m\u00e1s all\u00e1 y advirti\u00f3 que, sin una pol\u00edtica p\u00fablica seria y objetivos definidos, el gasto podr\u00eda resultar en \u201cdespilfarro\u201d y no producir ning\u00fan avance tangible en el bienestar social.<\/p>\n\n\n\n<p>\u201cEs incre\u00edble c\u00f3mo se act\u00faa con tanta irresponsabilidad con el dinero del pueblo. Es obsceno que un gobierno se siga endeudando de la manera en que \u00e9ste lo ha venido haciendo para financiar este tipo de gasto\u201d, agreg\u00f3.<\/p>\n\n\n\n<p>El exdirector general de Presupuesto detall\u00f3 que el pa\u00eds ha sumado 21,000 millones de d\u00f3lares en deuda p\u00fablica s\u00f3lo en los \u00faltimos cinco a\u00f1os y dos meses, una escalada que atribuy\u00f3 a decisiones que calific\u00f3 de irracionales y motivadas por el inter\u00e9s pol\u00edtico.<\/p>\n\n\n\n<p>El dirigente pelede\u00edsta reiter\u00f3 que este programa aumentar\u00e1 la deuda p\u00fablica sin asegurar bienestar general; debido a que, sin una pol\u00edtica clara, los recursos se gastan sin beneficios sostenibles para la comunidad.<\/p>\n","protected":false},"excerpt":{"rendered":"<p>El economista Luis Reyes acus\u00f3 al Gobierno de improvisar con la \u201cTarjeta Joven RD\u201d, calific\u00e1ndola como una medida \u201cpopulista\u201d y sin verdadero impacto sostenible para la juventud dominicana. El titular&hellip;<\/p>\n","protected":false},"author":10,"featured_media":111952,"comment_status":"open","ping_status":"open","sticky":false,"template":"","format":"standard","meta":{"content-type":"","jetpack_post_was_ever_published":false,"_jetpack_newsletter_access":"","_jetpack_dont_email_post_to_subs":false,"_jetpack_newsletter_tier_id":0,"_jetpack_memberships_contains_paywalled_content":false,"_jetpack_memberships_contains_paid_content":false,"footnotes":""},"categories":[39,25],"tags":[25985,4219,25986,19408,25984],"class_list":["post-111951","post","type-post","status-publish","format-standard","has-post-thumbnail","hentry","category-economia","category-portada","tag-aumentara","tag-deuda-publica","tag-forma-irresponsable","tag-luis-reyes","tag-nueva-tarjeta-del-gobierno"],"jetpack_featured_media_url":"https:\/\/lasprimeras.com.do\/wp-content\/uploads\/2025\/10\/Luis-Reyes.jpeg","jetpack-related-posts":[{"id":105293,"url":"https:\/\/lasprimeras.com.do\/index.php\/2025\/08\/01\/luis-reyes-la-del-prm-es-una-gestion-economica-fallida\/","url_meta":{"origin":111951,"position":0},"title":"Luis Reyes: La del PRM es una gesti\u00f3n econ\u00f3mica fallida","author":"Nelson Feliz","date":"1 de agosto de 2025","format":false,"excerpt":"\u201c\u00bfD\u00f3nde est\u00e1n las obras? Si el gasto fue similar, Medina hizo m\u00e1s con los mismos recursos\u201d, afirm\u00f3 Luis Reyes, secretario Asuntos Econ\u00f3micos del PLD El secretario de Asuntos Econ\u00f3micos del Partido de la Liberaci\u00f3n Dominicana (PLD), Luis Reyes, califica al gobierno del presidente Luis Abinader de una gesti\u00f3n econ\u00f3mica fallida,\u2026","rel":"","context":"En \u00abECONOM\u00cdA\u00bb","block_context":{"text":"ECONOM\u00cdA","link":"https:\/\/lasprimeras.com.do\/index.php\/category\/economia\/"},"img":{"alt_text":"","src":"https:\/\/i0.wp.com\/lasprimeras.com.do\/wp-content\/uploads\/2025\/08\/Luis-Reyes.jpeg?resize=350%2C200&ssl=1","width":350,"height":200,"srcset":"https:\/\/i0.wp.com\/lasprimeras.com.do\/wp-content\/uploads\/2025\/08\/Luis-Reyes.jpeg?resize=350%2C200&ssl=1 1x, https:\/\/i0.wp.com\/lasprimeras.com.do\/wp-content\/uploads\/2025\/08\/Luis-Reyes.jpeg?resize=525%2C300&ssl=1 1.5x, https:\/\/i0.wp.com\/lasprimeras.com.do\/wp-content\/uploads\/2025\/08\/Luis-Reyes.jpeg?resize=700%2C400&ssl=1 2x"},"classes":[]},{"id":122617,"url":"https:\/\/lasprimeras.com.do\/index.php\/2026\/02\/19\/luis-reyes-rendicion-de-cuentas-en-el-peor-momento-de-la-economia\/","url_meta":{"origin":111951,"position":1},"title":"Luis Reyes: Rendici\u00f3n de cuentas en el peor momento de la econom\u00eda","author":"Nelson Feliz","date":"19 de febrero de 2026","format":false,"excerpt":"55 mil millones, aproximadamente un tercio de los ingresos recaudados, se destinaron al pago de los intereses de la deuda, advierte Luis Reyes. El titular de la Secretar\u00eda de Asuntos Econ\u00f3micos del PLD, economista Luis Reyes, dijo que el presidente de la Rep\u00fablica rendir\u00e1 cuentas en el Congreso Nacional este\u2026","rel":"","context":"En \u00abECONOM\u00cdA\u00bb","block_context":{"text":"ECONOM\u00cdA","link":"https:\/\/lasprimeras.com.do\/index.php\/category\/economia\/"},"img":{"alt_text":"","src":"https:\/\/i0.wp.com\/lasprimeras.com.do\/wp-content\/uploads\/2025\/05\/Luis-Reyes.png?resize=350%2C200&ssl=1","width":350,"height":200},"classes":[]},{"id":105735,"url":"https:\/\/lasprimeras.com.do\/index.php\/2025\/08\/06\/economista-luis-reyes-denuncia-el-deficiente-gasto-de-inversion-del-gobierno\/","url_meta":{"origin":111951,"position":2},"title":"Economista Luis Reyes denuncia el deficiente gasto de inversi\u00f3n del Gobierno","author":"Nelson Feliz","date":"6 de agosto de 2025","format":false,"excerpt":"Economista Luis Reyes denuncia que Gobierno del PRM ha comprometido el gasto corriente y eso se refleja en el aumento la n\u00f3mina, y el endeudamiento. El secretario de Asuntos Econ\u00f3micos del Partido de la Liberaci\u00f3n Dominicana (PLD), Luis Reyes, afirma que el gobierno no utiliz\u00f3 los 775 millones de d\u00f3lares\u2026","rel":"","context":"En \u00abECONOM\u00cdA\u00bb","block_context":{"text":"ECONOM\u00cdA","link":"https:\/\/lasprimeras.com.do\/index.php\/category\/economia\/"},"img":{"alt_text":"","src":"https:\/\/i0.wp.com\/lasprimeras.com.do\/wp-content\/uploads\/2025\/05\/Luis-Reyes.png?resize=350%2C200&ssl=1","width":350,"height":200},"classes":[]},{"id":106394,"url":"https:\/\/lasprimeras.com.do\/index.php\/2025\/08\/14\/exdirector-de-presupuesto-denuncia-aumento-de-nomina-publica-sin-resultados-para-la-poblacion\/","url_meta":{"origin":111951,"position":3},"title":"Exdirector de Presupuesto denuncia aumento de n\u00f3mina p\u00fablica sin resultados para la poblaci\u00f3n","author":"Nelson Feliz","date":"14 de agosto de 2025","format":false,"excerpt":"El exdirector general de Presupuesto, Luis Reyes, afirm\u00f3 que el Gobierno de Luis Abinader ha engrosado la n\u00f3mina p\u00fablica en 97,000 empleados desde 2021 hasta mayo de 2025, sin que esto se traduzca en mejoras significativas para la calidad de vida de la ciudadan\u00eda. Durante un conversatorio con l\u00edderes comunitarios\u2026","rel":"","context":"En \u00abECONOM\u00cdA\u00bb","block_context":{"text":"ECONOM\u00cdA","link":"https:\/\/lasprimeras.com.do\/index.php\/category\/economia\/"},"img":{"alt_text":"","src":"https:\/\/i0.wp.com\/lasprimeras.com.do\/wp-content\/uploads\/2025\/08\/presu.jpg?resize=350%2C200&ssl=1","width":350,"height":200,"srcset":"https:\/\/i0.wp.com\/lasprimeras.com.do\/wp-content\/uploads\/2025\/08\/presu.jpg?resize=350%2C200&ssl=1 1x, https:\/\/i0.wp.com\/lasprimeras.com.do\/wp-content\/uploads\/2025\/08\/presu.jpg?resize=525%2C300&ssl=1 1.5x, https:\/\/i0.wp.com\/lasprimeras.com.do\/wp-content\/uploads\/2025\/08\/presu.jpg?resize=700%2C400&ssl=1 2x"},"classes":[]},{"id":111804,"url":"https:\/\/lasprimeras.com.do\/index.php\/2025\/10\/14\/gobierno-lanza-tarjeta-joven-para-beneficiar-a-miles-de-jovenes-con-oportunidades-y-servicios-sociales\/","url_meta":{"origin":111951,"position":4},"title":"Gobierno lanza &#8220;Tarjeta Joven&#8221; para beneficiar a miles de j\u00f3venes con oportunidades y servicios sociales","author":"Nelson Feliz","date":"14 de octubre de 2025","format":false,"excerpt":"El programa se implementar\u00e1 inicialmente durante el \u00faltimo trimestre de 2025 y beneficiar\u00e1 a miles de j\u00f3venes priorizados mediante un modelo de selecci\u00f3n basado en datos interinstitucionales. El Gobierno dominicano anunci\u00f3 este lunes el lanzamiento de la \"Tarjeta Joven\", un nuevo programa social destinado a mejorar el acceso de los\u2026","rel":"","context":"En \u00abECONOM\u00cdA\u00bb","block_context":{"text":"ECONOM\u00cdA","link":"https:\/\/lasprimeras.com.do\/index.php\/category\/economia\/"},"img":{"alt_text":"","src":"https:\/\/i0.wp.com\/lasprimeras.com.do\/wp-content\/uploads\/2025\/10\/tarjeta.jpg?resize=350%2C200&ssl=1","width":350,"height":200,"srcset":"https:\/\/i0.wp.com\/lasprimeras.com.do\/wp-content\/uploads\/2025\/10\/tarjeta.jpg?resize=350%2C200&ssl=1 1x, https:\/\/i0.wp.com\/lasprimeras.com.do\/wp-content\/uploads\/2025\/10\/tarjeta.jpg?resize=525%2C300&ssl=1 1.5x, https:\/\/i0.wp.com\/lasprimeras.com.do\/wp-content\/uploads\/2025\/10\/tarjeta.jpg?resize=700%2C400&ssl=1 2x"},"classes":[]},{"id":103675,"url":"https:\/\/lasprimeras.com.do\/index.php\/2025\/07\/17\/luis-reyes-gobierno-ineficiente-en-la-inversion\/","url_meta":{"origin":111951,"position":5},"title":"Luis Reyes: Gobierno ineficiente en la inversi\u00f3n","author":"Nelson Feliz","date":"17 de julio de 2025","format":false,"excerpt":"La econom\u00eda dominicana se ha ido desacelerando de manera importante, advierte Luis Reyes, secretario de Asuntos Econ\u00f3micos del PLD El secretario de Asuntos Econ\u00f3micos del Partido de la Liberaci\u00f3n Dominicana (PLD), Luis Reyes, considera que uno de los prop\u00f3sitos detr\u00e1s de la designaci\u00f3n de Mag\u00edn D\u00edaz como ministro de Haciendas\u2026","rel":"","context":"En \u00abECONOM\u00cdA\u00bb","block_context":{"text":"ECONOM\u00cdA","link":"https:\/\/lasprimeras.com.do\/index.php\/category\/economia\/"},"img":{"alt_text":"","src":"https:\/\/i0.wp.com\/lasprimeras.com.do\/wp-content\/uploads\/2025\/05\/Luis-Reyes.png?resize=350%2C200&ssl=1","width":350,"height":200},"classes":[]}],"jetpack_sharing_enabled":true,"_links":{"self":[{"href":"https:\/\/lasprimeras.com.do\/index.php\/wp-json\/wp\/v2\/posts\/111951","targetHints":{"allow":["GET"]}}],"collection":[{"href":"https:\/\/lasprimeras.com.do\/index.php\/wp-json\/wp\/v2\/posts"}],"about":[{"href":"https:\/\/lasprimeras.com.do\/index.php\/wp-json\/wp\/v2\/types\/post"}],"author":[{"embeddable":true,"href":"https:\/\/lasprimeras.com.do\/index.php\/wp-json\/wp\/v2\/users\/10"}],"replies":[{"embeddable":true,"href":"https:\/\/lasprimeras.com.do\/index.php\/wp-json\/wp\/v2\/comments?post=111951"}],"version-history":[{"count":1,"href":"https:\/\/lasprimeras.com.do\/index.php\/wp-json\/wp\/v2\/posts\/111951\/revisions"}],"predecessor-version":[{"id":111953,"href":"https:\/\/lasprimeras.com.do\/index.php\/wp-json\/wp\/v2\/posts\/111951\/revisions\/111953"}],"wp:featuredmedia":[{"embeddable":true,"href":"https:\/\/lasprimeras.com.do\/index.php\/wp-json\/wp\/v2\/media\/111952"}],"wp:attachment":[{"href":"https:\/\/lasprimeras.com.do\/index.php\/wp-json\/wp\/v2\/media?parent=111951"}],"wp:term":[{"taxonomy":"category","embeddable":true,"href":"https:\/\/lasprimeras.com.do\/index.php\/wp-json\/wp\/v2\/categories?post=111951"},{"taxonomy":"post_tag","embeddable":true,"href":"https:\/\/lasprimeras.com.do\/index.php\/wp-json\/wp\/v2\/tags?post=111951"}],"curies":[{"name":"wp","href":"https:\/\/api.w.org\/{rel}","templated":true}]}}