{"id":111954,"date":"2025-10-15T23:40:17","date_gmt":"2025-10-16T03:40:17","guid":{"rendered":"https:\/\/lasprimeras.com.do\/?p=111954"},"modified":"2025-10-15T23:40:19","modified_gmt":"2025-10-16T03:40:19","slug":"senado-recibe-del-poder-ejecutivo-via-el-ministro-de-vivienda-anteproyecto-de-modificacion-ley-160-21","status":"publish","type":"post","link":"https:\/\/lasprimeras.com.do\/index.php\/2025\/10\/15\/senado-recibe-del-poder-ejecutivo-via-el-ministro-de-vivienda-anteproyecto-de-modificacion-ley-160-21\/","title":{"rendered":"Senado recibe del Poder Ejecutivo, v\u00eda el ministro de Vivienda, anteproyecto de modificaci\u00f3n Ley 160-21"},"content":{"rendered":"\n<p><strong>Ricardo de Los Santos, tras valorar la iniciativa como important\u00edsima, asegur\u00f3 que ser\u00e1 presentada en los pr\u00f3ximos d\u00edas para darle el curso correspondiente.<\/strong><\/p>\n\n\n\n<p>Por: Graciela Acevedo<\/p>\n\n\n\n<p>El presidente del Senado de la Rep\u00fablica, Ricardo de los Santos, recibi\u00f3 por parte del Poder Ejecutivo, en una visita que gir\u00f3 el ministro de Vivienda y Edificaciones (MIVED), Carlos Bonilla, el anteproyecto que modifica la Ley 160-21 que crea el Ministerio de Vivienda, H\u00e1bitat y Edificaciones.<\/p>\n\n\n\n<p>Esta reforma busca dotar al MIVED de las herramientas necesarias para supervisar edificaciones, actuar con mayor eficacia y responder de forma m\u00e1s firme a las necesidades sociales, en cuanto a seguridad estructural y protecci\u00f3n de la ciudadan\u00eda.<\/p>\n\n\n\n<p>Ricardo de los Santos, representante de la provincia S\u00e1nchez Ram\u00edrez, valor\u00f3 la trascendencia e importancia de esta iniciativa para el pa\u00eds; asegur\u00f3 que dar\u00e1n el tratamiento oportuno, por lo que ser\u00e1 colocado en la agenda del d\u00eda para ser enviado a comisi\u00f3n para su estudio final y sancionado en el pleno, como es de rigor.<\/p>\n\n\n\n<p>Como un Congreso bicameral, De los Santos record\u00f3 que tambi\u00e9n el pa\u00eds cuenta con una Ley de Ordenamiento Territorial, por lo que salud\u00f3 lo oportuno de esta iniciativa para beneficio de todos los dominicanos.<\/p>\n\n\n\n<p>El presidente de la C\u00e1mara Alta recibi\u00f3 en su despacho el anteproyecto de Ley, junto al vicepresidente del Senado, Pedro Catrain, y los senadores Rafael Bar\u00f3n Duluc de la provincia La Altagracia y Antonio Taveras Guzm\u00e1n, representante de la provincia Santo Domingo; as\u00ed como con el consultor jur\u00eddico del Senado, Alejandro Pe\u00f1a N\u00fa\u00f1ez.<\/p>\n\n\n\n<p>En tanto que, el ministro Carlos Bonilla dijo que \u201ceste proyecto de ley que modifica la ley que crea el MIVED tiene varios elementos que son pertinentes, muy importantes, que la poblaci\u00f3n sepa. N\u00famero uno, es un certificado de habitabilidad, que dependiendo de la cantidad de personas y de la complejidad de la estructura de la edificaci\u00f3n que tenga ese certificado, pues se va a tener que renovar cada cierto tiempo.<\/p>\n\n\n\n<p>Entonces, eso va a permitir que en ese momento que se renueve ese certificado, que el ministerio, a trav\u00e9s de diferentes mecanismos, pueda constatar de una manera segura de que esa edificaci\u00f3n no corre peligro\u201d.<\/p>\n\n\n\n<p>El funcionario estuvo acompa\u00f1ado por una delegaci\u00f3n que la integr\u00f3 Ney Rafael Garc\u00eda Rodr\u00edguez, viceministro de H\u00e1bitat del MIVED, y Patricia Tolentino, directora de Comunicaciones de la instituci\u00f3n.<\/p>\n\n\n\n<p>La propuesta de modificaciones que deposit\u00f3 la tarde de este mi\u00e9rcoles el ministro Bonilla, tambi\u00e9n busca optimizar el procedimiento sancionador mediante la ampliaci\u00f3n del cat\u00e1logo de infracciones y sanciones, al tiempo que reorganiza el ejercicio de la potestad reglamentaria, fomentando una colaboraci\u00f3n m\u00e1s efectiva en esta \u00e1rea.<\/p>\n\n\n\n<p>El dep\u00f3sito de la pieza busca que sus modificaciones respondan a los requerimientos de los nuevos tiempos y a las demandas de la sociedad.<\/p>\n\n\n\n<p>Esta propuesta de modificaci\u00f3n, a 4 a\u00f1os de su promulgaci\u00f3n, busca realizar ajustes y complementar su contenido, con el fin de optimizar su eficacia y mejorar el funcionamiento institucional de dicho Ministerio.<\/p>\n\n\n\n<p>Durante este periodo, se han identificado \u00e1reas de oportunidad que requieren atenci\u00f3n, tales como la distribuci\u00f3n de competencias entre los Viceministerios, el replanteamiento de algunas funciones espec\u00edficas, las limitaciones para llevar a cabo inspecciones sobre edificaciones terminadas, la insuficiente capacidad de ordenaci\u00f3n, la falta de instrumentos habilitantes adecuados para una supervisi\u00f3n y regulaci\u00f3n m\u00e1s rigurosa del sector, una potestad sancionadora limitada y una dispersi\u00f3n en la potestad reglamentaria.<\/p>\n","protected":false},"excerpt":{"rendered":"<p>Ricardo de Los Santos, tras valorar la iniciativa como important\u00edsima, asegur\u00f3 que ser\u00e1 presentada en los pr\u00f3ximos d\u00edas para darle el curso correspondiente. Por: Graciela Acevedo El presidente del Senado&hellip;<\/p>\n","protected":false},"author":10,"featured_media":104248,"comment_status":"open","ping_status":"open","sticky":false,"template":"","format":"standard","meta":{"content-type":"","jetpack_post_was_ever_published":false,"_jetpack_newsletter_access":"","_jetpack_dont_email_post_to_subs":false,"_jetpack_newsletter_tier_id":0,"_jetpack_memberships_contains_paywalled_content":false,"_jetpack_memberships_contains_paid_content":false,"footnotes":""},"categories":[35,25],"tags":[2556],"class_list":["post-111954","post","type-post","status-publish","format-standard","has-post-thumbnail","hentry","category-nacionales","category-portada","tag-anteproyecto"],"jetpack_featured_media_url":"https:\/\/lasprimeras.com.do\/wp-content\/uploads\/2025\/07\/senado-2-2.jpg","jetpack-related-posts":[{"id":117282,"url":"https:\/\/lasprimeras.com.do\/index.php\/2025\/12\/08\/senado-recibe-del-poder-ejecutivo-anteproyecto-de-ley-organica-de-la-policia-nacional\/","url_meta":{"origin":111954,"position":0},"title":"Senado recibe del Poder Ejecutivo Anteproyecto de Ley Org\u00e1nica de la Polic\u00eda Nacional","author":"Nelson Feliz","date":"8 de diciembre de 2025","format":false,"excerpt":"Ricardo de los Santos garantiz\u00f3 que ma\u00f1ana la pieza ser\u00e1 enviada a una comisi\u00f3n para su estudio El Senado de la Rep\u00fablica recibi\u00f3 del Poder Ejecutivo la tarde de este lunes el Anteproyecto de Ley Org\u00e1nica de la Polic\u00eda Nacional, que busca regular la organizaci\u00f3n y funcionamiento de la uniformada,\u2026","rel":"","context":"En \u00abNACIONALES\u00bb","block_context":{"text":"NACIONALES","link":"https:\/\/lasprimeras.com.do\/index.php\/category\/nacionales\/"},"img":{"alt_text":"","src":"https:\/\/i0.wp.com\/lasprimeras.com.do\/wp-content\/uploads\/2025\/12\/ley-1.jpg?resize=350%2C200&ssl=1","width":350,"height":200,"srcset":"https:\/\/i0.wp.com\/lasprimeras.com.do\/wp-content\/uploads\/2025\/12\/ley-1.jpg?resize=350%2C200&ssl=1 1x, https:\/\/i0.wp.com\/lasprimeras.com.do\/wp-content\/uploads\/2025\/12\/ley-1.jpg?resize=525%2C300&ssl=1 1.5x, https:\/\/i0.wp.com\/lasprimeras.com.do\/wp-content\/uploads\/2025\/12\/ley-1.jpg?resize=700%2C400&ssl=1 2x"},"classes":[]},{"id":80105,"url":"https:\/\/lasprimeras.com.do\/index.php\/2024\/04\/04\/ministro-de-deportes-anuncia-la-construccion-pabellon-taekwondo\/","url_meta":{"origin":111954,"position":1},"title":"Ministro de Deportes anuncia la construcci\u00f3n pabell\u00f3n taekwondo","author":"BIMARY DE JES\u00daS Matos","date":"4 de abril de 2024","format":false,"excerpt":"Santo Domingo.- El ministro de Deportes, Francisco Camacho, anunci\u00f3 la construcci\u00f3n de un pabell\u00f3n de taekwondo, disciplina que ha dado al pa\u00eds una medalla ol\u00edmpica de plata y otra de bronce. El funcionario afirm\u00f3 en un comunicado difundido este mi\u00e9rcoles que ma\u00f1ana recibir\u00e1 los planos de la construcci\u00f3n por parte\u2026","rel":"","context":"En \u00abSin categor\u00eda\u00bb","block_context":{"text":"Sin categor\u00eda","link":"https:\/\/lasprimeras.com.do\/index.php\/category\/sin-categoria\/"},"img":{"alt_text":"","src":"https:\/\/i0.wp.com\/lasprimeras.com.do\/wp-content\/uploads\/2024\/04\/TAEKWONDO.jpg?resize=350%2C200&ssl=1","width":350,"height":200,"srcset":"https:\/\/i0.wp.com\/lasprimeras.com.do\/wp-content\/uploads\/2024\/04\/TAEKWONDO.jpg?resize=350%2C200&ssl=1 1x, https:\/\/i0.wp.com\/lasprimeras.com.do\/wp-content\/uploads\/2024\/04\/TAEKWONDO.jpg?resize=525%2C300&ssl=1 1.5x, https:\/\/i0.wp.com\/lasprimeras.com.do\/wp-content\/uploads\/2024\/04\/TAEKWONDO.jpg?resize=700%2C400&ssl=1 2x, https:\/\/i0.wp.com\/lasprimeras.com.do\/wp-content\/uploads\/2024\/04\/TAEKWONDO.jpg?resize=1050%2C600&ssl=1 3x"},"classes":[]},{"id":117277,"url":"https:\/\/lasprimeras.com.do\/index.php\/2025\/12\/09\/senado-envia-a-comision-especial-anteproyecto-de-ley-para-la-reforma-policial\/","url_meta":{"origin":111954,"position":2},"title":"Senado env\u00eda a Comisi\u00f3n Especial Anteproyecto de Ley para la Reforma Policial","author":"Nelson Feliz","date":"9 de diciembre de 2025","format":false,"excerpt":"El proyecto fue entregado este lunes en el despacho del presidente del Senado, Ricardo de los Santos, por el consultor Jur\u00eddico del Poder Ejecutivo. Santo Domingo. - El Senado conform\u00f3 una Comisi\u00f3n Especial para el an\u00e1lisis y estudio del Anteproyecto de Ley Org\u00e1nica de la Polic\u00eda Nacional. Esta comisi\u00f3n ser\u00e1\u2026","rel":"","context":"En \u00abNACIONALES\u00bb","block_context":{"text":"NACIONALES","link":"https:\/\/lasprimeras.com.do\/index.php\/category\/nacionales\/"},"img":{"alt_text":"Senado env\u00eda a Comisi\u00f3n Especial Anteproyecto de Ley para la Reforma Policial","src":"https:\/\/i0.wp.com\/lasprimeras.com.do\/wp-content\/uploads\/2025\/12\/Senado-envia-a-Comision-Especial-Anteproyecto-de-Ley-para-la-Reforma-Policial-1.jpg?resize=350%2C200&ssl=1","width":350,"height":200,"srcset":"https:\/\/i0.wp.com\/lasprimeras.com.do\/wp-content\/uploads\/2025\/12\/Senado-envia-a-Comision-Especial-Anteproyecto-de-Ley-para-la-Reforma-Policial-1.jpg?resize=350%2C200&ssl=1 1x, https:\/\/i0.wp.com\/lasprimeras.com.do\/wp-content\/uploads\/2025\/12\/Senado-envia-a-Comision-Especial-Anteproyecto-de-Ley-para-la-Reforma-Policial-1.jpg?resize=525%2C300&ssl=1 1.5x, https:\/\/i0.wp.com\/lasprimeras.com.do\/wp-content\/uploads\/2025\/12\/Senado-envia-a-Comision-Especial-Anteproyecto-de-Ley-para-la-Reforma-Policial-1.jpg?resize=700%2C400&ssl=1 2x"},"classes":[]},{"id":108077,"url":"https:\/\/lasprimeras.com.do\/index.php\/2025\/09\/02\/senadores-aprueban-el-presupuesto-complementario\/","url_meta":{"origin":111954,"position":3},"title":"Senadores aprueban el presupuesto complementario","author":"Nelson Feliz","date":"2 de septiembre de 2025","format":false,"excerpt":"Previamente, el senador del Distrito Nacional, Omar Fern\u00e1ndez, manifest\u00f3 que en la formulaci\u00f3n del presupuesto complementario existen contradicciones entre lo que dijo el presidente Luis Abinader en la carta de motivaci\u00f3n, y lo consignado en la pieza. El Senado de la Rep\u00fablica aprob\u00f3, en dos lecturas consecutivas, el proyecto de\u2026","rel":"","context":"En \u00abECONOM\u00cdA\u00bb","block_context":{"text":"ECONOM\u00cdA","link":"https:\/\/lasprimeras.com.do\/index.php\/category\/economia\/"},"img":{"alt_text":"","src":"https:\/\/i0.wp.com\/lasprimeras.com.do\/wp-content\/uploads\/2025\/03\/senadores.jpg?resize=350%2C200&ssl=1","width":350,"height":200,"srcset":"https:\/\/i0.wp.com\/lasprimeras.com.do\/wp-content\/uploads\/2025\/03\/senadores.jpg?resize=350%2C200&ssl=1 1x, https:\/\/i0.wp.com\/lasprimeras.com.do\/wp-content\/uploads\/2025\/03\/senadores.jpg?resize=525%2C300&ssl=1 1.5x, https:\/\/i0.wp.com\/lasprimeras.com.do\/wp-content\/uploads\/2025\/03\/senadores.jpg?resize=700%2C400&ssl=1 2x"},"classes":[]},{"id":110450,"url":"https:\/\/lasprimeras.com.do\/index.php\/2025\/09\/28\/waldys-taveras-dice-que-el-mived-no-tiene-facultad-legal-para-cerrar-negocios-en-operacion\/","url_meta":{"origin":111954,"position":4},"title":"Waldys Taveras dice que el\u00a0 MIVED no tiene facultad legal para cerrar negocios \u00a0en operaci\u00f3n","author":"Nelson Feliz","date":"28 de septiembre de 2025","format":false,"excerpt":"El director ejecutivo de la Mancomunidad de Ayuntamientos del Gran Santo Domingo, Waldys Taveras, enfatiz\u00f3 que el Ministerio de Vivienda y Edificaciones (MIVED) no tiene facultad legal para cerrar negocios \u00a0establecimientos en operaci\u00f3n. Su argumento se apoya en el art\u00edculo 131 de la Constituci\u00f3n, que limita las funciones de los\u2026","rel":"","context":"En \u00abNACIONALES\u00bb","block_context":{"text":"NACIONALES","link":"https:\/\/lasprimeras.com.do\/index.php\/category\/nacionales\/"},"img":{"alt_text":"Waldys Taveras","src":"https:\/\/i0.wp.com\/lasprimeras.com.do\/wp-content\/uploads\/2025\/09\/Waldys-Taveras.jpg?resize=350%2C200&ssl=1","width":350,"height":200,"srcset":"https:\/\/i0.wp.com\/lasprimeras.com.do\/wp-content\/uploads\/2025\/09\/Waldys-Taveras.jpg?resize=350%2C200&ssl=1 1x, https:\/\/i0.wp.com\/lasprimeras.com.do\/wp-content\/uploads\/2025\/09\/Waldys-Taveras.jpg?resize=525%2C300&ssl=1 1.5x, https:\/\/i0.wp.com\/lasprimeras.com.do\/wp-content\/uploads\/2025\/09\/Waldys-Taveras.jpg?resize=700%2C400&ssl=1 2x"},"classes":[]},{"id":105284,"url":"https:\/\/lasprimeras.com.do\/index.php\/2025\/08\/01\/senado-convirtio-en-ley-los-proyectos-de-leyes-organica-del-ministerio-de-justicia\/","url_meta":{"origin":111954,"position":5},"title":"Senado convirti\u00f3 en Ley los proyectos de Leyes Org\u00e1nica del Ministerio de Justicia","author":"Nelson Feliz","date":"1 de agosto de 2025","format":false,"excerpt":"En primera sesi\u00f3n de legislatura extraordinaria los senadores aprobaron a unanimidad este jueves las modificaciones sugeridas por el Poder Ejecutivo. Por Adalgisa S\u00e1nchez El Senado de la Rep\u00fablica acogi\u00f3 y aprob\u00f3 en \u00fanica lectura las observaciones realizadas por el Poder Ejecutivo a la Ley Org\u00e1nica del Ministerio de Justicia, presentada\u2026","rel":"","context":"En \u00abNACIONALES\u00bb","block_context":{"text":"NACIONALES","link":"https:\/\/lasprimeras.com.do\/index.php\/category\/nacionales\/"},"img":{"alt_text":"","src":"https:\/\/i0.wp.com\/lasprimeras.com.do\/wp-content\/uploads\/2025\/08\/Senado-de-la-Republica-3.jpg?resize=350%2C200&ssl=1","width":350,"height":200,"srcset":"https:\/\/i0.wp.com\/lasprimeras.com.do\/wp-content\/uploads\/2025\/08\/Senado-de-la-Republica-3.jpg?resize=350%2C200&ssl=1 1x, https:\/\/i0.wp.com\/lasprimeras.com.do\/wp-content\/uploads\/2025\/08\/Senado-de-la-Republica-3.jpg?resize=525%2C300&ssl=1 1.5x, https:\/\/i0.wp.com\/lasprimeras.com.do\/wp-content\/uploads\/2025\/08\/Senado-de-la-Republica-3.jpg?resize=700%2C400&ssl=1 2x"},"classes":[]}],"jetpack_sharing_enabled":true,"_links":{"self":[{"href":"https:\/\/lasprimeras.com.do\/index.php\/wp-json\/wp\/v2\/posts\/111954","targetHints":{"allow":["GET"]}}],"collection":[{"href":"https:\/\/lasprimeras.com.do\/index.php\/wp-json\/wp\/v2\/posts"}],"about":[{"href":"https:\/\/lasprimeras.com.do\/index.php\/wp-json\/wp\/v2\/types\/post"}],"author":[{"embeddable":true,"href":"https:\/\/lasprimeras.com.do\/index.php\/wp-json\/wp\/v2\/users\/10"}],"replies":[{"embeddable":true,"href":"https:\/\/lasprimeras.com.do\/index.php\/wp-json\/wp\/v2\/comments?post=111954"}],"version-history":[{"count":1,"href":"https:\/\/lasprimeras.com.do\/index.php\/wp-json\/wp\/v2\/posts\/111954\/revisions"}],"predecessor-version":[{"id":111955,"href":"https:\/\/lasprimeras.com.do\/index.php\/wp-json\/wp\/v2\/posts\/111954\/revisions\/111955"}],"wp:featuredmedia":[{"embeddable":true,"href":"https:\/\/lasprimeras.com.do\/index.php\/wp-json\/wp\/v2\/media\/104248"}],"wp:attachment":[{"href":"https:\/\/lasprimeras.com.do\/index.php\/wp-json\/wp\/v2\/media?parent=111954"}],"wp:term":[{"taxonomy":"category","embeddable":true,"href":"https:\/\/lasprimeras.com.do\/index.php\/wp-json\/wp\/v2\/categories?post=111954"},{"taxonomy":"post_tag","embeddable":true,"href":"https:\/\/lasprimeras.com.do\/index.php\/wp-json\/wp\/v2\/tags?post=111954"}],"curies":[{"name":"wp","href":"https:\/\/api.w.org\/{rel}","templated":true}]}}