{"id":111964,"date":"2025-10-15T07:15:43","date_gmt":"2025-10-15T11:15:43","guid":{"rendered":"https:\/\/lasprimeras.com.do\/?p=111964"},"modified":"2025-10-16T07:21:59","modified_gmt":"2025-10-16T11:21:59","slug":"gobierno-niega-contemple-eliminar-combustible-subcidiado-a-transportistas-de-pasajeros","status":"publish","type":"post","link":"https:\/\/lasprimeras.com.do\/index.php\/2025\/10\/15\/gobierno-niega-contemple-eliminar-combustible-subcidiado-a-transportistas-de-pasajeros\/","title":{"rendered":"Gobierno niega contemple eliminar combustible subcidiado a transportistas de pasajeros"},"content":{"rendered":"\n<p><strong>GABINETE TRANSPORTE LLAMA A CHOFERES A NO DEJARSE LLEVAR DE MENTIRAS.<\/strong><\/p>\n\n\n\n<p>El ministro y coordinador del Gabinete de Transporte Deligne Ascenci\u00f3n, neg\u00f3 de manera categ\u00f3rica la eliminaci\u00f3n del combustible subsidiado que se le asigna a las federaciones de transporte.<\/p>\n\n\n\n<p>Ascenci\u00f3n dijo que, en ning\u00fan momento ni el gobierno, ni ninguna de las instancias responsables han contemplado ni tratado la eliminaci\u00f3n de esa compensaci\u00f3n, la cual permite que los usuarios del transporte p\u00fablico puedan pagar una tarifa accesible.<\/p>\n\n\n\n<p>A trav\u00e9s del denominado Bono Gas, o asignaciones directas de combustibles, las organizaciones del transporte p\u00fablico de pasajeros reciben estos subsidios por parte del gobierno, lo que contribuye a que los precios del pasaje se mantengan sin alteraciones.<\/p>\n\n\n\n<p>Desde el Gabinete del Transporte se hace un llamado a los directivos de las federaciones de choferes a no dejarse llevar de informaciones que en nada obedecen a la verdad, y con las que solo se procura alterar el clima de paz y de seguridad que vive la Rep\u00fablica Dominicana.<\/p>\n\n\n\n<p>\u201cDe manera categor\u00eda, desmentimos esa informaci\u00f3n que de manera aviesa se han hecho eco, y que ha llevado preocupaci\u00f3n a algunos transportistas, conforme apunt\u00f3 el coordinador del Gabinete del Transporte, el ing. Deligne Ascenci\u00f3n.<\/p>\n\n\n\n<figure class=\"wp-block-image size-large\"><img decoding=\"async\" width=\"576\" height=\"1024\" src=\"https:\/\/lasprimeras.com.do\/wp-content\/uploads\/2025\/10\/WhatsApp-Image-2025-10-15-at-3.17.13-PM-1-576x1024.jpeg\" alt=\"\" class=\"wp-image-111966\" srcset=\"https:\/\/lasprimeras.com.do\/wp-content\/uploads\/2025\/10\/WhatsApp-Image-2025-10-15-at-3.17.13-PM-1-576x1024.jpeg 576w, https:\/\/lasprimeras.com.do\/wp-content\/uploads\/2025\/10\/WhatsApp-Image-2025-10-15-at-3.17.13-PM-1-169x300.jpeg 169w, https:\/\/lasprimeras.com.do\/wp-content\/uploads\/2025\/10\/WhatsApp-Image-2025-10-15-at-3.17.13-PM-1.jpeg 720w\" sizes=\"(max-width: 576px) 100vw, 576px\" \/><\/figure>\n","protected":false},"excerpt":{"rendered":"<p>GABINETE TRANSPORTE LLAMA A CHOFERES A NO DEJARSE LLEVAR DE MENTIRAS. El ministro y coordinador del Gabinete de Transporte Deligne Ascenci\u00f3n, neg\u00f3 de manera categ\u00f3rica la eliminaci\u00f3n del combustible subsidiado&hellip;<\/p>\n","protected":false},"author":10,"featured_media":111967,"comment_status":"open","ping_status":"open","sticky":false,"template":"","format":"standard","meta":{"content-type":"","jetpack_post_was_ever_published":false,"_jetpack_newsletter_access":"","_jetpack_dont_email_post_to_subs":false,"_jetpack_newsletter_tier_id":0,"_jetpack_memberships_contains_paywalled_content":false,"_jetpack_memberships_contains_paid_content":false,"footnotes":""},"categories":[39,25],"tags":[25988,171,3760,3998],"class_list":["post-111964","post","type-post","status-publish","format-standard","has-post-thumbnail","hentry","category-economia","category-portada","tag-combustible-subcidiado","tag-gobierno","tag-pasajeros","tag-transportistas"],"jetpack_featured_media_url":"https:\/\/lasprimeras.com.do\/wp-content\/uploads\/2025\/10\/Deligne-Ascencion.jpeg","jetpack-related-posts":[{"id":111882,"url":"https:\/\/lasprimeras.com.do\/index.php\/2025\/10\/15\/unet-llama-al-presidente-abinader-a-adoptar-medidas-compensatorias-a-favor-de-los-transportistas-tras-desmonte-del-subsidio-a-los-combustibles\/","url_meta":{"origin":111964,"position":0},"title":"UNET pide compensaci\u00f3n a transportistas por fin de subsidio","author":"Nelson Feliz","date":"15 de octubre de 2025","format":false,"excerpt":"La Uni\u00f3n Nacional de Empresas del Transporte (UNET) plante\u00f3 este martes que al desmontar el subsidio a los combustibles al transporte p\u00fablico de pasajeros, de carga y de turismo, el Gobierno del presidente Luis Abinader debe tomar acciones compensatorias a favor de dicho sector, ya que los costos operacionales del\u2026","rel":"","context":"En \u00abECONOM\u00cdA\u00bb","block_context":{"text":"ECONOM\u00cdA","link":"https:\/\/lasprimeras.com.do\/index.php\/category\/economia\/"},"img":{"alt_text":"","src":"https:\/\/i0.wp.com\/lasprimeras.com.do\/wp-content\/uploads\/2025\/10\/Reynaldo-Perez-Sanchez.jpg?resize=350%2C200&ssl=1","width":350,"height":200,"srcset":"https:\/\/i0.wp.com\/lasprimeras.com.do\/wp-content\/uploads\/2025\/10\/Reynaldo-Perez-Sanchez.jpg?resize=350%2C200&ssl=1 1x, https:\/\/i0.wp.com\/lasprimeras.com.do\/wp-content\/uploads\/2025\/10\/Reynaldo-Perez-Sanchez.jpg?resize=525%2C300&ssl=1 1.5x, https:\/\/i0.wp.com\/lasprimeras.com.do\/wp-content\/uploads\/2025\/10\/Reynaldo-Perez-Sanchez.jpg?resize=700%2C400&ssl=1 2x"},"classes":[]},{"id":63687,"url":"https:\/\/lasprimeras.com.do\/index.php\/2023\/10\/14\/dirigente-choferil-propone-dialogo-nacional-para-enfrentar-posibles-alzas-en-combustibles\/","url_meta":{"origin":111964,"position":1},"title":"Dirigente choferil propone di\u00e1logo nacional para enfrentar posibles alzas en combustibles","author":"Nelson Feliz","date":"14 de octubre de 2023","format":false,"excerpt":"El dirigente sindical, Mario D\u00edaz sugiri\u00f3 hoy que el sector y el Gobierno transporte se sienta en una mesa de trabajo y planteen medidas tendentes a contrarrestar las escaladas alcistas que de manera inevitable se van a seguir produciendo en los precios internacionales de venta del barril del petr\u00f3leo y\u2026","rel":"","context":"En \u00abECONOM\u00cdA\u00bb","block_context":{"text":"ECONOM\u00cdA","link":"https:\/\/lasprimeras.com.do\/index.php\/category\/economia\/"},"img":{"alt_text":"Mario Diaz","src":"https:\/\/i0.wp.com\/lasprimeras.com.do\/wp-content\/uploads\/2023\/08\/Mario-Diaz.jpg?resize=350%2C200&ssl=1","width":350,"height":200,"srcset":"https:\/\/i0.wp.com\/lasprimeras.com.do\/wp-content\/uploads\/2023\/08\/Mario-Diaz.jpg?resize=350%2C200&ssl=1 1x, https:\/\/i0.wp.com\/lasprimeras.com.do\/wp-content\/uploads\/2023\/08\/Mario-Diaz.jpg?resize=525%2C300&ssl=1 1.5x, https:\/\/i0.wp.com\/lasprimeras.com.do\/wp-content\/uploads\/2023\/08\/Mario-Diaz.jpg?resize=700%2C400&ssl=1 2x"},"classes":[]},{"id":81549,"url":"https:\/\/lasprimeras.com.do\/index.php\/2024\/04\/22\/choferes-advierten-marcharan-hacia-el-palacio-nacional\/","url_meta":{"origin":111964,"position":2},"title":"Ch\u00f3feres advierten marchar\u00e1n hacia el Palacio Nacional","author":"BIMARY DE JES\u00daS Matos","date":"22 de abril de 2024","format":false,"excerpt":"Santo Domingo.- Los choferes afiliados al Consorcio de Empresarios del Transporte Moderno (COEMTRAM), advirtieron este lunes frente al Instituto Nacional del Transporte (Intrant) que marchar\u00e1n hasta el Palacio Nacional, en busca de respuestas del Gobierno al subsidio del combustible La medida de los transportistas surge tras una semana de haber\u2026","rel":"","context":"En \u00abPORTADA\u00bb","block_context":{"text":"PORTADA","link":"https:\/\/lasprimeras.com.do\/index.php\/category\/portada\/"},"img":{"alt_text":"","src":"https:\/\/i0.wp.com\/lasprimeras.com.do\/wp-content\/uploads\/2024\/04\/IMG-20240422-WA0031.jpg?resize=350%2C200&ssl=1","width":350,"height":200,"srcset":"https:\/\/i0.wp.com\/lasprimeras.com.do\/wp-content\/uploads\/2024\/04\/IMG-20240422-WA0031.jpg?resize=350%2C200&ssl=1 1x, https:\/\/i0.wp.com\/lasprimeras.com.do\/wp-content\/uploads\/2024\/04\/IMG-20240422-WA0031.jpg?resize=525%2C300&ssl=1 1.5x, https:\/\/i0.wp.com\/lasprimeras.com.do\/wp-content\/uploads\/2024\/04\/IMG-20240422-WA0031.jpg?resize=700%2C400&ssl=1 2x, https:\/\/i0.wp.com\/lasprimeras.com.do\/wp-content\/uploads\/2024\/04\/IMG-20240422-WA0031.jpg?resize=1050%2C600&ssl=1 3x"},"classes":[]},{"id":87064,"url":"https:\/\/lasprimeras.com.do\/index.php\/2024\/08\/06\/fenattransc-sugiere-medidas-al-director-de-intrant\/","url_meta":{"origin":111964,"position":3},"title":"FENATTRANSC sugiere medidas al director de INTRANT","author":"Nelson Feliz","date":"6 de agosto de 2024","format":false,"excerpt":"Por Martin Restituyo El presidente de la Federaci\u00f3n Nacional de Trabajadores del Transporte Social Cristianos (FENATTRANSC), Mario D\u00edaz, sugiri\u00f3 al Director Ejecutivo del Instituto Nacional de Tr\u00e1nsito y Transporte Terrestre, (INTRANT), Milton Morrison, algunas medidas para que sean puestas en ejecuci\u00f3n al inicio de su gesti\u00f3n al frente de esa\u2026","rel":"","context":"En \u00abNACIONALES\u00bb","block_context":{"text":"NACIONALES","link":"https:\/\/lasprimeras.com.do\/index.php\/category\/nacionales\/"},"img":{"alt_text":"","src":"https:\/\/i0.wp.com\/lasprimeras.com.do\/wp-content\/uploads\/2024\/08\/md.jpg?resize=350%2C200&ssl=1","width":350,"height":200},"classes":[]},{"id":63717,"url":"https:\/\/lasprimeras.com.do\/index.php\/2023\/10\/15\/transportistas-piden-al-gobierno-tratar-en-mesa-crisis-carburantes\/","url_meta":{"origin":111964,"position":4},"title":"Transportistas piden al gobierno tratar en mesa crisis carburantes","author":"BIMARY DE JES\u00daS Matos","date":"15 de octubre de 2023","format":false,"excerpt":"SANTO DOMINGO, Rep\u00fablica Dominicana.- El dirigente sindical Mario D\u00edaz sugiri\u00f3 que el sector transporte se siente en una mesa de trabajo con el gobierno y se planteen medidas tendentes a contrarrestar las escaladas alcistas que se van produciendo en los precios internacionales del petr\u00f3leo y sus derivados. \u00abSugerimos que sea\u2026","rel":"","context":"En \u00abNACIONALES\u00bb","block_context":{"text":"NACIONALES","link":"https:\/\/lasprimeras.com.do\/index.php\/category\/nacionales\/"},"img":{"alt_text":"","src":"https:\/\/i0.wp.com\/lasprimeras.com.do\/wp-content\/uploads\/2023\/10\/WhatsApp-Image-2023-10-14-at-10.00.32-PM-1-7.jpeg?resize=350%2C200&ssl=1","width":350,"height":200,"srcset":"https:\/\/i0.wp.com\/lasprimeras.com.do\/wp-content\/uploads\/2023\/10\/WhatsApp-Image-2023-10-14-at-10.00.32-PM-1-7.jpeg?resize=350%2C200&ssl=1 1x, https:\/\/i0.wp.com\/lasprimeras.com.do\/wp-content\/uploads\/2023\/10\/WhatsApp-Image-2023-10-14-at-10.00.32-PM-1-7.jpeg?resize=525%2C300&ssl=1 1.5x"},"classes":[]},{"id":80506,"url":"https:\/\/lasprimeras.com.do\/index.php\/2024\/04\/09\/choferes-se-manifiestan-frente-al-intrant-en-demanda-de-subsidio-de-combustible\/","url_meta":{"origin":111964,"position":5},"title":"Choferes se manifiestan frente al Intrant en demanda de subsidio de combustible","author":"BIMARY DE JES\u00daS Matos","date":"9 de abril de 2024","format":false,"excerpt":"Santo Domingo.-Decenas de choferes del Consorcio de Empresarios del Transporte Moderno (Coemtram) realizaron una caravana hasta las oficinas del Instituto Nacional de Tr\u00e1nsito y Transporte Terrestre (Intrant) en demanda de subsidio de combustible. Los manifestantes parquearon de manera sorpresiva minibuses y autobuses frente a las oficinas del Intrant, lo que\u2026","rel":"","context":"En \u00abNACIONALES\u00bb","block_context":{"text":"NACIONALES","link":"https:\/\/lasprimeras.com.do\/index.php\/category\/nacionales\/"},"img":{"alt_text":"","src":"https:\/\/i0.wp.com\/lasprimeras.com.do\/wp-content\/uploads\/2024\/04\/6a0c8a05-4f4b-48f5-a1d9-1ad180753c4a-10.jpg?resize=350%2C200&ssl=1","width":350,"height":200,"srcset":"https:\/\/i0.wp.com\/lasprimeras.com.do\/wp-content\/uploads\/2024\/04\/6a0c8a05-4f4b-48f5-a1d9-1ad180753c4a-10.jpg?resize=350%2C200&ssl=1 1x, https:\/\/i0.wp.com\/lasprimeras.com.do\/wp-content\/uploads\/2024\/04\/6a0c8a05-4f4b-48f5-a1d9-1ad180753c4a-10.jpg?resize=525%2C300&ssl=1 1.5x, https:\/\/i0.wp.com\/lasprimeras.com.do\/wp-content\/uploads\/2024\/04\/6a0c8a05-4f4b-48f5-a1d9-1ad180753c4a-10.jpg?resize=700%2C400&ssl=1 2x"},"classes":[]}],"jetpack_sharing_enabled":true,"_links":{"self":[{"href":"https:\/\/lasprimeras.com.do\/index.php\/wp-json\/wp\/v2\/posts\/111964","targetHints":{"allow":["GET"]}}],"collection":[{"href":"https:\/\/lasprimeras.com.do\/index.php\/wp-json\/wp\/v2\/posts"}],"about":[{"href":"https:\/\/lasprimeras.com.do\/index.php\/wp-json\/wp\/v2\/types\/post"}],"author":[{"embeddable":true,"href":"https:\/\/lasprimeras.com.do\/index.php\/wp-json\/wp\/v2\/users\/10"}],"replies":[{"embeddable":true,"href":"https:\/\/lasprimeras.com.do\/index.php\/wp-json\/wp\/v2\/comments?post=111964"}],"version-history":[{"count":1,"href":"https:\/\/lasprimeras.com.do\/index.php\/wp-json\/wp\/v2\/posts\/111964\/revisions"}],"predecessor-version":[{"id":111968,"href":"https:\/\/lasprimeras.com.do\/index.php\/wp-json\/wp\/v2\/posts\/111964\/revisions\/111968"}],"wp:featuredmedia":[{"embeddable":true,"href":"https:\/\/lasprimeras.com.do\/index.php\/wp-json\/wp\/v2\/media\/111967"}],"wp:attachment":[{"href":"https:\/\/lasprimeras.com.do\/index.php\/wp-json\/wp\/v2\/media?parent=111964"}],"wp:term":[{"taxonomy":"category","embeddable":true,"href":"https:\/\/lasprimeras.com.do\/index.php\/wp-json\/wp\/v2\/categories?post=111964"},{"taxonomy":"post_tag","embeddable":true,"href":"https:\/\/lasprimeras.com.do\/index.php\/wp-json\/wp\/v2\/tags?post=111964"}],"curies":[{"name":"wp","href":"https:\/\/api.w.org\/{rel}","templated":true}]}}