{"id":111978,"date":"2025-10-16T08:30:11","date_gmt":"2025-10-16T12:30:11","guid":{"rendered":"https:\/\/lasprimeras.com.do\/?p=111978"},"modified":"2025-10-16T08:30:13","modified_gmt":"2025-10-16T12:30:13","slug":"marcha-de-generacion-z-contra-nuevo-presidente-de-peru-deja-un-fallecido-y-mas-de-100-heridos","status":"publish","type":"post","link":"https:\/\/lasprimeras.com.do\/index.php\/2025\/10\/16\/marcha-de-generacion-z-contra-nuevo-presidente-de-peru-deja-un-fallecido-y-mas-de-100-heridos\/","title":{"rendered":"Marcha de Generaci\u00f3n Z contra nuevo presidente de Per\u00fa deja un fallecido y m\u00e1s de 100 heridos"},"content":{"rendered":"\n<p>POR FRANKLIN BRICE\u00d1O<\/p>\n\n\n\n<p>LIMA (AP) \u2014 Miles de j\u00f3venes peruanos marcharon el mi\u00e9rcoles para exigir la renuncia del presidente interino, Jos\u00e9 Jer\u00ed, y de los legisladores, adem\u00e1s de la derogaci\u00f3n de leyes que, seg\u00fan creen, favorecen la delincuencia.<\/p>\n\n\n\n<p>Casi a medianoche, las autoridades reportaron la muerte de un civil y al menos 100 heridos, la mayor\u00eda de ellos polic\u00edas.<\/p>\n\n\n\n<p>Los manifestantes, entre los que hab\u00eda organizaciones autodenominadas Generaci\u00f3n Z, quemaron frente al Congreso un viol\u00edn gigante de cart\u00f3n cubierto por una banda presidencial y lanzaron fuegos artificiales a la polic\u00eda, que respondi\u00f3 con gases lacrim\u00f3genos y perdigones, seg\u00fan presenci\u00f3 The Associated Press.<\/p>\n\n\n\n<p>Aunque la Generaci\u00f3n Z se corresponde con menores de 30 a\u00f1os, las protestas en Per\u00fa incluyen tambi\u00e9n a sindicalistas y familiares de civiles muertos en las manifestaciones de 2022 y 2023.<\/p>\n\n\n\n<p>La Defensor\u00eda del Pueblo confirm\u00f3 que el cantante de hip hop Eduardo Ru\u00edz, de 32 a\u00f1os, lleg\u00f3 muerto a un hospital de Lima con una herida de bala, mientras que 24 manifestantes m\u00e1s sufrieron contusiones.<\/p>\n\n\n\n<p>El ministro del Interior, Vicente Tiburcio, indic\u00f3 que hab\u00eda 80 polic\u00edas heridos. Seis periodistas recibieron el impacto de perdigones y otros cuatro fueron agredidos por la polic\u00eda, seg\u00fan la Asociaci\u00f3n Nacional de Periodistas.<\/p>\n\n\n\n<p>La v\u00edspera, Jer\u00ed nombr\u00f3 primer ministro a Ernesto \u00c1lvarez, un exjuez ultraconservador activo en redes sociales que cerr\u00f3 sus cuentas en X e Instagram antes de juramentar.<br>\u00c1lvarez dijo que la Generaci\u00f3n Z peruana es una \u201cbanda que quiere tomar por asalto la democracia\u201d y que no representa a la juventud que estudia y trabaja.<\/p>\n\n\n\n<p>El primer ministro tambi\u00e9n afirm\u00f3 que esta generaci\u00f3n es \u201cheredera\u201d del Movimiento Revolucionario T\u00fapac Amaru, un grupo peruano al que Estados Unidos calific\u00f3 como terrorista hasta 2001. Adem\u00e1s, apunt\u00f3 que \u201cla violencia en la protesta es reprimible para restablecer el orden\u201d.<\/p>\n\n\n\n<p>El presidente lament\u00f3 la muerte del manifestante. \u00c1lvarez no se ha pronunciado al respecto.<\/p>\n\n\n\n<p>Algunos manifestantes llevaban banderas negras con un s\u00edmbolo del anime japon\u00e9s \u201cOne Piece\u201d \u2014una calavera pirata con un sombrero de paja\u2014, como ocurri\u00f3 en protestas similares contra los gobiernos de Nepal, Madagascar, Filipinas, Indonesia y Marruecos.<\/p>\n\n\n\n<p>En una plaza de Lima donde suelen celebrarse protestas, el electricista David Tafur, de 27 a\u00f1os, cubr\u00eda su espalda con la bandera negra. \u201cEl caso m\u00edo es la indignaci\u00f3n por el abuso de autoridad, la corrupci\u00f3n, las muertes\u201d, manifest\u00f3, y record\u00f3 c\u00f3mo las cifras de asesinatos subieron de 676 casos en 2017 hasta 2.082 en 2024.<\/p>\n\n\n\n<p>Tafur dijo que decidi\u00f3 acudir a la manifestaci\u00f3n luego de enterarse de la convocatoria en TikTok, y se\u00f1al\u00f3 que sinti\u00f3 cautivado por la historia del pirata Monkey D. Luffy, un personaje del anime japon\u00e9s que se enfrenta a gobiernos corruptos.<\/p>\n\n\n\n<p>\u201cLuchamos por lo mismo, contra los corruptos, que adem\u00e1s aqu\u00ed son asesinos\u201d, declar\u00f3 recordando que el gobierno de la expresidenta Dina Boluarte se mantuvo en el poder desde diciembre de 2022 pese a m\u00e1s de 500 protestas en su contra y 50 manifestantes muertos.<\/p>\n\n\n\n<p>Boluarte fue destituida el viernes luego que los principales partidos en el Congreso le retiraron el apoyo a falta de medio a\u00f1o para las elecciones generales, en las que se elegir\u00e1 a 130 diputados, 60 senadores y un nuevo presidente. Jer\u00ed, un legislador de 38 a\u00f1os, la reemplaz\u00f3 de forma interina.<\/p>\n\n\n\n<p>En la misma plaza lime\u00f1a, otros levantaban carteles que dec\u00edan \u201cProtestar es un derecho, asesinar es un delito\u201d. Una mujer llevaba un letrero con la frase \u201cDe una asesina a un violador, la misma porquer\u00eda\u201d para criticar el cambio de gobierno.<\/p>\n\n\n\n<p>Jer\u00ed era el presidente del Congreso y hab\u00eda llegado al puesto luego de un acuerdo entre los principales partidos, que apoyaron a Boluarte durante todo su gobierno. Por ese motivo, varios expertos lo consideran una continuaci\u00f3n del gobierno de la expresidenta.<\/p>\n\n\n\n<p>Pero las cr\u00edticas contra Jer\u00ed se han incrementado tambi\u00e9n porque enfrent\u00f3 una investigaci\u00f3n por presunta violaci\u00f3n tras ser denunciado por una mujer.<\/p>\n\n\n\n<p>La fiscal\u00eda archiv\u00f3 la pesquisa en agosto, pero contin\u00faa para otro hombre que acompa\u00f1aba a Jer\u00ed el d\u00eda en que habr\u00edan ocurrido los hechos.<\/p>\n\n\n\n<p>En la protesta, m\u00e1s de 20 mujeres vestidas con camisetas blancas y faldas rojas gritaban \u201cEl violador es Jer\u00ed\u201d o \u201cJer\u00ed es viol\u00edn\u201d, en referencia a una jerga en la que viol\u00edn significa violador.<\/p>\n\n\n\n<p>Los manifestantes tambi\u00e9n criticaron que, mientras fue legislador, Jer\u00ed vot\u00f3 a favor de al menos seis leyes que, seg\u00fan sostienen, debilitan la persecuci\u00f3n de la delincuencia.<br>Esas normas eliminan la detenci\u00f3n preliminar en casos sin flagrancia, impiden procesar a partidos pol\u00edticos como grupos criminales, elevan los requisitos para confiscar bienes a grupos delictivos y dificultan la colaboraci\u00f3n eficaz y los allanamientos.<\/p>\n\n\n\n<p>En la ciudad de Juliaca, Judith Cruz, una estudiante de 23 a\u00f1os, dijo a reporteros que marchaba por todos los j\u00f3venes.<\/p>\n\n\n\n<p>\u201cDefendemos tus derechos para que no te amenacen cuando quieras tener un emprendimiento\u201d, indic\u00f3 llamando la atenci\u00f3n sobre el repunte en las extorsiones, que aumentaron de 2.305 en 2020 hasta 21.746 en 2024, seg\u00fan la fiscal\u00eda.<\/p>\n\n\n\n<p>\u201cTambi\u00e9n queremos que dejen de criminalizar las protestas\u201d, a\u00f1adi\u00f3 Cruz.<\/p>\n\n\n\n<p>Las manifestaciones de la Generaci\u00f3n Z de Per\u00fa empezaron hace un mes y se caracterizaron por celebrarse los fines de semana. En un principio pretend\u00edan cambios en la ley de pensiones, que obligaba a los m\u00e1s j\u00f3venes a realizar aportaciones, lo cual reduc\u00eda a\u00fan m\u00e1s sus escasos ingresos.<\/p>\n\n\n\n<p>Finalmente, el Congreso anul\u00f3 los aportes obligatorios para los j\u00f3venes.<\/p>\n\n\n\n<p>\u201cLuego del tema de las pensiones llegaron varios malestares detr\u00e1s, que tienen que ver con la inseguridad, con c\u00f3mo se ha ido destrozando la capacidad estatal en el Per\u00fa y con la corrupci\u00f3n\u201d, apunt\u00f3 Omar Coronel, profesor de sociolog\u00eda de la Pontificia Universidad Cat\u00f3lica de Per\u00fa, que estudia las protestas.<\/p>\n\n\n\n<p>Coronel indic\u00f3 que los j\u00f3venes de la Generaci\u00f3n Z en Per\u00fa no est\u00e1n ideologizados, suelen informarse en las redes sociales, y rechazan profundamente a las \u00e9lites autoritarias.<\/p>\n","protected":false},"excerpt":{"rendered":"<p>POR FRANKLIN BRICE\u00d1O LIMA (AP) \u2014 Miles de j\u00f3venes peruanos marcharon el mi\u00e9rcoles para exigir la renuncia del presidente interino, Jos\u00e9 Jer\u00ed, y de los legisladores, adem\u00e1s de la derogaci\u00f3n&hellip;<\/p>\n","protected":false},"author":10,"featured_media":111979,"comment_status":"open","ping_status":"open","sticky":false,"template":"","format":"standard","meta":{"content-type":"","jetpack_post_was_ever_published":false,"_jetpack_newsletter_access":"","_jetpack_dont_email_post_to_subs":false,"_jetpack_newsletter_tier_id":0,"_jetpack_memberships_contains_paywalled_content":false,"_jetpack_memberships_contains_paid_content":false,"footnotes":""},"categories":[16289],"tags":[25995,3769,935,25996],"class_list":["post-111978","post","type-post","status-publish","format-standard","has-post-thumbnail","hentry","category-internacionales","tag-marcha-de-generacion-z","tag-peru","tag-presidente","tag-un-fallecido"],"jetpack_featured_media_url":"https:\/\/lasprimeras.com.do\/wp-content\/uploads\/2025\/10\/protesta-peru.jpg","jetpack-related-posts":[{"id":111969,"url":"https:\/\/lasprimeras.com.do\/index.php\/2025\/10\/16\/manifestantes-de-la-generacion-z-lideran-una-oleada-global-de-descontento-generacional\/","url_meta":{"origin":111978,"position":0},"title":"Manifestantes de la Generaci\u00f3n Z lideran una oleada global de descontento generacional","author":"Nelson Feliz","date":"16 de octubre de 2025","format":false,"excerpt":"POR SHEIKH SAALIQ NUEVA DELHI (AP) \u2014 Desde los Andes hasta el Himalaya, una nueva ola de protestas sacude el mundo impulsada por el descontento generacional contra los gobiernos y la ira entre los j\u00f3venes. Esta semana, el presidente de Madagascar, Andry Rajoelina, fue obligado a dejar el poder y\u2026","rel":"","context":"En \u00abINTERNACIONALES\u00bb","block_context":{"text":"INTERNACIONALES","link":"https:\/\/lasprimeras.com.do\/index.php\/category\/sin-categoria\/internacionales\/"},"img":{"alt_text":"","src":"https:\/\/i0.wp.com\/lasprimeras.com.do\/wp-content\/uploads\/2025\/10\/Generacion-Z.jpg?resize=350%2C200&ssl=1","width":350,"height":200,"srcset":"https:\/\/i0.wp.com\/lasprimeras.com.do\/wp-content\/uploads\/2025\/10\/Generacion-Z.jpg?resize=350%2C200&ssl=1 1x, https:\/\/i0.wp.com\/lasprimeras.com.do\/wp-content\/uploads\/2025\/10\/Generacion-Z.jpg?resize=525%2C300&ssl=1 1.5x, https:\/\/i0.wp.com\/lasprimeras.com.do\/wp-content\/uploads\/2025\/10\/Generacion-Z.jpg?resize=700%2C400&ssl=1 2x"},"classes":[]},{"id":112453,"url":"https:\/\/lasprimeras.com.do\/index.php\/2025\/10\/21\/el-presidente-de-peru-declara-estado-de-emergencia-en-la-capital-mientras-intenta-frenar-la-creciente-violencia\/","url_meta":{"origin":111978,"position":1},"title":"El presidente de Per\u00fa declara estado de emergencia en la capital mientras intenta frenar la creciente violencia","author":"Nelson Feliz","date":"21 de octubre de 2025","format":false,"excerpt":"LIMA, Per\u00fa (AP) \u2014 El nuevo presidente de Per\u00fa declar\u00f3 el martes estado de emergencia en la capital, en el \u00faltimo intento del gobierno por frenar un aumento de la violencia que ha provocado protestas y contribuido a la reciente ca\u00edda de su predecesor. En los \u00faltimos a\u00f1os, Per\u00fa ha\u2026","rel":"","context":"En \u00abINTERNACIONALES\u00bb","block_context":{"text":"INTERNACIONALES","link":"https:\/\/lasprimeras.com.do\/index.php\/category\/sin-categoria\/internacionales\/"},"img":{"alt_text":"","src":"https:\/\/i0.wp.com\/lasprimeras.com.do\/wp-content\/uploads\/2025\/10\/Jose-Jeri-1.jpg?resize=350%2C200&ssl=1","width":350,"height":200,"srcset":"https:\/\/i0.wp.com\/lasprimeras.com.do\/wp-content\/uploads\/2025\/10\/Jose-Jeri-1.jpg?resize=350%2C200&ssl=1 1x, https:\/\/i0.wp.com\/lasprimeras.com.do\/wp-content\/uploads\/2025\/10\/Jose-Jeri-1.jpg?resize=525%2C300&ssl=1 1.5x, https:\/\/i0.wp.com\/lasprimeras.com.do\/wp-content\/uploads\/2025\/10\/Jose-Jeri-1.jpg?resize=700%2C400&ssl=1 2x"},"classes":[]},{"id":108624,"url":"https:\/\/lasprimeras.com.do\/index.php\/2025\/09\/09\/la-esposa-del-ex-primer-ministro-nepali-muere-tras-ser-quemada-por-manifestantes\/","url_meta":{"origin":111978,"position":2},"title":"La esposa del ex primer ministro nepal\u00ed muere tras ser quemada por manifestantes","author":"Nelson Feliz","date":"9 de septiembre de 2025","format":false,"excerpt":"Los protestantes encerraron a la mujer en su residencia y prendieron fuego al edificio. Rajyalaxmi Chitrakar, esposa del ex primer ministro Jhalanath Khanal, falleci\u00f3 tras ser incendiada dentro de su vivienda. As\u00ed lo informan el martes medios locales. Seg\u00fan Khabarhub, el incidente ocurri\u00f3 en su residencia en Dallu, un barrio\u2026","rel":"","context":"En \u00abINTERNACIONALES\u00bb","block_context":{"text":"INTERNACIONALES","link":"https:\/\/lasprimeras.com.do\/index.php\/category\/sin-categoria\/internacionales\/"},"img":{"alt_text":"","src":"https:\/\/i0.wp.com\/lasprimeras.com.do\/wp-content\/uploads\/2025\/09\/mmanifes.jpg?resize=350%2C200&ssl=1","width":350,"height":200,"srcset":"https:\/\/i0.wp.com\/lasprimeras.com.do\/wp-content\/uploads\/2025\/09\/mmanifes.jpg?resize=350%2C200&ssl=1 1x, https:\/\/i0.wp.com\/lasprimeras.com.do\/wp-content\/uploads\/2025\/09\/mmanifes.jpg?resize=525%2C300&ssl=1 1.5x, https:\/\/i0.wp.com\/lasprimeras.com.do\/wp-content\/uploads\/2025\/09\/mmanifes.jpg?resize=700%2C400&ssl=1 2x, https:\/\/i0.wp.com\/lasprimeras.com.do\/wp-content\/uploads\/2025\/09\/mmanifes.jpg?resize=1050%2C600&ssl=1 3x"},"classes":[]},{"id":111792,"url":"https:\/\/lasprimeras.com.do\/index.php\/2025\/10\/14\/el-presidente-de-madagascar-disuelve-el-parlamento-desde-su-escondite\/","url_meta":{"origin":111978,"position":3},"title":"El presidente de Madagascar disuelve el parlamento desde su escondite","author":"Nelson Feliz","date":"14 de octubre de 2025","format":false,"excerpt":"ANTANANARIVO, Madagascar (AP) \u2014 El presidente de Madagascar, Andry Rajoelina, disolvi\u00f3 el martes la c\u00e1mara baja del parlamento, profundizando la crisis pol\u00edtica en la naci\u00f3n del oc\u00e9ano \u00cdndico despu\u00e9s de que una rebeli\u00f3n militar le hiciera huir del pa\u00eds y esconderse. Rajoelina emiti\u00f3 un decreto para que la Asamblea Nacional\u2026","rel":"","context":"En \u00abINTERNACIONALES\u00bb","block_context":{"text":"INTERNACIONALES","link":"https:\/\/lasprimeras.com.do\/index.php\/category\/sin-categoria\/internacionales\/"},"img":{"alt_text":"","src":"https:\/\/i0.wp.com\/lasprimeras.com.do\/wp-content\/uploads\/2025\/10\/Andry-Rajoelina.jpg?resize=350%2C200&ssl=1","width":350,"height":200,"srcset":"https:\/\/i0.wp.com\/lasprimeras.com.do\/wp-content\/uploads\/2025\/10\/Andry-Rajoelina.jpg?resize=350%2C200&ssl=1 1x, https:\/\/i0.wp.com\/lasprimeras.com.do\/wp-content\/uploads\/2025\/10\/Andry-Rajoelina.jpg?resize=525%2C300&ssl=1 1.5x, https:\/\/i0.wp.com\/lasprimeras.com.do\/wp-content\/uploads\/2025\/10\/Andry-Rajoelina.jpg?resize=700%2C400&ssl=1 2x"},"classes":[]},{"id":108630,"url":"https:\/\/lasprimeras.com.do\/index.php\/2025\/09\/09\/videos-manifestantes-golpean-al-ex-primer-ministro-y-a-la-canciller-de-nepal-en-su-casa\/","url_meta":{"origin":111978,"position":4},"title":"VIDEOS: Manifestantes golpean al ex primer ministro y a la canciller de Nepal en su casa","author":"Nelson Feliz","date":"9 de septiembre de 2025","format":false,"excerpt":"El pa\u00eds del Himalaya se vio sacudido por el fuerte descontento de los j\u00f3venes por el segundo d\u00eda. El ex primer ministro de Nepal, Sher Bahadur Deuba, y su esposa Arzu Rana Deuba \u2014ministra de Asuntos Exteriores\u2014, fueron agredidos violentamente en su casa por un grupo de manifestantes, informan medios\u2026","rel":"","context":"En \u00abINTERNACIONALES\u00bb","block_context":{"text":"INTERNACIONALES","link":"https:\/\/lasprimeras.com.do\/index.php\/category\/sin-categoria\/internacionales\/"},"img":{"alt_text":"","src":"https:\/\/i0.wp.com\/lasprimeras.com.do\/wp-content\/uploads\/2025\/09\/heridos-1.jpg?resize=350%2C200&ssl=1","width":350,"height":200,"srcset":"https:\/\/i0.wp.com\/lasprimeras.com.do\/wp-content\/uploads\/2025\/09\/heridos-1.jpg?resize=350%2C200&ssl=1 1x, https:\/\/i0.wp.com\/lasprimeras.com.do\/wp-content\/uploads\/2025\/09\/heridos-1.jpg?resize=525%2C300&ssl=1 1.5x, https:\/\/i0.wp.com\/lasprimeras.com.do\/wp-content\/uploads\/2025\/09\/heridos-1.jpg?resize=700%2C400&ssl=1 2x, https:\/\/i0.wp.com\/lasprimeras.com.do\/wp-content\/uploads\/2025\/09\/heridos-1.jpg?resize=1050%2C600&ssl=1 3x"},"classes":[]},{"id":109042,"url":"https:\/\/lasprimeras.com.do\/index.php\/2025\/09\/14\/la-nueva-primera-ministra-de-nepal-pide-calma-tras-las-protestas-mortales\/","url_meta":{"origin":111978,"position":5},"title":"La nueva primera ministra de Nepal pide calma tras las protestas mortales","author":"Nelson Feliz","date":"14 de septiembre de 2025","format":false,"excerpt":"POR BINAJ GURUBACHARYA KATMAND\u00da, Nepal (AP) \u2014 La nueva primera ministra de Nepal asumi\u00f3 el cargo el domingo e inst\u00f3 \u201da la calma y la cooperaci\u00f3n para reconstruir\u201d la naci\u00f3n del Himalaya despu\u00e9s de que d\u00edas de violentas protestas la semana pasada dejaran al menos 72 muertos, adem\u00e1s de edificios\u2026","rel":"","context":"En \u00abINTERNACIONALES\u00bb","block_context":{"text":"INTERNACIONALES","link":"https:\/\/lasprimeras.com.do\/index.php\/category\/sin-categoria\/internacionales\/"},"img":{"alt_text":"","src":"https:\/\/i0.wp.com\/lasprimeras.com.do\/wp-content\/uploads\/2025\/09\/Sushila-Karki.jpg?resize=350%2C200&ssl=1","width":350,"height":200,"srcset":"https:\/\/i0.wp.com\/lasprimeras.com.do\/wp-content\/uploads\/2025\/09\/Sushila-Karki.jpg?resize=350%2C200&ssl=1 1x, https:\/\/i0.wp.com\/lasprimeras.com.do\/wp-content\/uploads\/2025\/09\/Sushila-Karki.jpg?resize=525%2C300&ssl=1 1.5x, https:\/\/i0.wp.com\/lasprimeras.com.do\/wp-content\/uploads\/2025\/09\/Sushila-Karki.jpg?resize=700%2C400&ssl=1 2x"},"classes":[]}],"jetpack_sharing_enabled":true,"_links":{"self":[{"href":"https:\/\/lasprimeras.com.do\/index.php\/wp-json\/wp\/v2\/posts\/111978","targetHints":{"allow":["GET"]}}],"collection":[{"href":"https:\/\/lasprimeras.com.do\/index.php\/wp-json\/wp\/v2\/posts"}],"about":[{"href":"https:\/\/lasprimeras.com.do\/index.php\/wp-json\/wp\/v2\/types\/post"}],"author":[{"embeddable":true,"href":"https:\/\/lasprimeras.com.do\/index.php\/wp-json\/wp\/v2\/users\/10"}],"replies":[{"embeddable":true,"href":"https:\/\/lasprimeras.com.do\/index.php\/wp-json\/wp\/v2\/comments?post=111978"}],"version-history":[{"count":1,"href":"https:\/\/lasprimeras.com.do\/index.php\/wp-json\/wp\/v2\/posts\/111978\/revisions"}],"predecessor-version":[{"id":111980,"href":"https:\/\/lasprimeras.com.do\/index.php\/wp-json\/wp\/v2\/posts\/111978\/revisions\/111980"}],"wp:featuredmedia":[{"embeddable":true,"href":"https:\/\/lasprimeras.com.do\/index.php\/wp-json\/wp\/v2\/media\/111979"}],"wp:attachment":[{"href":"https:\/\/lasprimeras.com.do\/index.php\/wp-json\/wp\/v2\/media?parent=111978"}],"wp:term":[{"taxonomy":"category","embeddable":true,"href":"https:\/\/lasprimeras.com.do\/index.php\/wp-json\/wp\/v2\/categories?post=111978"},{"taxonomy":"post_tag","embeddable":true,"href":"https:\/\/lasprimeras.com.do\/index.php\/wp-json\/wp\/v2\/tags?post=111978"}],"curies":[{"name":"wp","href":"https:\/\/api.w.org\/{rel}","templated":true}]}}