{"id":111981,"date":"2025-10-16T08:44:13","date_gmt":"2025-10-16T12:44:13","guid":{"rendered":"https:\/\/lasprimeras.com.do\/?p=111981"},"modified":"2025-10-16T08:44:15","modified_gmt":"2025-10-16T12:44:15","slug":"el-senado-de-uruguay-aprueba-ley-que-regula-la-eutanasia-luego-de-cinco-anos-de-debates-legislativos","status":"publish","type":"post","link":"https:\/\/lasprimeras.com.do\/index.php\/2025\/10\/16\/el-senado-de-uruguay-aprueba-ley-que-regula-la-eutanasia-luego-de-cinco-anos-de-debates-legislativos\/","title":{"rendered":"El Senado de Uruguay aprueba ley que regula la eutanasia luego de cinco a\u00f1os de debates legislativos"},"content":{"rendered":"\n<p>MONTEVIDEO (AP) \u2014 La C\u00e1mara de Senadores de Uruguay aprob\u00f3 el mi\u00e9rcoles la ley que regula la eutanasia, luego de que Ecuador y Colombia ya autorizaron este procedimiento en Am\u00e9rica Latina.<\/p>\n\n\n\n<p>El proyecto de ley \u2014que ya hab\u00eda sido aprobado por la C\u00e1mara de Diputados el 12 de agosto\u2014 recibi\u00f3 20 votos a favor y 11 en contra en la c\u00e1mara alta de un total de 31 posibles, cinco a\u00f1os despu\u00e9s de que el pa\u00eds sudamericano de 3,5 millones de habitantes empez\u00f3 a debatirlo, generando el rechazo de grupos cat\u00f3licos y otros sectores conservadores.<\/p>\n\n\n\n<p>Con la aprobaci\u00f3n de ambas c\u00e1maras la norma queda sancionada, y ahora s\u00f3lo resta la reglamentaci\u00f3n del poder ejecutivo para que se implemente. Se da por hecho el visto bueno del gobierno, que ya puso en funcionamiento la ley de cuidados paliativos.<\/p>\n\n\n\n<p>En el caso de la votaci\u00f3n de los diputados en agosto, esta se dirimi\u00f3 por 64 sufragios a favor y 29 en contra.<\/p>\n\n\n\n<p>El proyecto de ley sobre la muerte digna fue presentado este a\u00f1o por diputados del oficialista Frente Amplio, y la Comisi\u00f3n de Salud de la c\u00e1mara baja lo aprob\u00f3 en julio.<br>En 2022 una iniciativa similar naufrag\u00f3 tras quedar estancada en el Senado.<\/p>\n\n\n\n<p>\u201cTranscurrir con dignidad el proceso final de la vida, cursando una enfermedad intratable, incurable, irreversible, con sufrimiento insoportable y con grave y progresivo deterioro de la calidad de vida no es un delito, por lo que no se debe despenalizar a nadie\u201d, argument\u00f3 el senador Daniel Borbonet, del Frente Amplio.<\/p>\n\n\n\n<p>En Colombia la eutanasia para pacientes terminales es legal desde 1997, pero reci\u00e9n en julio de 2021 fue autorizada por la Corte Constitucional para ser aplicada en aquellos que padezcan un intenso sufrimiento f\u00edsico o ps\u00edquico causado por una lesi\u00f3n corporal o enfermedad grave e incurable, sin haber sido diagnosticados en fase terminal.<\/p>\n\n\n\n<p>En el caso de Ecuador, su Tribunal Supremo la despenaliz\u00f3 en 2024 en respuesta a la demanda de una mujer con una enfermedad terminal.<\/p>\n\n\n\n<p>En Uruguay, el objeto de la ley es \u201cregular y garantizar el derecho de las personas a transcurrir dignamente el proceso de morir, en las circunstancias que ellas determinen\u201d, y habilita una muerte \u201cindolora, apacible y respetuosa\u201d a quienes as\u00ed lo deseen, siempre y cuando se cumplan ciertas condiciones.<\/p>\n\n\n\n<p>Los pacientes que opten por el procedimiento deben ser mayores de edad, estar ps\u00edquicamente aptos y cursar \u201cla etapa terminal de una patolog\u00eda incurable e irreversible\u201d, o padecer \u201csufrimientos que resulten insoportables\u201d, a\u00f1ade el texto aprobado.<\/p>\n\n\n\n<p>Asimismo, s\u00f3lo podr\u00e1n acceder a la eutanasia ciudadanos uruguayos o extranjeros que acrediten residencia fehaciente en el pa\u00eds, y los solicitantes deber\u00e1n recibir el aval de al menos dos profesionales de la salud.<\/p>\n\n\n\n<p>El senador Mart\u00edn Lema, del conservador Partido Nacional y opositor al proyecto, enfatiz\u00f3 no estar \u201cdispuesto a entregar ese valor de lo que es la defensa de la vida\u201d, y cuestion\u00f3: \u201cHablamos de salud mental, pero ac\u00e1 no hay ninguna garant\u00eda ni pericia psicol\u00f3gica ni psiqui\u00e1trica para valorar la salud mental de quien est\u00e1 en una situaci\u00f3n delicada y pide la eutanasia\u201d.<\/p>\n\n\n\n<p>Si bien Uruguay cuenta desde 2013 con una reglamentaci\u00f3n que permite que pacientes terminales se opongan a recibir tratamientos m\u00e9dicos que prolonguen su vida, la eutanasia y el suicidio asistido estaban prohibidos y se les consideraba un delito de \u201chomicidio piadoso\u201d, seg\u00fan el C\u00f3digo Penal.<\/p>\n\n\n\n<p>En el mundo, un reducido grupo de pa\u00edses permiten la muerte asistida, entre ellos B\u00e9lgica, Canad\u00e1, Holanda, Espa\u00f1a y algunas partes de Australia y Estados Unidos, entre otros.<\/p>\n\n\n\n<p>En 2022, cuando el Parlamento uruguayo debat\u00eda el proyecto que naufrag\u00f3, un 77% de los uruguayos se mostraron de acuerdo con la ley en determinadas circunstancias, seg\u00fan una encuesta del Portal de An\u00e1lisis Pol\u00edtico, Opini\u00f3n P\u00fablica y Estudios Sociales Factum.<\/p>\n","protected":false},"excerpt":{"rendered":"<p>MONTEVIDEO (AP) \u2014 La C\u00e1mara de Senadores de Uruguay aprob\u00f3 el mi\u00e9rcoles la ley que regula la eutanasia, luego de que Ecuador y Colombia ya autorizaron este procedimiento en Am\u00e9rica&hellip;<\/p>\n","protected":false},"author":10,"featured_media":111982,"comment_status":"open","ping_status":"open","sticky":false,"template":"","format":"standard","meta":{"content-type":"","jetpack_post_was_ever_published":false,"_jetpack_newsletter_access":"","_jetpack_dont_email_post_to_subs":false,"_jetpack_newsletter_tier_id":0,"_jetpack_memberships_contains_paywalled_content":false,"_jetpack_memberships_contains_paid_content":false,"footnotes":""},"categories":[16289],"tags":[408,9560,8271,25998,7568,411,25997],"class_list":["post-111981","post","type-post","status-publish","format-standard","has-post-thumbnail","hentry","category-internacionales","tag-aprueba","tag-cinco-anos","tag-debates","tag-eutanasia","tag-legislativos","tag-ley","tag-senado-de-uruguay"],"jetpack_featured_media_url":"https:\/\/lasprimeras.com.do\/wp-content\/uploads\/2025\/10\/Camara-de-Senadores-de-Uruguay.jpg","jetpack-related-posts":[{"id":85242,"url":"https:\/\/lasprimeras.com.do\/index.php\/2024\/06\/26\/senado-aprueba-la-ley-organica-de-la-camara-de-cuentas-de-la-autoria-de-felix-bautista\/","url_meta":{"origin":111981,"position":0},"title":"Senado aprueba la Ley Org\u00e1nica de la C\u00e1mara de Cuentas de la Autor\u00eda de F\u00e9lix Bautista","author":"Nelson Feliz","date":"26 de junio de 2024","format":false,"excerpt":"LA INICIATIVA FUE APROBADA ACOGIENDO LAS OBSERVACIONES DEL PODER EJECUTIVO. El Senado de la Rep\u00fablica aprob\u00f3 en \u00fanica lectura el Proyecto de Ley Org\u00e1nica de C\u00e1mara de Cuentas de la Autor\u00eda del Senador F\u00e9lix Bautista, acogiendo las observaciones del poder ejecutivo. La pieza aprobada deroga en todas sus partes la\u2026","rel":"","context":"En \u00abNACIONALES\u00bb","block_context":{"text":"NACIONALES","link":"https:\/\/lasprimeras.com.do\/index.php\/category\/nacionales\/"},"img":{"alt_text":"F\u00e9lix Bautista","src":"https:\/\/i0.wp.com\/lasprimeras.com.do\/wp-content\/uploads\/2024\/06\/Felix-Bautista.jpg?resize=350%2C200&ssl=1","width":350,"height":200,"srcset":"https:\/\/i0.wp.com\/lasprimeras.com.do\/wp-content\/uploads\/2024\/06\/Felix-Bautista.jpg?resize=350%2C200&ssl=1 1x, https:\/\/i0.wp.com\/lasprimeras.com.do\/wp-content\/uploads\/2024\/06\/Felix-Bautista.jpg?resize=525%2C300&ssl=1 1.5x, https:\/\/i0.wp.com\/lasprimeras.com.do\/wp-content\/uploads\/2024\/06\/Felix-Bautista.jpg?resize=700%2C400&ssl=1 2x"},"classes":[]},{"id":49424,"url":"https:\/\/lasprimeras.com.do\/index.php\/2023\/05\/11\/camara-de-diputados-aprueba-en-primera-lectura-proyecto-de-ley-del-autismo\/","url_meta":{"origin":111981,"position":1},"title":"C\u00e1mara de Diputados aprueba en primera lectura proyecto de ley del autismo","author":"prenxa100","date":"11 de mayo de 2023","format":false,"excerpt":"SANTO DOMINGO.- La C\u00e1mara de Diputados declar\u00f3 de urgencia y aprob\u00f3 este mi\u00e9rcoles en primera lectura el proyecto de ley de atenci\u00f3n, inclusi\u00f3n y protecci\u00f3n para las personas con Trastorno del Espectro Autista (TEA). La pieza legislativa fue aprobada en dos lecturas consecutivas y a unanimidad por el Senado de\u2026","rel":"","context":"En \u00abNACIONALES\u00bb","block_context":{"text":"NACIONALES","link":"https:\/\/lasprimeras.com.do\/index.php\/category\/nacionales\/"},"img":{"alt_text":"","src":"","width":0,"height":0},"classes":[]},{"id":93864,"url":"https:\/\/lasprimeras.com.do\/index.php\/2025\/02\/21\/presidente-del-senado-apoya-la-modificacion-a-ley-de-residuos-solidos\/","url_meta":{"origin":111981,"position":2},"title":"Presidente del Senado apoya la modificaci\u00f3n a ley de Residuos S\u00f3lidos","author":"Nelson Feliz","date":"21 de febrero de 2025","format":false,"excerpt":"El presidente del Senado de la Rep\u00fablica, Ricardo De Los Santos, dijo que apoya la modificaci\u00f3n a ley General de Gesti\u00f3n Integral y Procedimiento de Residuos S\u00f3lidos en la Rep\u00fablica Dominicana. El senador dijo \u201cEstamos escuchando todos los sectores para la modificaci\u00f3n a la ya debatida ley\u201d, asegur\u00f3 Ricardo De\u2026","rel":"","context":"En \u00abNACIONALES\u00bb","block_context":{"text":"NACIONALES","link":"https:\/\/lasprimeras.com.do\/index.php\/category\/nacionales\/"},"img":{"alt_text":"Ricardo De Los Santos","src":"https:\/\/i0.wp.com\/lasprimeras.com.do\/wp-content\/uploads\/2025\/02\/Ricardo-De-Los-Santos.jpg?resize=350%2C200&ssl=1","width":350,"height":200,"srcset":"https:\/\/i0.wp.com\/lasprimeras.com.do\/wp-content\/uploads\/2025\/02\/Ricardo-De-Los-Santos.jpg?resize=350%2C200&ssl=1 1x, https:\/\/i0.wp.com\/lasprimeras.com.do\/wp-content\/uploads\/2025\/02\/Ricardo-De-Los-Santos.jpg?resize=525%2C300&ssl=1 1.5x, https:\/\/i0.wp.com\/lasprimeras.com.do\/wp-content\/uploads\/2025\/02\/Ricardo-De-Los-Santos.jpg?resize=700%2C400&ssl=1 2x"},"classes":[]},{"id":91889,"url":"https:\/\/lasprimeras.com.do\/index.php\/2024\/12\/05\/senado-aprueba-presupuesto-del-estado-por-16-billones-de-pesos\/","url_meta":{"origin":111981,"position":3},"title":"Senado aprueba Presupuesto del Estado por 1,6 billones de pesos","author":"Nelson Feliz","date":"5 de diciembre de 2024","format":false,"excerpt":"Santo Domingo,(EFE).- El Senado de la Rep\u00fablica aprob\u00f3 este jueves el Proyecto de Ley del Presupuesto General del Estado por un monto de algo m\u00e1s de 1,6 billones de pesos, que pasa al Poder Ejecutivo para su promulgaci\u00f3n. La iniciativa fue aprobada en una sesi\u00f3n extraordinaria, luego de que fuera\u2026","rel":"","context":"En \u00abECONOM\u00cdA\u00bb","block_context":{"text":"ECONOM\u00cdA","link":"https:\/\/lasprimeras.com.do\/index.php\/category\/economia\/"},"img":{"alt_text":"","src":"https:\/\/i0.wp.com\/lasprimeras.com.do\/wp-content\/uploads\/2024\/12\/senado-1.jpeg?resize=350%2C200&ssl=1","width":350,"height":200,"srcset":"https:\/\/i0.wp.com\/lasprimeras.com.do\/wp-content\/uploads\/2024\/12\/senado-1.jpeg?resize=350%2C200&ssl=1 1x, https:\/\/i0.wp.com\/lasprimeras.com.do\/wp-content\/uploads\/2024\/12\/senado-1.jpeg?resize=525%2C300&ssl=1 1.5x, https:\/\/i0.wp.com\/lasprimeras.com.do\/wp-content\/uploads\/2024\/12\/senado-1.jpeg?resize=700%2C400&ssl=1 2x, https:\/\/i0.wp.com\/lasprimeras.com.do\/wp-content\/uploads\/2024\/12\/senado-1.jpeg?resize=1050%2C600&ssl=1 3x, https:\/\/i0.wp.com\/lasprimeras.com.do\/wp-content\/uploads\/2024\/12\/senado-1.jpeg?resize=1400%2C800&ssl=1 4x"},"classes":[]},{"id":85297,"url":"https:\/\/lasprimeras.com.do\/index.php\/2024\/06\/27\/tras-seis-meses-de-obstaculos-milei-busca-aprobacion-de-sus-primeras-leyes-en-camara-de-diputados\/","url_meta":{"origin":111981,"position":4},"title":"Tras seis meses de obst\u00e1culos, Milei busca aprobaci\u00f3n de sus primeras leyes en C\u00e1mara de Diputados","author":"Nelson Feliz","date":"27 de junio de 2024","format":false,"excerpt":"BY ALMUDENA CALATRAVA BUENOS AIRES (AP) \u2014 Luego de seis meses de m\u00faltiples trabas y arduas negociaciones pol\u00edticas, el presidente argentino Javier Milei espera que la C\u00e1mara de Diputados apruebe dos proyectos de reformas econ\u00f3micas, estatales y tributarias que comenz\u00f3 a debatir el jueves y con las que busca asegurarse\u2026","rel":"","context":"En \u00abSin categor\u00eda\u00bb","block_context":{"text":"Sin categor\u00eda","link":"https:\/\/lasprimeras.com.do\/index.php\/category\/sin-categoria\/"},"img":{"alt_text":"","src":"https:\/\/i0.wp.com\/lasprimeras.com.do\/wp-content\/uploads\/2024\/06\/congreso-argenyino.jpg?resize=350%2C200&ssl=1","width":350,"height":200,"srcset":"https:\/\/i0.wp.com\/lasprimeras.com.do\/wp-content\/uploads\/2024\/06\/congreso-argenyino.jpg?resize=350%2C200&ssl=1 1x, https:\/\/i0.wp.com\/lasprimeras.com.do\/wp-content\/uploads\/2024\/06\/congreso-argenyino.jpg?resize=525%2C300&ssl=1 1.5x, https:\/\/i0.wp.com\/lasprimeras.com.do\/wp-content\/uploads\/2024\/06\/congreso-argenyino.jpg?resize=700%2C400&ssl=1 2x"},"classes":[]},{"id":48819,"url":"https:\/\/lasprimeras.com.do\/index.php\/2023\/05\/04\/senado-aprueba-en-dos-lecturas-ley-de-atencion-a-las-personas-con-autismo\/","url_meta":{"origin":111981,"position":5},"title":"Senado aprueba en dos lecturas Ley de Atenci\u00f3n a las Personas con Autismo","author":"prenxa100","date":"4 de mayo de 2023","format":false,"excerpt":"SANTO DOMINGO.-.El Senado de la Rep\u00fablica declar\u00f3 de urgencia y aprob\u00f3 en dos lecturas consecutivas el Proyecto de Ley de Atenci\u00f3n, Inclusi\u00f3n y Protecci\u00f3n para las Personas con Trastorno del Espectro Autista (TEA). La propuesta legislativa, presentada por los senadores Franklin Rodr\u00edguez, Dionis S\u00e1nchez y Ginette Bournigal de Jim\u00e9nez, fue\u2026","rel":"","context":"En \u00abNACIONALES\u00bb","block_context":{"text":"NACIONALES","link":"https:\/\/lasprimeras.com.do\/index.php\/category\/nacionales\/"},"img":{"alt_text":"","src":"","width":0,"height":0},"classes":[]}],"jetpack_sharing_enabled":true,"_links":{"self":[{"href":"https:\/\/lasprimeras.com.do\/index.php\/wp-json\/wp\/v2\/posts\/111981","targetHints":{"allow":["GET"]}}],"collection":[{"href":"https:\/\/lasprimeras.com.do\/index.php\/wp-json\/wp\/v2\/posts"}],"about":[{"href":"https:\/\/lasprimeras.com.do\/index.php\/wp-json\/wp\/v2\/types\/post"}],"author":[{"embeddable":true,"href":"https:\/\/lasprimeras.com.do\/index.php\/wp-json\/wp\/v2\/users\/10"}],"replies":[{"embeddable":true,"href":"https:\/\/lasprimeras.com.do\/index.php\/wp-json\/wp\/v2\/comments?post=111981"}],"version-history":[{"count":1,"href":"https:\/\/lasprimeras.com.do\/index.php\/wp-json\/wp\/v2\/posts\/111981\/revisions"}],"predecessor-version":[{"id":111983,"href":"https:\/\/lasprimeras.com.do\/index.php\/wp-json\/wp\/v2\/posts\/111981\/revisions\/111983"}],"wp:featuredmedia":[{"embeddable":true,"href":"https:\/\/lasprimeras.com.do\/index.php\/wp-json\/wp\/v2\/media\/111982"}],"wp:attachment":[{"href":"https:\/\/lasprimeras.com.do\/index.php\/wp-json\/wp\/v2\/media?parent=111981"}],"wp:term":[{"taxonomy":"category","embeddable":true,"href":"https:\/\/lasprimeras.com.do\/index.php\/wp-json\/wp\/v2\/categories?post=111981"},{"taxonomy":"post_tag","embeddable":true,"href":"https:\/\/lasprimeras.com.do\/index.php\/wp-json\/wp\/v2\/tags?post=111981"}],"curies":[{"name":"wp","href":"https:\/\/api.w.org\/{rel}","templated":true}]}}