{"id":112005,"date":"2025-10-16T11:17:18","date_gmt":"2025-10-16T15:17:18","guid":{"rendered":"https:\/\/lasprimeras.com.do\/?p=112005"},"modified":"2025-10-16T11:17:20","modified_gmt":"2025-10-16T15:17:20","slug":"presenta-novedoso-programa-titulado-rd-destino-academico-en-el-caei-2025","status":"publish","type":"post","link":"https:\/\/lasprimeras.com.do\/index.php\/2025\/10\/16\/presenta-novedoso-programa-titulado-rd-destino-academico-en-el-caei-2025\/","title":{"rendered":"Presenta novedoso programa titulado: RD destino acad\u00e9mico en el CAEI 2025"},"content":{"rendered":"\n<p><strong>Invita desde el Caribe a construir conocimientos con identidad, apertura y prop\u00f3sito com\u00fan.<\/strong><\/p>\n\n\n\n<p>La Rep\u00fablica Dominicana debut\u00f3 con fuerza en el Congreso de las Am\u00e9ricas sobre Educaci\u00f3n Internacional (CAEI 2025), celebrado en Costa Rica, presentando oficialmente el programa \u201cRep\u00fablica Dominicana: Destino Acad\u00e9mico\u201d, una iniciativa que busca posicionar al pa\u00eds como un referente regional en educaci\u00f3n superior, ciencia, cultura e innovaci\u00f3n.<\/p>\n\n\n\n<p>Con una delegaci\u00f3n integrada por 30 representantes del sistema de educaci\u00f3n superior nacional, incluyendo al Ministerio de Educaci\u00f3n Superior, Ciencia y Tecnolog\u00eda (MESCyT), las asociaciones ADRU, AUPRI, ADOU, ARCA, ASIES y ADUCA, as\u00ed como universidades como PUCMM, UNIBE, ITLA, UNPHU, UCE, ISA, UNAPEC, UAPA, UFHEC, UNICARIBE, ITSC, ISFODOSU, INESDYC y UTESA\u2014, el pa\u00eds se present\u00f3 ante la comunidad internacional con una visi\u00f3n unificada y estrat\u00e9gica.<\/p>\n\n\n\n<p>Durante la inauguraci\u00f3n del Stand el embajador doctor Jos\u00e9 Rafael Espaillat, vicepresidente Regional del Caribe de la Organizaci\u00f3n Universitaria Interamericana (OUI), expres\u00f3 que participan en este importante congreso internacional con el prop\u00f3sito de mostrar al mundo la transformaci\u00f3n del sistema de educaci\u00f3n superior dominicano, su madurez institucional y el papel estrat\u00e9gico que desempe\u00f1a en el desarrollo humano, social y econ\u00f3mico de nuestra regi\u00f3n.<\/p>\n\n\n\n<p>Como parte de la agenda oficial, la viceministra de Relaciones Internacionales del MESCyT, Paula Disla, en representaci\u00f3n del ministro Franklin Garc\u00eda Ferm\u00edn, particip\u00f3 en la plenaria de apertura \u201cUn mundo en mutaci\u00f3n: Reformular las prioridades de la ense\u00f1anza superior en las Am\u00e9ricas\u201d.<\/p>\n\n\n\n<p>All\u00ed, present\u00f3 los pilares del programa:&#8221;Rep\u00fablica Dominicana como Destino Acad\u00e9mico&#8221;, lo que representa una visi\u00f3n-pa\u00eds que posiciona a nuestro sistema de educaci\u00f3n superior como un polo de atracci\u00f3n para el talento internacional, la cooperaci\u00f3n cient\u00edfica y la movilidad estudiantil regional.\u201d<\/p>\n\n\n\n<p><strong>Un sistema acad\u00e9mico en expansi\u00f3n<\/strong><\/p>\n\n\n<div class=\"wp-block-image\">\n<figure class=\"alignleft size-large is-resized\"><img decoding=\"async\" width=\"768\" height=\"1024\" src=\"https:\/\/lasprimeras.com.do\/wp-content\/uploads\/2025\/10\/Destino-Academico-en-el-CAEI-2025-1-768x1024.jpg\" alt=\"\" class=\"wp-image-112007\" style=\"width:343px;height:auto\" srcset=\"https:\/\/lasprimeras.com.do\/wp-content\/uploads\/2025\/10\/Destino-Academico-en-el-CAEI-2025-1-768x1024.jpg 768w, https:\/\/lasprimeras.com.do\/wp-content\/uploads\/2025\/10\/Destino-Academico-en-el-CAEI-2025-1-225x300.jpg 225w, https:\/\/lasprimeras.com.do\/wp-content\/uploads\/2025\/10\/Destino-Academico-en-el-CAEI-2025-1.jpg 960w\" sizes=\"(max-width: 768px) 100vw, 768px\" \/><\/figure>\n<\/div>\n\n\n<p>Actualmente, la Rep\u00fablica Dominicana cuenta con 57 instituciones de educaci\u00f3n superior (14 p\u00fablicas y 43 privadas), m\u00e1s de 300 convenios internacionales activos y una poblaci\u00f3n de m\u00e1s de 5,000 estudiantes extranjeros provenientes de 80 pa\u00edses.<\/p>\n\n\n\n<p>Las universidades dominicanas comienzan a escalar posiciones en los principales rankings latinoamericanos, respaldadas por pol\u00edticas de internacionalizaci\u00f3n, aseguramiento de la calidad, acreditaci\u00f3n e innovaci\u00f3n tecnol\u00f3gica impulsadas por el MESCyT.<\/p>\n\n\n\n<p>\u201cRep\u00fablica Dominicana es un aula abierta al mundo, donde convergen lenguas, culturas y saberes para formar profesionales globales.\u201d<\/p>\n\n\n\n<p>El pa\u00eds promueve una oferta acad\u00e9mica alineada con las tendencias globales en educaci\u00f3n, STEAM, transformaci\u00f3n digital y sostenibilidad, articulando la formaci\u00f3n superior con los sectores productivos y los Objetivos de Desarrollo Sostenible (ODS), especialmente el ODS 4 sobre educaci\u00f3n de calidad.<\/p>\n\n\n\n<p><strong>Una invitaci\u00f3n desde el Caribe<\/strong><\/p>\n\n\n\n<p>Frente al contexto geopol\u00edtico actual, la Rep\u00fablica Dominicana reafirm\u00f3 ante el CAEI su compromiso con la integraci\u00f3n regional y la cooperaci\u00f3n internacional:<\/p>\n\n\n\n<p>\u201cEstamos listos para apoyar a nuestra regi\u00f3n en lo m\u00e1s valioso que posee: el talento humano. Listos para producir conocimiento, innovar desde nuestras aulas y responder con soluciones conjuntas a los desaf\u00edos globales. La Rep\u00fablica Dominicana est\u00e1 preparada. Somos, hoy, el nuevo destino acad\u00e9mico de las Am\u00e9ricas.\u201d<\/p>\n\n\n\n<p>En el panel acompa\u00f1aron a la viceministra Disla, destacadas figuras internacionales como Paula Bogantes, ministra de Ciencia, Innovaci\u00f3n, Tecnolog\u00eda y Telecomunicaciones de Costa Rica; Pablo Beltr\u00e1n, presidente del Consejo de Educaci\u00f3n de Ecuador; Fanta Aw, CEO de NAFSA; y Adriana Gaviria, directora ejecutiva del College Board de Estados Unidos.<\/p>\n","protected":false},"excerpt":{"rendered":"<p>Invita desde el Caribe a construir conocimientos con identidad, apertura y prop\u00f3sito com\u00fan. La Rep\u00fablica Dominicana debut\u00f3 con fuerza en el Congreso de las Am\u00e9ricas sobre Educaci\u00f3n Internacional (CAEI 2025),&hellip;<\/p>\n","protected":false},"author":10,"featured_media":112006,"comment_status":"open","ping_status":"open","sticky":false,"template":"","format":"standard","meta":{"content-type":"","jetpack_post_was_ever_published":false,"_jetpack_newsletter_access":"","_jetpack_dont_email_post_to_subs":false,"_jetpack_newsletter_tier_id":0,"_jetpack_memberships_contains_paywalled_content":false,"_jetpack_memberships_contains_paid_content":false,"footnotes":""},"categories":[35],"tags":[26006],"class_list":["post-112005","post","type-post","status-publish","format-standard","has-post-thumbnail","hentry","category-nacionales","tag-rd-destino-academico-en-el-caei-2025"],"jetpack_featured_media_url":"https:\/\/lasprimeras.com.do\/wp-content\/uploads\/2025\/10\/Destino-Academico-en-el-CAEI-2025.jpg","jetpack-related-posts":[{"id":111624,"url":"https:\/\/lasprimeras.com.do\/index.php\/2025\/10\/12\/republica-dominicana-mostrara-su-modelo-de-educacion-superior-integrada-en-el-caei-2025-en-costa-rica\/","url_meta":{"origin":112005,"position":0},"title":"Rep\u00fablica Dominicana mostrar\u00e1 su modelo de educaci\u00f3n superior integrada en el CAEI 2025 en Costa Rica","author":"Nelson Feliz","date":"12 de octubre de 2025","format":false,"excerpt":"La Rep\u00fablica Dominicana participar\u00e1 por primera vez con un stand pa\u00eds en el Congreso de las Am\u00e9ricas sobre Educaci\u00f3n Internacional (CAEI 2025), a celebrarse en Costa Rica bajo el lema \u201cTransformando conocimiento en desarrollo\u201d. El Ministerio de Educaci\u00f3n Superior, Ciencia y Tecnolog\u00eda (MESCyT) encabezar\u00e1 la delegaci\u00f3n nacional, en conjunto con\u2026","rel":"","context":"En \u00abNACIONALES\u00bb","block_context":{"text":"NACIONALES","link":"https:\/\/lasprimeras.com.do\/index.php\/category\/nacionales\/"},"img":{"alt_text":"","src":"https:\/\/i0.wp.com\/lasprimeras.com.do\/wp-content\/uploads\/2025\/10\/fermin.jpg?resize=350%2C200&ssl=1","width":350,"height":200,"srcset":"https:\/\/i0.wp.com\/lasprimeras.com.do\/wp-content\/uploads\/2025\/10\/fermin.jpg?resize=350%2C200&ssl=1 1x, https:\/\/i0.wp.com\/lasprimeras.com.do\/wp-content\/uploads\/2025\/10\/fermin.jpg?resize=525%2C300&ssl=1 1.5x, https:\/\/i0.wp.com\/lasprimeras.com.do\/wp-content\/uploads\/2025\/10\/fermin.jpg?resize=700%2C400&ssl=1 2x"},"classes":[]},{"id":116660,"url":"https:\/\/lasprimeras.com.do\/index.php\/2025\/12\/02\/jad-reconoce-como-agroempresa-del-ano-2025-al-consorcio-azucarero-de-empresas-industriales\/","url_meta":{"origin":112005,"position":1},"title":"JAD reconoce como \u201cAgroempresa del A\u00f1o 2025\u201d al Consorcio Azucarero de Empresas Industriales","author":"Nelson Feliz","date":"2 de diciembre de 2025","format":false,"excerpt":"El consejo de directores de la Junta Agroempresarial Dominicana (JAD) reconoci\u00f3 este martes como \u201cAgroempresa del A\u00f1o 2025\u201d al Consorcio Azucarero de Empresas Industriales (CAEI), en un acto encabezado por la vicepresidenta de la Rep\u00fablica, Raquel Pe\u00f1a. La vicemandataria destac\u00f3 la historia del consorcio y su aporte sostenido a la\u2026","rel":"","context":"En \u00abECONOM\u00cdA\u00bb","block_context":{"text":"ECONOM\u00cdA","link":"https:\/\/lasprimeras.com.do\/index.php\/category\/economia\/"},"img":{"alt_text":"","src":"https:\/\/i0.wp.com\/lasprimeras.com.do\/wp-content\/uploads\/2025\/12\/Raquel-Pena.jpeg?resize=350%2C200&ssl=1","width":350,"height":200,"srcset":"https:\/\/i0.wp.com\/lasprimeras.com.do\/wp-content\/uploads\/2025\/12\/Raquel-Pena.jpeg?resize=350%2C200&ssl=1 1x, https:\/\/i0.wp.com\/lasprimeras.com.do\/wp-content\/uploads\/2025\/12\/Raquel-Pena.jpeg?resize=525%2C300&ssl=1 1.5x, https:\/\/i0.wp.com\/lasprimeras.com.do\/wp-content\/uploads\/2025\/12\/Raquel-Pena.jpeg?resize=700%2C400&ssl=1 2x"},"classes":[]},{"id":103424,"url":"https:\/\/lasprimeras.com.do\/index.php\/2025\/07\/15\/mescyt-impulsa-alianza-global-con-huawei-mas-innovacion-para-las-universidades-dominicanas\/","url_meta":{"origin":112005,"position":2},"title":"MESCyT impulsa alianza global con Huawei: m\u00e1s innovaci\u00f3n para las universidades dominicanas","author":"Nelson Feliz","date":"15 de julio de 2025","format":false,"excerpt":"Educaci\u00f3n dominicana se conecta con Huawei y China para transformar el futuro. RD Afianza alianza con Huawei para llevar la educaci\u00f3n superior al futuro digital. Shenzhen, China \u2013. Una delegaci\u00f3n oficial de alto nivel de la Rep\u00fablica Dominicana, encabezada por el ministro de Educaci\u00f3n Superior, Ciencia y Tecnolog\u00eda (MESCyT), doctor\u2026","rel":"","context":"En \u00abNACIONALES\u00bb","block_context":{"text":"NACIONALES","link":"https:\/\/lasprimeras.com.do\/index.php\/category\/nacionales\/"},"img":{"alt_text":"","src":"https:\/\/i0.wp.com\/lasprimeras.com.do\/wp-content\/uploads\/2025\/07\/MESCyT.jpg?resize=350%2C200&ssl=1","width":350,"height":200,"srcset":"https:\/\/i0.wp.com\/lasprimeras.com.do\/wp-content\/uploads\/2025\/07\/MESCyT.jpg?resize=350%2C200&ssl=1 1x, https:\/\/i0.wp.com\/lasprimeras.com.do\/wp-content\/uploads\/2025\/07\/MESCyT.jpg?resize=525%2C300&ssl=1 1.5x, https:\/\/i0.wp.com\/lasprimeras.com.do\/wp-content\/uploads\/2025\/07\/MESCyT.jpg?resize=700%2C400&ssl=1 2x"},"classes":[]},{"id":129187,"url":"https:\/\/lasprimeras.com.do\/index.php\/2026\/04\/30\/conescyt-aprueba-reforma-educativa-y-nuevas-ofertas-academicas-en-rd\/","url_meta":{"origin":112005,"position":3},"title":"CONESCyT aprueba reforma educativa y nuevas ofertas acad\u00e9micas en RD","author":"Nelson Feliz","date":"30 de abril de 2026","format":false,"excerpt":"El Consejo Nacional de Educaci\u00f3n Superior, Ciencia y Tecnolog\u00eda (CONESCyT) aprob\u00f3 por consenso y unanimidad los trabajos correspondientes a la reforma educativa impulsada por el Gobierno dominicano,durante su primera sesi\u00f3n ordinaria celebrada el 28 de abril de 2026. La actividad fue presidida por el ministro de Educaci\u00f3n Superior, Ciencia y\u2026","rel":"","context":"En \u00abNACIONALES\u00bb","block_context":{"text":"NACIONALES","link":"https:\/\/lasprimeras.com.do\/index.php\/category\/nacionales\/"},"img":{"alt_text":"","src":"https:\/\/i0.wp.com\/lasprimeras.com.do\/wp-content\/uploads\/2026\/04\/IMG-20260430-WA0242-scaled.jpg?resize=350%2C200&ssl=1","width":350,"height":200,"srcset":"https:\/\/i0.wp.com\/lasprimeras.com.do\/wp-content\/uploads\/2026\/04\/IMG-20260430-WA0242-scaled.jpg?resize=350%2C200&ssl=1 1x, https:\/\/i0.wp.com\/lasprimeras.com.do\/wp-content\/uploads\/2026\/04\/IMG-20260430-WA0242-scaled.jpg?resize=525%2C300&ssl=1 1.5x, https:\/\/i0.wp.com\/lasprimeras.com.do\/wp-content\/uploads\/2026\/04\/IMG-20260430-WA0242-scaled.jpg?resize=700%2C400&ssl=1 2x, https:\/\/i0.wp.com\/lasprimeras.com.do\/wp-content\/uploads\/2026\/04\/IMG-20260430-WA0242-scaled.jpg?resize=1050%2C600&ssl=1 3x, https:\/\/i0.wp.com\/lasprimeras.com.do\/wp-content\/uploads\/2026\/04\/IMG-20260430-WA0242-scaled.jpg?resize=1400%2C800&ssl=1 4x"},"classes":[]},{"id":53985,"url":"https:\/\/lasprimeras.com.do\/index.php\/2023\/07\/03\/encargado-de-negocios-de-los-ee-uu-visita-caei-para-aprender-sobre-trabajo-azucarero\/","url_meta":{"origin":112005,"position":4},"title":"Encargado de Negocios de los EE.UU. visita CAEI para aprender sobre trabajo azucarero\u00a0","author":"Nelson Feliz","date":"3 de julio de 2023","format":false,"excerpt":"El funcionario diplom\u00e1tico acept\u00f3 la invitaci\u00f3n de la empresa para conocer la gesti\u00f3n de sus comunidades ca\u00f1eras. El encargado de Negocios de la Embajada de Estados Unidos en el pa\u00eds, Isiah Parnell, agradeci\u00f3 invitaci\u00f3n para visitar el Consorcio Azucarero de Empresas Industriales (CAEI) y as\u00ed aprender m\u00e1s sobre el sector\u2026","rel":"","context":"En \u00abNACIONALES\u00bb","block_context":{"text":"NACIONALES","link":"https:\/\/lasprimeras.com.do\/index.php\/category\/nacionales\/"},"img":{"alt_text":"Benigno Trueba, Isiah Parnell, Alexander Ted Bryan y Frederick Giles","src":"https:\/\/i0.wp.com\/lasprimeras.com.do\/wp-content\/uploads\/2023\/07\/Benigno-TruebaIsiah-Parnell-Alexander-Ted-Bryan-y-Frederick-Giles.jpg?resize=350%2C200&ssl=1","width":350,"height":200,"srcset":"https:\/\/i0.wp.com\/lasprimeras.com.do\/wp-content\/uploads\/2023\/07\/Benigno-TruebaIsiah-Parnell-Alexander-Ted-Bryan-y-Frederick-Giles.jpg?resize=350%2C200&ssl=1 1x, https:\/\/i0.wp.com\/lasprimeras.com.do\/wp-content\/uploads\/2023\/07\/Benigno-TruebaIsiah-Parnell-Alexander-Ted-Bryan-y-Frederick-Giles.jpg?resize=525%2C300&ssl=1 1.5x"},"classes":[]},{"id":104310,"url":"https:\/\/lasprimeras.com.do\/index.php\/2025\/07\/23\/garcia-fermin-rd-y-huawei-exploran-iniciativas-conjuntas-para-transformar-educacion-superior\/","url_meta":{"origin":112005,"position":5},"title":"Garc\u00eda Ferm\u00edn: \u201cRD y Huawei exploran iniciativas conjuntas para transformar educaci\u00f3n superior\u201d","author":"Nelson Feliz","date":"23 de julio de 2025","format":false,"excerpt":"Shangh\u00e1i, China.- El ministro de Educaci\u00f3n Superior, Ciencia y Tecnolog\u00eda, Franklin Garc\u00eda Ferm\u00edn, realiz\u00f3 una visita oficial al campus Huawei Qingpu, en Shangh\u00e1i, como parte de su agenda institucional en la Rep\u00fablica Popular China. Durante el recorrido, la delegaci\u00f3n conoci\u00f3 de cerca las m\u00e1s recientes innovaciones tecnol\u00f3gicas de Huawei en\u2026","rel":"","context":"En \u00abINTERNACIONALES\u00bb","block_context":{"text":"INTERNACIONALES","link":"https:\/\/lasprimeras.com.do\/index.php\/category\/sin-categoria\/internacionales\/"},"img":{"alt_text":"Franklin Garc\u00eda Ferm\u00edn","src":"https:\/\/i0.wp.com\/lasprimeras.com.do\/wp-content\/uploads\/2025\/07\/Franklin-Garcia-Fermin.jpg?resize=350%2C200&ssl=1","width":350,"height":200,"srcset":"https:\/\/i0.wp.com\/lasprimeras.com.do\/wp-content\/uploads\/2025\/07\/Franklin-Garcia-Fermin.jpg?resize=350%2C200&ssl=1 1x, https:\/\/i0.wp.com\/lasprimeras.com.do\/wp-content\/uploads\/2025\/07\/Franklin-Garcia-Fermin.jpg?resize=525%2C300&ssl=1 1.5x, https:\/\/i0.wp.com\/lasprimeras.com.do\/wp-content\/uploads\/2025\/07\/Franklin-Garcia-Fermin.jpg?resize=700%2C400&ssl=1 2x"},"classes":[]}],"jetpack_sharing_enabled":true,"_links":{"self":[{"href":"https:\/\/lasprimeras.com.do\/index.php\/wp-json\/wp\/v2\/posts\/112005","targetHints":{"allow":["GET"]}}],"collection":[{"href":"https:\/\/lasprimeras.com.do\/index.php\/wp-json\/wp\/v2\/posts"}],"about":[{"href":"https:\/\/lasprimeras.com.do\/index.php\/wp-json\/wp\/v2\/types\/post"}],"author":[{"embeddable":true,"href":"https:\/\/lasprimeras.com.do\/index.php\/wp-json\/wp\/v2\/users\/10"}],"replies":[{"embeddable":true,"href":"https:\/\/lasprimeras.com.do\/index.php\/wp-json\/wp\/v2\/comments?post=112005"}],"version-history":[{"count":1,"href":"https:\/\/lasprimeras.com.do\/index.php\/wp-json\/wp\/v2\/posts\/112005\/revisions"}],"predecessor-version":[{"id":112008,"href":"https:\/\/lasprimeras.com.do\/index.php\/wp-json\/wp\/v2\/posts\/112005\/revisions\/112008"}],"wp:featuredmedia":[{"embeddable":true,"href":"https:\/\/lasprimeras.com.do\/index.php\/wp-json\/wp\/v2\/media\/112006"}],"wp:attachment":[{"href":"https:\/\/lasprimeras.com.do\/index.php\/wp-json\/wp\/v2\/media?parent=112005"}],"wp:term":[{"taxonomy":"category","embeddable":true,"href":"https:\/\/lasprimeras.com.do\/index.php\/wp-json\/wp\/v2\/categories?post=112005"},{"taxonomy":"post_tag","embeddable":true,"href":"https:\/\/lasprimeras.com.do\/index.php\/wp-json\/wp\/v2\/tags?post=112005"}],"curies":[{"name":"wp","href":"https:\/\/api.w.org\/{rel}","templated":true}]}}