{"id":112017,"date":"2025-10-16T12:04:03","date_gmt":"2025-10-16T16:04:03","guid":{"rendered":"https:\/\/lasprimeras.com.do\/?p=112017"},"modified":"2025-10-16T12:04:05","modified_gmt":"2025-10-16T16:04:05","slug":"presidente-del-cnd-resalta-estabilidad-y-condiciones-favorables-del-pais","status":"publish","type":"post","link":"https:\/\/lasprimeras.com.do\/index.php\/2025\/10\/16\/presidente-del-cnd-resalta-estabilidad-y-condiciones-favorables-del-pais\/","title":{"rendered":"Presidente del CND resalta estabilidad y condiciones favorables del pa\u00eds"},"content":{"rendered":"\n<p><strong>Ministro de Industria y Comercio dice que en 2024 la inversi\u00f3n extranjera directa alcanz\u00f3 los US$4,523 millones, una cifra r\u00e9cord que se proyecta que podr\u00eda llegar a US$5,000 millones este a\u00f1o.<\/strong><\/p>\n\n\n\n<p>El presidente de la Cervecer\u00eda Nacional Dominicana (CND), Fabi\u00e1n Su\u00e1rez, resalt\u00f3 que la compa\u00f1\u00eda ha ejecutado desde 2021 un plan de inversiones que supera los RD$17,640 millones, impulsado por la estabilidad econ\u00f3mica y las condiciones favorables que ofrece el pa\u00eds para atraer capital extranjero.<\/p>\n\n\n\n<p>\u201cEsa confianza global es un reconocimiento a la estabilidad del pa\u00eds y a sus condiciones para invertir. Pero, m\u00e1s que todo esto, la principal raz\u00f3n por la que en AB InBev invertimos y miramos a la Rep\u00fablica Dominicana como un mercado de referencia en el Caribe y el mundo tiene un nombre y un apellido: el talento dominicano\u201d, afirm\u00f3 Su\u00e1rez durante el acto encabezado por el presidente Luis Abinader para inaugurar el nuevo Hub de Transformaci\u00f3n Log\u00edstica de la Cervecer\u00eda Nacional Dominicana.<\/p>\n\n\n\n<p>Este proyecto forma parte del plan de inversiones 2021\u20132026 de la compa\u00f1\u00eda, que totaliza RD$17,640 millones, de los cuales ya se han ejecutado RD$17,029 millones.<\/p>\n\n\n\n<p>El plan impulsa la ampliaci\u00f3n de la capacidad productiva y de envasado, optimiza la distribuci\u00f3n y desarrolla iniciativas de sostenibilidad, con un prop\u00f3sito com\u00fan: generar oportunidades y fortalecer el desarrollo del pa\u00eds, explic\u00f3 Su\u00e1rez.<\/p>\n\n\n\n<p>En cuanto a su infraestructura, el nuevo centro log\u00edstico ocupa 145,000 metros cuadrados y combina una gran capacidad de almacenamiento con alta eficiencia operativa. Tiene espacio suficiente para almacenar m\u00e1s de 115 millones de cervezas, equivalente a 25 d\u00edas de la demanda nacional.<\/p>\n\n\n\n<p>El nuevo complejo, ubicado en la Circunvalaci\u00f3n de Santo Domingo, represent\u00f3 una inversi\u00f3n superior a RD$2,900 millones y generar\u00e1 m\u00e1s de 500 empleos directos e indirectos, sum\u00e1ndose a los m\u00e1s de 44,000 puestos que aporta la industria cervecera en el pa\u00eds.<\/p>\n\n\n\n<p><strong>Simboliza la confianza y el dinamismo de la econom\u00eda dominicana<\/strong><\/p>\n\n\n\n<p>De su lado, el ministro de Industria, Comercio y Mipymes (MICM), V\u00edctor \u201cIto\u201d Bison\u00f3, afirm\u00f3 que la inauguraci\u00f3n del Hub de Transformaci\u00f3n Log\u00edstica de la CND simboliza la confianza y el dinamismo de la econom\u00eda dominicana, impulsada por la estabilidad y la visi\u00f3n del gobierno del presidente Abinader.<\/p>\n\n\n\n<p>El titular del MICM destac\u00f3 los avances de la empresa, que opera con energ\u00eda 100 % renovable, fabrica sus propias botellas de vidrio y mantiene una cadena de valor completamente integrada en territorio nacional.<\/p>\n\n\n\n<p>Bison\u00f3 se\u00f1al\u00f3 que, el crecimiento de la Cervecer\u00eda refleja el clima de inversi\u00f3n y estabilidad que ofrece la Rep\u00fablica Dominicana, recordando que en 2024 la inversi\u00f3n extranjera directa alcanz\u00f3 los US$4,523 millones, una cifra r\u00e9cord que podr\u00eda llegar a US$5,000 millones este a\u00f1o.<\/p>\n\n\n\n<p>En el acto estuvieron presentes los ministros de Defensa, teniente general Carlos Antonio Fern\u00e1ndez Onofre; de Obras P\u00fablicas, Eduardo Estrella; de Trabajo, Eddy Olivares; sin cartera, Deligne Ascenci\u00f3n; as\u00ed como los senadores de Santo Domingo, Antonio Taveras; de Mar\u00eda Trinidad S\u00e1nchez, Alexis Victoria Yeb; de Saman\u00e1, Pedro Catrain; de La Altagracia, Rafael Duluc; de San Jos\u00e9 de Ocoa, Aneudy Ortiz y de Santiago, Daniel Rivera.<\/p>\n\n\n\n<p>Tambi\u00e9n asistieron el vicepresidente ejecutivo de la Cervecer\u00eda Nacional Dominicana; los directores de PROMIPYME, Fabricio G\u00f3mez Mazara; de ProDominicana, Biviana Riveiro; los alcaldes de Los Alcarrizos, Junior Santos y de Santiago de los Caballeros, Ulises Rodr\u00edguez; el presidente de la Asociaci\u00f3n de Industrias de la Rep\u00fablica Dominicana (AIRD), Julio Virgilio Brache, y el presidente del Consejo Nacional de la Empresa Privada (CONEP), Celso Juan Marranzini.<\/p>\n","protected":false},"excerpt":{"rendered":"<p>Ministro de Industria y Comercio dice que en 2024 la inversi\u00f3n extranjera directa alcanz\u00f3 los US$4,523 millones, una cifra r\u00e9cord que se proyecta que podr\u00eda llegar a US$5,000 millones este&hellip;<\/p>\n","protected":false},"author":10,"featured_media":112018,"comment_status":"open","ping_status":"open","sticky":false,"template":"","format":"standard","meta":{"content-type":"","jetpack_post_was_ever_published":false,"_jetpack_newsletter_access":"","_jetpack_dont_email_post_to_subs":false,"_jetpack_newsletter_tier_id":0,"_jetpack_memberships_contains_paywalled_content":false,"_jetpack_memberships_contains_paid_content":false,"footnotes":""},"categories":[39,25],"tags":[26011,178,2845,26010,1441],"class_list":["post-112017","post","type-post","status-publish","format-standard","has-post-thumbnail","hentry","category-economia","category-portada","tag-cerveceria-nacional-dominicana","tag-condiciones","tag-estabilidad","tag-favorables","tag-inversiones"],"jetpack_featured_media_url":"https:\/\/lasprimeras.com.do\/wp-content\/uploads\/2025\/10\/Luis-Abinader-1-2.jpg","jetpack-related-posts":[{"id":109505,"url":"https:\/\/lasprimeras.com.do\/index.php\/2025\/09\/18\/magin-diaz-rd-vive-un-momento-de-estabilidad-macroeconomica-solida-y-sostenible\/","url_meta":{"origin":112017,"position":0},"title":"Mag\u00edn D\u00edaz: RD vive un momento de estabilidad macroecon\u00f3mica s\u00f3lida y sostenible","author":"Nelson Feliz","date":"18 de septiembre de 2025","format":false,"excerpt":"El ministro de Hacienda y Econom\u00eda resalt\u00f3 el riesgo pa\u00eds que est\u00e1 en m\u00ednimos hist\u00f3ricos, el acceso fluido a financiamiento en los mercados internacionales y un sistema financiero con altos niveles de liquidez y solvencia, indicadores que, seg\u00fan considera, garantizan confianza en la sostenibilidad del crecimiento. El ministro de Hacienda\u2026","rel":"","context":"En \u00abECONOM\u00cdA\u00bb","block_context":{"text":"ECONOM\u00cdA","link":"https:\/\/lasprimeras.com.do\/index.php\/category\/economia\/"},"img":{"alt_text":"","src":"https:\/\/i0.wp.com\/lasprimeras.com.do\/wp-content\/uploads\/2025\/09\/Magin-Diaz-ministro-de-Hacienda-y-Economia.jpg?resize=350%2C200&ssl=1","width":350,"height":200,"srcset":"https:\/\/i0.wp.com\/lasprimeras.com.do\/wp-content\/uploads\/2025\/09\/Magin-Diaz-ministro-de-Hacienda-y-Economia.jpg?resize=350%2C200&ssl=1 1x, https:\/\/i0.wp.com\/lasprimeras.com.do\/wp-content\/uploads\/2025\/09\/Magin-Diaz-ministro-de-Hacienda-y-Economia.jpg?resize=525%2C300&ssl=1 1.5x, https:\/\/i0.wp.com\/lasprimeras.com.do\/wp-content\/uploads\/2025\/09\/Magin-Diaz-ministro-de-Hacienda-y-Economia.jpg?resize=700%2C400&ssl=1 2x"},"classes":[]},{"id":116228,"url":"https:\/\/lasprimeras.com.do\/index.php\/2025\/11\/27\/inversion-extranjera-se-expande-en-republica-dominicana\/","url_meta":{"origin":112017,"position":1},"title":"Inversi\u00f3n extranjera se expande en Rep\u00fablica Dominicana","author":"Nelson Feliz","date":"27 de noviembre de 2025","format":false,"excerpt":"Esta importante inversi\u00f3n extranjera evidencia la confianza de inversionistas en la seguridad jur\u00eddica y salud econ\u00f3mica del pa\u00eds. El presidente Luis Abinader recibi\u00f3 la visita de ejecutivos de Anheuser-Busch InBev, empresa productora de la cerveza Corona, quienes le informaron que la Rep\u00fablica Dominicana ha sido seleccionada como sede para la\u2026","rel":"","context":"En \u00abECONOM\u00cdA\u00bb","block_context":{"text":"ECONOM\u00cdA","link":"https:\/\/lasprimeras.com.do\/index.php\/category\/economia\/"},"img":{"alt_text":"","src":"https:\/\/i0.wp.com\/lasprimeras.com.do\/wp-content\/uploads\/2025\/11\/Luis-Abinader-2-3.jpg?resize=350%2C200&ssl=1","width":350,"height":200,"srcset":"https:\/\/i0.wp.com\/lasprimeras.com.do\/wp-content\/uploads\/2025\/11\/Luis-Abinader-2-3.jpg?resize=350%2C200&ssl=1 1x, https:\/\/i0.wp.com\/lasprimeras.com.do\/wp-content\/uploads\/2025\/11\/Luis-Abinader-2-3.jpg?resize=525%2C300&ssl=1 1.5x, https:\/\/i0.wp.com\/lasprimeras.com.do\/wp-content\/uploads\/2025\/11\/Luis-Abinader-2-3.jpg?resize=700%2C400&ssl=1 2x"},"classes":[]},{"id":121572,"url":"https:\/\/lasprimeras.com.do\/index.php\/2026\/02\/06\/republica-dominicana-registra-el-mayor-nivel-de-inversion-extranjera-de-su-historia\/","url_meta":{"origin":112017,"position":2},"title":"Rep\u00fablica Dominicana registra el mayor nivel de inversi\u00f3n extranjera de su historia","author":"Nelson Feliz","date":"6 de febrero de 2026","format":false,"excerpt":"Logra crecimiento de 97% en atracci\u00f3n de IED durante 5 a\u00f1os La Rep\u00fablica Dominicana consolida su posici\u00f3n como uno de los destinos m\u00e1s atractivos para la inversi\u00f3n extranjera directa (IED) en Am\u00e9rica Latina y el Caribe. Durante los \u00faltimos cinco a\u00f1os, el pa\u00eds ha logrado pr\u00e1cticamente duplicar los flujos de\u2026","rel":"","context":"En \u00abECONOM\u00cdA\u00bb","block_context":{"text":"ECONOM\u00cdA","link":"https:\/\/lasprimeras.com.do\/index.php\/category\/economia\/"},"img":{"alt_text":"","src":"https:\/\/i0.wp.com\/lasprimeras.com.do\/wp-content\/uploads\/2026\/02\/Biviana-Riveiro-Disla-Directora-Ejecutiva-de-ProDominicana-11-de-septembre.jpg?resize=350%2C200&ssl=1","width":350,"height":200,"srcset":"https:\/\/i0.wp.com\/lasprimeras.com.do\/wp-content\/uploads\/2026\/02\/Biviana-Riveiro-Disla-Directora-Ejecutiva-de-ProDominicana-11-de-septembre.jpg?resize=350%2C200&ssl=1 1x, https:\/\/i0.wp.com\/lasprimeras.com.do\/wp-content\/uploads\/2026\/02\/Biviana-Riveiro-Disla-Directora-Ejecutiva-de-ProDominicana-11-de-septembre.jpg?resize=525%2C300&ssl=1 1.5x, https:\/\/i0.wp.com\/lasprimeras.com.do\/wp-content\/uploads\/2026\/02\/Biviana-Riveiro-Disla-Directora-Ejecutiva-de-ProDominicana-11-de-septembre.jpg?resize=700%2C400&ssl=1 2x"},"classes":[]},{"id":49553,"url":"https:\/\/lasprimeras.com.do\/index.php\/2023\/05\/11\/republica-dominicana-registra-mayor-captacion-de-inversion-extranjera-directa-de-toda-su-historia\/","url_meta":{"origin":112017,"position":3},"title":"Rep\u00fablica Dominicana registra mayor captaci\u00f3n de Inversi\u00f3n Extranjera Directa de toda su historia","author":"prenxa100","date":"11 de mayo de 2023","format":false,"excerpt":"ProDominicana es reconocida internacionalmente como una de las mejores agencias de promoci\u00f3n de Latinoam\u00e9rica y Caribe Santo Domingo.-.La directora ejecutiva de ProDominicana, Biviana Riveiro Disla, se\u00f1al\u00f3 que por primera vez la Rep\u00fablica Dominicana alcanza la cifra r\u00e9cord de Inversi\u00f3n Extranjera Directa con un crecimiento interanual de US$813.6 millones (25.5%) durante\u2026","rel":"","context":"En \u00abECONOM\u00cdA\u00bb","block_context":{"text":"ECONOM\u00cdA","link":"https:\/\/lasprimeras.com.do\/index.php\/category\/economia\/"},"img":{"alt_text":"","src":"","width":0,"height":0},"classes":[]},{"id":88730,"url":"https:\/\/lasprimeras.com.do\/index.php\/2024\/09\/04\/abinader-destaca-estabilidad-economica-y-oportunidades-de-inversion-en-rd\/","url_meta":{"origin":112017,"position":4},"title":"Abinader destaca estabilidad econ\u00f3mica y oportunidades de inversi\u00f3n en RD","author":"Nelson Feliz","date":"4 de septiembre de 2024","format":false,"excerpt":"Mandatario habla en NY en conferencia sobre Infraestructuras de Inversi\u00f3n. Nueva York. - El presidente Luis Abinader destac\u00f3 este mi\u00e9rcoles que, durante m\u00e1s de cincuenta a\u00f1os, la econom\u00eda dominicana ha registrado un logro notable en la regi\u00f3n: un crecimiento econ\u00f3mico promedio anual de alrededor del 5%, alcanzando un producto interno\u2026","rel":"","context":"En \u00abECONOM\u00cdA\u00bb","block_context":{"text":"ECONOM\u00cdA","link":"https:\/\/lasprimeras.com.do\/index.php\/category\/economia\/"},"img":{"alt_text":"","src":"https:\/\/i0.wp.com\/lasprimeras.com.do\/wp-content\/uploads\/2024\/09\/LUIS-ABINADER-2.jpg?resize=350%2C200&ssl=1","width":350,"height":200,"srcset":"https:\/\/i0.wp.com\/lasprimeras.com.do\/wp-content\/uploads\/2024\/09\/LUIS-ABINADER-2.jpg?resize=350%2C200&ssl=1 1x, https:\/\/i0.wp.com\/lasprimeras.com.do\/wp-content\/uploads\/2024\/09\/LUIS-ABINADER-2.jpg?resize=525%2C300&ssl=1 1.5x, https:\/\/i0.wp.com\/lasprimeras.com.do\/wp-content\/uploads\/2024\/09\/LUIS-ABINADER-2.jpg?resize=700%2C400&ssl=1 2x"},"classes":[]},{"id":98652,"url":"https:\/\/lasprimeras.com.do\/index.php\/2025\/05\/09\/gobierno-dominicano-y-dp-world-buscan-expandir-zona-franca-y-capacidad-portuaria\/","url_meta":{"origin":112017,"position":5},"title":"Gobierno dominicano y DP World buscan expandir zona franca y capacidad portuaria","author":"Nelson Feliz","date":"9 de mayo de 2025","format":false,"excerpt":"CEO de DP World Dominicana afirma que por su clima pol\u00edtico y sistema financiero de alta estabilidad, la Rep\u00fablica Dominicana es un destino altamente atractivo para que compa\u00f1\u00edas de manufactura y log\u00edstica realicen inversiones en formato nearshoring. El presidente Luis Abinader encabez\u00f3 este viernes la firma del memorando de entendimiento\u2026","rel":"","context":"En \u00abECONOM\u00cdA\u00bb","block_context":{"text":"ECONOM\u00cdA","link":"https:\/\/lasprimeras.com.do\/index.php\/category\/economia\/"},"img":{"alt_text":"","src":"https:\/\/i0.wp.com\/lasprimeras.com.do\/wp-content\/uploads\/2025\/05\/prresi-1.jpg?resize=350%2C200&ssl=1","width":350,"height":200,"srcset":"https:\/\/i0.wp.com\/lasprimeras.com.do\/wp-content\/uploads\/2025\/05\/prresi-1.jpg?resize=350%2C200&ssl=1 1x, https:\/\/i0.wp.com\/lasprimeras.com.do\/wp-content\/uploads\/2025\/05\/prresi-1.jpg?resize=525%2C300&ssl=1 1.5x, https:\/\/i0.wp.com\/lasprimeras.com.do\/wp-content\/uploads\/2025\/05\/prresi-1.jpg?resize=700%2C400&ssl=1 2x"},"classes":[]}],"jetpack_sharing_enabled":true,"_links":{"self":[{"href":"https:\/\/lasprimeras.com.do\/index.php\/wp-json\/wp\/v2\/posts\/112017","targetHints":{"allow":["GET"]}}],"collection":[{"href":"https:\/\/lasprimeras.com.do\/index.php\/wp-json\/wp\/v2\/posts"}],"about":[{"href":"https:\/\/lasprimeras.com.do\/index.php\/wp-json\/wp\/v2\/types\/post"}],"author":[{"embeddable":true,"href":"https:\/\/lasprimeras.com.do\/index.php\/wp-json\/wp\/v2\/users\/10"}],"replies":[{"embeddable":true,"href":"https:\/\/lasprimeras.com.do\/index.php\/wp-json\/wp\/v2\/comments?post=112017"}],"version-history":[{"count":1,"href":"https:\/\/lasprimeras.com.do\/index.php\/wp-json\/wp\/v2\/posts\/112017\/revisions"}],"predecessor-version":[{"id":112019,"href":"https:\/\/lasprimeras.com.do\/index.php\/wp-json\/wp\/v2\/posts\/112017\/revisions\/112019"}],"wp:featuredmedia":[{"embeddable":true,"href":"https:\/\/lasprimeras.com.do\/index.php\/wp-json\/wp\/v2\/media\/112018"}],"wp:attachment":[{"href":"https:\/\/lasprimeras.com.do\/index.php\/wp-json\/wp\/v2\/media?parent=112017"}],"wp:term":[{"taxonomy":"category","embeddable":true,"href":"https:\/\/lasprimeras.com.do\/index.php\/wp-json\/wp\/v2\/categories?post=112017"},{"taxonomy":"post_tag","embeddable":true,"href":"https:\/\/lasprimeras.com.do\/index.php\/wp-json\/wp\/v2\/tags?post=112017"}],"curies":[{"name":"wp","href":"https:\/\/api.w.org\/{rel}","templated":true}]}}