{"id":112020,"date":"2025-10-15T12:08:12","date_gmt":"2025-10-15T16:08:12","guid":{"rendered":"https:\/\/lasprimeras.com.do\/?p=112020"},"modified":"2025-10-16T12:14:28","modified_gmt":"2025-10-16T16:14:28","slug":"omar-fernandez-exige-cumplir-la-ley-y-liberar-de-impuestos-salarios-de-hasta-rd52000","status":"publish","type":"post","link":"https:\/\/lasprimeras.com.do\/index.php\/2025\/10\/15\/omar-fernandez-exige-cumplir-la-ley-y-liberar-de-impuestos-salarios-de-hasta-rd52000\/","title":{"rendered":"Omar Fern\u00e1ndez exige cumplir la ley y liberar de impuestos salarios de hasta RD$52,000"},"content":{"rendered":"\n<p><strong>&#8220;Establece no indexar salarios reduce calidad de vida de 300,000 trabajadores&#8221;<\/strong><\/p>\n\n\n\n<p>El senador por el Distrito Nacional, Omar Fern\u00e1ndez, requiri\u00f3 que se libere de impuestos los salarios hasta los RD$52,000 tal como establece el c\u00f3digo tributario.<\/p>\n\n\n\n<p>Fern\u00e1ndez advirti\u00f3 que el Proyecto de Presupuesto General del Estado para el a\u00f1o 2026, presentado por el Gobierno y actualmente en conocimiento del Congreso Nacional vuelve a dejar sin efecto, por sexto a\u00f1o consecutivo, la indexaci\u00f3n del salario exento del impuesto sobre la renta que se sit\u00faa desde entonces hasta RD$34,685.<\/p>\n\n\n\n<p>Advierte la econom\u00eda de m\u00e1s de 300,000 trabajadores dominicanos se ven afectados por la p\u00e9rdida de poder adquisitivo.<\/p>\n\n\n\n<p>\u201cEstamos hablando de una diferencia de RD$17,244 que se le saca directamente del bolsillo a los dominicanos que m\u00e1s lo necesitan.\u201d, denunci\u00f3 el legislador.<\/p>\n\n\n\n<p>\u201cEl costo promedio de la canasta b\u00e1sica se sit\u00faa en RD$46,716 pesos, por lo que, con esta medida, el Gobierno le arrebata una canasta b\u00e1sica al a\u00f1o a cada trabajador dentro de este rango salarial\u201d, afirm\u00f3.<\/p>\n\n\n\n<p>Finalmente, el congresista inst\u00f3 al Ejecutivo a cumplir la ley y descongelar la escala salarial exenta del Impuesto sobre la Renta, adecu\u00e1ndola al nivel que corresponde seg\u00fan la inflaci\u00f3n acumulada.<\/p>\n\n\n\n<p>\u201cLo que propongo es muy simple: que el Gobierno cumpla la ley. Que d\u00e9 un respiro a las familias dominicanas que hoy enfrentan el costo de la vida con cada vez menos ingresos reales\u201d, concluy\u00f3 Fern\u00e1ndez.<\/p>\n\n\n\n<figure class=\"wp-block-video\"><video height=\"480\" style=\"aspect-ratio: 848 \/ 480;\" width=\"848\" controls src=\"https:\/\/lasprimeras.com.do\/wp-content\/uploads\/2025\/10\/WhatsApp-Video-2025-10-15-at-9.22.17-PM.mp4\"><\/video><\/figure>\n","protected":false},"excerpt":{"rendered":"<p>&#8220;Establece no indexar salarios reduce calidad de vida de 300,000 trabajadores&#8221; El senador por el Distrito Nacional, Omar Fern\u00e1ndez, requiri\u00f3 que se libere de impuestos los salarios hasta los RD$52,000&hellip;<\/p>\n","protected":false},"author":10,"featured_media":112021,"comment_status":"open","ping_status":"open","sticky":false,"template":"","format":"standard","meta":{"content-type":"","jetpack_post_was_ever_published":false,"_jetpack_newsletter_access":"","_jetpack_dont_email_post_to_subs":false,"_jetpack_newsletter_tier_id":0,"_jetpack_memberships_contains_paywalled_content":false,"_jetpack_memberships_contains_paid_content":false,"footnotes":""},"categories":[39,25],"tags":[2502,411,14148,81,9004],"class_list":["post-112020","post","type-post","status-publish","format-standard","has-post-thumbnail","hentry","category-economia","category-portada","tag-impuestos","tag-ley","tag-liberar","tag-omar-fernandez","tag-salarios"],"jetpack_featured_media_url":"https:\/\/lasprimeras.com.do\/wp-content\/uploads\/2025\/10\/Omar-Fernandez.jpg","jetpack-related-posts":[{"id":113577,"url":"https:\/\/lasprimeras.com.do\/index.php\/2025\/11\/04\/omar-fernandez-somete-resolucion-que-solicita-al-presidente-instruir-la-indexacion-de-impuesto-a-salarios-de-720000-trabajadores\/","url_meta":{"origin":112020,"position":0},"title":"Omar Fern\u00e1ndez somete resoluci\u00f3n que solicita al Presidente instruir la indexaci\u00f3n de impuesto a salarios de 720,000 trabajadores","author":"Nelson Feliz","date":"4 de noviembre de 2025","format":false,"excerpt":"By aplatanaonews El senador por el Distrito Nacional, Omar Fern\u00e1ndez, deposit\u00f3 este lunes un proyecto de resoluci\u00f3n mediante el cual solicita al Presidente de la Rep\u00fablica instruir a la Direcci\u00f3n General de Impuestos Internos (DGII), disponer la indexaci\u00f3n del Impuesto Sobre la Renta (ISR) para los ingresos de hasta RD$52,000\u2026","rel":"","context":"En \u00abECONOM\u00cdA\u00bb","block_context":{"text":"ECONOM\u00cdA","link":"https:\/\/lasprimeras.com.do\/index.php\/category\/economia\/"},"img":{"alt_text":"Omar Fern\u00e1ndez","src":"https:\/\/i0.wp.com\/lasprimeras.com.do\/wp-content\/uploads\/2024\/06\/Omar-Fernandez.jpg?resize=350%2C200&ssl=1","width":350,"height":200,"srcset":"https:\/\/i0.wp.com\/lasprimeras.com.do\/wp-content\/uploads\/2024\/06\/Omar-Fernandez.jpg?resize=350%2C200&ssl=1 1x, https:\/\/i0.wp.com\/lasprimeras.com.do\/wp-content\/uploads\/2024\/06\/Omar-Fernandez.jpg?resize=525%2C300&ssl=1 1.5x, https:\/\/i0.wp.com\/lasprimeras.com.do\/wp-content\/uploads\/2024\/06\/Omar-Fernandez.jpg?resize=700%2C400&ssl=1 2x, https:\/\/i0.wp.com\/lasprimeras.com.do\/wp-content\/uploads\/2024\/06\/Omar-Fernandez.jpg?resize=1050%2C600&ssl=1 3x"},"classes":[]},{"id":113637,"url":"https:\/\/lasprimeras.com.do\/index.php\/2025\/11\/04\/sindicalistas-apoyan-indexacion-salarial-y-piden-al-gobierno-cumplir-con-el-codigo-tributario\/","url_meta":{"origin":112020,"position":1},"title":"Sindicalistas apoyan indexaci\u00f3n salarial y piden al Gobierno cumplir con el C\u00f3digo Tributario","author":"Nelson Feliz","date":"4 de noviembre de 2025","format":false,"excerpt":"El tema volvi\u00f3 al debate luego de que el senador del Distrito Nacional, Omar Fern\u00e1ndez, exigiera al Gobierno liberar de impuestos los salarios hasta RD$52,000 mensuales. Dirigentes sindicales del pa\u00eds expresaron este martes su respaldo a la aplicaci\u00f3n de la indexaci\u00f3n salarial, un mecanismo que ajusta los tramos del Impuesto\u2026","rel":"","context":"En \u00abECONOM\u00cdA\u00bb","block_context":{"text":"ECONOM\u00cdA","link":"https:\/\/lasprimeras.com.do\/index.php\/category\/economia\/"},"img":{"alt_text":"","src":"https:\/\/i0.wp.com\/lasprimeras.com.do\/wp-content\/uploads\/2025\/11\/dinero-peso-dominicano.jpeg?resize=350%2C200&ssl=1","width":350,"height":200,"srcset":"https:\/\/i0.wp.com\/lasprimeras.com.do\/wp-content\/uploads\/2025\/11\/dinero-peso-dominicano.jpeg?resize=350%2C200&ssl=1 1x, https:\/\/i0.wp.com\/lasprimeras.com.do\/wp-content\/uploads\/2025\/11\/dinero-peso-dominicano.jpeg?resize=525%2C300&ssl=1 1.5x, https:\/\/i0.wp.com\/lasprimeras.com.do\/wp-content\/uploads\/2025\/11\/dinero-peso-dominicano.jpeg?resize=700%2C400&ssl=1 2x, https:\/\/i0.wp.com\/lasprimeras.com.do\/wp-content\/uploads\/2025\/11\/dinero-peso-dominicano.jpeg?resize=1050%2C600&ssl=1 3x"},"classes":[]},{"id":114172,"url":"https:\/\/lasprimeras.com.do\/index.php\/2025\/11\/11\/obispos-respaldan-propuesta-de-omar-fernandez-para-reducir-impuestos-a-salarios-de-720-mil-trabajadores\/","url_meta":{"origin":112020,"position":2},"title":"Obispos respaldan propuesta de Omar Fern\u00e1ndez para reducir impuestos a salarios de 720 mil trabajadores","author":"Nelson Feliz","date":"11 de noviembre de 2025","format":false,"excerpt":"Respaldan di\u00e1logo para buscar salida a indexaci\u00f3n de impuestos a salarios. Varios obispos de la Iglesia cat\u00f3lica expresaron, su respaldo a la iniciativa presentada por el senador del Distrito Nacional, Omar Fern\u00e1ndez, para que se liberen del impuesto sobre la renta aquellos salarios inferiores a 52,000 pesos mensuales, modificando el\u2026","rel":"","context":"En \u00abECONOM\u00cdA\u00bb","block_context":{"text":"ECONOM\u00cdA","link":"https:\/\/lasprimeras.com.do\/index.php\/category\/economia\/"},"img":{"alt_text":"","src":"https:\/\/i0.wp.com\/lasprimeras.com.do\/wp-content\/uploads\/2025\/11\/Omar-Fernandez.jpg?resize=350%2C200&ssl=1","width":350,"height":200},"classes":[]},{"id":116128,"url":"https:\/\/lasprimeras.com.do\/index.php\/2025\/11\/27\/omar-fernandez-advierte-danos-a-la-economia-familiar-por-falta-de-indexacion\/","url_meta":{"origin":112020,"position":3},"title":"Omar Fern\u00e1ndez advierte da\u00f1os a la econom\u00eda familiar por falta de indexaci\u00f3n","author":"Nelson Feliz","date":"27 de noviembre de 2025","format":false,"excerpt":"El senador por el Distrito Nacional, Omar Fern\u00e1ndez, afirm\u00f3 que la ausencia de indexaci\u00f3n del salario libre de impuesto, da\u00f1a la econom\u00eda familiar de los dominicanos. El legislador explica que al negarse durante a\u00f1os a aplicar la indexaci\u00f3n del impuesto sobre la renta, obligaci\u00f3n establecida en el C\u00f3digo Tributario, en\u2026","rel":"","context":"En \u00abPOLITICA\u00bb","block_context":{"text":"POLITICA","link":"https:\/\/lasprimeras.com.do\/index.php\/category\/politica\/"},"img":{"alt_text":"","src":"https:\/\/i0.wp.com\/lasprimeras.com.do\/wp-content\/uploads\/2025\/11\/Omar-Fernandez-1.jpg?resize=350%2C200&ssl=1","width":350,"height":200,"srcset":"https:\/\/i0.wp.com\/lasprimeras.com.do\/wp-content\/uploads\/2025\/11\/Omar-Fernandez-1.jpg?resize=350%2C200&ssl=1 1x, https:\/\/i0.wp.com\/lasprimeras.com.do\/wp-content\/uploads\/2025\/11\/Omar-Fernandez-1.jpg?resize=525%2C300&ssl=1 1.5x, https:\/\/i0.wp.com\/lasprimeras.com.do\/wp-content\/uploads\/2025\/11\/Omar-Fernandez-1.jpg?resize=700%2C400&ssl=1 2x"},"classes":[]},{"id":113896,"url":"https:\/\/lasprimeras.com.do\/index.php\/2025\/11\/06\/ny-vocero-fp-insta-a-precandidatos-prm-a-no-buscar-sonido-con-omar-fernandez\/","url_meta":{"origin":112020,"position":4},"title":"NY: Vocero FP insta a precandidatos PRM a no &#8220;buscar sonido\u201d con Omar Fern\u00e1ndez","author":"Nelson Feliz","date":"6 de noviembre de 2025","format":false,"excerpt":"NUEVA YORK.- \u00a0El vocero del partido Fuerza del Pueblo (FP) en Nueva York,\u00a0Odell Suero, respaldo la iniciativa del senador por el Distrito Nacional, Omar Fern\u00e1ndez, que busca indexar los salarios conforme a la inflaci\u00f3n. Indic\u00f3 que la situaci\u00f3n econ\u00f3mica por la que atraviesan los trabajadores limita el desarrollo humano, por\u2026","rel":"","context":"En \u00abPOLITICA\u00bb","block_context":{"text":"POLITICA","link":"https:\/\/lasprimeras.com.do\/index.php\/category\/politica\/"},"img":{"alt_text":"","src":"","width":0,"height":0},"classes":[]},{"id":125656,"url":"https:\/\/lasprimeras.com.do\/index.php\/2026\/03\/25\/ante-conflicto-en-iran-omar-fernandez-reitera-indexacion-salarial-aliviaria-economia-familiar\/","url_meta":{"origin":112020,"position":5},"title":"Ante conflicto en Ir\u00e1n, Omar Fern\u00e1ndez reitera indexaci\u00f3n salarial aliviar\u00eda econom\u00eda familiar","author":"Nelson Feliz","date":"25 de marzo de 2026","format":false,"excerpt":"El senador por el Distrito Nacional, Omar Fern\u00e1ndez, manifest\u00f3 que el Gobierno debe asumir parte del sacrificio y no trasladar toda la carga a la poblaci\u00f3n, ante la incertidumbre y el aumento del costo de la vida derivados del conflicto en Medio Oriente. El legislador sostuvo que, si bien se\u2026","rel":"","context":"En \u00abPOLITICA\u00bb","block_context":{"text":"POLITICA","link":"https:\/\/lasprimeras.com.do\/index.php\/category\/politica\/"},"img":{"alt_text":"Omar Fern\u00e1ndez","src":"https:\/\/i0.wp.com\/lasprimeras.com.do\/wp-content\/uploads\/2025\/10\/Omar-Fernandez.jpg?resize=350%2C200&ssl=1","width":350,"height":200,"srcset":"https:\/\/i0.wp.com\/lasprimeras.com.do\/wp-content\/uploads\/2025\/10\/Omar-Fernandez.jpg?resize=350%2C200&ssl=1 1x, https:\/\/i0.wp.com\/lasprimeras.com.do\/wp-content\/uploads\/2025\/10\/Omar-Fernandez.jpg?resize=525%2C300&ssl=1 1.5x, https:\/\/i0.wp.com\/lasprimeras.com.do\/wp-content\/uploads\/2025\/10\/Omar-Fernandez.jpg?resize=700%2C400&ssl=1 2x, https:\/\/i0.wp.com\/lasprimeras.com.do\/wp-content\/uploads\/2025\/10\/Omar-Fernandez.jpg?resize=1050%2C600&ssl=1 3x, https:\/\/i0.wp.com\/lasprimeras.com.do\/wp-content\/uploads\/2025\/10\/Omar-Fernandez.jpg?resize=1400%2C800&ssl=1 4x"},"classes":[]}],"jetpack_sharing_enabled":true,"_links":{"self":[{"href":"https:\/\/lasprimeras.com.do\/index.php\/wp-json\/wp\/v2\/posts\/112020","targetHints":{"allow":["GET"]}}],"collection":[{"href":"https:\/\/lasprimeras.com.do\/index.php\/wp-json\/wp\/v2\/posts"}],"about":[{"href":"https:\/\/lasprimeras.com.do\/index.php\/wp-json\/wp\/v2\/types\/post"}],"author":[{"embeddable":true,"href":"https:\/\/lasprimeras.com.do\/index.php\/wp-json\/wp\/v2\/users\/10"}],"replies":[{"embeddable":true,"href":"https:\/\/lasprimeras.com.do\/index.php\/wp-json\/wp\/v2\/comments?post=112020"}],"version-history":[{"count":2,"href":"https:\/\/lasprimeras.com.do\/index.php\/wp-json\/wp\/v2\/posts\/112020\/revisions"}],"predecessor-version":[{"id":112025,"href":"https:\/\/lasprimeras.com.do\/index.php\/wp-json\/wp\/v2\/posts\/112020\/revisions\/112025"}],"wp:featuredmedia":[{"embeddable":true,"href":"https:\/\/lasprimeras.com.do\/index.php\/wp-json\/wp\/v2\/media\/112021"}],"wp:attachment":[{"href":"https:\/\/lasprimeras.com.do\/index.php\/wp-json\/wp\/v2\/media?parent=112020"}],"wp:term":[{"taxonomy":"category","embeddable":true,"href":"https:\/\/lasprimeras.com.do\/index.php\/wp-json\/wp\/v2\/categories?post=112020"},{"taxonomy":"post_tag","embeddable":true,"href":"https:\/\/lasprimeras.com.do\/index.php\/wp-json\/wp\/v2\/tags?post=112020"}],"curies":[{"name":"wp","href":"https:\/\/api.w.org\/{rel}","templated":true}]}}