{"id":112026,"date":"2025-10-16T12:23:44","date_gmt":"2025-10-16T16:23:44","guid":{"rendered":"https:\/\/lasprimeras.com.do\/?p=112026"},"modified":"2025-10-16T12:23:45","modified_gmt":"2025-10-16T16:23:45","slug":"hoy-inicia-grandes-en-los-deportes-desde-el-play-por-vtv-canal-32-y-panorama-fm-96-9","status":"publish","type":"post","link":"https:\/\/lasprimeras.com.do\/index.php\/2025\/10\/16\/hoy-inicia-grandes-en-los-deportes-desde-el-play-por-vtv-canal-32-y-panorama-fm-96-9\/","title":{"rendered":"Hoy inicia Grandes en los Deportes desde el Play por VTV Canal 32 y Panorama FM 96.9"},"content":{"rendered":"\n<p>El Grupo de Medios Panorama anunci\u00f3 hoy el inicio del programa \u00abGrandes en los Deportes desde el Play\u00bb en horario de 11 a 12 de la medianoche por el canal VTV 32 y por Panorama FM 96.9.<\/p>\n\n\n\n<p>Una producci\u00f3n de Enrique Rojas y Dionisio Soldevila, Grandes en los Deportes desde el Play, un ap\u00e9ndice del programa radial l\u00edder de los \u00faltimos 14 a\u00f1os, Grandes en los Deportes, que se transmite de 12 a 2 p.m. por Panorama FM 96.9, traer\u00e1 toda la informaci\u00f3n del d\u00eda del torneo de b\u00e9isbol invernal de la Rep\u00fablica Dominicana, con entrevistas desde los diferentes estadios de pelota dominicana, as\u00ed como resultados e incidencias de la mejor liga del mundo.<\/p>\n\n\n\n<p>Contar\u00e1 con los talentos de Armando Soldevila, C\u00e9sar Marchena, desde la capital; Luis Tom\u00e1s Rae en el Cibao, Manny del Rosario desde el Este, adem\u00e1s de Manuel D\u00edaz y Juanfrank Kranwinkell, con una transmisi\u00f3n de lunes a viernes de 11 a 12 de la media noche y de 9 a 10 p.m. los s\u00e1bados y domingo.<\/p>\n\n\n\n<p>\u00abEl b\u00e9isbol invernal es el pasatiempo de los dominicanos y en el Grupo Panorama nos sentimos muy motivados con este proyecto que llevar\u00e1 las principales incidencias de la pelota dominicana a la fanaticada\u201d, dijo Miguel Medina, CEO del Grupo Panorama.<\/p>\n\n\n\n<p>Rojas y Soldevila, por su lado, agradecieron la confianza del Grupo Panorama para la producci\u00f3n de Grandes en los Deportes desde el Play.<\/p>\n","protected":false},"excerpt":{"rendered":"<p>El Grupo de Medios Panorama anunci\u00f3 hoy el inicio del programa \u00abGrandes en los Deportes desde el Play\u00bb en horario de 11 a 12 de la medianoche por el canal&hellip;<\/p>\n","protected":false},"author":10,"featured_media":112027,"comment_status":"open","ping_status":"open","sticky":false,"template":"","format":"standard","meta":{"content-type":"","jetpack_post_was_ever_published":false,"_jetpack_newsletter_access":"","_jetpack_dont_email_post_to_subs":false,"_jetpack_newsletter_tier_id":0,"_jetpack_memberships_contains_paywalled_content":false,"_jetpack_memberships_contains_paid_content":false,"footnotes":""},"categories":[630],"tags":[26012,16470,614],"class_list":["post-112026","post","type-post","status-publish","format-standard","has-post-thumbnail","hentry","category-deportes","tag-grandes-en-los-deportes-desde-el-play","tag-panorama-fm-96-9","tag-vtv-canal-32"],"jetpack_featured_media_url":"https:\/\/lasprimeras.com.do\/wp-content\/uploads\/2025\/10\/Grandes-en-los-Deportes-desde-el-Play.jpg","jetpack-related-posts":[{"id":91460,"url":"https:\/\/lasprimeras.com.do\/index.php\/2024\/11\/24\/grupo-de-medios-panorama-y-sd-media-relanzan-emisora-radial-panorama-fm-96-9\/","url_meta":{"origin":112026,"position":0},"title":"Grupo de Medios Panorama y SD Media relanzan emisora radial Panorama FM 96.9","author":"Nelson Feliz","date":"24 de noviembre de 2024","format":false,"excerpt":"En una alianza estrat\u00e9gica con SD Media, Grupo de Medios Panorama relanz\u00f3 la emisora radial Panorama FM 96.9, bajo el slogan \u201cLa emisora donde habla la gente\u201d. Panorama FM 96.9 ofrecer\u00e1 contenido en vivo desde las 5:00 de la ma\u00f1ana hasta las 8:00 de la noche con el prop\u00f3sito de\u2026","rel":"","context":"En \u00abENTRETENIMIENTO\u00bb","block_context":{"text":"ENTRETENIMIENTO","link":"https:\/\/lasprimeras.com.do\/index.php\/category\/entretenimiento\/"},"img":{"alt_text":"","src":"https:\/\/i0.wp.com\/lasprimeras.com.do\/wp-content\/uploads\/2024\/11\/panorama.jpg?resize=350%2C200&ssl=1","width":350,"height":200,"srcset":"https:\/\/i0.wp.com\/lasprimeras.com.do\/wp-content\/uploads\/2024\/11\/panorama.jpg?resize=350%2C200&ssl=1 1x, https:\/\/i0.wp.com\/lasprimeras.com.do\/wp-content\/uploads\/2024\/11\/panorama.jpg?resize=525%2C300&ssl=1 1.5x"},"classes":[]},{"id":93158,"url":"https:\/\/lasprimeras.com.do\/index.php\/2025\/01\/26\/grupo-de-medios-panorama-da-inicio-a-su-transmision-especial-desde-puerto-rico\/","url_meta":{"origin":112026,"position":1},"title":"Grupo de Medios Panorama da inicio a su transmisi\u00f3n especial desde Puerto Rico","author":"Nelson Feliz","date":"26 de enero de 2025","format":false,"excerpt":"El Grupo de Medios Panorama se encuentra en Puerto Rico, desde hoy domingo y hasta los d\u00edas 27, 28 y 29 de este mes para realizar una transmisi\u00f3n especial de la mano de sus redes de medios de comunicaci\u00f3n VTV, canal 32, Panorama 96.9 FM y el peri\u00f3dico Panorama. Durante\u2026","rel":"","context":"En \u00abENTRETENIMIENTO\u00bb","block_context":{"text":"ENTRETENIMIENTO","link":"https:\/\/lasprimeras.com.do\/index.php\/category\/entretenimiento\/"},"img":{"alt_text":"","src":"https:\/\/i0.wp.com\/lasprimeras.com.do\/wp-content\/uploads\/2025\/01\/grupo-medios-panorama.jpg?resize=350%2C200&ssl=1","width":350,"height":200,"srcset":"https:\/\/i0.wp.com\/lasprimeras.com.do\/wp-content\/uploads\/2025\/01\/grupo-medios-panorama.jpg?resize=350%2C200&ssl=1 1x, https:\/\/i0.wp.com\/lasprimeras.com.do\/wp-content\/uploads\/2025\/01\/grupo-medios-panorama.jpg?resize=525%2C300&ssl=1 1.5x, https:\/\/i0.wp.com\/lasprimeras.com.do\/wp-content\/uploads\/2025\/01\/grupo-medios-panorama.jpg?resize=700%2C400&ssl=1 2x"},"classes":[]},{"id":123144,"url":"https:\/\/lasprimeras.com.do\/index.php\/2026\/02\/26\/grupo-de-medios-panorama-transmitira-la-serie-entre-la-seleccion-dominicana-y-los-tigres-de-detroit\/","url_meta":{"origin":112026,"position":2},"title":"Grupo de Medios Panorama transmitir\u00e1 la serie entre la Selecci\u00f3n Dominicana y los Tigres de Detroit","author":"Nelson Feliz","date":"26 de febrero de 2026","format":false,"excerpt":"Los medios oficiales ser\u00e1n VTV Canal 32, Teleantillas Canal 10, Coral Canal 39, Panorama FM 96.9, Expreso 89.1 FM y Ban\u00ed FM 97.5 El Grupo de Medios Panorama anunci\u00f3 que, como propietaria de los derechos exclusivos de transmisi\u00f3n para televisi\u00f3n abierta en territorio dominicano, llevar\u00e1 al p\u00fablico, junto a otros\u2026","rel":"","context":"En \u00abDEPORTES\u00bb","block_context":{"text":"DEPORTES","link":"https:\/\/lasprimeras.com.do\/index.php\/category\/deportes\/"},"img":{"alt_text":"","src":"https:\/\/i0.wp.com\/lasprimeras.com.do\/wp-content\/uploads\/2026\/02\/IMG-20260226-WA0189.jpg?resize=350%2C200&ssl=1","width":350,"height":200,"srcset":"https:\/\/i0.wp.com\/lasprimeras.com.do\/wp-content\/uploads\/2026\/02\/IMG-20260226-WA0189.jpg?resize=350%2C200&ssl=1 1x, https:\/\/i0.wp.com\/lasprimeras.com.do\/wp-content\/uploads\/2026\/02\/IMG-20260226-WA0189.jpg?resize=525%2C300&ssl=1 1.5x, https:\/\/i0.wp.com\/lasprimeras.com.do\/wp-content\/uploads\/2026\/02\/IMG-20260226-WA0189.jpg?resize=700%2C400&ssl=1 2x"},"classes":[]},{"id":110096,"url":"https:\/\/lasprimeras.com.do\/index.php\/2025\/09\/25\/alcalde-de-lawrence-brian-de-pena-entrega-reconocimiento-a-grupo-de-medios-panorama\/","url_meta":{"origin":112026,"position":3},"title":"Alcalde de Lawrence Brian de Pe\u00f1a, entrega reconocimiento a Grupo de Medios Panorama","author":"Nelson Feliz","date":"25 de septiembre de 2025","format":false,"excerpt":"Lawrence, Massachusetts.\u2013 El alcalde de esta ciudad, Bryan De Pe\u00f1a, entreg\u00f3 reconocimientos especiales al Grupo de Medios Panorama, al doctor Ricardo Nieves y a los integrantes del programa Panorama de la Ma\u00f1ana: Elvin Castillo, Alfredo de la Cruz, Dannira Caminero, Kimberly Taveras y Nilda Analiz, por la transmisi\u00f3n especial realizada\u2026","rel":"","context":"En \u00abINTERNACIONALES\u00bb","block_context":{"text":"INTERNACIONALES","link":"https:\/\/lasprimeras.com.do\/index.php\/category\/sin-categoria\/internacionales\/"},"img":{"alt_text":"","src":"https:\/\/i0.wp.com\/lasprimeras.com.do\/wp-content\/uploads\/2025\/09\/Reconocimiento-a-Grupo-de-Medios-Panorama.jpg?resize=350%2C200&ssl=1","width":350,"height":200,"srcset":"https:\/\/i0.wp.com\/lasprimeras.com.do\/wp-content\/uploads\/2025\/09\/Reconocimiento-a-Grupo-de-Medios-Panorama.jpg?resize=350%2C200&ssl=1 1x, https:\/\/i0.wp.com\/lasprimeras.com.do\/wp-content\/uploads\/2025\/09\/Reconocimiento-a-Grupo-de-Medios-Panorama.jpg?resize=525%2C300&ssl=1 1.5x, https:\/\/i0.wp.com\/lasprimeras.com.do\/wp-content\/uploads\/2025\/09\/Reconocimiento-a-Grupo-de-Medios-Panorama.jpg?resize=700%2C400&ssl=1 2x, https:\/\/i0.wp.com\/lasprimeras.com.do\/wp-content\/uploads\/2025\/09\/Reconocimiento-a-Grupo-de-Medios-Panorama.jpg?resize=1050%2C600&ssl=1 3x, https:\/\/i0.wp.com\/lasprimeras.com.do\/wp-content\/uploads\/2025\/09\/Reconocimiento-a-Grupo-de-Medios-Panorama.jpg?resize=1400%2C800&ssl=1 4x"},"classes":[]},{"id":48944,"url":"https:\/\/lasprimeras.com.do\/index.php\/2023\/05\/05\/grupo-de-medios-panorama-asume-operaciones-y-administracion-de-vtv-canal-32\/","url_meta":{"origin":112026,"position":4},"title":"Grupo de Medios Panorama asume operaciones y administraci\u00f3n de VTV Canal 32","author":"prenxa100","date":"5 de mayo de 2023","format":false,"excerpt":"SANTO DOMINGO.- El Grupo de Medios Panorama (GMP) anunci\u00f3 que a trav\u00e9s de una alianza estrat\u00e9gica asumi\u00f3 la administraci\u00f3n, operaci\u00f3n y producci\u00f3n de VTV canal 32 con sede en Santo Domingo. El presidente de GMP, Miguel Medina, inform\u00f3 que trabajan a todo vapor en lo que ser\u00e1 la nueva programaci\u00f3n,\u2026","rel":"","context":"En \u00abENTRETENIMIENTO\u00bb","block_context":{"text":"ENTRETENIMIENTO","link":"https:\/\/lasprimeras.com.do\/index.php\/category\/entretenimiento\/"},"img":{"alt_text":"","src":"https:\/\/i0.wp.com\/atento.com.do\/wp-content\/uploads\/2023\/05\/WhatsApp-Image-2023-05-05-at-9.49.27-AM-1-1024x768.jpeg?resize=350%2C200&ssl=1","width":350,"height":200,"srcset":"https:\/\/i0.wp.com\/atento.com.do\/wp-content\/uploads\/2023\/05\/WhatsApp-Image-2023-05-05-at-9.49.27-AM-1-1024x768.jpeg?resize=350%2C200&ssl=1 1x, https:\/\/i0.wp.com\/atento.com.do\/wp-content\/uploads\/2023\/05\/WhatsApp-Image-2023-05-05-at-9.49.27-AM-1-1024x768.jpeg?resize=525%2C300&ssl=1 1.5x, https:\/\/i0.wp.com\/atento.com.do\/wp-content\/uploads\/2023\/05\/WhatsApp-Image-2023-05-05-at-9.49.27-AM-1-1024x768.jpeg?resize=700%2C400&ssl=1 2x"},"classes":[]},{"id":95651,"url":"https:\/\/lasprimeras.com.do\/index.php\/2025\/03\/17\/grupo-de-medios-panorama-y-jompeame-establecen-alianza-estrategica-para-apoyar-causas-sociales\/","url_meta":{"origin":112026,"position":5},"title":"Grupo de Medios Panorama y Jomp\u00e9ame establecen alianza estrat\u00e9gica para apoyar causas sociales","author":"Nelson Feliz","date":"17 de marzo de 2025","format":false,"excerpt":"El Grupo de Medios Panorama y la organizaci\u00f3n sin fines de lucro Jomp\u00e9ame formalizaron una alianza estrat\u00e9gica con el prop\u00f3sito de amplificar el alcance de las causas sociales en la Rep\u00fablica Dominicana, brindando mayor visibilidad y apoyo a personas en situaci\u00f3n de vulnerabilidad. A trav\u00e9s de este acuerdo, los casos\u2026","rel":"","context":"En \u00abNACIONALES\u00bb","block_context":{"text":"NACIONALES","link":"https:\/\/lasprimeras.com.do\/index.php\/category\/nacionales\/"},"img":{"alt_text":"Grupo de Medios Panorama y Jomp\u00e9ame","src":"https:\/\/i0.wp.com\/lasprimeras.com.do\/wp-content\/uploads\/2025\/03\/Grupo-de-Medios-Panorama-y-Jompeame.jpg?resize=350%2C200&ssl=1","width":350,"height":200,"srcset":"https:\/\/i0.wp.com\/lasprimeras.com.do\/wp-content\/uploads\/2025\/03\/Grupo-de-Medios-Panorama-y-Jompeame.jpg?resize=350%2C200&ssl=1 1x, https:\/\/i0.wp.com\/lasprimeras.com.do\/wp-content\/uploads\/2025\/03\/Grupo-de-Medios-Panorama-y-Jompeame.jpg?resize=525%2C300&ssl=1 1.5x"},"classes":[]}],"jetpack_sharing_enabled":true,"_links":{"self":[{"href":"https:\/\/lasprimeras.com.do\/index.php\/wp-json\/wp\/v2\/posts\/112026","targetHints":{"allow":["GET"]}}],"collection":[{"href":"https:\/\/lasprimeras.com.do\/index.php\/wp-json\/wp\/v2\/posts"}],"about":[{"href":"https:\/\/lasprimeras.com.do\/index.php\/wp-json\/wp\/v2\/types\/post"}],"author":[{"embeddable":true,"href":"https:\/\/lasprimeras.com.do\/index.php\/wp-json\/wp\/v2\/users\/10"}],"replies":[{"embeddable":true,"href":"https:\/\/lasprimeras.com.do\/index.php\/wp-json\/wp\/v2\/comments?post=112026"}],"version-history":[{"count":1,"href":"https:\/\/lasprimeras.com.do\/index.php\/wp-json\/wp\/v2\/posts\/112026\/revisions"}],"predecessor-version":[{"id":112028,"href":"https:\/\/lasprimeras.com.do\/index.php\/wp-json\/wp\/v2\/posts\/112026\/revisions\/112028"}],"wp:featuredmedia":[{"embeddable":true,"href":"https:\/\/lasprimeras.com.do\/index.php\/wp-json\/wp\/v2\/media\/112027"}],"wp:attachment":[{"href":"https:\/\/lasprimeras.com.do\/index.php\/wp-json\/wp\/v2\/media?parent=112026"}],"wp:term":[{"taxonomy":"category","embeddable":true,"href":"https:\/\/lasprimeras.com.do\/index.php\/wp-json\/wp\/v2\/categories?post=112026"},{"taxonomy":"post_tag","embeddable":true,"href":"https:\/\/lasprimeras.com.do\/index.php\/wp-json\/wp\/v2\/tags?post=112026"}],"curies":[{"name":"wp","href":"https:\/\/api.w.org\/{rel}","templated":true}]}}