{"id":112029,"date":"2025-10-16T12:38:35","date_gmt":"2025-10-16T16:38:35","guid":{"rendered":"https:\/\/lasprimeras.com.do\/?p=112029"},"modified":"2025-10-16T12:38:37","modified_gmt":"2025-10-16T16:38:37","slug":"periodistas-entregan-sus-credenciales-de-acceso-y-abandonan-el-pentagono-antes-que-aceptar-nuevas-normas-para-informar","status":"publish","type":"post","link":"https:\/\/lasprimeras.com.do\/index.php\/2025\/10\/16\/periodistas-entregan-sus-credenciales-de-acceso-y-abandonan-el-pentagono-antes-que-aceptar-nuevas-normas-para-informar\/","title":{"rendered":"Periodistas entregan sus credenciales de acceso y abandonan el Pent\u00e1gono antes que aceptar nuevas normas para informar"},"content":{"rendered":"\n<p>Por David Bauder<\/p>\n\n\n\n<p>NUEVA YORK (AP) \u2014 Decenas de reporteros entregaron sus credenciales de acceso y abandonaron el Pent\u00e1gono en lugar de aceptar las restricciones impuestas por el gobierno a su trabajo , alejando a\u00fan m\u00e1s a los periodistas que cubren las fuerzas armadas estadounidenses de su poder.<\/p>\n\n\n\n<p>Los l\u00edderes del pa\u00eds calificaron las nuevas normas de &#8220;sentido com\u00fan&#8221; para ayudar a regular a una prensa &#8220;muy disruptiva&#8221;.<\/p>\n\n\n\n<p>Los medios de comunicaci\u00f3n rechazaron casi un\u00e1nimemente las nuevas normas impuestas por el Secretario de Defensa, Pete Hegseth, que dejar\u00edan a los periodistas vulnerables a la expulsi\u00f3n si intentaban informar sobre informaci\u00f3n \u2014clasificada o no\u2014 que no hab\u00eda sido aprobada por Hegseth para su divulgaci\u00f3n.<\/p>\n\n\n\n<p>Muchos reporteros esperaron juntos a las 4 p. m., hora l\u00edmite establecida por el Departamento de Defensa para salir del edificio.<\/p>\n\n\n\n<p>A medida que se acercaba la hora, cajas de documentos se alineaban en un pasillo del Pent\u00e1gono y los reporteros llevaban sillas, una fotocopiadora, libros y fotos antiguas al estacionamiento desde sus lugares de trabajo repentinamente abandonados. Poco despu\u00e9s de las 4, entre 40 y 50 periodistas se marcharon juntos tras entregar sus credenciales.<\/p>\n\n\n\n<p>&#8220;Es triste, pero tambi\u00e9n estoy muy orgullosa del cuerpo de prensa que nos mantuvo unidos&#8221;, dijo Nancy Youssef, reportera de The Atlantic que ha tenido un escritorio en el Pent\u00e1gono desde 2007. Llev\u00f3 un mapa de Medio Oriente a su auto.<\/p>\n\n\n\n<p>No est\u00e1 claro qu\u00e9 impacto pr\u00e1ctico tendr\u00e1n las nuevas reglas, aunque las organizaciones de noticias prometieron que continuar\u00edan con una cobertura s\u00f3lida de lo militar sin importar el punto de vista.<\/p>\n\n\n\n<p>Es poco probable que las im\u00e1genes de reporteros manifest\u00e1ndose contra las barreras a su trabajo conmuevan a los partidarios del presidente Donald Trump, muchos de los cuales resienten a los periodistas y aplauden sus esfuerzos por dificultarles el trabajo.<\/p>\n\n\n\n<p>Trump ha estado involucrado en litigios contra The New York Times , CBS News , ABC News , The Wall Street Journal y The Associated Press durante el \u00faltimo a\u00f1o.<\/p>\n\n\n\n<p><strong>Trump apoya las nuevas reglas<\/strong><\/p>\n\n\n\n<p>En declaraciones a la prensa en la Casa Blanca el martes, Trump respald\u00f3 las nuevas normas de su secretario de Defensa. &#8220;Creo que considera que la prensa es muy perjudicial para la paz mundial&#8221;, declar\u00f3 Trump. &#8220;La prensa es muy deshonesta&#8221;.<\/p>\n\n\n\n<p>Incluso antes de emitir su nueva pol\u00edtica de prensa, Hegseth, expresentador de Fox News Channel, ha bloqueado sistem\u00e1ticamente el flujo de informaci\u00f3n. Solo ha celebrado dos ruedas de prensa formales, ha prohibido a los periodistas acceder a muchas zonas del extenso Pent\u00e1gono sin escolta y ha iniciado investigaciones sobre filtraciones a los medios.<\/p>\n\n\n\n<p>Ha calificado sus nuevas normas de &#8220;sentido com\u00fan&#8221; y ha afirmado que el requisito de que los periodistas firmen un documento que las describe implica que las reconocen, no necesariamente que las aceptan. Los periodistas lo ven como una distinci\u00f3n sin diferencia.<\/p>\n\n\n\n<p>\u201cLo que realmente est\u00e1n haciendo es darle informaci\u00f3n con cuchara al periodista, y esa ser\u00eda su historia. Eso no es periodismo\u201d, dijo Jack Keane, general retirado del Ej\u00e9rcito estadounidense y analista de Fox News, en la antigua cadena de Hegseth.<\/p>\n\n\n\n<p>Cuando sirvi\u00f3, Keane dijo que exig\u00eda a los nuevos generales de brigada que tomaran un curso sobre el papel de los medios de comunicaci\u00f3n en una democracia para que no se sintieran intimidados y tambi\u00e9n vieran a los periodistas como un canal de comunicaci\u00f3n con el p\u00fablico estadounidense.<\/p>\n\n\n\n<p>&#8220;Hubo momentos en que se hicieron reportajes que me hicieron estremecer un poco&#8221;, dijo. &#8220;Pero eso generalmente se debe a que hicimos algo que no estuvo tan bien como deb\u00edamos haber hecho&#8221;.<\/p>\n\n\n\n<p>Youssef dijo que no ten\u00eda sentido adherirse a las normas que establec\u00edan que los periodistas no deb\u00edan solicitar informaci\u00f3n a oficiales militares.<\/p>\n\n\n\n<p>&#8220;Aceptar no solicitar informaci\u00f3n es aceptar no ser periodista&#8221;, dijo. &#8220;Nuestro \u00fanico objetivo es solicitar informaci\u00f3n&#8221;.<\/p>\n\n\n\n<p><strong>Los informes sobre asuntos militares de EE. UU. continuar\u00e1n, pero desde una mayor distancia<\/strong><\/p>\n\n\n\n<p>Varios periodistas publicaron en las redes sociales cu\u00e1ndo entregaron sus credenciales de prensa.<\/p>\n\n\n\n<p>&#8220;Es algo muy peque\u00f1o, pero me enorgulleci\u00f3 mucho ver mi foto en el muro de los corresponsales del Pent\u00e1gono&#8221;, escribi\u00f3 Heather Mongilio, reportera de USNINews, que cubre la Marina. &#8220;Hoy entregar\u00e9 mi placa. El reportaje continuar\u00e1&#8221;.<\/p>\n\n\n\n<p>Mongilio, Youssef y otros enfatizaron que seguir\u00e1n desempe\u00f1ando su trabajo sin importar d\u00f3nde est\u00e9n sus escritorios. Algunas fuentes seguir\u00e1n hablando con ellos, aunque afirman que algunos militares se han sentido intimidados por las amenazas de los l\u00edderes del Pent\u00e1gono.<\/p>\n\n\n\n<p>En un ensayo, el reportero de NPR, Tom Bowman, mencion\u00f3 las numerosas veces que personas que conoc\u00eda del Pent\u00e1gono y mientras estaba en el ej\u00e9rcito le hab\u00edan dado pistas sobre lo que estaba sucediendo, incluso si contradec\u00eda las versiones oficiales difundidas por los l\u00edderes. Muchos comprenden el papel de los medios.<\/p>\n\n\n\n<p>\u201cSab\u00edan que el p\u00fablico estadounidense merec\u00eda saber qu\u00e9 estaba pasando\u201d, escribi\u00f3 Bowman. \u201cSin periodistas que pudieran hacer preguntas, parece que la c\u00fapula del Pent\u00e1gono seguir\u00e1 recurriendo a publicaciones ingeniosas en redes sociales, videos cortos cuidadosamente orquestados y entrevistas con comentaristas y podcasters partidistas. Nadie deber\u00eda pensar que eso es suficiente\u201d.<\/p>\n\n\n\n<p>La Asociaci\u00f3n de Prensa del Pent\u00e1gono, cuyos 101 miembros representan a 56 medios de comunicaci\u00f3n, se ha pronunciado en contra de las normas.<\/p>\n\n\n\n<p>Organizaciones de todo el espectro medi\u00e1tico, desde medios tradicionales como The Associated Press y The New York Times hasta medios como Fox y el conservador Newsmax, han pedido a sus periodistas que se retiren en lugar de firmar las nuevas normas.<\/p>\n\n\n\n<p>Solo la conservadora One America News Network se uni\u00f3. Su gerencia probablemente cree que tendr\u00e1 mayor acceso a los funcionarios de la administraci\u00f3n Trump al mostrar su apoyo, seg\u00fan declar\u00f3 a AP en una entrevista Gabrielle Cuccia, exreportera del Pent\u00e1gono despedida por OANN a principios de este a\u00f1o por escribir una columna en l\u00ednea criticando las pol\u00edticas medi\u00e1ticas de Hegseth.<\/p>\n","protected":false},"excerpt":{"rendered":"<p>Por David Bauder NUEVA YORK (AP) \u2014 Decenas de reporteros entregaron sus credenciales de acceso y abandonaron el Pent\u00e1gono en lugar de aceptar las restricciones impuestas por el gobierno a&hellip;<\/p>\n","protected":false},"author":10,"featured_media":112030,"comment_status":"open","ping_status":"open","sticky":false,"template":"","format":"standard","meta":{"content-type":"","jetpack_post_was_ever_published":false,"_jetpack_newsletter_access":"","_jetpack_dont_email_post_to_subs":false,"_jetpack_newsletter_tier_id":0,"_jetpack_memberships_contains_paywalled_content":false,"_jetpack_memberships_contains_paid_content":false,"footnotes":""},"categories":[16289],"tags":[26013,4367,2957,26014,22101,10004,89],"class_list":["post-112029","post","type-post","status-publish","format-standard","has-post-thumbnail","hentry","category-internacionales","tag-credenciales-de-acceso","tag-estadounidenses","tag-fuerzas-armadas","tag-informar","tag-nuevas-normas","tag-pentagono","tag-periodistas"],"jetpack_featured_media_url":"https:\/\/lasprimeras.com.do\/wp-content\/uploads\/2025\/10\/periodistas.jpg","jetpack-related-posts":[{"id":83468,"url":"https:\/\/lasprimeras.com.do\/index.php\/2024\/05\/16\/las-agresiones-sexuales-han-disminuido-en-el-ejercito-estadounidense\/","url_meta":{"origin":112029,"position":0},"title":"Las agresiones sexuales han disminuido en el ej\u00e9rcito estadounidense","author":"Nelson Feliz","date":"16 de mayo de 2024","format":false,"excerpt":"Esto es lo que debe saber sobre los n\u00fameros. POR LOLITA C. BALDOR WASHINGTON (AP) \u2014 Los funcionarios del Pent\u00e1gono son cautelosamente optimistas de que una disminuci\u00f3n general en las agresiones sexuales denunciadas entre miembros del servicio activo y las academias militares sugiere que los l\u00edderes finalmente est\u00e1n logrando controlar\u2026","rel":"","context":"En \u00abSin categor\u00eda\u00bb","block_context":{"text":"Sin categor\u00eda","link":"https:\/\/lasprimeras.com.do\/index.php\/category\/sin-categoria\/"},"img":{"alt_text":"","src":"https:\/\/i0.wp.com\/lasprimeras.com.do\/wp-content\/uploads\/2024\/05\/agresiones.jpg?resize=350%2C200&ssl=1","width":350,"height":200,"srcset":"https:\/\/i0.wp.com\/lasprimeras.com.do\/wp-content\/uploads\/2024\/05\/agresiones.jpg?resize=350%2C200&ssl=1 1x, https:\/\/i0.wp.com\/lasprimeras.com.do\/wp-content\/uploads\/2024\/05\/agresiones.jpg?resize=525%2C300&ssl=1 1.5x, https:\/\/i0.wp.com\/lasprimeras.com.do\/wp-content\/uploads\/2024\/05\/agresiones.jpg?resize=700%2C400&ssl=1 2x"},"classes":[]},{"id":68901,"url":"https:\/\/lasprimeras.com.do\/index.php\/2023\/11\/28\/satelite-corea-del-norte-tomo-fotos-casa-blanca-y-el-pentagono\/","url_meta":{"origin":112029,"position":1},"title":"Sat\u00e9lite Corea del Norte tom\u00f3 fotos Casa Blanca y el Pent\u00e1gono","author":"BIMARY DE JES\u00daS Matos","date":"28 de noviembre de 2023","format":false,"excerpt":"PYONGYANG.- El sat\u00e9lite esp\u00eda militar de Corea del Norte ha captado im\u00e1genes de la Casa Blanca y el Pent\u00e1gono, informa la agencia surcoreana Yonhap con referencia a la Agencia Central de Noticias de Corea. De acuerdo con el medio, el l\u00edder norcoreano, Kim Jong-un, ya ha visto dichas fotograf\u00edas. Seg\u00fan\u2026","rel":"","context":"En \u00abENTRETENIMIENTO\u00bb","block_context":{"text":"ENTRETENIMIENTO","link":"https:\/\/lasprimeras.com.do\/index.php\/category\/entretenimiento\/"},"img":{"alt_text":"","src":"https:\/\/i0.wp.com\/lasprimeras.com.do\/wp-content\/uploads\/2023\/11\/WhatsApp-Image-2023-11-28-at-12.36.42-PM-1.jpeg?resize=350%2C200&ssl=1","width":350,"height":200,"srcset":"https:\/\/i0.wp.com\/lasprimeras.com.do\/wp-content\/uploads\/2023\/11\/WhatsApp-Image-2023-11-28-at-12.36.42-PM-1.jpeg?resize=350%2C200&ssl=1 1x, https:\/\/i0.wp.com\/lasprimeras.com.do\/wp-content\/uploads\/2023\/11\/WhatsApp-Image-2023-11-28-at-12.36.42-PM-1.jpeg?resize=525%2C300&ssl=1 1.5x"},"classes":[]},{"id":69227,"url":"https:\/\/lasprimeras.com.do\/index.php\/2023\/11\/30\/ucrania-recibira-en-2024-bombas-propulsadas-por-cohetes-que-podrian-cambiar-las-reglas-de-la-guerra-pentagono\/","url_meta":{"origin":112029,"position":2},"title":"Ucrania recibir\u00e1 en 2024 bombas propulsadas por cohetes que \u201cpodr\u00edan cambiar las reglas de la guerra\u201d: Pent\u00e1gono","author":"Nelson Feliz","date":"30 de noviembre de 2023","format":false,"excerpt":"Ucrania espera la entrega de bombas propulsadas por cohetes con un alcance ampliado de 100 millas, armamento estadounidense que recibir\u00e1 el pa\u00eds invadido por Putin en 2024. La entrega prevista al Ej\u00e9rcito de Ucrania de bombas propulsadas por cohetes lanzadas desde tierra se ha fijado para 2024, seg\u00fan un informe\u2026","rel":"","context":"En \u00abSin categor\u00eda\u00bb","block_context":{"text":"Sin categor\u00eda","link":"https:\/\/lasprimeras.com.do\/index.php\/category\/sin-categoria\/"},"img":{"alt_text":"","src":"https:\/\/i0.wp.com\/lasprimeras.com.do\/wp-content\/uploads\/2023\/11\/ucrania.jpg?resize=350%2C200&ssl=1","width":350,"height":200,"srcset":"https:\/\/i0.wp.com\/lasprimeras.com.do\/wp-content\/uploads\/2023\/11\/ucrania.jpg?resize=350%2C200&ssl=1 1x, https:\/\/i0.wp.com\/lasprimeras.com.do\/wp-content\/uploads\/2023\/11\/ucrania.jpg?resize=525%2C300&ssl=1 1.5x, https:\/\/i0.wp.com\/lasprimeras.com.do\/wp-content\/uploads\/2023\/11\/ucrania.jpg?resize=700%2C400&ssl=1 2x"},"classes":[]},{"id":54071,"url":"https:\/\/lasprimeras.com.do\/index.php\/2023\/07\/06\/ee-uu-proporcionara-municiones-a-ucrania-como-parte-de-un-nuevo-paquete-de-ayuda-militar\/","url_meta":{"origin":112029,"position":3},"title":"EE.UU. proporcionar\u00e1 municiones a Ucrania como parte de un nuevo paquete de ayuda militar","author":"Nelson Feliz","date":"6 de julio de 2023","format":false,"excerpt":"POR NOMAAN MERCHANT , LOLITA C. BALDOR Y ELLEN KNICKMEYER WASHINGTON (AP) \u2014 El gobierno de Biden decidi\u00f3 proporcionar municiones en racimo a Ucrania y se espera que anuncie el viernes que el Pent\u00e1gono enviar\u00e1 miles como parte de un nuevo paquete de ayuda militar por valor de hasta 800\u2026","rel":"","context":"En \u00abSin categor\u00eda\u00bb","block_context":{"text":"Sin categor\u00eda","link":"https:\/\/lasprimeras.com.do\/index.php\/category\/sin-categoria\/"},"img":{"alt_text":"Municiones","src":"https:\/\/i0.wp.com\/lasprimeras.com.do\/wp-content\/uploads\/2023\/07\/Municiones.jpg?resize=350%2C200&ssl=1","width":350,"height":200,"srcset":"https:\/\/i0.wp.com\/lasprimeras.com.do\/wp-content\/uploads\/2023\/07\/Municiones.jpg?resize=350%2C200&ssl=1 1x, https:\/\/i0.wp.com\/lasprimeras.com.do\/wp-content\/uploads\/2023\/07\/Municiones.jpg?resize=525%2C300&ssl=1 1.5x, https:\/\/i0.wp.com\/lasprimeras.com.do\/wp-content\/uploads\/2023\/07\/Municiones.jpg?resize=700%2C400&ssl=1 2x"},"classes":[]},{"id":50337,"url":"https:\/\/lasprimeras.com.do\/index.php\/2023\/05\/19\/el-pentagono-comete-un-error-que-permite-enviar-mas-armas-a-ucrania\/","url_meta":{"origin":112029,"position":4},"title":"El Pent\u00e1gono comete un error que permite enviar m\u00e1s armas a Ucrania","author":"prenxa100","date":"19 de mayo de 2023","format":false,"excerpt":"Al enviar a Kiev las armas m\u00e1s antiguas de sus reservas, se tuvo en cuenta el costo de reemplazo en lugar del valor neto contable, ha explicado la subsecretaria de prensa del Pent\u00e1gono, Sabrina Singh. WASHIGTON, RT.-. El Pent\u00e1gono ha cometido un error contable de al menos 3.000 millones de\u2026","rel":"","context":"En \u00abSin categor\u00eda\u00bb","block_context":{"text":"Sin categor\u00eda","link":"https:\/\/lasprimeras.com.do\/index.php\/category\/sin-categoria\/"},"img":{"alt_text":"","src":"","width":0,"height":0},"classes":[]},{"id":59312,"url":"https:\/\/lasprimeras.com.do\/index.php\/2023\/09\/01\/abinader-recibe-cartas-credenciales-del-nuncio-apostolico-y-de-tres-nuevos-embajadores\/","url_meta":{"origin":112029,"position":5},"title":"Abinader recibe cartas credenciales del nuncio apost\u00f3lico y de tres nuevos embajadores","author":"Nelson Feliz","date":"1 de septiembre de 2023","format":false,"excerpt":"El presidente Luis Abinader recibi\u00f3 hoy las cartas credenciales del nuncio apost\u00f3lico monse\u00f1or Piergiorgio Bertoldi y de los nuevos embajadores de Nicaragua, Honduras e Israel en una ceremonia solemne realizada en el Palacio Nacional. Abinader junto a la vicepresidenta Raquel Pe\u00f1a y el ministro de Relaciones Exteriores, Roberto \u00c1lvarez, recibi\u00f3\u2026","rel":"","context":"En \u00abNACIONALES\u00bb","block_context":{"text":"NACIONALES","link":"https:\/\/lasprimeras.com.do\/index.php\/category\/nacionales\/"},"img":{"alt_text":"Luis Abinader","src":"https:\/\/i0.wp.com\/lasprimeras.com.do\/wp-content\/uploads\/2023\/09\/Luis-Abinader-Credenciales.jpg?resize=350%2C200&ssl=1","width":350,"height":200,"srcset":"https:\/\/i0.wp.com\/lasprimeras.com.do\/wp-content\/uploads\/2023\/09\/Luis-Abinader-Credenciales.jpg?resize=350%2C200&ssl=1 1x, https:\/\/i0.wp.com\/lasprimeras.com.do\/wp-content\/uploads\/2023\/09\/Luis-Abinader-Credenciales.jpg?resize=525%2C300&ssl=1 1.5x, https:\/\/i0.wp.com\/lasprimeras.com.do\/wp-content\/uploads\/2023\/09\/Luis-Abinader-Credenciales.jpg?resize=700%2C400&ssl=1 2x"},"classes":[]}],"jetpack_sharing_enabled":true,"_links":{"self":[{"href":"https:\/\/lasprimeras.com.do\/index.php\/wp-json\/wp\/v2\/posts\/112029","targetHints":{"allow":["GET"]}}],"collection":[{"href":"https:\/\/lasprimeras.com.do\/index.php\/wp-json\/wp\/v2\/posts"}],"about":[{"href":"https:\/\/lasprimeras.com.do\/index.php\/wp-json\/wp\/v2\/types\/post"}],"author":[{"embeddable":true,"href":"https:\/\/lasprimeras.com.do\/index.php\/wp-json\/wp\/v2\/users\/10"}],"replies":[{"embeddable":true,"href":"https:\/\/lasprimeras.com.do\/index.php\/wp-json\/wp\/v2\/comments?post=112029"}],"version-history":[{"count":1,"href":"https:\/\/lasprimeras.com.do\/index.php\/wp-json\/wp\/v2\/posts\/112029\/revisions"}],"predecessor-version":[{"id":112031,"href":"https:\/\/lasprimeras.com.do\/index.php\/wp-json\/wp\/v2\/posts\/112029\/revisions\/112031"}],"wp:featuredmedia":[{"embeddable":true,"href":"https:\/\/lasprimeras.com.do\/index.php\/wp-json\/wp\/v2\/media\/112030"}],"wp:attachment":[{"href":"https:\/\/lasprimeras.com.do\/index.php\/wp-json\/wp\/v2\/media?parent=112029"}],"wp:term":[{"taxonomy":"category","embeddable":true,"href":"https:\/\/lasprimeras.com.do\/index.php\/wp-json\/wp\/v2\/categories?post=112029"},{"taxonomy":"post_tag","embeddable":true,"href":"https:\/\/lasprimeras.com.do\/index.php\/wp-json\/wp\/v2\/tags?post=112029"}],"curies":[{"name":"wp","href":"https:\/\/api.w.org\/{rel}","templated":true}]}}