{"id":112060,"date":"2025-10-16T23:54:09","date_gmt":"2025-10-17T03:54:09","guid":{"rendered":"https:\/\/lasprimeras.com.do\/?p=112060"},"modified":"2025-10-16T23:54:10","modified_gmt":"2025-10-17T03:54:10","slug":"ee-uu-ataca-otro-barco-en-el-caribe-cerca-de-las-costas-de-venezuela-y-hay-sobrevivientes","status":"publish","type":"post","link":"https:\/\/lasprimeras.com.do\/index.php\/2025\/10\/16\/ee-uu-ataca-otro-barco-en-el-caribe-cerca-de-las-costas-de-venezuela-y-hay-sobrevivientes\/","title":{"rendered":"EE.UU. ataca otro barco en el Caribe, cerca de las costas de Venezuela, y hay sobrevivientes"},"content":{"rendered":"\n<p><strong>El ataque no fue anunciado por Trump en sus redes sociales como acostumbra, pero un grupo de funcionarios lo confirm\u00f3<\/strong><\/p>\n\n\n\n<p>Washington, EFE- El Ej\u00e9rcito estadounidense atac\u00f3 este jueves otro barco en el mar Caribe, cerca de las costas de Venezuela, de acuerdo con funcionarios citados por medios estadounidenses.<\/p>\n\n\n\n<p>La ofensiva a un sexto buque, adjudicado al narcotr\u00e1fico por la Administraci\u00f3n del presidente Donald Trump, fue realizada por miembros del Comando Sur en el Caribe, de acuerdo con funcionarios citados por la cadena CBS.<\/p>\n\n\n\n<p>El ataque no fue anunciado por Trump en sus redes sociales como acostumbra, pero un grupo de funcionarios lo confirm\u00f3 y asegur\u00f3 que existen sobrevivientes, el primero donde se reportan ya que en los dem\u00e1s se han registrado 27 personas asesinadas.<\/p>\n\n\n\n<p>Trump inform\u00f3 ayer que autoriz\u00f3 a la Agencia Central de Inteligencia (CIA) realizar operativos encubiertos y dijo que estaba analizando la posibilidad de realizar operaciones en tierra debido a que, a su criterio, han paralizado el tr\u00e1fico de drogas mar\u00edtimo.<\/p>\n\n\n\n<p>Desde agosto, el Comando Sur del Ej\u00e9rcito estadounidense despleg\u00f3 buques y aviones bajo la justificaci\u00f3n de combatir el narcotr\u00e1fico cerca de las costas de Venezuela, causando una tensi\u00f3n creciente entre ambas naciones.<\/p>\n\n\n\n<p>Ataque del martes<\/p>\n\n\n\n<p>El presidente de Estados Unidos, Donald Trump, inform\u00f3 el martes pasado que el Ej\u00e9rcito de su pa\u00eds llev\u00f3 a cabo otro ataque contra un barco en el Caribe, cerca de las costas de Venezuela, y confirm\u00f3 la muerte de &#8220;seis narcoterroristas&#8221;.<\/p>\n\n\n\n<p>&#8220;Esta ma\u00f1ana, el Secretario de Guerra orden\u00f3 un ataque cin\u00e9tico letal contra un barco afiliado a una Organizaci\u00f3n Terrorista Designada (OTD) que realiza narcotr\u00e1fico en el \u00e1rea de responsabilidad del Comando Sur de los Estados Unidos frente a la costa de Venezuela&#8221;, escribi\u00f3 en su red Truth Social.<\/p>\n","protected":false},"excerpt":{"rendered":"<p>El ataque no fue anunciado por Trump en sus redes sociales como acostumbra, pero un grupo de funcionarios lo confirm\u00f3 Washington, EFE- El Ej\u00e9rcito estadounidense atac\u00f3 este jueves otro barco&hellip;<\/p>\n","protected":false},"author":10,"featured_media":112061,"comment_status":"open","ping_status":"open","sticky":false,"template":"","format":"standard","meta":{"content-type":"","jetpack_post_was_ever_published":false,"_jetpack_newsletter_access":"","_jetpack_dont_email_post_to_subs":false,"_jetpack_newsletter_tier_id":0,"_jetpack_memberships_contains_paywalled_content":false,"_jetpack_memberships_contains_paid_content":false,"footnotes":""},"categories":[16289],"tags":[10981,26020,26021,420],"class_list":["post-112060","post","type-post","status-publish","format-standard","has-post-thumbnail","hentry","category-internacionales","tag-costas","tag-ee-uu-ataca-otro-barco-en-el-caribe","tag-hay-sobrevivientes","tag-venezuela"],"jetpack_featured_media_url":"https:\/\/lasprimeras.com.do\/wp-content\/uploads\/2025\/10\/OTRO.jpg","jetpack-related-posts":[{"id":108537,"url":"https:\/\/lasprimeras.com.do\/index.php\/2025\/09\/08\/venezuela-aumentara-tropas-para-combatir-el-narcotrafico-mientras-ee-uu-fortalece-su-ejercito-en-el-caribe\/","url_meta":{"origin":112060,"position":0},"title":"Venezuela aumentar\u00e1 tropas para combatir el narcotr\u00e1fico mientras EE.UU. fortalece su ej\u00e9rcito en el Caribe","author":"Nelson Feliz","date":"8 de septiembre de 2025","format":false,"excerpt":"CARACAS,(Reuters) - Venezuela se comprometi\u00f3 a aumentar dr\u00e1sticamente el n\u00famero de tropas en los estados costeros para enfrentar el narcotr\u00e1fico, una medida que ocurre despu\u00e9s de que Estados Unidos orden\u00f3 el despliegue de 10 aviones de combate adicionales en Puerto Rico para realizar operaciones contra los c\u00e1rteles de la droga.\u2026","rel":"","context":"En \u00abINTERNACIONALES\u00bb","block_context":{"text":"INTERNACIONALES","link":"https:\/\/lasprimeras.com.do\/index.php\/category\/sin-categoria\/internacionales\/"},"img":{"alt_text":"","src":"https:\/\/i0.wp.com\/lasprimeras.com.do\/wp-content\/uploads\/2025\/09\/Venezuela.jpg?resize=350%2C200&ssl=1","width":350,"height":200,"srcset":"https:\/\/i0.wp.com\/lasprimeras.com.do\/wp-content\/uploads\/2025\/09\/Venezuela.jpg?resize=350%2C200&ssl=1 1x, https:\/\/i0.wp.com\/lasprimeras.com.do\/wp-content\/uploads\/2025\/09\/Venezuela.jpg?resize=525%2C300&ssl=1 1.5x"},"classes":[]},{"id":112252,"url":"https:\/\/lasprimeras.com.do\/index.php\/2025\/10\/20\/embajada-de-ee-uu-emite-advertencia-en-trinidad-y-tobago-ante-crecientes-tensiones-con-venezuela\/","url_meta":{"origin":112060,"position":1},"title":"Embajada de EE.UU. emite advertencia en Trinidad y Tobago ante crecientes tensiones con Venezuela","author":"Nelson Feliz","date":"20 de octubre de 2025","format":false,"excerpt":"Por Anselmo Gibbs PUERTO ESPA\u00d1A, Trinidad (AP) \u2014 La embajada de Estados Unidos en Trinidad y Tobago advirti\u00f3 a los estadounidenses que se mantengan alejados de las instalaciones del gobierno estadounidense en la naci\u00f3n de dos islas. Fue una advertencia inusual que se produjo mientras aumentan las tensiones entre Estados\u2026","rel":"","context":"En \u00abINTERNACIONALES\u00bb","block_context":{"text":"INTERNACIONALES","link":"https:\/\/lasprimeras.com.do\/index.php\/category\/sin-categoria\/internacionales\/"},"img":{"alt_text":"","src":"https:\/\/i0.wp.com\/lasprimeras.com.do\/wp-content\/uploads\/2025\/10\/Donald-Trump-1-1.jpg?resize=350%2C200&ssl=1","width":350,"height":200,"srcset":"https:\/\/i0.wp.com\/lasprimeras.com.do\/wp-content\/uploads\/2025\/10\/Donald-Trump-1-1.jpg?resize=350%2C200&ssl=1 1x, https:\/\/i0.wp.com\/lasprimeras.com.do\/wp-content\/uploads\/2025\/10\/Donald-Trump-1-1.jpg?resize=525%2C300&ssl=1 1.5x, https:\/\/i0.wp.com\/lasprimeras.com.do\/wp-content\/uploads\/2025\/10\/Donald-Trump-1-1.jpg?resize=700%2C400&ssl=1 2x"},"classes":[]},{"id":84734,"url":"https:\/\/lasprimeras.com.do\/index.php\/2024\/06\/14\/submarino-estadounidense-llega-a-la-bahia-de-guantanamo-un-dia-despues-de-la-llegada-de-buques-de-guerra-rusos-a-cuba\/","url_meta":{"origin":112060,"position":2},"title":"Submarino estadounidense llega a la Bah\u00eda de Guant\u00e1namo un d\u00eda despu\u00e9s de la llegada de buques de guerra rusos a Cuba","author":"Nelson Feliz","date":"14 de junio de 2024","format":false,"excerpt":"POR LOLITA C. BALDOR WASHINGTON (AP) \u2014 Un submarino de la Armada de Estados Unidos lleg\u00f3 a la Bah\u00eda de Guant\u00e1namo, Cuba, en una demostraci\u00f3n de fuerza mientras una flota de buques de guerra rusos se re\u00fane para realizar ejercicios militares planeados en el Caribe. El Comando Sur de Estados\u2026","rel":"","context":"En \u00abSin categor\u00eda\u00bb","block_context":{"text":"Sin categor\u00eda","link":"https:\/\/lasprimeras.com.do\/index.php\/category\/sin-categoria\/"},"img":{"alt_text":"","src":"https:\/\/i0.wp.com\/lasprimeras.com.do\/wp-content\/uploads\/2024\/06\/Busque-Guerra.jpg?resize=350%2C200&ssl=1","width":350,"height":200,"srcset":"https:\/\/i0.wp.com\/lasprimeras.com.do\/wp-content\/uploads\/2024\/06\/Busque-Guerra.jpg?resize=350%2C200&ssl=1 1x, https:\/\/i0.wp.com\/lasprimeras.com.do\/wp-content\/uploads\/2024\/06\/Busque-Guerra.jpg?resize=525%2C300&ssl=1 1.5x, https:\/\/i0.wp.com\/lasprimeras.com.do\/wp-content\/uploads\/2024\/06\/Busque-Guerra.jpg?resize=700%2C400&ssl=1 2x"},"classes":[]},{"id":114769,"url":"https:\/\/lasprimeras.com.do\/index.php\/2025\/11\/17\/trump-eeuu-podria-sostener-conversaciones-con-maduro-aumenta-su-presencia-militar-en-el-caribe\/","url_meta":{"origin":112060,"position":3},"title":"Trump: EEUU podr\u00eda sostener conversaciones con Maduro; aumenta su presencia militar en el Caribe","author":"Nelson Feliz","date":"17 de noviembre de 2025","format":false,"excerpt":"POR BEN FINLEYand CHRIS MEGERIAN WEST PALM BEACH, Florida, EE.UU. (AP) \u2014 Estados Unidos \u201cpodr\u00eda sostener conversaciones\u201d con el presidente venezolano Nicol\u00e1s Maduro, indic\u00f3 el domingo el mandatario estadounidense Donald Trump, lo que representa una posible v\u00eda diplom\u00e1tica al tiempo que Estados Unidos sigue aumentando su presencia militar cerca del\u2026","rel":"","context":"En \u00abINTERNACIONALES\u00bb","block_context":{"text":"INTERNACIONALES","link":"https:\/\/lasprimeras.com.do\/index.php\/category\/sin-categoria\/internacionales\/"},"img":{"alt_text":"","src":"https:\/\/i0.wp.com\/lasprimeras.com.do\/wp-content\/uploads\/2025\/11\/El-portaaviones-USS-Gerald-R.-Ford-saliendo-de-la-Base-Naval-Norfolk.jpg?resize=350%2C200&ssl=1","width":350,"height":200,"srcset":"https:\/\/i0.wp.com\/lasprimeras.com.do\/wp-content\/uploads\/2025\/11\/El-portaaviones-USS-Gerald-R.-Ford-saliendo-de-la-Base-Naval-Norfolk.jpg?resize=350%2C200&ssl=1 1x, https:\/\/i0.wp.com\/lasprimeras.com.do\/wp-content\/uploads\/2025\/11\/El-portaaviones-USS-Gerald-R.-Ford-saliendo-de-la-Base-Naval-Norfolk.jpg?resize=525%2C300&ssl=1 1.5x, https:\/\/i0.wp.com\/lasprimeras.com.do\/wp-content\/uploads\/2025\/11\/El-portaaviones-USS-Gerald-R.-Ford-saliendo-de-la-Base-Naval-Norfolk.jpg?resize=700%2C400&ssl=1 2x"},"classes":[]},{"id":114646,"url":"https:\/\/lasprimeras.com.do\/index.php\/2025\/11\/16\/un-portaaviones-llega-al-caribe-en-medio-de-un-importante-despliegue-cerca-de-venezuela\/","url_meta":{"origin":112060,"position":4},"title":"Un portaaviones llega al Caribe en medio de un importante despliegue cerca de Venezuela","author":"Nelson Feliz","date":"16 de noviembre de 2025","format":false,"excerpt":"Por Ben Finley WASHINGTON (AP) \u2014 El portaaviones m\u00e1s avanzado del pa\u00eds lleg\u00f3 el domingo al Mar Caribe en una demostraci\u00f3n del poder\u00edo militar estadounidense, lo que plantea interrogantes sobre lo que esta nueva afluencia de tropas y armamento podr\u00eda significar para la campa\u00f1a antidrogas de la administraci\u00f3n Trump en\u2026","rel":"","context":"En \u00abINTERNACIONALES\u00bb","block_context":{"text":"INTERNACIONALES","link":"https:\/\/lasprimeras.com.do\/index.php\/category\/sin-categoria\/internacionales\/"},"img":{"alt_text":"","src":"https:\/\/i0.wp.com\/lasprimeras.com.do\/wp-content\/uploads\/2025\/11\/El-portaaviones-USS-Gerald-R.-Ford-abandona-la-Estacion-Naval-de-Norfolk-jpg.jpg?resize=350%2C200&ssl=1","width":350,"height":200,"srcset":"https:\/\/i0.wp.com\/lasprimeras.com.do\/wp-content\/uploads\/2025\/11\/El-portaaviones-USS-Gerald-R.-Ford-abandona-la-Estacion-Naval-de-Norfolk-jpg.jpg?resize=350%2C200&ssl=1 1x, https:\/\/i0.wp.com\/lasprimeras.com.do\/wp-content\/uploads\/2025\/11\/El-portaaviones-USS-Gerald-R.-Ford-abandona-la-Estacion-Naval-de-Norfolk-jpg.jpg?resize=525%2C300&ssl=1 1.5x, https:\/\/i0.wp.com\/lasprimeras.com.do\/wp-content\/uploads\/2025\/11\/El-portaaviones-USS-Gerald-R.-Ford-abandona-la-Estacion-Naval-de-Norfolk-jpg.jpg?resize=700%2C400&ssl=1 2x"},"classes":[]},{"id":119107,"url":"https:\/\/lasprimeras.com.do\/index.php\/2026\/01\/07\/eeuu-busca-afianzar-su-control-sobre-petroleo-de-venezuela-con-toma-de-buques-y-ventas-del-crudo\/","url_meta":{"origin":112060,"position":5},"title":"EEUU busca afianzar su control sobre petr\u00f3leo de Venezuela con toma de buques y ventas del crudo","author":"Nelson Feliz","date":"7 de enero de 2026","format":false,"excerpt":"POR KONSTANTIN TOROPIN, JOSH BOAK, JILL LAWLESS and MICHAEL BIESECKER WASHINGTON (AP) \u2014 Estados Unidos busc\u00f3 el mi\u00e9rcoles afianzar su control sobre el petr\u00f3leo venezolano al incautar un par de buques sancionados que transportaban petr\u00f3leo, y anunciando planes para relajar algunas sanciones para que Estados Unidos pueda supervisar la venta\u2026","rel":"","context":"En \u00abINTERNACIONALES\u00bb","block_context":{"text":"INTERNACIONALES","link":"https:\/\/lasprimeras.com.do\/index.php\/category\/sin-categoria\/internacionales\/"},"img":{"alt_text":"petr\u00f3leo de Venezuela","src":"https:\/\/i0.wp.com\/lasprimeras.com.do\/wp-content\/uploads\/2026\/01\/petroleo-de-Venezuela.jpg?resize=350%2C200&ssl=1","width":350,"height":200,"srcset":"https:\/\/i0.wp.com\/lasprimeras.com.do\/wp-content\/uploads\/2026\/01\/petroleo-de-Venezuela.jpg?resize=350%2C200&ssl=1 1x, https:\/\/i0.wp.com\/lasprimeras.com.do\/wp-content\/uploads\/2026\/01\/petroleo-de-Venezuela.jpg?resize=525%2C300&ssl=1 1.5x, https:\/\/i0.wp.com\/lasprimeras.com.do\/wp-content\/uploads\/2026\/01\/petroleo-de-Venezuela.jpg?resize=700%2C400&ssl=1 2x"},"classes":[]}],"jetpack_sharing_enabled":true,"_links":{"self":[{"href":"https:\/\/lasprimeras.com.do\/index.php\/wp-json\/wp\/v2\/posts\/112060","targetHints":{"allow":["GET"]}}],"collection":[{"href":"https:\/\/lasprimeras.com.do\/index.php\/wp-json\/wp\/v2\/posts"}],"about":[{"href":"https:\/\/lasprimeras.com.do\/index.php\/wp-json\/wp\/v2\/types\/post"}],"author":[{"embeddable":true,"href":"https:\/\/lasprimeras.com.do\/index.php\/wp-json\/wp\/v2\/users\/10"}],"replies":[{"embeddable":true,"href":"https:\/\/lasprimeras.com.do\/index.php\/wp-json\/wp\/v2\/comments?post=112060"}],"version-history":[{"count":1,"href":"https:\/\/lasprimeras.com.do\/index.php\/wp-json\/wp\/v2\/posts\/112060\/revisions"}],"predecessor-version":[{"id":112062,"href":"https:\/\/lasprimeras.com.do\/index.php\/wp-json\/wp\/v2\/posts\/112060\/revisions\/112062"}],"wp:featuredmedia":[{"embeddable":true,"href":"https:\/\/lasprimeras.com.do\/index.php\/wp-json\/wp\/v2\/media\/112061"}],"wp:attachment":[{"href":"https:\/\/lasprimeras.com.do\/index.php\/wp-json\/wp\/v2\/media?parent=112060"}],"wp:term":[{"taxonomy":"category","embeddable":true,"href":"https:\/\/lasprimeras.com.do\/index.php\/wp-json\/wp\/v2\/categories?post=112060"},{"taxonomy":"post_tag","embeddable":true,"href":"https:\/\/lasprimeras.com.do\/index.php\/wp-json\/wp\/v2\/tags?post=112060"}],"curies":[{"name":"wp","href":"https:\/\/api.w.org\/{rel}","templated":true}]}}