{"id":112109,"date":"2025-10-17T09:32:06","date_gmt":"2025-10-17T13:32:06","guid":{"rendered":"https:\/\/lasprimeras.com.do\/?p=112109"},"modified":"2025-10-17T09:32:07","modified_gmt":"2025-10-17T13:32:07","slug":"celebraran-en-rd-5ta-edicion-torneo-softball-clasico-los-pineros","status":"publish","type":"post","link":"https:\/\/lasprimeras.com.do\/index.php\/2025\/10\/17\/celebraran-en-rd-5ta-edicion-torneo-softball-clasico-los-pineros\/","title":{"rendered":"Celebrar\u00e1n en RD 5ta edici\u00f3n torneo softball \u00abCl\u00e1sico Los Pi\u00f1eros\u00bb"},"content":{"rendered":"\n<p>Por Ram\u00f3n Mercedes<\/p>\n\n\n\n<p>NUEVA YORK.- El reconocido dirigente deportivo, tanto en esta ciudad como en la Rep\u00fablica Dominicana, Roberto Rojas, anunci\u00f3 en el pa\u00eds caribe\u00f1o la celebraci\u00f3n de la Quinta edici\u00f3n del torneo de softball \u00abCl\u00e1sico Los Pi\u00f1eros\u00bb<\/p>\n\n\n\n<p>Rojas, con su oficina principal en 560 W de la calle 175 en el Alto Manhattan, expres\u00f3 que rinde homenaje al municipio de Fantino, provincia S\u00e1nchez Ram\u00edrez, su lugar de nacimiento, quien desde sus inicios ha mantenido un firme compromiso con el desarrollo social, deportivo y cultural de su comunidad, grit\u00e1ndole al mundo sus ra\u00edces.<\/p>\n\n\n\n<p>\u00abEl torneo es calificado como un evento que no solo promueve el deporte, tambi\u00e9n la unidad, cultura y desarrollo de este deporte en dominicana\u00bb, precisa.<\/p>\n\n\n\n<p>\u00abEste torneo se distingue por su formato \u00fanico, que comienza con una semana de competencias en Fantino, donde la comunidad se re\u00fane en un ambiente festivo para disfrutar de partidos de alta calidad, con los mejores jugadores del territorio nacional\u00bb, subraya el empresario y destacado deportista.<\/p>\n\n\n\n<p>El equipo ganador de esta fase se une a los mejores equipos del Distrito Nacional para disputar los emocionantes Playoff, donde se define al campe\u00f3n del torneo.<\/p>\n\n\n\n<p>Este a\u00f1o se ha dado un paso hist\u00f3rico al incluir la categor\u00eda \u00abChata\u00bb, lo que ha permitido integrar a los mejores equipos de las asociaciones de softball del Distrito Nacional y la provincia Santo Domingo, bajo el respaldo de \u00abSadina y Asoprosado\u00bb, las dos grandes asociaciones del softball dominicano.<\/p>\n\n\n\n<p>Esta innovaci\u00f3n ha convertido al \u00abCl\u00e1sico Los Pi\u00f1eros\u00bb en un torneo a\u00fan m\u00e1s competitivo y representativo del talento nacional, con la celebraci\u00f3n del \u00abGran Chata, La Supremac\u00eda\u00bb.<\/p>\n\n\n\n<p>\u00abCl\u00e1sico Los Pi\u00f1eros\u00bb estar\u00e1 dedicado a tres grandes colaboradores que han dejado una huella imborrable en el softball y por su apoyo incondicional a este torneo, son ellos: Manny de Jes\u00fas, Dawin Brito y Omar Dami\u00e1n.<\/p>\n","protected":false},"excerpt":{"rendered":"<p>Por Ram\u00f3n Mercedes NUEVA YORK.- El reconocido dirigente deportivo, tanto en esta ciudad como en la Rep\u00fablica Dominicana, Roberto Rojas, anunci\u00f3 en el pa\u00eds caribe\u00f1o la celebraci\u00f3n de la Quinta&hellip;<\/p>\n","protected":false},"author":10,"featured_media":112110,"comment_status":"open","ping_status":"open","sticky":false,"template":"","format":"standard","meta":{"content-type":"","jetpack_post_was_ever_published":false,"_jetpack_newsletter_access":"","_jetpack_dont_email_post_to_subs":false,"_jetpack_newsletter_tier_id":0,"_jetpack_memberships_contains_paywalled_content":false,"_jetpack_memberships_contains_paid_content":false,"footnotes":""},"categories":[630],"tags":[26042],"class_list":["post-112109","post","type-post","status-publish","format-standard","has-post-thumbnail","hentry","category-deportes","tag-celebraran-en-rd-5ta-edicion-torneo-softball-clasico-los-pineros"],"jetpack_featured_media_url":"https:\/\/lasprimeras.com.do\/wp-content\/uploads\/2025\/10\/Clasico-Los-Pinero.jpeg","jetpack-related-posts":[{"id":99590,"url":"https:\/\/lasprimeras.com.do\/index.php\/2025\/05\/23\/torneo-internacional-de-softball-se-celebrara-este-fin-de-semana-en-el-bronx\/","url_meta":{"origin":112109,"position":0},"title":"Torneo internacional de Softball se celebrar\u00e1 este fin de semana en El Bronx","author":"Nelson Feliz","date":"23 de mayo de 2025","format":false,"excerpt":"Por Ram\u00f3n Mercedes NUEVA YORK.- La Asociaci\u00f3n Dominicana de Softball de NY, que preside el deportista y empresario Roberto Rojas, celebrar\u00e1 este fin de semana el \u00abTorneo Sling Afuetiao 2025\u00bb, un evento deportivo de corte internacional que re\u00fane a los mejores exponentes de esta disciplina. El torneo es gratis y\u2026","rel":"","context":"En \u00abDEPORTES\u00bb","block_context":{"text":"DEPORTES","link":"https:\/\/lasprimeras.com.do\/index.php\/category\/deportes\/"},"img":{"alt_text":"Softball","src":"https:\/\/i0.wp.com\/lasprimeras.com.do\/wp-content\/uploads\/2025\/05\/Softball.jpg?resize=350%2C200&ssl=1","width":350,"height":200,"srcset":"https:\/\/i0.wp.com\/lasprimeras.com.do\/wp-content\/uploads\/2025\/05\/Softball.jpg?resize=350%2C200&ssl=1 1x, https:\/\/i0.wp.com\/lasprimeras.com.do\/wp-content\/uploads\/2025\/05\/Softball.jpg?resize=525%2C300&ssl=1 1.5x"},"classes":[]},{"id":99822,"url":"https:\/\/lasprimeras.com.do\/index.php\/2025\/05\/27\/team-kennedy-se-corona-campeon-en-ny-durante-el-torneo-sling-afuetiao-2025\/","url_meta":{"origin":112109,"position":1},"title":"Team Kennedy se corona campe\u00f3n en NY durante el Torneo Sling Afuetiao 2025","author":"Nelson Feliz","date":"27 de mayo de 2025","format":false,"excerpt":"Por Ram\u00f3n Mercedes NUEVA YORK.- El Team Kennedy result\u00f3 ganador del Torneo Sling Afuetiao 2025 celebrado el pasado fin de semana en esta ciudad, organizado por la Asociaci\u00f3n Dominicana de Softball de NY, que preside el deportista y empresario Roberto Rojas. El encuentro internacional reuni\u00f3 a los mejores exponentes de\u2026","rel":"","context":"En \u00abDEPORTES\u00bb","block_context":{"text":"DEPORTES","link":"https:\/\/lasprimeras.com.do\/index.php\/category\/deportes\/"},"img":{"alt_text":"Team Kennedy se corona campe\u00f3n en NY durante el Torneo Sling Afuetiao 2025","src":"https:\/\/i0.wp.com\/lasprimeras.com.do\/wp-content\/uploads\/2025\/05\/WhatsApp-Image-2025-05-27-at-6.32.06-AM.jpeg?resize=350%2C200&ssl=1","width":350,"height":200,"srcset":"https:\/\/i0.wp.com\/lasprimeras.com.do\/wp-content\/uploads\/2025\/05\/WhatsApp-Image-2025-05-27-at-6.32.06-AM.jpeg?resize=350%2C200&ssl=1 1x, https:\/\/i0.wp.com\/lasprimeras.com.do\/wp-content\/uploads\/2025\/05\/WhatsApp-Image-2025-05-27-at-6.32.06-AM.jpeg?resize=525%2C300&ssl=1 1.5x"},"classes":[]},{"id":82095,"url":"https:\/\/lasprimeras.com.do\/index.php\/2024\/04\/28\/fernandez-es-escogido-bateador-de-honor-torneo-softball-en-brooklyn\/","url_meta":{"origin":112109,"position":2},"title":"Fern\u00e1ndez es escogido bateador de honor torneo softball en Brooklyn","author":"Nelson Feliz","date":"28 de abril de 2024","format":false,"excerpt":"Por Vicente Balbuena New York.- El candidato a diputado de ultramar por el Partido de la Liberaci\u00f3n Dominicana (PLD), Francisco Fern\u00e1ndez, fungi\u00f3 como bateador de honor de la Liga Los Amigos de Sajoma en un torneo de softball. Durante el s\u00e9ptimo torneo amistoso de softball, escenificado en Brooklyn, New York,\u2026","rel":"","context":"En \u00abSin categor\u00eda\u00bb","block_context":{"text":"Sin categor\u00eda","link":"https:\/\/lasprimeras.com.do\/index.php\/category\/sin-categoria\/"},"img":{"alt_text":"Francisco Fern\u00e1ndez","src":"https:\/\/i0.wp.com\/lasprimeras.com.do\/wp-content\/uploads\/2024\/04\/Francisco-Fernandez.jpg?resize=350%2C200&ssl=1","width":350,"height":200,"srcset":"https:\/\/i0.wp.com\/lasprimeras.com.do\/wp-content\/uploads\/2024\/04\/Francisco-Fernandez.jpg?resize=350%2C200&ssl=1 1x, https:\/\/i0.wp.com\/lasprimeras.com.do\/wp-content\/uploads\/2024\/04\/Francisco-Fernandez.jpg?resize=525%2C300&ssl=1 1.5x, https:\/\/i0.wp.com\/lasprimeras.com.do\/wp-content\/uploads\/2024\/04\/Francisco-Fernandez.jpg?resize=700%2C400&ssl=1 2x"},"classes":[]},{"id":84331,"url":"https:\/\/lasprimeras.com.do\/index.php\/2024\/06\/02\/asoprosara-reconoce-al-presidente-del-senado-ricardo-de-los-santos\/","url_meta":{"origin":112109,"position":3},"title":"ASOPROSARA reconoce al\u00a0 presidente del Senado Ricardo de los Santos","author":"Nelson Feliz","date":"2 de junio de 2024","format":false,"excerpt":"La Asociaci\u00f3n de Softball de la provincia S\u00e1nchez Ram\u00edrez dej\u00f3 inaugurado este s\u00e1bado, el XIV Torneo de Softball Empresarial 2024 ASOPROSARA. El evento que se celebra en los terrenos del Club 5 de octubre de esa provincia, est\u00e1 dedicado al senador Ricardo de los Santos, quien tambi\u00e9n recibi\u00f3 una placa\u2026","rel":"","context":"En \u00abSin categor\u00eda\u00bb","block_context":{"text":"Sin categor\u00eda","link":"https:\/\/lasprimeras.com.do\/index.php\/category\/sin-categoria\/"},"img":{"alt_text":"Ricardo de los Santos","src":"https:\/\/i0.wp.com\/lasprimeras.com.do\/wp-content\/uploads\/2024\/06\/Ricardo-de-los-Santos-1.jpg?resize=350%2C200&ssl=1","width":350,"height":200,"srcset":"https:\/\/i0.wp.com\/lasprimeras.com.do\/wp-content\/uploads\/2024\/06\/Ricardo-de-los-Santos-1.jpg?resize=350%2C200&ssl=1 1x, https:\/\/i0.wp.com\/lasprimeras.com.do\/wp-content\/uploads\/2024\/06\/Ricardo-de-los-Santos-1.jpg?resize=525%2C300&ssl=1 1.5x, https:\/\/i0.wp.com\/lasprimeras.com.do\/wp-content\/uploads\/2024\/06\/Ricardo-de-los-Santos-1.jpg?resize=700%2C400&ssl=1 2x"},"classes":[]},{"id":81861,"url":"https:\/\/lasprimeras.com.do\/index.php\/2024\/04\/25\/grupo-pinero-celebra-primera-edicion-de-los-premios-los-ecoistas-rd\/","url_meta":{"origin":112109,"position":4},"title":"Grupo Pi\u00f1ero celebra primera edici\u00f3n de los premios Los +Eco\u00edstas RD","author":"Nelson Feliz","date":"25 de abril de 2024","format":false,"excerpt":"En el marco de la feria tur\u00edstica Dominican Annual Tourism Exchange, DATE 2024, Grupo Pi\u00f1ero, l\u00edder en el sector tur\u00edstico, celebr\u00f3 la primera edici\u00f3n de los premios Los +Eco\u00edstas Rep\u00fablica Dominicana. Este evento, despu\u00e9s de dos ediciones consecutivas realizadas en Espa\u00f1a, ha sido concebido con el loable prop\u00f3sito de resaltar\u2026","rel":"","context":"En \u00abPORTADA\u00bb","block_context":{"text":"PORTADA","link":"https:\/\/lasprimeras.com.do\/index.php\/category\/portada\/"},"img":{"alt_text":"Grupo Pi\u00f1ero celebra los premios Los +Eco\u00edstas Rep\u00fablica Dominicana","src":"https:\/\/i0.wp.com\/lasprimeras.com.do\/wp-content\/uploads\/2024\/04\/Grupo-Pinero-celebra-los-premios-Los-Ecoistas-Republica-Dominicana.jpg?resize=350%2C200&ssl=1","width":350,"height":200,"srcset":"https:\/\/i0.wp.com\/lasprimeras.com.do\/wp-content\/uploads\/2024\/04\/Grupo-Pinero-celebra-los-premios-Los-Ecoistas-Republica-Dominicana.jpg?resize=350%2C200&ssl=1 1x, https:\/\/i0.wp.com\/lasprimeras.com.do\/wp-content\/uploads\/2024\/04\/Grupo-Pinero-celebra-los-premios-Los-Ecoistas-Republica-Dominicana.jpg?resize=525%2C300&ssl=1 1.5x, https:\/\/i0.wp.com\/lasprimeras.com.do\/wp-content\/uploads\/2024\/04\/Grupo-Pinero-celebra-los-premios-Los-Ecoistas-Republica-Dominicana.jpg?resize=700%2C400&ssl=1 2x"},"classes":[]},{"id":60188,"url":"https:\/\/lasprimeras.com.do\/index.php\/2023\/09\/11\/sigfrido-pared-perez-es-el-campeon-de-la-edicion-14-clasico-federicos-birthday\/","url_meta":{"origin":112109,"position":5},"title":"Sigfrido Pared P\u00e9rez es el campe\u00f3n de la edici\u00f3n 14 Cl\u00e1sico Federico\u2019s Birthday","author":"Nelson Feliz","date":"11 de septiembre de 2023","format":false,"excerpt":"El veterano golfista Sigfrido Pared P\u00e9rez fue el gran ganador del decimocuarto Cl\u00e1sico de Golf Federico\u2019s Birthday, evento realizado este domingo en el campo Cayacoa Golf Club, donde tomaron parte m\u00e1s de 100 jugadores. Pared P\u00e9rez gan\u00f3 el evento otra vez. En este 2023 fue el mejor en la categor\u00eda\u2026","rel":"","context":"En \u00abSin categor\u00eda\u00bb","block_context":{"text":"Sin categor\u00eda","link":"https:\/\/lasprimeras.com.do\/index.php\/category\/sin-categoria\/"},"img":{"alt_text":"sigfrido Pared","src":"https:\/\/i0.wp.com\/lasprimeras.com.do\/wp-content\/uploads\/2023\/09\/sigfrido-Pared.jpg?resize=350%2C200&ssl=1","width":350,"height":200,"srcset":"https:\/\/i0.wp.com\/lasprimeras.com.do\/wp-content\/uploads\/2023\/09\/sigfrido-Pared.jpg?resize=350%2C200&ssl=1 1x, https:\/\/i0.wp.com\/lasprimeras.com.do\/wp-content\/uploads\/2023\/09\/sigfrido-Pared.jpg?resize=525%2C300&ssl=1 1.5x, https:\/\/i0.wp.com\/lasprimeras.com.do\/wp-content\/uploads\/2023\/09\/sigfrido-Pared.jpg?resize=700%2C400&ssl=1 2x"},"classes":[]}],"jetpack_sharing_enabled":true,"_links":{"self":[{"href":"https:\/\/lasprimeras.com.do\/index.php\/wp-json\/wp\/v2\/posts\/112109","targetHints":{"allow":["GET"]}}],"collection":[{"href":"https:\/\/lasprimeras.com.do\/index.php\/wp-json\/wp\/v2\/posts"}],"about":[{"href":"https:\/\/lasprimeras.com.do\/index.php\/wp-json\/wp\/v2\/types\/post"}],"author":[{"embeddable":true,"href":"https:\/\/lasprimeras.com.do\/index.php\/wp-json\/wp\/v2\/users\/10"}],"replies":[{"embeddable":true,"href":"https:\/\/lasprimeras.com.do\/index.php\/wp-json\/wp\/v2\/comments?post=112109"}],"version-history":[{"count":1,"href":"https:\/\/lasprimeras.com.do\/index.php\/wp-json\/wp\/v2\/posts\/112109\/revisions"}],"predecessor-version":[{"id":112111,"href":"https:\/\/lasprimeras.com.do\/index.php\/wp-json\/wp\/v2\/posts\/112109\/revisions\/112111"}],"wp:featuredmedia":[{"embeddable":true,"href":"https:\/\/lasprimeras.com.do\/index.php\/wp-json\/wp\/v2\/media\/112110"}],"wp:attachment":[{"href":"https:\/\/lasprimeras.com.do\/index.php\/wp-json\/wp\/v2\/media?parent=112109"}],"wp:term":[{"taxonomy":"category","embeddable":true,"href":"https:\/\/lasprimeras.com.do\/index.php\/wp-json\/wp\/v2\/categories?post=112109"},{"taxonomy":"post_tag","embeddable":true,"href":"https:\/\/lasprimeras.com.do\/index.php\/wp-json\/wp\/v2\/tags?post=112109"}],"curies":[{"name":"wp","href":"https:\/\/api.w.org\/{rel}","templated":true}]}}