{"id":112127,"date":"2025-10-17T10:01:47","date_gmt":"2025-10-17T14:01:47","guid":{"rendered":"https:\/\/lasprimeras.com.do\/?p=112127"},"modified":"2025-10-17T10:01:48","modified_gmt":"2025-10-17T14:01:48","slug":"petro-no-asistira-a-la-cumbre-de-las-americas-en-rd","status":"publish","type":"post","link":"https:\/\/lasprimeras.com.do\/index.php\/2025\/10\/17\/petro-no-asistira-a-la-cumbre-de-las-americas-en-rd\/","title":{"rendered":"Petro no asistir\u00e1 a la Cumbre de las Am\u00e9ricas en RD"},"content":{"rendered":"\n<p>Bogot\u00e1.- El presidente de Colombia, Gustavo Petro, anunci\u00f3 este mi\u00e9rcoles que no asistir\u00e1 a la pr\u00f3xima Cumbre de las Am\u00e9ricas de diciembre en Rep\u00fablica Dominicana, tras la exclusi\u00f3n de Cuba, Nicaragua y Venezuela y el \u00faltimo ataque de Estados Unidos contra una supuesta narcolancha en el Caribe.<\/p>\n\n\n\n<p>\u201cNo asistir\u00e9 a la cumbre de las Am\u00e9ricas en Rep\u00fablica Dominicana. El di\u00e1logo no comienza con exclusiones\u201d, escribi\u00f3 Petro en una extensa publicaci\u00f3n en su cuenta de X.<\/p>\n\n\n\n<p>Lea tambi\u00e9n: \u201cNo, no voy a asistir\u201d: Presidenta de M\u00e9xico no participar\u00e1 en Cumbre de las Am\u00e9ricas que se celebrar\u00e1 en RD<\/p>\n\n\n\n<p>\u201cAgresi\u00f3n en el Caribe\u201d<\/p>\n\n\n\n<p>Petro cuestion\u00f3 la falta de respuesta de Estados Unidos a su propuesta de di\u00e1logo con la Comunidad de Estados Latinoamericanos y Caribe\u00f1os (CELAC).<\/p>\n\n\n\n<p>El mandatario explic\u00f3 que hab\u00eda propuesto una reuni\u00f3n CELAC\u2013EE. UU. para estudiar \u201cla integraci\u00f3n econ\u00f3mica de una gran Am\u00e9rica\u201d, pero que Washington no respondi\u00f3.<\/p>\n\n\n\n<p>\u201cLo que tenemos es una agresi\u00f3n en el Caribe, que se hab\u00eda constituido como zona de paz. No asistir\u00e9 a la Cumbre de las Am\u00e9ricas en Rep\u00fablica Dominicana. El di\u00e1logo no comienza con exclusiones\u201d, expres\u00f3.<\/p>\n\n\n\n<p>Petro reafirm\u00f3 su postura a favor de una integraci\u00f3n latinoamericana independiente, basada en el di\u00e1logo multilateral y la cooperaci\u00f3n con todos los bloques del mundo.<\/p>\n\n\n\n<p>\u201cAm\u00e9rica Latina no necesita tomar partido en competencias comerciales de naciones poderosas que siempre son fluctuantes\u201d, se\u00f1al\u00f3, destacando la necesidad de \u201cproyectos concretos\u201d dentro de la regi\u00f3n.<\/p>\n\n\n\n<p>Entre esas iniciativas, el jefe de Estado colombiano mencion\u00f3 la energ\u00eda el\u00e9ctrica limpia, propuesta por su gobierno, la producci\u00f3n de medicamentos impulsada por M\u00e9xico, y la integraci\u00f3n amaz\u00f3nica que promueven Colombia y Brasil.<\/p>\n\n\n\n<p>\u201cAm\u00e9rica Latina debe integrarse a su interior y vincularse con todo el mundo sin excepciones y sin subordinaciones\u201d, sostuvo.<\/p>\n\n\n\n<p>Asimismo, el mandatario record\u00f3 que en la reuni\u00f3n CELAC\u2013Europa se impulsar\u00e1 una alianza estrat\u00e9gica \u201cbasada en el conocimiento, las energ\u00edas limpias y la inteligencia artificial con soberan\u00eda p\u00fablica global de su regulaci\u00f3n\u201d.<\/p>\n\n\n\n<figure class=\"wp-block-image size-full is-resized\"><img decoding=\"async\" width=\"545\" height=\"483\" src=\"https:\/\/lasprimeras.com.do\/wp-content\/uploads\/2025\/10\/petro.jpg\" alt=\"\" class=\"wp-image-112128\" style=\"width:840px;height:auto\" srcset=\"https:\/\/lasprimeras.com.do\/wp-content\/uploads\/2025\/10\/petro.jpg 545w, https:\/\/lasprimeras.com.do\/wp-content\/uploads\/2025\/10\/petro-300x266.jpg 300w\" sizes=\"(max-width: 545px) 100vw, 545px\" \/><\/figure>\n\n\n\n<p>Tambi\u00e9n destac\u00f3 que ya se logr\u00f3 un acuerdo con China bajo los mismos principios y que se han propuesto encuentros entre la CELAC y otros bloques como la Uni\u00f3n Africana, Medio Oriente e India.<\/p>\n\n\n\n<p>El pasado 30 de septiembre, la Canciller\u00eda dominicana inform\u00f3 sobre la decisi\u00f3n del Gobierno de Luis Abinader de no invitar a Cuba, Nicaragua y Venezuela a la X Cumbre de las Am\u00e9ricas que se celebrar\u00e1 el 4 y el 5 de diciembre pr\u00f3ximo en Punta Cana, en el este del pa\u00eds caribe\u00f1o.<\/p>\n","protected":false},"excerpt":{"rendered":"<p>Bogot\u00e1.- El presidente de Colombia, Gustavo Petro, anunci\u00f3 este mi\u00e9rcoles que no asistir\u00e1 a la pr\u00f3xima Cumbre de las Am\u00e9ricas de diciembre en Rep\u00fablica Dominicana, tras la exclusi\u00f3n de Cuba,&hellip;<\/p>\n","protected":false},"author":10,"featured_media":103726,"comment_status":"open","ping_status":"open","sticky":false,"template":"","format":"standard","meta":{"content-type":"","jetpack_post_was_ever_published":false,"_jetpack_newsletter_access":"","_jetpack_dont_email_post_to_subs":false,"_jetpack_newsletter_tier_id":0,"_jetpack_memberships_contains_paywalled_content":false,"_jetpack_memberships_contains_paid_content":false,"footnotes":""},"categories":[16289],"tags":[3435,17479,3423,26052,935,127],"class_list":["post-112127","post","type-post","status-publish","format-standard","has-post-thumbnail","hentry","category-internacionales","tag-colombiano","tag-cumbre-de-las-americas","tag-gustavo-petro","tag-no-asistira","tag-presidente","tag-rd"],"jetpack_featured_media_url":"https:\/\/lasprimeras.com.do\/wp-content\/uploads\/2025\/07\/Gustavo-Petro.jpg","jetpack-related-posts":[{"id":91351,"url":"https:\/\/lasprimeras.com.do\/index.php\/2024\/11\/18\/sheinbaum-y-petro-refuerzan-los-lazos-bilaterales-entre-mexico-y-colombia-en-el-g20\/","url_meta":{"origin":112127,"position":0},"title":"Sheinbaum y Petro refuerzan los lazos bilaterales entre M\u00e9xico y Colombia en el G20","author":"Nelson Feliz","date":"18 de noviembre de 2024","format":false,"excerpt":"R\u00edo de Janeiro, (EFE).- La presidenta de M\u00e9xico, Claudia Sheinbaum, sostuvo este lunes una reuni\u00f3n bilateral con su hom\u00f3logo colombiano, Gustavo Petro, en el marco de la Cumbre de L\u00edderes del G20, celebrada en Brasil. Este encuentro representa la segunda reuni\u00f3n bilateral entre ambos mandatarios desde que Sheinbaum asumi\u00f3 la\u2026","rel":"","context":"En \u00abINTERNACIONALES\u00bb","block_context":{"text":"INTERNACIONALES","link":"https:\/\/lasprimeras.com.do\/index.php\/category\/sin-categoria\/internacionales\/"},"img":{"alt_text":"Claudia Sheinbaum y Gustavo Petro","src":"https:\/\/i0.wp.com\/lasprimeras.com.do\/wp-content\/uploads\/2024\/11\/Claudia-Sheinbaum-y-Gustavo-Petro.jpg?resize=350%2C200&ssl=1","width":350,"height":200,"srcset":"https:\/\/i0.wp.com\/lasprimeras.com.do\/wp-content\/uploads\/2024\/11\/Claudia-Sheinbaum-y-Gustavo-Petro.jpg?resize=350%2C200&ssl=1 1x, https:\/\/i0.wp.com\/lasprimeras.com.do\/wp-content\/uploads\/2024\/11\/Claudia-Sheinbaum-y-Gustavo-Petro.jpg?resize=525%2C300&ssl=1 1.5x, https:\/\/i0.wp.com\/lasprimeras.com.do\/wp-content\/uploads\/2024\/11\/Claudia-Sheinbaum-y-Gustavo-Petro.jpg?resize=700%2C400&ssl=1 2x"},"classes":[]},{"id":111818,"url":"https:\/\/lasprimeras.com.do\/index.php\/2025\/10\/14\/medios-dominicanos-replican-ausencia-de-mexico-a-cumbre\/","url_meta":{"origin":112127,"position":1},"title":"Medios dominicanos replican ausencia de M\u00e9xico a Cumbre","author":"Nelson Feliz","date":"14 de octubre de 2025","format":false,"excerpt":"Medios dominicanos reproducen las declaraciones de la presidenta de M\u00e9xico, Claudia Sheinbaum, quien descart\u00f3 hoy su participaci\u00f3n en la Cumbre de las Am\u00e9ricas, en este pa\u00eds, y rechaz\u00f3 la exclusi\u00f3n de Cuba, Venezuela y Nicaragua. El peri\u00f3dico El D\u00eda public\u00f3 que la mandataria expres\u00f3 su desacuerdo por la exclusi\u00f3n de\u2026","rel":"","context":"En \u00abNACIONALES\u00bb","block_context":{"text":"NACIONALES","link":"https:\/\/lasprimeras.com.do\/index.php\/category\/nacionales\/"},"img":{"alt_text":"Claudia Sheinbaum","src":"https:\/\/i0.wp.com\/lasprimeras.com.do\/wp-content\/uploads\/2024\/07\/Claudia-Sheinbaum.jpg?resize=350%2C200&ssl=1","width":350,"height":200,"srcset":"https:\/\/i0.wp.com\/lasprimeras.com.do\/wp-content\/uploads\/2024\/07\/Claudia-Sheinbaum.jpg?resize=350%2C200&ssl=1 1x, https:\/\/i0.wp.com\/lasprimeras.com.do\/wp-content\/uploads\/2024\/07\/Claudia-Sheinbaum.jpg?resize=525%2C300&ssl=1 1.5x, https:\/\/i0.wp.com\/lasprimeras.com.do\/wp-content\/uploads\/2024\/07\/Claudia-Sheinbaum.jpg?resize=700%2C400&ssl=1 2x"},"classes":[]},{"id":114151,"url":"https:\/\/lasprimeras.com.do\/index.php\/2025\/11\/11\/andres-navarro-la-rd-vive-los-momentos-mas-grises-de-su-diplomacia-bilateral\/","url_meta":{"origin":112127,"position":2},"title":"Andr\u00e9s Navarro: La RD vive los momentos m\u00e1s grises de su diplomacia bilateral","author":"Nelson Feliz","date":"11 de noviembre de 2025","format":false,"excerpt":"El miembro del Comit\u00e9 Pol\u00edtico del Partido de la Liberaci\u00f3n Dominicana (PLD) y excanciller de la Rep\u00fablica, Arq. Andr\u00e9s Navarro, ha expresado su profunda preocupaci\u00f3n por el estado actual de la pol\u00edtica exterior dominicana, asegurando que el pa\u00eds atraviesa \"los momentos m\u00e1s grises de la diplomacia bilateral\" de su historia\u2026","rel":"","context":"En \u00abPOLITICA\u00bb","block_context":{"text":"POLITICA","link":"https:\/\/lasprimeras.com.do\/index.php\/category\/politica\/"},"img":{"alt_text":"Andr\u00e9s Navarro","src":"https:\/\/i0.wp.com\/lasprimeras.com.do\/wp-content\/uploads\/2025\/11\/Andres-Navarro-1.png?resize=350%2C200&ssl=1","width":350,"height":200,"srcset":"https:\/\/i0.wp.com\/lasprimeras.com.do\/wp-content\/uploads\/2025\/11\/Andres-Navarro-1.png?resize=350%2C200&ssl=1 1x, https:\/\/i0.wp.com\/lasprimeras.com.do\/wp-content\/uploads\/2025\/11\/Andres-Navarro-1.png?resize=525%2C300&ssl=1 1.5x"},"classes":[]},{"id":84770,"url":"https:\/\/lasprimeras.com.do\/index.php\/2024\/06\/15\/abinader-proyecta-su-liderazgo-en-centroamerica-y-el-caribe-en-cumbre-sobre-la-paz-en-ucrania\/","url_meta":{"origin":112127,"position":3},"title":"Abinader proyecta su liderazgo en Centroam\u00e9rica y el Caribe en Cumbre sobre la Paz en Ucrania","author":"Nelson Feliz","date":"15 de junio de 2024","format":false,"excerpt":"M\u00e1s de 90 jefes de Estado y de Gobierno representan todas las regiones del mundo en el evento. Lucerna, Suiza. - Con su participaci\u00f3n en la Cumbre de jefes de Estado y de Gobierno, que se celebra aqu\u00ed, por la Paz en Ucrania, el presidente Luis Abinader sigue proyectando su\u2026","rel":"","context":"En \u00abNACIONALES\u00bb","block_context":{"text":"NACIONALES","link":"https:\/\/lasprimeras.com.do\/index.php\/category\/nacionales\/"},"img":{"alt_text":"Luis Abinader","src":"https:\/\/i0.wp.com\/lasprimeras.com.do\/wp-content\/uploads\/2024\/06\/Luis-Abinader-5.jpg?resize=350%2C200&ssl=1","width":350,"height":200,"srcset":"https:\/\/i0.wp.com\/lasprimeras.com.do\/wp-content\/uploads\/2024\/06\/Luis-Abinader-5.jpg?resize=350%2C200&ssl=1 1x, https:\/\/i0.wp.com\/lasprimeras.com.do\/wp-content\/uploads\/2024\/06\/Luis-Abinader-5.jpg?resize=525%2C300&ssl=1 1.5x, https:\/\/i0.wp.com\/lasprimeras.com.do\/wp-content\/uploads\/2024\/06\/Luis-Abinader-5.jpg?resize=700%2C400&ssl=1 2x"},"classes":[]},{"id":54670,"url":"https:\/\/lasprimeras.com.do\/index.php\/2023\/07\/13\/abinader-acudira-a-la-cumbre-entre-la-union-europea-y-celac\/","url_meta":{"origin":112127,"position":4},"title":"Abinader acudir\u00e1 a la cumbre entre la Uni\u00f3n Europea y Celac","author":"Nelson Feliz","date":"13 de julio de 2023","format":false,"excerpt":"El presidente dominicano, Luis Abinader, tiene previsto acudir a la cumbre entre la Uni\u00f3n Europea (UE) y la Comunidad de Estados Latinoamericanos y Caribe\u00f1os (Celac) la semana pr\u00f3xima en Bruselas, dijo ayer la embajadora comunitaria en el pa\u00eds Katja Afheldt. En un acto celebrado en la embajada espa\u00f1ola con motivo\u2026","rel":"","context":"En \u00abNACIONALES\u00bb","block_context":{"text":"NACIONALES","link":"https:\/\/lasprimeras.com.do\/index.php\/category\/nacionales\/"},"img":{"alt_text":"Luis Abinader","src":"https:\/\/i0.wp.com\/lasprimeras.com.do\/wp-content\/uploads\/2023\/07\/Luis-Abinader-PP-1.jpg?resize=350%2C200&ssl=1","width":350,"height":200,"srcset":"https:\/\/i0.wp.com\/lasprimeras.com.do\/wp-content\/uploads\/2023\/07\/Luis-Abinader-PP-1.jpg?resize=350%2C200&ssl=1 1x, https:\/\/i0.wp.com\/lasprimeras.com.do\/wp-content\/uploads\/2023\/07\/Luis-Abinader-PP-1.jpg?resize=525%2C300&ssl=1 1.5x"},"classes":[]},{"id":125298,"url":"https:\/\/lasprimeras.com.do\/index.php\/2026\/03\/22\/lula-y-petro-cuestionan-capacidad-de-onu-para-frenar-guerras-y-abogan-por-multilateralismo-en-celac\/","url_meta":{"origin":112127,"position":5},"title":"Lula y Petro cuestionan capacidad de ONU para frenar guerras y abogan por multilateralismo en CELAC","author":"Nelson Feliz","date":"22 de marzo de 2026","format":false,"excerpt":"POR ASTRID SU\u00c1REZ BOGOT\u00c1 (AP) \u2014 Los presidentes de Brasil y Colombia coincidieron el s\u00e1bado en cuestionar fuertemente la capacidad de Naciones Unidas para frenar las guerras en el mundo y abogaron por el multilateralismo, en especial entre las naciones del sur global, durante una reuni\u00f3n de la CELAC-\u00c1frica celebrada\u2026","rel":"","context":"En \u00abINTERNACIONALES\u00bb","block_context":{"text":"INTERNACIONALES","link":"https:\/\/lasprimeras.com.do\/index.php\/category\/sin-categoria\/internacionales\/"},"img":{"alt_text":"Gustavo Petro","src":"https:\/\/i0.wp.com\/lasprimeras.com.do\/wp-content\/uploads\/2026\/03\/Gustavo-Petro-1.jpg?resize=350%2C200&ssl=1","width":350,"height":200,"srcset":"https:\/\/i0.wp.com\/lasprimeras.com.do\/wp-content\/uploads\/2026\/03\/Gustavo-Petro-1.jpg?resize=350%2C200&ssl=1 1x, https:\/\/i0.wp.com\/lasprimeras.com.do\/wp-content\/uploads\/2026\/03\/Gustavo-Petro-1.jpg?resize=525%2C300&ssl=1 1.5x, https:\/\/i0.wp.com\/lasprimeras.com.do\/wp-content\/uploads\/2026\/03\/Gustavo-Petro-1.jpg?resize=700%2C400&ssl=1 2x"},"classes":[]}],"jetpack_sharing_enabled":true,"_links":{"self":[{"href":"https:\/\/lasprimeras.com.do\/index.php\/wp-json\/wp\/v2\/posts\/112127","targetHints":{"allow":["GET"]}}],"collection":[{"href":"https:\/\/lasprimeras.com.do\/index.php\/wp-json\/wp\/v2\/posts"}],"about":[{"href":"https:\/\/lasprimeras.com.do\/index.php\/wp-json\/wp\/v2\/types\/post"}],"author":[{"embeddable":true,"href":"https:\/\/lasprimeras.com.do\/index.php\/wp-json\/wp\/v2\/users\/10"}],"replies":[{"embeddable":true,"href":"https:\/\/lasprimeras.com.do\/index.php\/wp-json\/wp\/v2\/comments?post=112127"}],"version-history":[{"count":1,"href":"https:\/\/lasprimeras.com.do\/index.php\/wp-json\/wp\/v2\/posts\/112127\/revisions"}],"predecessor-version":[{"id":112129,"href":"https:\/\/lasprimeras.com.do\/index.php\/wp-json\/wp\/v2\/posts\/112127\/revisions\/112129"}],"wp:featuredmedia":[{"embeddable":true,"href":"https:\/\/lasprimeras.com.do\/index.php\/wp-json\/wp\/v2\/media\/103726"}],"wp:attachment":[{"href":"https:\/\/lasprimeras.com.do\/index.php\/wp-json\/wp\/v2\/media?parent=112127"}],"wp:term":[{"taxonomy":"category","embeddable":true,"href":"https:\/\/lasprimeras.com.do\/index.php\/wp-json\/wp\/v2\/categories?post=112127"},{"taxonomy":"post_tag","embeddable":true,"href":"https:\/\/lasprimeras.com.do\/index.php\/wp-json\/wp\/v2\/tags?post=112127"}],"curies":[{"name":"wp","href":"https:\/\/api.w.org\/{rel}","templated":true}]}}