{"id":112130,"date":"2025-10-17T11:16:29","date_gmt":"2025-10-17T15:16:29","guid":{"rendered":"https:\/\/lasprimeras.com.do\/?p=112130"},"modified":"2025-10-17T11:16:32","modified_gmt":"2025-10-17T15:16:32","slug":"bolton-llega-al-tribunal-para-entregarse-a-las-autoridades-por-cargos-en-caso-de-informacion-clasificada","status":"publish","type":"post","link":"https:\/\/lasprimeras.com.do\/index.php\/2025\/10\/17\/bolton-llega-al-tribunal-para-entregarse-a-las-autoridades-por-cargos-en-caso-de-informacion-clasificada\/","title":{"rendered":"Bolton llega al tribunal para entregarse a las autoridades por cargos en caso de informaci\u00f3n clasificada"},"content":{"rendered":"\n<p>Por ERIC TUCKER y ALANNA DURKIN RICHER<\/p>\n\n\n\n<p><strong>GREENBELT, Maryland (AP) \u2014<\/strong> John Bolton lleg\u00f3 el viernes a un tribunal federal para entregarse a las autoridades por cargos que acusan al ex asesor de seguridad nacional de la administraci\u00f3n Trump, convertido en cr\u00edtico del presidente, de enviar informaci\u00f3n clasificada por correo electr\u00f3nico a sus familiares y de guardar documentos de alto secreto en su casa de Maryland.<\/p>\n\n\n\n<p>Bolton no hizo comentarios a los periodistas cuando ingres\u00f3 al tribunal en Greenbelt, Maryland, donde se espera que haga una aparici\u00f3n inicial ante un juez por la acusaci\u00f3n de 18 cargos presentada en su contra el jueves.<\/p>\n\n\n\n<p>Es el tercer caso penal presentado en las \u00faltimas semanas por el Departamento de Justicia contra un adversario de Trump, y se desarrolla en un contexto de crecientes preocupaciones de que el presidente republicano est\u00e1 utilizando a la agencia policial para buscar venganza contra sus supuestos enemigos.<\/p>\n\n\n\n<p>&#8220;Ahora, me he convertido en el \u00faltimo objetivo de utilizar como arma al Departamento de Justicia para acusar a quienes \u00e9l considera sus enemigos con cargos que fueron rechazados antes o distorsionan los hechos&#8221;, dijo Bolton en una declaraci\u00f3n despu\u00e9s de que un gran jurado devolviera la acusaci\u00f3n el jueves.<\/p>\n\n\n\n<p>Bolton est\u00e1 acusado de compartir con su esposa e hija m\u00e1s de 1.000 p\u00e1ginas de notas que inclu\u00edan informaci\u00f3n confidencial de defensa nacional que hab\u00eda obtenido en reuniones con otros funcionarios del gobierno estadounidense y l\u00edderes extranjeros, o en informes de inteligencia.<\/p>\n\n\n\n<p>Las autoridades afirman que parte de la informaci\u00f3n qued\u00f3 expuesta cuando agentes presuntamente vinculados al gobierno iran\u00ed piratearon la cuenta de correo electr\u00f3nico de Bolton, que este utilizaba para enviar a sus familiares notas similares a un diario sobre sus actividades.<\/p>\n\n\n\n<p>Bolton, de 76 a\u00f1os, es una figura de larga data en los c\u00edrculos de pol\u00edtica exterior republicana, se hizo conocido por sus opiniones agresivas sobre el poder estadounidense y sirvi\u00f3 durante m\u00e1s de un a\u00f1o en la primera administraci\u00f3n de Trump antes de ser despedido en 2019. Posteriormente public\u00f3 un libro muy cr\u00edtico con Trump.<\/p>\n\n\n\n<figure class=\"wp-block-image size-full\"><img decoding=\"async\" width=\"800\" height=\"533\" src=\"https:\/\/lasprimeras.com.do\/wp-content\/uploads\/2025\/10\/John-Bolton-1.jpg\" alt=\"\" class=\"wp-image-112132\" srcset=\"https:\/\/lasprimeras.com.do\/wp-content\/uploads\/2025\/10\/John-Bolton-1.jpg 800w, https:\/\/lasprimeras.com.do\/wp-content\/uploads\/2025\/10\/John-Bolton-1-300x200.jpg 300w, https:\/\/lasprimeras.com.do\/wp-content\/uploads\/2025\/10\/John-Bolton-1-768x512.jpg 768w\" sizes=\"(max-width: 800px) 100vw, 800px\" \/><\/figure>\n\n\n\n<p>\u201cHay un solo nivel de justicia para todos los estadounidenses\u201d, declar\u00f3 la Fiscal General Pam Bondi el jueves. \u201cCualquiera que abuse de su poder y ponga en peligro nuestra seguridad nacional rendir\u00e1 cuentas. Nadie est\u00e1 por encima de la ley\u201d.<\/p>\n\n\n\n<p>La acusaci\u00f3n formal es significativamente m\u00e1s detallada en sus alegaciones que casos anteriores contra el exdirector del FBI, James Comey, y la fiscal general de Nueva York, Letitia James.<\/p>\n\n\n\n<p>A diferencia de aquellos casos presentados por un fiscal federal nombrado apresuradamente, la acusaci\u00f3n formal contra Bolton fue firmada por fiscales de seguridad nacional de carrera.<\/p>\n\n\n\n<p>Si bien la investigaci\u00f3n de Bolton se hizo p\u00fablica en agosto, cuando el FBI registr\u00f3 su domicilio en Maryland y su oficina en Washington, la investigaci\u00f3n ya estaba en plena marcha cuando Trump asumi\u00f3 el cargo en enero.<\/p>\n\n\n\n<p><strong>Intercambio de secretos clasificados<\/strong><\/p>\n\n\n\n<p>La acusaci\u00f3n formal sugiere que Bolton era consciente de la incorrecci\u00f3n de compartir informaci\u00f3n clasificada con personas no autorizadas a recibirla, citando una entrevista en abril con un medio de comunicaci\u00f3n en la que reprendi\u00f3 a funcionarios de la administraci\u00f3n Trump por usar Signal para discutir detalles militares sensibles.<\/p>\n\n\n\n<p>Si bien la fiscal\u00eda pretende demostrar que Bolton comprend\u00eda el protocolo adecuado para secretos gubernamentales, su equipo legal tambi\u00e9n podr\u00eda invocarla para argumentar un doble rasero en la aplicaci\u00f3n de la ley, ya que no se tiene constancia de que el Departamento de Justicia haya abierto ninguna investigaci\u00f3n sobre el episodio de Signal.<\/p>\n\n\n\n<p>Las autoridades afirman que Bolton tom\u00f3 notas meticulosas sobre sus reuniones y sesiones informativas como asesor de seguridad nacional y luego utiliz\u00f3 una cuenta de correo electr\u00f3nico personal y una plataforma de mensajer\u00eda para compartir informaci\u00f3n clasificada como de alto secreto con sus familiares.<\/p>\n\n\n\n<p>Tras enviar un documento, Bolton escribi\u00f3 en un mensaje a sus familiares: &#8220;\u00a1\u00a1\u00a1De nada de lo que hablamos!!!&#8221;. En respuesta, uno de sus familiares escribi\u00f3: &#8220;\u00a1Shhh!&#8221;, seg\u00fan la fiscal\u00eda.<\/p>\n\n\n\n<p>Los dos miembros de la familia no fueron identificados en los documentos judiciales, pero una persona familiarizada con el caso, que habl\u00f3 bajo condici\u00f3n de anonimato para discutir detalles no p\u00fablicos, los identific\u00f3 como la esposa y la hija de Bolton.<\/p>\n\n\n\n<p>Un representante de Bolton le dijo al FBI en julio de 2021 que su cuenta de correo electr\u00f3nico hab\u00eda sido pirateada por agentes que se cree estaban vinculados al gobierno iran\u00ed, pero no revel\u00f3 que hab\u00eda compartido informaci\u00f3n clasificada a trav\u00e9s de la cuenta o que los piratas inform\u00e1ticos ahora estaban en posesi\u00f3n de secretos del gobierno, seg\u00fan la acusaci\u00f3n.<\/p>\n\n\n\n<p>La acusaci\u00f3n tambi\u00e9n acusa a Bolton de almacenar en su casa informaci\u00f3n de alto secreto sobre los planes de un adversario extranjero de atacar a las fuerzas estadounidenses en el extranjero, acciones encubiertas tomadas por el gobierno de Estados Unidos u otra informaci\u00f3n que, seg\u00fan las autoridades, podr\u00eda poner en riesgo la seguridad nacional del pa\u00eds.<\/p>\n\n\n\n<p>El abogado de Bolton, Abbe Lowell, dijo en una declaraci\u00f3n que &#8220;los hechos subyacentes en este caso fueron investigados y resueltos hace a\u00f1os&#8221;.<\/p>\n\n\n\n<p>Dijo que los cargos se derivan de partes de los diarios personales de Bolton a lo largo de sus 45 a\u00f1os de carrera en el gobierno e incluyen informaci\u00f3n no clasificada que se comparti\u00f3 solo con su familia inmediata y que el FBI conoc\u00eda desde 2021.<\/p>\n\n\n\n<p>\u201cComo muchos funcionarios p\u00fablicos a lo largo de la historia\u201d, dijo Lowell, \u201cBolton llevaba diarios; eso no es un delito\u201d. A\u00f1adi\u00f3 que Bolton \u201cno comparti\u00f3 ni almacen\u00f3 informaci\u00f3n ilegalmente\u201d.<\/p>\n\n\n\n<p><strong>Pol\u00e9mica por un libro<\/strong><\/p>\n\n\n\n<p>Bolton sugiri\u00f3 que el caso penal fue el resultado de un esfuerzo fallido del Departamento de Justicia, despu\u00e9s de que dej\u00f3 el gobierno, para bloquear la publicaci\u00f3n de su libro de 2020 \u201cThe Room Where It Happened\u201d, que retrataba a Trump como extremadamente desinformado sobre pol\u00edtica exterior.<\/p>\n\n\n\n<p>La administraci\u00f3n Trump afirm\u00f3 que el manuscrito de Bolton conten\u00eda informaci\u00f3n clasificada que podr\u00eda perjudicar la seguridad nacional si se divulgaba.<\/p>\n\n\n\n<p>Los abogados de Bolton afirman que este sigui\u00f3 adelante con el libro despu\u00e9s de que un funcionario del Consejo de Seguridad Nacional de la Casa Blanca, con quien Bolton hab\u00eda trabajado durante meses, declarara que el manuscrito ya no conten\u00eda informaci\u00f3n clasificada.<\/p>\n","protected":false},"excerpt":{"rendered":"<p>Por ERIC TUCKER y ALANNA DURKIN RICHER GREENBELT, Maryland (AP) \u2014 John Bolton lleg\u00f3 el viernes a un tribunal federal para entregarse a las autoridades por cargos que acusan al&hellip;<\/p>\n","protected":false},"author":10,"featured_media":112131,"comment_status":"open","ping_status":"open","sticky":false,"template":"","format":"standard","meta":{"content-type":"","jetpack_post_was_ever_published":false,"_jetpack_newsletter_access":"","_jetpack_dont_email_post_to_subs":false,"_jetpack_newsletter_tier_id":0,"_jetpack_memberships_contains_paywalled_content":false,"_jetpack_memberships_contains_paid_content":false,"footnotes":""},"categories":[16289],"tags":[949,3545,1807,22506,1552,23507,1757],"class_list":["post-112130","post","type-post","status-publish","format-standard","has-post-thumbnail","hentry","category-internacionales","tag-autoridades","tag-cargos","tag-caso","tag-clasificada","tag-informacion","tag-john-bolton","tag-tribunal"],"jetpack_featured_media_url":"https:\/\/lasprimeras.com.do\/wp-content\/uploads\/2025\/10\/John-Bolton.jpg","jetpack-related-posts":[{"id":107061,"url":"https:\/\/lasprimeras.com.do\/index.php\/2025\/08\/22\/fbi-registra-la-casa-de-john-bolton-exasesor-de-seguridad-nacional-de-trump-segun-fuente-de-ap\/","url_meta":{"origin":112130,"position":0},"title":"FBI registra la casa de John Bolton, exasesor de Seguridad Nacional de Trump, seg\u00fan fuente de AP","author":"Nelson Feliz","date":"22 de agosto de 2025","format":false,"excerpt":"POR ERIC TUCKER WASHINGTON (AP) \u2014 El FBI registraba la casa de John Bolton en Maryland, quien fue asesor de Seguridad Nacional en la primera presidencia de Donald Trump pero luego se volvi\u00f3 cr\u00edtico con el mandatario, como parte de una investigaci\u00f3n sobre el manejo de documentos clasificados, dijo el\u2026","rel":"","context":"En \u00abINTERNACIONALES\u00bb","block_context":{"text":"INTERNACIONALES","link":"https:\/\/lasprimeras.com.do\/index.php\/category\/sin-categoria\/internacionales\/"},"img":{"alt_text":"","src":"https:\/\/i0.wp.com\/lasprimeras.com.do\/wp-content\/uploads\/2025\/08\/John-Bolton.jpg?resize=350%2C200&ssl=1","width":350,"height":200,"srcset":"https:\/\/i0.wp.com\/lasprimeras.com.do\/wp-content\/uploads\/2025\/08\/John-Bolton.jpg?resize=350%2C200&ssl=1 1x, https:\/\/i0.wp.com\/lasprimeras.com.do\/wp-content\/uploads\/2025\/08\/John-Bolton.jpg?resize=525%2C300&ssl=1 1.5x, https:\/\/i0.wp.com\/lasprimeras.com.do\/wp-content\/uploads\/2025\/08\/John-Bolton.jpg?resize=700%2C400&ssl=1 2x"},"classes":[]},{"id":94075,"url":"https:\/\/lasprimeras.com.do\/index.php\/2025\/02\/25\/tribunal-bloquea-operaciones-de-ice-en-iglesias-y-otros-lugares-de-culto\/","url_meta":{"origin":112130,"position":1},"title":"Tribunal bloquea operaciones de ICE en iglesias y otros lugares de culto","author":"Nelson Feliz","date":"25 de febrero de 2025","format":false,"excerpt":"'La Migra' no podr\u00e1 realizar redadas en o cerca de iglesias o centros de culto, luego de una orden preliminar de un juez en Maryland Maryland\u2026La agencia de Inmigraci\u00f3n y Control de Aduanas (ICE) enfrenta un nuevo bloqueo en sus operaciones en los llamados \u201clugares sensibles\u201d, luego de que un\u2026","rel":"","context":"En \u00abINTERNACIONALES\u00bb","block_context":{"text":"INTERNACIONALES","link":"https:\/\/lasprimeras.com.do\/index.php\/category\/sin-categoria\/internacionales\/"},"img":{"alt_text":"","src":"https:\/\/i0.wp.com\/lasprimeras.com.do\/wp-content\/uploads\/2025\/02\/ice.png?resize=350%2C200&ssl=1","width":350,"height":200,"srcset":"https:\/\/i0.wp.com\/lasprimeras.com.do\/wp-content\/uploads\/2025\/02\/ice.png?resize=350%2C200&ssl=1 1x, https:\/\/i0.wp.com\/lasprimeras.com.do\/wp-content\/uploads\/2025\/02\/ice.png?resize=525%2C300&ssl=1 1.5x, https:\/\/i0.wp.com\/lasprimeras.com.do\/wp-content\/uploads\/2025\/02\/ice.png?resize=700%2C400&ssl=1 2x"},"classes":[]},{"id":96547,"url":"https:\/\/lasprimeras.com.do\/index.php\/2025\/04\/02\/crece-indignacion-por-la-deportacion-erronea-de-un-hombre-de-maryland-a-una-prision-en-el-salvador\/","url_meta":{"origin":112130,"position":2},"title":"Crece indignaci\u00f3n por la deportaci\u00f3n err\u00f3nea de un hombre de Maryland a una prisi\u00f3n en El Salvador","author":"Nelson Feliz","date":"2 de abril de 2025","format":false,"excerpt":"POR BEN FINLEY En los 22 d\u00edas que han pasado desde que Kilmar Abrego Garc\u00eda, residente en Maryland, fue deportado por error a una violenta prisi\u00f3n de El Salvador, su hijo autista ha buscado consuelo en el aroma de la ropa de su padre. \u201cAunque no puede hablar, me muestra\u2026","rel":"","context":"En \u00abINTERNACIONALES\u00bb","block_context":{"text":"INTERNACIONALES","link":"https:\/\/lasprimeras.com.do\/index.php\/category\/sin-categoria\/internacionales\/"},"img":{"alt_text":"Kilmar Abrego Garc\u00eda","src":"https:\/\/i0.wp.com\/lasprimeras.com.do\/wp-content\/uploads\/2025\/04\/Kilmar-Abrego-Garcia.jpg?resize=350%2C200&ssl=1","width":350,"height":200,"srcset":"https:\/\/i0.wp.com\/lasprimeras.com.do\/wp-content\/uploads\/2025\/04\/Kilmar-Abrego-Garcia.jpg?resize=350%2C200&ssl=1 1x, https:\/\/i0.wp.com\/lasprimeras.com.do\/wp-content\/uploads\/2025\/04\/Kilmar-Abrego-Garcia.jpg?resize=525%2C300&ssl=1 1.5x, https:\/\/i0.wp.com\/lasprimeras.com.do\/wp-content\/uploads\/2025\/04\/Kilmar-Abrego-Garcia.jpg?resize=700%2C400&ssl=1 2x"},"classes":[]},{"id":85200,"url":"https:\/\/lasprimeras.com.do\/index.php\/2024\/06\/25\/julian-assange-se-declarara-culpable-en-acuerdo-con-eeuu-y-volvera-a-australia\/","url_meta":{"origin":112130,"position":3},"title":"Julian Assange se declarar\u00e1 culpable en acuerdo con EEUU y volver\u00e1 a Australia","author":"Nelson Feliz","date":"25 de junio de 2024","format":false,"excerpt":"BY ALANNA DURKIN RICHER AND ERIC TUCKER WASHINGTON (AP) \u2014 El fundador de WikiLeaks, Julian Assange, se declarar\u00e1 culpable de un delito grave en un acuerdo con el Departamento de Justicia de Estados Unidos, seg\u00fan documentos judiciales presentados el lunes, lo que resolver\u00e1 una larga saga legal que se extendi\u00f3\u2026","rel":"","context":"En \u00abSin categor\u00eda\u00bb","block_context":{"text":"Sin categor\u00eda","link":"https:\/\/lasprimeras.com.do\/index.php\/category\/sin-categoria\/"},"img":{"alt_text":"Julian Assange","src":"https:\/\/i0.wp.com\/lasprimeras.com.do\/wp-content\/uploads\/2024\/06\/Julian-Assange.jpg?resize=350%2C200&ssl=1","width":350,"height":200,"srcset":"https:\/\/i0.wp.com\/lasprimeras.com.do\/wp-content\/uploads\/2024\/06\/Julian-Assange.jpg?resize=350%2C200&ssl=1 1x, https:\/\/i0.wp.com\/lasprimeras.com.do\/wp-content\/uploads\/2024\/06\/Julian-Assange.jpg?resize=525%2C300&ssl=1 1.5x, https:\/\/i0.wp.com\/lasprimeras.com.do\/wp-content\/uploads\/2024\/06\/Julian-Assange.jpg?resize=700%2C400&ssl=1 2x"},"classes":[]},{"id":103628,"url":"https:\/\/lasprimeras.com.do\/index.php\/2025\/07\/17\/jueza-federal-bloqueara-orden-de-ciudadania-por-nacimiento-de-trump-en-todo-el-pais\/","url_meta":{"origin":112130,"position":4},"title":"Jueza federal bloquear\u00e1 orden de ciudadan\u00eda por nacimiento de Trump en todo el pa\u00eds","author":"Nelson Feliz","date":"17 de julio de 2025","format":false,"excerpt":"GREENBELT, Maryland (AP) \u2014 Un juez federal en Maryland podr\u00eda convertirse pronto en el segundo en bloquear la orden del presidente Donald Trump que restringe la ciudadan\u00eda por derecho de nacimiento y evitar que entre en vigor a nivel nacional, si un tribunal de apelaciones lo permitiera. La jueza federal\u2026","rel":"","context":"En \u00abINTERNACIONALES\u00bb","block_context":{"text":"INTERNACIONALES","link":"https:\/\/lasprimeras.com.do\/index.php\/category\/sin-categoria\/internacionales\/"},"img":{"alt_text":"","src":"https:\/\/i0.wp.com\/lasprimeras.com.do\/wp-content\/uploads\/2025\/07\/Juez-federal-en-Maryland.jpg?resize=350%2C200&ssl=1","width":350,"height":200,"srcset":"https:\/\/i0.wp.com\/lasprimeras.com.do\/wp-content\/uploads\/2025\/07\/Juez-federal-en-Maryland.jpg?resize=350%2C200&ssl=1 1x, https:\/\/i0.wp.com\/lasprimeras.com.do\/wp-content\/uploads\/2025\/07\/Juez-federal-en-Maryland.jpg?resize=525%2C300&ssl=1 1.5x, https:\/\/i0.wp.com\/lasprimeras.com.do\/wp-content\/uploads\/2025\/07\/Juez-federal-en-Maryland.jpg?resize=700%2C400&ssl=1 2x"},"classes":[]},{"id":107546,"url":"https:\/\/lasprimeras.com.do\/index.php\/2025\/08\/28\/kilmar-abrego-garcia-solicita-asilo-en-eeuu-con-la-esperanza-de-evitar-su-deportacion-a-uganda\/","url_meta":{"origin":112130,"position":5},"title":"Kilmar \u00c1brego Garc\u00eda solicita asilo en EEUU, con la esperanza de evitar su deportaci\u00f3n a Uganda","author":"Nelson Feliz","date":"28 de agosto de 2025","format":false,"excerpt":"POR MICHAEL KUNZELMAN and BEN FINLEY WASHINGTON (AP) \u2014 Kilmar \u00c1brego Garc\u00eda, cuyo caso se ha convertido en la imagen de la dura agenda migratoria del presidente Donald Trump, quiere solicitar asilo en Estados Unidos, dijeron sus abogados a un juez federal el mi\u00e9rcoles. La solicitud de asilo \u2014la segunda\u2026","rel":"","context":"En \u00abINTERNACIONALES\u00bb","block_context":{"text":"INTERNACIONALES","link":"https:\/\/lasprimeras.com.do\/index.php\/category\/sin-categoria\/internacionales\/"},"img":{"alt_text":"","src":"https:\/\/i0.wp.com\/lasprimeras.com.do\/wp-content\/uploads\/2025\/08\/Kilmar-Abrego-Garcia.jpg?resize=350%2C200&ssl=1","width":350,"height":200,"srcset":"https:\/\/i0.wp.com\/lasprimeras.com.do\/wp-content\/uploads\/2025\/08\/Kilmar-Abrego-Garcia.jpg?resize=350%2C200&ssl=1 1x, https:\/\/i0.wp.com\/lasprimeras.com.do\/wp-content\/uploads\/2025\/08\/Kilmar-Abrego-Garcia.jpg?resize=525%2C300&ssl=1 1.5x, https:\/\/i0.wp.com\/lasprimeras.com.do\/wp-content\/uploads\/2025\/08\/Kilmar-Abrego-Garcia.jpg?resize=700%2C400&ssl=1 2x"},"classes":[]}],"jetpack_sharing_enabled":true,"_links":{"self":[{"href":"https:\/\/lasprimeras.com.do\/index.php\/wp-json\/wp\/v2\/posts\/112130","targetHints":{"allow":["GET"]}}],"collection":[{"href":"https:\/\/lasprimeras.com.do\/index.php\/wp-json\/wp\/v2\/posts"}],"about":[{"href":"https:\/\/lasprimeras.com.do\/index.php\/wp-json\/wp\/v2\/types\/post"}],"author":[{"embeddable":true,"href":"https:\/\/lasprimeras.com.do\/index.php\/wp-json\/wp\/v2\/users\/10"}],"replies":[{"embeddable":true,"href":"https:\/\/lasprimeras.com.do\/index.php\/wp-json\/wp\/v2\/comments?post=112130"}],"version-history":[{"count":1,"href":"https:\/\/lasprimeras.com.do\/index.php\/wp-json\/wp\/v2\/posts\/112130\/revisions"}],"predecessor-version":[{"id":112133,"href":"https:\/\/lasprimeras.com.do\/index.php\/wp-json\/wp\/v2\/posts\/112130\/revisions\/112133"}],"wp:featuredmedia":[{"embeddable":true,"href":"https:\/\/lasprimeras.com.do\/index.php\/wp-json\/wp\/v2\/media\/112131"}],"wp:attachment":[{"href":"https:\/\/lasprimeras.com.do\/index.php\/wp-json\/wp\/v2\/media?parent=112130"}],"wp:term":[{"taxonomy":"category","embeddable":true,"href":"https:\/\/lasprimeras.com.do\/index.php\/wp-json\/wp\/v2\/categories?post=112130"},{"taxonomy":"post_tag","embeddable":true,"href":"https:\/\/lasprimeras.com.do\/index.php\/wp-json\/wp\/v2\/tags?post=112130"}],"curies":[{"name":"wp","href":"https:\/\/api.w.org\/{rel}","templated":true}]}}