{"id":112137,"date":"2025-10-17T11:32:35","date_gmt":"2025-10-17T15:32:35","guid":{"rendered":"https:\/\/lasprimeras.com.do\/?p=112137"},"modified":"2025-10-17T11:32:37","modified_gmt":"2025-10-17T15:32:37","slug":"tribunal-polaco-bloquea-extradicion-y-libera-ucraniano-sospechoso-de-las-explosiones-del-gasoducto-nord-stream","status":"publish","type":"post","link":"https:\/\/lasprimeras.com.do\/index.php\/2025\/10\/17\/tribunal-polaco-bloquea-extradicion-y-libera-ucraniano-sospechoso-de-las-explosiones-del-gasoducto-nord-stream\/","title":{"rendered":"Tribunal polaco bloquea extradici\u00f3n y libera ucraniano sospechoso de las explosiones del gasoducto Nord Stream"},"content":{"rendered":"\n<p>Por CLAUDIA CIOBANU<\/p>\n\n\n\n<p>VARSOVIA, Polonia (AP) \u2014 Un tribunal polaco bloque\u00f3 el viernes la extradici\u00f3n a Alemania de un ucraniano sospechoso de estar involucrado en el ataque de 2022 a los gasoductos Nord Stream y orden\u00f3 su liberaci\u00f3n, un fallo que fue celebrado por el primer ministro de Polonia.<\/p>\n\n\n\n<p>Volodymyr Zhuravlov, de 46 a\u00f1os, fue arrestado cerca de Varsovia el 30 de septiembre en virtud de una orden judicial alemana.<\/p>\n\n\n\n<p>La fiscal\u00eda alemana lo ha descrito como buzo experimentado y alega que form\u00f3 parte de un grupo que coloc\u00f3 explosivos en los oleoductos cerca de la isla danesa de Bornholm hace tres a\u00f1os.<\/p>\n\n\n\n<p>El Tribunal de Distrito de Varsovia rechaz\u00f3 el viernes su extradici\u00f3n y orden\u00f3 su liberaci\u00f3n inmediata.<\/p>\n\n\n\n<p>El abogado del hombre, Tymoteusz Paprocki, declar\u00f3 antes de la audiencia: \u00abMi cliente no se declara culpable, no cometi\u00f3 ning\u00fan delito contra Alemania y no entiende por qu\u00e9 la parte alemana present\u00f3 estas acusaciones\u00bb.<\/p>\n\n\n\n<p>A\u00f1adi\u00f3 que tambi\u00e9n argumentar\u00eda que ning\u00fan ucraniano deber\u00eda ser acusado de ninguna acci\u00f3n contra Rusia.<\/p>\n\n\n\n<p>El juez Dariusz Lubowski declar\u00f3, al anunciar su fallo, que el ataque a los oleoductos deb\u00eda entenderse como una acci\u00f3n militar en una &#8220;guerra justa&#8221; y, por lo tanto, no estaba sujeto a responsabilidad penal individual.<\/p>\n\n\n\n<p>Tambi\u00e9n cuestion\u00f3 la jurisdicci\u00f3n alemana por diversas razones, entre ellas el hecho de que las explosiones ocurrieron en aguas internacionales.<\/p>\n\n\n\n<p>Polonia, cuyos sucesivos gobiernos han sido firmemente antirrusos, tiene un historial de oposici\u00f3n a los oleoductos. El primer ministro Donald Tusk ha declarado que entregar al sospechoso no redundar\u00eda en beneficio de Polonia.<\/p>\n\n\n\n<p>Tusk se\u00f1al\u00f3 en una publicaci\u00f3n el viernes que el tribunal hab\u00eda rechazado la extradici\u00f3n, &#8220;y con raz\u00f3n&#8221;. A\u00f1adi\u00f3 que &#8220;el caso est\u00e1 cerrado&#8221;.<\/p>\n\n\n\n<p>Los oleoductos generaron oposici\u00f3n regional<\/p>\n\n\n\n<p>Las explosiones submarinas del 26 de septiembre de 2022 da\u00f1aron gravemente los oleoductos. Los da\u00f1os agravaron la tensi\u00f3n por la guerra en Ucrania , ya que los pa\u00edses europeos comenzaron a reducir su dependencia de las fuentes de energ\u00eda rusas tras la invasi\u00f3n a gran escala de Ucrania por parte del Kremlin.<\/p>\n\n\n\n<p>Las explosiones rompieron el gasoducto Nord Stream 1, inaugurado en 2011 y que transportaba gas natural ruso a Alemania bajo el mar B\u00e1ltico hasta que Rusia cort\u00f3 el suministro a finales de agosto de 2022.<\/p>\n\n\n\n<p>Tambi\u00e9n da\u00f1aron el gasoducto paralelo Nord Stream 2, que nunca entr\u00f3 en servicio porque Alemania suspendi\u00f3 su proceso de certificaci\u00f3n poco antes de que Rusia invadiera Ucrania en febrero de 2022.<\/p>\n\n\n\n<p>Alemania ya hab\u00eda seguido adelante con el proyecto Nord Stream 2 a pesar de la oposici\u00f3n de los pa\u00edses de Europa central y oriental y de Estados Unidos, que argumentaban que aumentar\u00eda la dependencia de Europa del gas ruso y dar\u00eda a Rusia la posibilidad de utilizar el gas como arma geopol\u00edtica .<\/p>\n\n\n\n<p>Tusk declar\u00f3 a principios de este mes que \u00abel problema de Europa, el problema de Ucrania, el problema de Lituania y Polonia no es que el Nord Stream 2 haya sido destruido, sino que se haya construido\u00bb.<\/p>\n\n\n\n<p>A\u00f1adi\u00f3 que \u00ablos \u00fanicos que deber\u00edan avergonzarse y callar sobre el Nord Stream 2 son quienes decidieron construirlo\u00bb.<\/p>\n\n\n\n<p>Los fiscales alemanes tambi\u00e9n buscan la extradici\u00f3n desde Italia<\/p>\n\n\n\n<p>En el momento de su arresto, Zhuravlov resid\u00eda en Polonia, donde viv\u00eda con su esposa e hijos, seg\u00fan la fiscal\u00eda polaca. Su esposa declar\u00f3 a los medios polacos que su esposo es inocente y que se encontraban juntos en Polonia cuando explotaron los oleoductos.<\/p>\n\n\n\n<p>Es uno de los dos ucranianos cuya extradici\u00f3n las autoridades judiciales alemanas est\u00e1n intentando conseguir en este caso.<\/p>\n\n\n\n<p>Un hombre sospechoso de ser uno de los coordinadores del ataque fue arrestado en Italia en agosto. Esta semana, el Tribunal Supremo italiano anul\u00f3 la decisi\u00f3n de un tribunal inferior de ordenar su extradici\u00f3n y solicit\u00f3 que otro panel de jueces reevaluara el caso, seg\u00fan declar\u00f3 su abogado.<\/p>\n\n\n\n<p>El gobierno alem\u00e1n se ha negado a comentar las declaraciones de Tusk este mes y ha se\u00f1alado que el proceso en curso est\u00e1 en manos de la fiscal\u00eda. Ni el gobierno ni la fiscal\u00eda federal alemana, encargada del caso, hicieron comentarios sobre la sentencia del viernes.<\/p>\n","protected":false},"excerpt":{"rendered":"<p>Por CLAUDIA CIOBANU VARSOVIA, Polonia (AP) \u2014 Un tribunal polaco bloque\u00f3 el viernes la extradici\u00f3n a Alemania de un ucraniano sospechoso de estar involucrado en el ataque de 2022 a&hellip;<\/p>\n","protected":false},"author":10,"featured_media":112138,"comment_status":"open","ping_status":"open","sticky":false,"template":"","format":"standard","meta":{"content-type":"","jetpack_post_was_ever_published":false,"_jetpack_newsletter_access":"","_jetpack_dont_email_post_to_subs":false,"_jetpack_newsletter_tier_id":0,"_jetpack_memberships_contains_paywalled_content":false,"_jetpack_memberships_contains_paid_content":false,"footnotes":""},"categories":[16289],"tags":[26058,759,23453,26060,21833,26059],"class_list":["post-112137","post","type-post","status-publish","format-standard","has-post-thumbnail","hentry","category-internacionales","tag-bloquea-extradicion","tag-explosiones","tag-gasoducto","tag-libera-ucraniano","tag-nord-stream","tag-tribunal-polaco"],"jetpack_featured_media_url":"https:\/\/lasprimeras.com.do\/wp-content\/uploads\/2025\/10\/Volodymyr-Zhuravlov.jpg","jetpack-related-posts":[{"id":106956,"url":"https:\/\/lasprimeras.com.do\/index.php\/2025\/08\/21\/detenido-en-italia-ucraniano-sospechoso-de-explosiones-en-el-gasoducto-nord-stream\/","url_meta":{"origin":112137,"position":0},"title":"Detenido en Italia ucraniano sospechoso de explosiones en el gasoducto Nord Stream","author":"Nelson Feliz","date":"21 de agosto de 2025","format":false,"excerpt":"POR GEIR MOULSON BERL\u00cdN (AP) \u2014 Un ciudadano ucraniano sospechoso de ser uno de los coordinadores de las explosiones submarinas que da\u00f1aron los gasoductos Nord Stream entre Rusia y Alemania en 2022 ha sido arrestado, inform\u00f3 la fiscal\u00eda alemana el jueves. El sospechoso, identificado como Serhii K. en cumplimiento con\u2026","rel":"","context":"En \u00abINTERNACIONALES\u00bb","block_context":{"text":"INTERNACIONALES","link":"https:\/\/lasprimeras.com.do\/index.php\/category\/sin-categoria\/internacionales\/"},"img":{"alt_text":"","src":"https:\/\/i0.wp.com\/lasprimeras.com.do\/wp-content\/uploads\/2025\/08\/hura.jpg?resize=350%2C200&ssl=1","width":350,"height":200,"srcset":"https:\/\/i0.wp.com\/lasprimeras.com.do\/wp-content\/uploads\/2025\/08\/hura.jpg?resize=350%2C200&ssl=1 1x, https:\/\/i0.wp.com\/lasprimeras.com.do\/wp-content\/uploads\/2025\/08\/hura.jpg?resize=525%2C300&ssl=1 1.5x, https:\/\/i0.wp.com\/lasprimeras.com.do\/wp-content\/uploads\/2025\/08\/hura.jpg?resize=700%2C400&ssl=1 2x"},"classes":[]},{"id":107420,"url":"https:\/\/lasprimeras.com.do\/index.php\/2025\/08\/26\/rusia-ante-la-onu-inaccion-sobre-sabotaje-a-nord-stream-envia-senal-inspiradora-a-terroristas\/","url_meta":{"origin":112137,"position":1},"title":"Rusia ante la ONU: Inacci\u00f3n sobre sabotaje a Nord Stream env\u00eda se\u00f1al inspiradora a terroristas","author":"Nelson Feliz","date":"26 de agosto de 2025","format":false,"excerpt":"Dmitri Polianski denunci\u00f3 que las organizaciones terroristas \"no solo han recibido instrucciones ya preparadas, sino que tambi\u00e9n ven que no habr\u00e1 una reacci\u00f3n sensata de la comunidad internacional\". Grigori Sysoyev \/ Sputnik El representante permanente adjunto de Rusia ante la ONU, Dmitri Polianski, inst\u00f3 a la ONU a que piense\u2026","rel":"","context":"En \u00abINTERNACIONALES\u00bb","block_context":{"text":"INTERNACIONALES","link":"https:\/\/lasprimeras.com.do\/index.php\/category\/sin-categoria\/internacionales\/"},"img":{"alt_text":"","src":"https:\/\/i0.wp.com\/lasprimeras.com.do\/wp-content\/uploads\/2025\/08\/Seccion-del-gasoducto-Nord-Stream.jpg?resize=350%2C200&ssl=1","width":350,"height":200,"srcset":"https:\/\/i0.wp.com\/lasprimeras.com.do\/wp-content\/uploads\/2025\/08\/Seccion-del-gasoducto-Nord-Stream.jpg?resize=350%2C200&ssl=1 1x, https:\/\/i0.wp.com\/lasprimeras.com.do\/wp-content\/uploads\/2025\/08\/Seccion-del-gasoducto-Nord-Stream.jpg?resize=525%2C300&ssl=1 1.5x, https:\/\/i0.wp.com\/lasprimeras.com.do\/wp-content\/uploads\/2025\/08\/Seccion-del-gasoducto-Nord-Stream.jpg?resize=700%2C400&ssl=1 2x, https:\/\/i0.wp.com\/lasprimeras.com.do\/wp-content\/uploads\/2025\/08\/Seccion-del-gasoducto-Nord-Stream.jpg?resize=1050%2C600&ssl=1 3x"},"classes":[]},{"id":103762,"url":"https:\/\/lasprimeras.com.do\/index.php\/2025\/07\/18\/ue-apunta-a-ingresos-energeticos-de-rusia-y-a-su-flota-oculta-en-nuevas-sanciones-por-la-guerra\/","url_meta":{"origin":112137,"position":2},"title":"UE apunta a ingresos energ\u00e9ticos de Rusia y a su flota oculta en nuevas sanciones por la guerra","author":"Nelson Feliz","date":"18 de julio de 2025","format":false,"excerpt":"POR LORNE COOK BRUSELAS (AP) \u2014 La Uni\u00f3n Europea aprob\u00f3 el viernes un nuevo paquete de sanciones contra Rusia por su guerra en Ucrania, que incluye un recorte del precio m\u00e1ximo del petr\u00f3leo, la prohibici\u00f3n de transacciones con los gasoductos Nord Stream y la inclusi\u00f3n de m\u00e1s buques de su\u2026","rel":"","context":"En \u00abINTERNACIONALES\u00bb","block_context":{"text":"INTERNACIONALES","link":"https:\/\/lasprimeras.com.do\/index.php\/category\/sin-categoria\/internacionales\/"},"img":{"alt_text":"","src":"https:\/\/i0.wp.com\/lasprimeras.com.do\/wp-content\/uploads\/2025\/07\/servicios-de-emergencias.jpg?resize=350%2C200&ssl=1","width":350,"height":200,"srcset":"https:\/\/i0.wp.com\/lasprimeras.com.do\/wp-content\/uploads\/2025\/07\/servicios-de-emergencias.jpg?resize=350%2C200&ssl=1 1x, https:\/\/i0.wp.com\/lasprimeras.com.do\/wp-content\/uploads\/2025\/07\/servicios-de-emergencias.jpg?resize=525%2C300&ssl=1 1.5x, https:\/\/i0.wp.com\/lasprimeras.com.do\/wp-content\/uploads\/2025\/07\/servicios-de-emergencias.jpg?resize=700%2C400&ssl=1 2x"},"classes":[]},{"id":67764,"url":"https:\/\/lasprimeras.com.do\/index.php\/2023\/11\/18\/unos-2-800-camiones-ucranianos-esperan-a-poder-cruzar-a-polonia\/","url_meta":{"origin":112137,"position":3},"title":"Unos 2.800 camiones ucranianos esperan a poder cruzar a Polonia","author":"BIMARY DE JES\u00daS Matos","date":"18 de noviembre de 2023","format":false,"excerpt":"Ucrania.-Las autoridades de Ucrania han cifrado en cerca de 2.800 los camiones que esperan en la frontera con Polonia para poder cruzar al pa\u00eds ante los bloqueos de transportistas polacos, que exigen la reducci\u00f3n de las licencias de los camioneros ucranianos. De acuerdo con el portavoz del Servicio Estatal de\u2026","rel":"","context":"En \u00abSin categor\u00eda\u00bb","block_context":{"text":"Sin categor\u00eda","link":"https:\/\/lasprimeras.com.do\/index.php\/category\/sin-categoria\/"},"img":{"alt_text":"","src":"https:\/\/i0.wp.com\/lasprimeras.com.do\/wp-content\/uploads\/2023\/11\/valentin-39.jpg?resize=350%2C200&ssl=1","width":350,"height":200,"srcset":"https:\/\/i0.wp.com\/lasprimeras.com.do\/wp-content\/uploads\/2023\/11\/valentin-39.jpg?resize=350%2C200&ssl=1 1x, https:\/\/i0.wp.com\/lasprimeras.com.do\/wp-content\/uploads\/2023\/11\/valentin-39.jpg?resize=525%2C300&ssl=1 1.5x"},"classes":[]},{"id":121583,"url":"https:\/\/lasprimeras.com.do\/index.php\/2026\/02\/07\/poder-ejecutivo-dispone-extradicion-de-dos-dominicanos-y-un-polaco-hacia-los-estados-unidos-y-polonia\/","url_meta":{"origin":112137,"position":4},"title":"Poder Ejecutivo dispone extradici\u00f3n de dos dominicanos y un polaco hacia los Estados Unidos y Polonia","author":"Nelson Feliz","date":"7 de febrero de 2026","format":false,"excerpt":"El Poder Ejecutivo emiti\u00f3 los decretos No. 69-26, 70-26 y 71-26 que disponen la entrega en extradici\u00f3n de los ciudadanos dominicanos Luis Manuel Febles Peralta y Christian Antonio Reynoso P\u00e9rez hacia los Estados Unidos de Am\u00e9rica, y del nacional polaco Szymon Tomkiel hacia la Rep\u00fablica de Polonia. Al primero se\u2026","rel":"","context":"En \u00abNACIONALES\u00bb","block_context":{"text":"NACIONALES","link":"https:\/\/lasprimeras.com.do\/index.php\/category\/nacionales\/"},"img":{"alt_text":"","src":"https:\/\/i0.wp.com\/lasprimeras.com.do\/wp-content\/uploads\/2025\/10\/Palacio-Nacional.jpg?resize=350%2C200&ssl=1","width":350,"height":200,"srcset":"https:\/\/i0.wp.com\/lasprimeras.com.do\/wp-content\/uploads\/2025\/10\/Palacio-Nacional.jpg?resize=350%2C200&ssl=1 1x, https:\/\/i0.wp.com\/lasprimeras.com.do\/wp-content\/uploads\/2025\/10\/Palacio-Nacional.jpg?resize=525%2C300&ssl=1 1.5x, https:\/\/i0.wp.com\/lasprimeras.com.do\/wp-content\/uploads\/2025\/10\/Palacio-Nacional.jpg?resize=700%2C400&ssl=1 2x"},"classes":[]},{"id":50711,"url":"https:\/\/lasprimeras.com.do\/index.php\/2023\/05\/23\/rusia-sobre-occidente-no-quieren-dialogo-ni-paz-quieren-la-guerra\/","url_meta":{"origin":112137,"position":5},"title":"Rusia sobre Occidente: No quieren di\u00e1logo ni paz, quieren la guerra","author":"prenxa100","date":"23 de mayo de 2023","format":false,"excerpt":"MOSCU.- Los pa\u00edses occidentales nunca han intentado buscar unas v\u00edas para negociar con Rusia, y ahora las consecuencias de ello se manifiestan en la crisis ucraniana y otros asuntos, declar\u00f3 Dmitri Medv\u00e9dev, expresidente y viceministro del Consejo de Seguridad de Rusia. El alto funcionario calific\u00f3 de perdidos el tiempo y\u2026","rel":"","context":"En \u00abSin categor\u00eda\u00bb","block_context":{"text":"Sin categor\u00eda","link":"https:\/\/lasprimeras.com.do\/index.php\/category\/sin-categoria\/"},"img":{"alt_text":"","src":"","width":0,"height":0},"classes":[]}],"jetpack_sharing_enabled":true,"_links":{"self":[{"href":"https:\/\/lasprimeras.com.do\/index.php\/wp-json\/wp\/v2\/posts\/112137","targetHints":{"allow":["GET"]}}],"collection":[{"href":"https:\/\/lasprimeras.com.do\/index.php\/wp-json\/wp\/v2\/posts"}],"about":[{"href":"https:\/\/lasprimeras.com.do\/index.php\/wp-json\/wp\/v2\/types\/post"}],"author":[{"embeddable":true,"href":"https:\/\/lasprimeras.com.do\/index.php\/wp-json\/wp\/v2\/users\/10"}],"replies":[{"embeddable":true,"href":"https:\/\/lasprimeras.com.do\/index.php\/wp-json\/wp\/v2\/comments?post=112137"}],"version-history":[{"count":1,"href":"https:\/\/lasprimeras.com.do\/index.php\/wp-json\/wp\/v2\/posts\/112137\/revisions"}],"predecessor-version":[{"id":112139,"href":"https:\/\/lasprimeras.com.do\/index.php\/wp-json\/wp\/v2\/posts\/112137\/revisions\/112139"}],"wp:featuredmedia":[{"embeddable":true,"href":"https:\/\/lasprimeras.com.do\/index.php\/wp-json\/wp\/v2\/media\/112138"}],"wp:attachment":[{"href":"https:\/\/lasprimeras.com.do\/index.php\/wp-json\/wp\/v2\/media?parent=112137"}],"wp:term":[{"taxonomy":"category","embeddable":true,"href":"https:\/\/lasprimeras.com.do\/index.php\/wp-json\/wp\/v2\/categories?post=112137"},{"taxonomy":"post_tag","embeddable":true,"href":"https:\/\/lasprimeras.com.do\/index.php\/wp-json\/wp\/v2\/tags?post=112137"}],"curies":[{"name":"wp","href":"https:\/\/api.w.org\/{rel}","templated":true}]}}