{"id":112140,"date":"2025-10-17T11:48:29","date_gmt":"2025-10-17T15:48:29","guid":{"rendered":"https:\/\/lasprimeras.com.do\/?p=112140"},"modified":"2025-10-17T11:48:31","modified_gmt":"2025-10-17T15:48:31","slug":"una-estampida-en-el-funeral-del-ex-primer-ministro-de-kenia-raila-odinga-hiere-a-18-personas","status":"publish","type":"post","link":"https:\/\/lasprimeras.com.do\/index.php\/2025\/10\/17\/una-estampida-en-el-funeral-del-ex-primer-ministro-de-kenia-raila-odinga-hiere-a-18-personas\/","title":{"rendered":"Una estampida en el funeral del ex primer ministro de Kenia, Raila Odinga, hiere a 18 personas"},"content":{"rendered":"\n<p>Por Evelyn Musambi<\/p>\n\n\n\n<p>NAIROBI, Kenia (AP) \u2014 Dieciocho personas resultaron heridas durante una estampida en un estadio de f\u00fatbol durante el funeral de estado el viernes por el ex primer ministro de Kenia Raila Odinga, el reformador democr\u00e1tico que muri\u00f3 esta semana en India a los 80 a\u00f1os.<\/p>\n\n\n\n<p>Los kenianos hab\u00edan salido en gran n\u00famero a llorar a Odinga desde su muerte el mi\u00e9rcoles, lo que refleja la enorme influencia que el respetado estadista tuvo en la vida pol\u00edtica del pa\u00eds del este de \u00c1frica.<\/p>\n\n\n\n<p>Se produjo una estampida en el estadio de la capital, Nairobi, mientras el p\u00fablico ve\u00eda su cuerpo tras el servicio. La Cruz Roja Keniana declar\u00f3 que el incidente &#8220;dej\u00f3 a muchas personas con necesidad de atenci\u00f3n urgente&#8221;.<\/p>\n\n\n\n<p>Una fuente del principal hospital de referencia del pa\u00eds indic\u00f3 que hab\u00edan recibido a 18 heridos.<\/p>\n\n\n\n<p>Miles de personas llenaron el estadio donde el ata\u00fad de Odinga fue cubierto con la bandera nacional durante un servicio religioso de la Iglesia Anglicana.<\/p>\n\n\n\n<p>Cantaron c\u00e1nticos y alzaron retratos de Odinga, mientras algunos portaban ramitas, s\u00edmbolo de paz y unidad en la tradici\u00f3n keniana.<\/p>\n\n\n\n<p>Hubo fuertes medidas de seguridad en el estadio despu\u00e9s de que tres personas murieran durante la ceremonia p\u00fablica del jueves mientras la polic\u00eda intentaba controlar a una gran multitud en otro estadio.<\/p>\n\n\n\n<p>Al menos 10 personas resultaron heridas en el evento del jueves despu\u00e9s de que la polic\u00eda dispar\u00f3 balas reales y gases lacrim\u00f3genos contra una multitud que intentaba llegar a un pabell\u00f3n donde estaba colocado el ata\u00fad.<\/p>\n\n\n\n<p>Un estadista honorable<\/p>\n\n\n\n<p>Odinga se present\u00f3 como candidato a la presidencia de Kenia cinco veces durante tres d\u00e9cadas y, aunque nunca logr\u00f3 convertirse en presidente, es venerado por una vida de activismo que ayud\u00f3 a convertir a Kenia en una vibrante democracia multipartidaria.<\/p>\n\n\n\n<p>El cuerpo de Odinga fue velado en el Parlamento el viernes por la ma\u00f1ana antes del funeral, un honor reservado s\u00f3lo para el presidente y los ex presidentes.<\/p>\n\n\n\n<p>El presidente William Ruto dijo que Odinga merec\u00eda el honor por haber sido legislador durante 15 a\u00f1os y agreg\u00f3 que jug\u00f3 &#8220;un papel fundamental en la formulaci\u00f3n de algunas de las leyes m\u00e1s importantes en la historia de nuestra Rep\u00fablica&#8221;.<\/p>\n\n\n\n<p>Ruto hizo campa\u00f1a por Odinga en 2007, unas elecciones controvertidas que se vieron empa\u00f1adas por la violencia. Ambos fueron rivales en elecciones posteriores, incluida la m\u00e1s reciente de 2022.<\/p>\n\n\n\n<p>Los dos l\u00edderes firmaron un acuerdo este a\u00f1o despu\u00e9s de meses de protestas antigubernamentales, y el pacto vio a miembros del partido de oposici\u00f3n nombrados para puestos en el gabinete.<\/p>\n\n\n\n<p>El viernes, Ruto dirigi\u00f3 a los dolientes para cantar la canci\u00f3n favorita de Odinga, \u201cJamaica Farewell\u201d de Harry Belafonte, y dijo que Odinga lo ayud\u00f3 a estabilizar la naci\u00f3n a principios de a\u00f1o.<\/p>\n\n\n\n<p>\u201cSiempre que la naci\u00f3n necesit\u00f3 que \u00e9l se elevara por encima de s\u00ed mismo, \u00e9l siempre lo hizo sin reservas\u201d, dijo.<\/p>\n\n\n\n<p>David Kodia, el obispo anglicano que presidi\u00f3 el servicio, inst\u00f3 a los l\u00edderes presentes a ser altruistas como Odinga y a rechazar la corrupci\u00f3n. Odinga era miembro practicante de la iglesia.<\/p>\n\n\n\n<p>El analista pol\u00edtico Herman Manyora dijo a The Associated Press que el amor demostrado por tantos dolientes era un reflejo de su trabajo por la democracia.<\/p>\n\n\n\n<p>&#8220;No se puede encontrar a un hombre m\u00e1s dispuesto a sacrificarlo todo por el bien de su pueblo&#8221;, dijo Manyora, quien trabaja en la Universidad de Nairobi.<\/p>\n\n\n\n<p>La familia de Odinga rinde homenaje<\/p>\n\n\n\n<p>Entre los dolientes se encontraban la esposa de Odinga, Ida, sus hijas Winnie y Rosemary y su hijo Raila Odinga Junior.<\/p>\n\n\n\n<p>Ida inst\u00f3 a los kenianos a un duelo pac\u00edfico y dijo que su esposo odiaba la deshonestidad y la avaricia. Winnie, quien lo acompa\u00f1aba en la India, dirigi\u00f3 a los dolientes en un c\u00e1ntico en luo, la lengua local.<\/p>\n\n\n\n<p>Dijo que su padre muri\u00f3 &#8220;fuerte, con dignidad y orgullo&#8221; despu\u00e9s de que alargara su caminata matutina, en lugar de sus habituales dos a cinco vueltas por el hospital donde recib\u00eda atenci\u00f3n.<\/p>\n\n\n\n<p>Su hijo Junior, que llevaba el sombrero de cuentas de su padre y un espantamoscas, dijo que cuidar\u00eda de la familia como el \u00fanico hijo sobreviviente.<\/p>\n\n\n\n<p>Los kenianos tendr\u00e1n el s\u00e1bado una nueva oportunidad de ver el cuerpo de Odinga en la ciudad occidental de Kisumu, cerca de su hogar rural en Bondo, donde ser\u00e1 enterrado el domingo.<\/p>\n\n\n\n<p>Su familia afirm\u00f3 que hab\u00eda solicitado ser enterrado r\u00e1pidamente, idealmente en 72 horas, algo inusual para l\u00edderes populares en este pa\u00eds del este de \u00c1frica.<\/p>\n","protected":false},"excerpt":{"rendered":"<p>Por Evelyn Musambi NAIROBI, Kenia (AP) \u2014 Dieciocho personas resultaron heridas durante una estampida en un estadio de f\u00fatbol durante el funeral de estado el viernes por el ex primer&hellip;<\/p>\n","protected":false},"author":10,"featured_media":112141,"comment_status":"open","ping_status":"open","sticky":false,"template":"","format":"standard","meta":{"content-type":"","jetpack_post_was_ever_published":false,"_jetpack_newsletter_access":"","_jetpack_dont_email_post_to_subs":false,"_jetpack_newsletter_tier_id":0,"_jetpack_memberships_contains_paywalled_content":false,"_jetpack_memberships_contains_paid_content":false,"footnotes":""},"categories":[16289],"tags":[26062,26061,6542,26064,26063],"class_list":["post-112140","post","type-post","status-publish","format-standard","has-post-thumbnail","hentry","category-internacionales","tag-estampida","tag-ex-primer-ministro-de-kenia","tag-funeral","tag-hiere-a-18-personas","tag-raila-odinga"],"jetpack_featured_media_url":"https:\/\/lasprimeras.com.do\/wp-content\/uploads\/2025\/10\/FUNERAL.jpg","jetpack-related-posts":[{"id":98079,"url":"https:\/\/lasprimeras.com.do\/index.php\/2025\/05\/01\/muere-un-diputado-de-la-oposicion-en-kenia-en-un-tiroteo-selectivo\/","url_meta":{"origin":112140,"position":0},"title":"Muere un diputado de la oposici\u00f3n en Kenia en un tiroteo \u201cselectivo\u201d","author":"Nelson Feliz","date":"1 de mayo de 2025","format":false,"excerpt":"NAIROBI, Kenia (AP) \u2014 Un legislador de la oposici\u00f3n keniana fue asesinado a tiros en la capital, Nairobi, en lo que la polic\u00eda ha descrito como un crimen \u201cselectivo y premeditado\u201d. Charles Were fue abatido el mi\u00e9rcoles por la noche despu\u00e9s de que su auto se detuviera en una rotonda\u2026","rel":"","context":"En \u00abINTERNACIONALES\u00bb","block_context":{"text":"INTERNACIONALES","link":"https:\/\/lasprimeras.com.do\/index.php\/category\/sin-categoria\/internacionales\/"},"img":{"alt_text":"","src":"https:\/\/i0.wp.com\/lasprimeras.com.do\/wp-content\/uploads\/2025\/05\/tiroteo.jpg?resize=350%2C200&ssl=1","width":350,"height":200,"srcset":"https:\/\/i0.wp.com\/lasprimeras.com.do\/wp-content\/uploads\/2025\/05\/tiroteo.jpg?resize=350%2C200&ssl=1 1x, https:\/\/i0.wp.com\/lasprimeras.com.do\/wp-content\/uploads\/2025\/05\/tiroteo.jpg?resize=525%2C300&ssl=1 1.5x, https:\/\/i0.wp.com\/lasprimeras.com.do\/wp-content\/uploads\/2025\/05\/tiroteo.jpg?resize=700%2C400&ssl=1 2x"},"classes":[]},{"id":63616,"url":"https:\/\/lasprimeras.com.do\/index.php\/2023\/10\/13\/kenia-aprueba-el-despliegue-de-policias-en-haiti-pese-a-una-orden-judicial-de-bloqueo\/","url_meta":{"origin":112140,"position":1},"title":"Kenia aprueba el despliegue de polic\u00edas en Hait\u00ed pese a una orden judicial de bloqueo","author":"BIMARY DE JES\u00daS Matos","date":"13 de octubre de 2023","format":false,"excerpt":"Nairobi.\u2013 El Gobierno de Kenia dio luz verde este viernes el despliegue de un contingente de polic\u00edas kenianos en Hait\u00ed para liderar una misi\u00f3n multinacional aprobada por la ONU, pese al bloqueo temporal ordenado esta semana por un tribunal del pa\u00eds africano. \u00abComo parte de la misi\u00f3n Multinacional de Apoyo\u2026","rel":"","context":"En \u00abSin categor\u00eda\u00bb","block_context":{"text":"Sin categor\u00eda","link":"https:\/\/lasprimeras.com.do\/index.php\/category\/sin-categoria\/"},"img":{"alt_text":"","src":"https:\/\/i0.wp.com\/lasprimeras.com.do\/wp-content\/uploads\/2023\/10\/WhatsApp-Image-2023-10-13-at-1.21.18-PM-3.jpeg?resize=350%2C200&ssl=1","width":350,"height":200,"srcset":"https:\/\/i0.wp.com\/lasprimeras.com.do\/wp-content\/uploads\/2023\/10\/WhatsApp-Image-2023-10-13-at-1.21.18-PM-3.jpeg?resize=350%2C200&ssl=1 1x, https:\/\/i0.wp.com\/lasprimeras.com.do\/wp-content\/uploads\/2023\/10\/WhatsApp-Image-2023-10-13-at-1.21.18-PM-3.jpeg?resize=525%2C300&ssl=1 1.5x, https:\/\/i0.wp.com\/lasprimeras.com.do\/wp-content\/uploads\/2023\/10\/WhatsApp-Image-2023-10-13-at-1.21.18-PM-3.jpeg?resize=700%2C400&ssl=1 2x"},"classes":[]},{"id":63627,"url":"https:\/\/lasprimeras.com.do\/index.php\/2023\/10\/13\/kenia-gabinete-aprueba-envio-1000-policias-mision-de-paz-haiti\/","url_meta":{"origin":112140,"position":2},"title":"KENIA: Gabinete aprueba env\u00edo 1,000 polic\u00edas misi\u00f3n de paz Hait\u00ed","author":"Nelson Feliz","date":"13 de octubre de 2023","format":false,"excerpt":"KENIA.- El gabinete de Kenia aprob\u00f3 el viernes el despliegue de 1,000 polic\u00edas para encabezar una misi\u00f3n multinacional de paz a Hait\u00ed para combatir la violencia de las pandillas. A\u00fan falta que el Parlamento keniano ratifique la decisi\u00f3n. Entre el 1 de enero y el 15 de agosto, m\u00e1s de\u2026","rel":"","context":"En \u00abSin categor\u00eda\u00bb","block_context":{"text":"Sin categor\u00eda","link":"https:\/\/lasprimeras.com.do\/index.php\/category\/sin-categoria\/"},"img":{"alt_text":"El secretario de defensa del gabinete de Kenia, Aden Duale.","src":"https:\/\/i0.wp.com\/lasprimeras.com.do\/wp-content\/uploads\/2023\/10\/Aden-Duale.jpg?resize=350%2C200&ssl=1","width":350,"height":200,"srcset":"https:\/\/i0.wp.com\/lasprimeras.com.do\/wp-content\/uploads\/2023\/10\/Aden-Duale.jpg?resize=350%2C200&ssl=1 1x, https:\/\/i0.wp.com\/lasprimeras.com.do\/wp-content\/uploads\/2023\/10\/Aden-Duale.jpg?resize=525%2C300&ssl=1 1.5x"},"classes":[]},{"id":62993,"url":"https:\/\/lasprimeras.com.do\/index.php\/2023\/10\/09\/corte-en-kenia-prohibe-temporalmente-envio-de-policias-a-haiti\/","url_meta":{"origin":112140,"position":3},"title":"Corte en Kenia proh\u00edbe temporalmente env\u00edo de polic\u00edas a Hait\u00ed","author":"BIMARY DE JES\u00daS Matos","date":"9 de octubre de 2023","format":false,"excerpt":"Kenia.-El tribunal superior de Kenia prohibi\u00f3 temporalmente el lunes el despliegue de las fuerzas de seguridad del pa\u00eds en otros pa\u00edses durante dos semanas, hasta que se investigue un caso presentado por un pol\u00edtico local que desaf\u00eda tal acci\u00f3n por considerarla inconstitucional. Esto se produjo despu\u00e9s de que Kenia aceptara\u2026","rel":"","context":"En \u00abSin categor\u00eda\u00bb","block_context":{"text":"Sin categor\u00eda","link":"https:\/\/lasprimeras.com.do\/index.php\/category\/sin-categoria\/"},"img":{"alt_text":"","src":"https:\/\/i0.wp.com\/lasprimeras.com.do\/wp-content\/uploads\/2023\/10\/WhatsApp-Image-2023-10-09-at-11.49.51-AM-3.jpeg?resize=350%2C200&ssl=1","width":350,"height":200,"srcset":"https:\/\/i0.wp.com\/lasprimeras.com.do\/wp-content\/uploads\/2023\/10\/WhatsApp-Image-2023-10-09-at-11.49.51-AM-3.jpeg?resize=350%2C200&ssl=1 1x, https:\/\/i0.wp.com\/lasprimeras.com.do\/wp-content\/uploads\/2023\/10\/WhatsApp-Image-2023-10-09-at-11.49.51-AM-3.jpeg?resize=525%2C300&ssl=1 1.5x, https:\/\/i0.wp.com\/lasprimeras.com.do\/wp-content\/uploads\/2023\/10\/WhatsApp-Image-2023-10-09-at-11.49.51-AM-3.jpeg?resize=700%2C400&ssl=1 2x"},"classes":[]},{"id":64982,"url":"https:\/\/lasprimeras.com.do\/index.php\/2023\/10\/25\/kenia-mantienen-el-bloqueo-al-despliegue-de-policias-en-haiti\/","url_meta":{"origin":112140,"position":4},"title":"KENIA: Mantienen el bloqueo al despliegue de polic\u00edas en Hait\u00ed","author":"BIMARY DE JES\u00daS Matos","date":"25 de octubre de 2023","format":false,"excerpt":"NAIROBI.- El Tribunal Superior de Nairobi mantuvo hoy el bloqueo temporal del despliegue de polic\u00edas de Kenia en Hait\u00ed como parte de la misi\u00f3n multinacional aprobada por el Consejo de Seguridad de la ONU, inform\u00f3 el abogado y pol\u00edtico opositor Ekuru Aukot, que interpuso una demanda contra esa iniciativa. \u00abEl\u2026","rel":"","context":"En \u00abSin categor\u00eda\u00bb","block_context":{"text":"Sin categor\u00eda","link":"https:\/\/lasprimeras.com.do\/index.php\/category\/sin-categoria\/"},"img":{"alt_text":"","src":"https:\/\/i0.wp.com\/lasprimeras.com.do\/wp-content\/uploads\/2023\/10\/WhatsApp-Image-2023-10-24-at-5.28.33-PM-1-2.jpeg?resize=350%2C200&ssl=1","width":350,"height":200,"srcset":"https:\/\/i0.wp.com\/lasprimeras.com.do\/wp-content\/uploads\/2023\/10\/WhatsApp-Image-2023-10-24-at-5.28.33-PM-1-2.jpeg?resize=350%2C200&ssl=1 1x, https:\/\/i0.wp.com\/lasprimeras.com.do\/wp-content\/uploads\/2023\/10\/WhatsApp-Image-2023-10-24-at-5.28.33-PM-1-2.jpeg?resize=525%2C300&ssl=1 1.5x, https:\/\/i0.wp.com\/lasprimeras.com.do\/wp-content\/uploads\/2023\/10\/WhatsApp-Image-2023-10-24-at-5.28.33-PM-1-2.jpeg?resize=700%2C400&ssl=1 2x, https:\/\/i0.wp.com\/lasprimeras.com.do\/wp-content\/uploads\/2023\/10\/WhatsApp-Image-2023-10-24-at-5.28.33-PM-1-2.jpeg?resize=1050%2C600&ssl=1 3x"},"classes":[]},{"id":112936,"url":"https:\/\/lasprimeras.com.do\/index.php\/2025\/10\/28\/avion-se-estrella-mientras-transportaba-turistas-a-masai-mara-kenia-matando-a-11-personas\/","url_meta":{"origin":112140,"position":5},"title":"Avi\u00f3n se estrella mientras transportaba turistas a Mas\u00e1i Mara, Kenia, matando a 11 personas","author":"Nelson Feliz","date":"28 de octubre de 2025","format":false,"excerpt":"Por EVELYNE MUSAMBI NAIROBI, Kenia (AP) \u2014 Un accidente a\u00e9reo mat\u00f3 a 11 personas, en su mayor\u00eda turistas extranjeros, en la regi\u00f3n costera keniana de Kwale la madrugada del martes mientras se dirig\u00edan a la Reserva Nacional de Maasai Mara bajo una intensa lluvia La aerol\u00ednea, Mombasa Air Safari, dijo\u2026","rel":"","context":"En \u00abINTERNACIONALES\u00bb","block_context":{"text":"INTERNACIONALES","link":"https:\/\/lasprimeras.com.do\/index.php\/category\/sin-categoria\/internacionales\/"},"img":{"alt_text":"","src":"https:\/\/i0.wp.com\/lasprimeras.com.do\/wp-content\/uploads\/2025\/10\/avion-2.jpg?resize=350%2C200&ssl=1","width":350,"height":200,"srcset":"https:\/\/i0.wp.com\/lasprimeras.com.do\/wp-content\/uploads\/2025\/10\/avion-2.jpg?resize=350%2C200&ssl=1 1x, https:\/\/i0.wp.com\/lasprimeras.com.do\/wp-content\/uploads\/2025\/10\/avion-2.jpg?resize=525%2C300&ssl=1 1.5x, https:\/\/i0.wp.com\/lasprimeras.com.do\/wp-content\/uploads\/2025\/10\/avion-2.jpg?resize=700%2C400&ssl=1 2x"},"classes":[]}],"jetpack_sharing_enabled":true,"_links":{"self":[{"href":"https:\/\/lasprimeras.com.do\/index.php\/wp-json\/wp\/v2\/posts\/112140","targetHints":{"allow":["GET"]}}],"collection":[{"href":"https:\/\/lasprimeras.com.do\/index.php\/wp-json\/wp\/v2\/posts"}],"about":[{"href":"https:\/\/lasprimeras.com.do\/index.php\/wp-json\/wp\/v2\/types\/post"}],"author":[{"embeddable":true,"href":"https:\/\/lasprimeras.com.do\/index.php\/wp-json\/wp\/v2\/users\/10"}],"replies":[{"embeddable":true,"href":"https:\/\/lasprimeras.com.do\/index.php\/wp-json\/wp\/v2\/comments?post=112140"}],"version-history":[{"count":1,"href":"https:\/\/lasprimeras.com.do\/index.php\/wp-json\/wp\/v2\/posts\/112140\/revisions"}],"predecessor-version":[{"id":112142,"href":"https:\/\/lasprimeras.com.do\/index.php\/wp-json\/wp\/v2\/posts\/112140\/revisions\/112142"}],"wp:featuredmedia":[{"embeddable":true,"href":"https:\/\/lasprimeras.com.do\/index.php\/wp-json\/wp\/v2\/media\/112141"}],"wp:attachment":[{"href":"https:\/\/lasprimeras.com.do\/index.php\/wp-json\/wp\/v2\/media?parent=112140"}],"wp:term":[{"taxonomy":"category","embeddable":true,"href":"https:\/\/lasprimeras.com.do\/index.php\/wp-json\/wp\/v2\/categories?post=112140"},{"taxonomy":"post_tag","embeddable":true,"href":"https:\/\/lasprimeras.com.do\/index.php\/wp-json\/wp\/v2\/tags?post=112140"}],"curies":[{"name":"wp","href":"https:\/\/api.w.org\/{rel}","templated":true}]}}