{"id":112156,"date":"2025-10-19T09:39:12","date_gmt":"2025-10-19T13:39:12","guid":{"rendered":"https:\/\/lasprimeras.com.do\/?p=112156"},"modified":"2025-10-19T09:39:15","modified_gmt":"2025-10-19T13:39:15","slug":"nicolas-maduro-asediado-e-inamovible","status":"publish","type":"post","link":"https:\/\/lasprimeras.com.do\/index.php\/2025\/10\/19\/nicolas-maduro-asediado-e-inamovible\/","title":{"rendered":"Nicol\u00e1s Maduro, asediado e inamovible"},"content":{"rendered":"\n<p><strong>El l\u00edder chavista est\u00e1 atrincherado sin se\u00f1ales de fisuras internas ante la escaldada militar de Estados Unidos.<\/strong><\/p>\n\n\n\n<p>Alonso Moleiro<br>Florantonia Singer<\/p>\n\n\n\n<p>Caracas &#8211; Est\u00e1 cercado, pero no se tambalea. El r\u00e9gimen chavista sigue inamovible, avasallando a sus interlocutores, ajustando cuentas con sus enemigos, reprimiendo sin cuartel.<\/p>\n\n\n\n<p>Ofreciendo cada d\u00eda, en definitiva, nuevas evidencias de que controla la situaci\u00f3n pol\u00edtica y militar de Venezuela, a pesar de la escalada b\u00e9lica con Estados Unidos. Y su l\u00edder, Nicol\u00e1s Maduro, contin\u00faa a la cabeza. La tutela que tiene hoy la llamada revoluci\u00f3n bolivariana sobre la sociedad no tiene precedentes en d\u00e9cadas.<\/p>\n\n\n\n<p>Los umbrales de censura son cada vez m\u00e1s estrechos. El relato oficial es el que pesa en todos los \u00e1mbitos de la vida p\u00fablica y el aparato de inteligencia est\u00e1 desplegado por doquier.<\/p>\n\n\n\n<p>Hay que tener cuidado con lo que se afirma en charlas privadas, o en WhatsApp, mientras que las conversaciones en la calle \u2014particularmente las quejas en voz alta\u2014 ya no son tan seguras como antes. Y la figura de la opositora Mar\u00eda Corina Machado, reci\u00e9n reconocida con el premio Nobel de la Paz, es un tab\u00fa p\u00fablico.<\/p>\n\n\n\n<p>Maduro es impopular, al igual que su Gobierno, pero est\u00e1 atrincherado, en m\u00e1xima alerta y haciendo constante propaganda antiimperialista. En paralelo, convoca con frecuencia a la sociedad civil para ofrecer muestras de magnificencia.<\/p>\n\n\n\n<p>El presidente ha realizado en las \u00faltimas semanas m\u00faltiples actividades culturales y musicales con la paz como leitmotiv fundamental. Siempre tratando de ofrecer una imagen razonable y humanista.<\/p>\n\n\n\n<p>Al mismo tiempo, el partido Vente Venezuela, fundado por Machado, denunci\u00f3 esta semana que \u201cla ola represiva\u201d desatada por los cuerpos de seguridad del Estado \u201cha generado al menos 30 detenciones arbitrarias, y m\u00faltiples allanamientos\u201d, en referencia a los registros arbitrarios de viviendas.<\/p>\n\n\n\n<p>Un comunicado de la formaci\u00f3n agrega que estas operaciones est\u00e1n siendo realizadas \u201cde manera violenta y sin orden judicial\u201d.<\/p>\n\n\n\n<p>La clase pol\u00edtica chavista vive en un estado de terror psicol\u00f3gico permanente y siente las amenazas de Washington, que ha atacado ya al menos a seis embarcaciones supuestamente cargadas de drogas en el Caribe.<\/p>\n\n\n\n<p>Las decisiones del mandatario muestran una genuina preocupaci\u00f3n por la crisis militar y falta de previsi\u00f3n ante los movimientos de Trump. A eso, se a\u00f1aden m\u00faltiples problemas de gobernabilidad, el hartazgo de la poblaci\u00f3n es manifiesto y el diagn\u00f3stico cr\u00edtico abunda, incluso en las filas oficialistas. Pero nada indica que existan fisuras serias en la c\u00fapula.<\/p>\n\n\n\n<p>\u201cHoy en el alto mando pol\u00edtico-militar de la revoluci\u00f3n estamos m\u00e1s unidos y resteados [decididos] que nunca en defender nuestra patria, imb\u00e9ciles\u201d, espet\u00f3 esta semana en televisi\u00f3n el sucesor de Hugo Ch\u00e1vez ante la tesis, recogidas por medios estadounidenses, que se\u00f1alaban una divisi\u00f3n en los principales cuadros del Gobierno.<\/p>\n\n\n\n<p>Eso, por supuesto, no es sin\u00f3nimo de comodidad. Con el paso de los d\u00edas, el l\u00edder chavista se ha centrado casi exclusivamente en resistir. \u201cMaduro no se va a ning\u00fan lado. Eso seguro\u201d, indicaban hace d\u00edas a EL PA\u00cdS fuentes al tanto de los equilibrios internos del Ejecutivo.<\/p>\n\n\n\n<p>El dirigente bolivariano ha ordenado el alistamiento de sus militantes y el despliegue de unidades militares en la l\u00ednea costera del pa\u00eds y en las fronteras. Las ciudades se han llenado de polic\u00edas. A la vez, el presidente ha multiplicado su presencia p\u00fablica.<\/p>\n\n\n\n<p>Inaugura hospitales, con personas de la tercera edad, participa en actos con militantes, y al final de cada tarde, el r\u00e9gimen enlaza las se\u00f1ales de radio y televisi\u00f3n para retransmitir el evento del d\u00eda: el mandatario visita viviendas sociales, conversa con sus colaboradores o se re\u00fane con alg\u00fan colectivo, alternando buen humor y advertencias.<\/p>\n\n\n\n<p>Un d\u00eda despu\u00e9s de decretar el estado de excepci\u00f3n por conmoci\u00f3n exterior ante la amenaza de fuego de Estados Unidos, Maduro tambi\u00e9n decret\u00f3 el comienzo de la Navidad, lo que supone en la pr\u00e1ctica adelantar celebraciones p\u00fablicas, vacaciones y un clima festivo. \u201cTodos a rumbear\u201d, dijo en televisi\u00f3n. \u201cRumbear, rumbear y rumbear\u201d, exhort\u00f3.<\/p>\n\n\n\n<p>As\u00ed, prolonga de alguna manera la inercia que le mantiene en el poder. Es esa una capacidad que le reconocen incluso sus adversarios pol\u00edticos. Desde el primer a\u00f1o de su Gobierno, cuando le toc\u00f3 suceder a Ch\u00e1vez tras su muerte en marzo de 2013, ha logrado conservar en todos los momentos de crisis las riendas internas.<\/p>\n\n\n\n<p>Y lo ha hecho a pesar de la enorme presi\u00f3n: ciclos de enormes protestas, acciones insurreccionales fracasadas, negociaciones internacionales, sanciones, el desplome de una econom\u00eda quebrada, el rechazo internacional y la p\u00e9rdida casi a sus m\u00ednimos del caudal pol\u00edtico que un tiempo aglutin\u00f3 el chavismo cuando fue mayor\u00eda en Venezuela.<\/p>\n\n\n\n<p>Hoy el desaf\u00edo es may\u00fasculo. La tensi\u00f3n diplom\u00e1tica y militar con Estados Unidos se agrava cada d\u00eda y las potenciales consecuencias de la escalada son impredecibles.<\/p>\n\n\n\n<p>Una tesis extendida entre la poblaci\u00f3n es que una ofensiva militar terrestre de Estados Unidos que no est\u00e9 bien medida pueda disparar la violencia en el pa\u00eds a una escala no contemplada y seguramente muy dif\u00edcil de controlar.<\/p>\n\n\n\n<p>En este contexto, Maduro mantiene el control omn\u00edmodo del pie de fuerza de los cuerpos de seguridad venezolanos, que han expandido notablemente su tama\u00f1o en estos a\u00f1os.<\/p>\n\n\n\n<p>Los cuadros clave siguen siendo leales a Maduro y, hoy, como en otros momentos cr\u00edticos para el r\u00e9gimen, las Fuerzas Armadas, comandadas por el ministro de Defensa, Vladimir Padrino L\u00f3pez, sostienen su poder. En este momento no hay un ruido de fondo sobre el malestar militar.<\/p>\n\n\n\n<p>\u201cNicol\u00e1s Maduro me ha ofrecido todo\u201d, declar\u00f3 Trump el jueves con tono sarc\u00e1stico. \u201c\u00c9l no quiere meterse con los Estados Unidos\u201d. Pero para colocarle m\u00e1s eslabones a la tensi\u00f3n, agreg\u00f3: \u201cHace poco atacamos un submarino narcotraficante construido para transportar grandes cantidades de drogas. No era gente inocente\u201d.<\/p>\n\n\n\n<p>Entre los tripulantes hay dos supervivientes, seg\u00fan report\u00f3 la agencia Reuters, que se encuentran detenidos en un buque estadounidense. Se desconoce por el momento su futuro judicial.<\/p>\n\n\n\n<p>En este ambiente, Maduro dej\u00f3 ver en las \u00faltimas semanas tambi\u00e9n su talante m\u00e1s prudente.<br>Los insultos en respuesta a los movimientos de Washington los ha teledirigido con c\u00e1lculo: siempre buscando al secretario de Estado, Marco Rubio, y el coro de senadores republicanos que replican la narrativa de presi\u00f3n contra el chavismo.<\/p>\n\n\n\n<p>Ha pedido la intervenci\u00f3n de la comunidad internacional que lo desde\u00f1a. Incluso de la propia ONU, con la que mantienen una relaci\u00f3n tirante por las denuncias de violaciones de derechos humanos que ha hecho sobre su Gobierno, o del Vaticano.<\/p>\n\n\n\n<p>A principios de octubre, cuando cinco aviones de combate estadounidenses se acercaron a 75 kil\u00f3metros de la costa venezolana, public\u00f3 en un comunicado contra el secretario de Guerra, Pete Hegseth.<\/p>\n\n\n\n<p>Curiosamente, para Trump, quien ha puesto su retrato en una diana, Maduro se ha reservado incluso algunos halagos. Parec\u00eda haber dejado una puerta abierta a una negociaci\u00f3n con Washington, siempre hablando de que su objetivo es la paz. Sin embargo, ha declinado de plano alejarse del poder.<\/p>\n\n\n\n<p><a href=\"https:\/\/elpais.com\/america\/2025-10-19\/nicolas-maduro-asediado-e-inamovible.html\">https:\/\/elpais.com\/america\/2025-10-19\/nicolas-maduro-asediado-e-inamovible.html<\/a><\/p>\n","protected":false},"excerpt":{"rendered":"<p>El l\u00edder chavista est\u00e1 atrincherado sin se\u00f1ales de fisuras internas ante la escaldada militar de Estados Unidos. Alonso MoleiroFlorantonia Singer Caracas &#8211; Est\u00e1 cercado, pero no se tambalea. El r\u00e9gimen&hellip;<\/p>\n","protected":false},"author":10,"featured_media":72700,"comment_status":"open","ping_status":"open","sticky":false,"template":"","format":"standard","meta":{"content-type":"","jetpack_post_was_ever_published":false,"_jetpack_newsletter_access":"","_jetpack_dont_email_post_to_subs":false,"_jetpack_newsletter_tier_id":0,"_jetpack_memberships_contains_paywalled_content":false,"_jetpack_memberships_contains_paid_content":false,"footnotes":""},"categories":[16289],"tags":[8795,26074,1604],"class_list":["post-112156","post","type-post","status-publish","format-standard","has-post-thumbnail","hentry","category-internacionales","tag-asediado","tag-inamovible","tag-nicolas-maduro"],"jetpack_featured_media_url":"https:\/\/lasprimeras.com.do\/wp-content\/uploads\/2024\/01\/Nicolas-Maduro.jpeg","jetpack-related-posts":[{"id":118769,"url":"https:\/\/lasprimeras.com.do\/index.php\/2026\/01\/03\/chavistas-exigen-en-caracas-que-devuelvan-a-nicolas-maduro-tras-captura-por-ee-uu\/","url_meta":{"origin":112156,"position":0},"title":"Chavistas exigen en Caracas que devuelvan a Nicol\u00e1s Maduro tras captura por EE.UU.","author":"Nelson Feliz","date":"3 de enero de 2026","format":false,"excerpt":"\"Queremos a Maduro\", gritaban los chavistas concentrados en espacios cercanos al palacio presidencial de Miraflores. Caracas, EFE.- Chavistas salieron este s\u00e1bado a las calles del centro de Caracas para exigir que \"devuelvan\" al mandatario venezolano, Nicol\u00e1s Maduro, luego de que el l\u00edder estadounidense, Donald Trump, anunciara la captura del gobernante\u2026","rel":"","context":"En \u00abINTERNACIONALES\u00bb","block_context":{"text":"INTERNACIONALES","link":"https:\/\/lasprimeras.com.do\/index.php\/category\/sin-categoria\/internacionales\/"},"img":{"alt_text":"Carmen Mel\u00e9ndez","src":"https:\/\/i0.wp.com\/lasprimeras.com.do\/wp-content\/uploads\/2026\/01\/Carmen-Melendez.jpg?resize=350%2C200&ssl=1","width":350,"height":200,"srcset":"https:\/\/i0.wp.com\/lasprimeras.com.do\/wp-content\/uploads\/2026\/01\/Carmen-Melendez.jpg?resize=350%2C200&ssl=1 1x, https:\/\/i0.wp.com\/lasprimeras.com.do\/wp-content\/uploads\/2026\/01\/Carmen-Melendez.jpg?resize=525%2C300&ssl=1 1.5x, https:\/\/i0.wp.com\/lasprimeras.com.do\/wp-content\/uploads\/2026\/01\/Carmen-Melendez.jpg?resize=700%2C400&ssl=1 2x"},"classes":[]},{"id":92641,"url":"https:\/\/lasprimeras.com.do\/index.php\/2025\/01\/10\/nicolas-maduro-llega-a-la-sede-del-parlamento-para-la-toma-de-posesion-de-la-presidencia\/","url_meta":{"origin":112156,"position":1},"title":"Nicol\u00e1s Maduro llega a la sede del Parlamento para la toma de posesi\u00f3n de la Presidencia","author":"Nelson Feliz","date":"10 de enero de 2025","format":false,"excerpt":"Caracas, (EFE).- El presidente de Venezuela, Nicol\u00e1s Maduro, lleg\u00f3 este viernes a la sede de la Asamblea Nacional (AN, Parlamento), controlado por el chavismo, para jurar al cargo de presidente para el periodo 2025-2031, pese a las reiteradas denuncias de la oposici\u00f3n de que su candidato, Edmundo Gonz\u00e1lez Urrutia, fue\u2026","rel":"","context":"En \u00abSin categor\u00eda\u00bb","block_context":{"text":"Sin categor\u00eda","link":"https:\/\/lasprimeras.com.do\/index.php\/category\/sin-categoria\/"},"img":{"alt_text":"Nicol\u00e1s Maduro","src":"https:\/\/i0.wp.com\/lasprimeras.com.do\/wp-content\/uploads\/2024\/08\/Nicolas-Maduro-4.jpg?resize=350%2C200&ssl=1","width":350,"height":200,"srcset":"https:\/\/i0.wp.com\/lasprimeras.com.do\/wp-content\/uploads\/2024\/08\/Nicolas-Maduro-4.jpg?resize=350%2C200&ssl=1 1x, https:\/\/i0.wp.com\/lasprimeras.com.do\/wp-content\/uploads\/2024\/08\/Nicolas-Maduro-4.jpg?resize=525%2C300&ssl=1 1.5x, https:\/\/i0.wp.com\/lasprimeras.com.do\/wp-content\/uploads\/2024\/08\/Nicolas-Maduro-4.jpg?resize=700%2C400&ssl=1 2x"},"classes":[]},{"id":68955,"url":"https:\/\/lasprimeras.com.do\/index.php\/2023\/11\/29\/maduro-pide-a-biden-levantar-las-sanciones-e-iniciar-una-nueva-era\/","url_meta":{"origin":112156,"position":2},"title":"Maduro pide a Biden levantar las sanciones e iniciar una nueva era","author":"BIMARY DE JES\u00daS Matos","date":"29 de noviembre de 2023","format":false,"excerpt":"CARACAS.- El presidente de Venezuela, Nicol\u00e1s Maduro, pidi\u00f3 este martes a su hom\u00f3logo estadounidense, Joe Biden, levantar todas las sanciones que pesan sobre el pa\u00eds sudamericano e iniciar una nueva era de relaciones, \u00abal m\u00e1ximo nivel\u00bb, entre Caracas y Washington, rotas desde 2019, aunque con acercamientos en los \u00faltimos meses.\u2026","rel":"","context":"En \u00abSin categor\u00eda\u00bb","block_context":{"text":"Sin categor\u00eda","link":"https:\/\/lasprimeras.com.do\/index.php\/category\/sin-categoria\/"},"img":{"alt_text":"","src":"https:\/\/i0.wp.com\/lasprimeras.com.do\/wp-content\/uploads\/2023\/11\/PhotoFrame-4-2.jpg?resize=350%2C200&ssl=1","width":350,"height":200,"srcset":"https:\/\/i0.wp.com\/lasprimeras.com.do\/wp-content\/uploads\/2023\/11\/PhotoFrame-4-2.jpg?resize=350%2C200&ssl=1 1x, https:\/\/i0.wp.com\/lasprimeras.com.do\/wp-content\/uploads\/2023\/11\/PhotoFrame-4-2.jpg?resize=525%2C300&ssl=1 1.5x"},"classes":[]},{"id":89545,"url":"https:\/\/lasprimeras.com.do\/index.php\/2024\/09\/28\/chavista-y-opositores-se-manifiestan-en-regiones-de-venezuela-tras-dos-meses-de-comicios\/","url_meta":{"origin":112156,"position":3},"title":"Chavista y opositores se manifiestan en regiones de Venezuela tras dos meses de comicios","author":"Nelson Feliz","date":"28 de septiembre de 2024","format":false,"excerpt":"Caracas,(EFE).- Cientos de chavistas y opositores se manifestaron este s\u00e1bado en diferentes regiones de Venezuela a favor y en contra, respectivamente, de los resultados de los comicios presidenciales que se celebraron hace dos meses, el 28 de julio, en los que el Consejo Nacional Electoral (CNE) proclam\u00f3 como ganador a\u2026","rel":"","context":"En \u00abSin categor\u00eda\u00bb","block_context":{"text":"Sin categor\u00eda","link":"https:\/\/lasprimeras.com.do\/index.php\/category\/sin-categoria\/"},"img":{"alt_text":"","src":"https:\/\/i0.wp.com\/lasprimeras.com.do\/wp-content\/uploads\/2024\/09\/Chavista-y-opositores-1.jpg?resize=350%2C200&ssl=1","width":350,"height":200,"srcset":"https:\/\/i0.wp.com\/lasprimeras.com.do\/wp-content\/uploads\/2024\/09\/Chavista-y-opositores-1.jpg?resize=350%2C200&ssl=1 1x, https:\/\/i0.wp.com\/lasprimeras.com.do\/wp-content\/uploads\/2024\/09\/Chavista-y-opositores-1.jpg?resize=525%2C300&ssl=1 1.5x"},"classes":[]},{"id":118001,"url":"https:\/\/lasprimeras.com.do\/index.php\/2025\/12\/19\/marco-rubio-evade-confirmacion-sobre-estrategia-para-sacar-a-nicolas-maduro-de-venezuela\/","url_meta":{"origin":112156,"position":4},"title":"Marco Rubio evade confirmaci\u00f3n sobre estrategia para sacar a Nicol\u00e1s Maduro de Venezuela","author":"Nelson Feliz","date":"19 de diciembre de 2025","format":false,"excerpt":"El jefe de la diplomacia estadounidense subray\u00f3 que el objetivo del Gobierno estadounidense \"es la estabilidad y la seguridad regional\" y \"proteger los intereses de Estados Unidos\". Washington, EFE - El secretario de Estado de Estados Unidos, Marco Rubio, evit\u00f3 responder este viernes si la Administraci\u00f3n de Donald Trump busca\u2026","rel":"","context":"En \u00abINTERNACIONALES\u00bb","block_context":{"text":"INTERNACIONALES","link":"https:\/\/lasprimeras.com.do\/index.php\/category\/sin-categoria\/internacionales\/"},"img":{"alt_text":"\"Estados Unidos est\u00e1 siendo atacado por organizaciones criminales terroristas en nuestro hemisferio y el presidente (Donald Trump) est\u00e1 respondiendo en defensa de nuestro pa\u00eds\", a\u00f1adi\u00f3.AP","src":"https:\/\/i0.wp.com\/lasprimeras.com.do\/wp-content\/uploads\/2025\/12\/Marco-Rubio.jpg?resize=350%2C200&ssl=1","width":350,"height":200,"srcset":"https:\/\/i0.wp.com\/lasprimeras.com.do\/wp-content\/uploads\/2025\/12\/Marco-Rubio.jpg?resize=350%2C200&ssl=1 1x, https:\/\/i0.wp.com\/lasprimeras.com.do\/wp-content\/uploads\/2025\/12\/Marco-Rubio.jpg?resize=525%2C300&ssl=1 1.5x, https:\/\/i0.wp.com\/lasprimeras.com.do\/wp-content\/uploads\/2025\/12\/Marco-Rubio.jpg?resize=700%2C400&ssl=1 2x"},"classes":[]},{"id":89558,"url":"https:\/\/lasprimeras.com.do\/index.php\/2024\/09\/28\/nicolas-maduro-afirma-que-se-juramentara-como-presidente-de-venezuela-el-10-de-enero\/","url_meta":{"origin":112156,"position":5},"title":"Nicol\u00e1s Maduro afirma que se juramentar\u00e1 como presidente de Venezuela el 10 de enero","author":"Nelson Feliz","date":"28 de septiembre de 2024","format":false,"excerpt":"Caracas, (EFE).- El presidente de Venezuela, Nicol\u00e1s Maduro, afirm\u00f3 este s\u00e1bado que se juramentar\u00e1 como mandatario de la naci\u00f3n caribe\u00f1a, para el per\u00edodo 2025-2031, el pr\u00f3ximo 10 de enero, como establece la Constituci\u00f3n, luego de que el Consejo Nacional Electoral (CNE) lo proclamara como el ganador de los comicios del\u2026","rel":"","context":"En \u00abSin categor\u00eda\u00bb","block_context":{"text":"Sin categor\u00eda","link":"https:\/\/lasprimeras.com.do\/index.php\/category\/sin-categoria\/"},"img":{"alt_text":"Nicol\u00e1s Maduro","src":"https:\/\/i0.wp.com\/lasprimeras.com.do\/wp-content\/uploads\/2024\/09\/Nicolas-Maduro-2.jpg?resize=350%2C200&ssl=1","width":350,"height":200,"srcset":"https:\/\/i0.wp.com\/lasprimeras.com.do\/wp-content\/uploads\/2024\/09\/Nicolas-Maduro-2.jpg?resize=350%2C200&ssl=1 1x, https:\/\/i0.wp.com\/lasprimeras.com.do\/wp-content\/uploads\/2024\/09\/Nicolas-Maduro-2.jpg?resize=525%2C300&ssl=1 1.5x, https:\/\/i0.wp.com\/lasprimeras.com.do\/wp-content\/uploads\/2024\/09\/Nicolas-Maduro-2.jpg?resize=700%2C400&ssl=1 2x"},"classes":[]}],"jetpack_sharing_enabled":true,"_links":{"self":[{"href":"https:\/\/lasprimeras.com.do\/index.php\/wp-json\/wp\/v2\/posts\/112156","targetHints":{"allow":["GET"]}}],"collection":[{"href":"https:\/\/lasprimeras.com.do\/index.php\/wp-json\/wp\/v2\/posts"}],"about":[{"href":"https:\/\/lasprimeras.com.do\/index.php\/wp-json\/wp\/v2\/types\/post"}],"author":[{"embeddable":true,"href":"https:\/\/lasprimeras.com.do\/index.php\/wp-json\/wp\/v2\/users\/10"}],"replies":[{"embeddable":true,"href":"https:\/\/lasprimeras.com.do\/index.php\/wp-json\/wp\/v2\/comments?post=112156"}],"version-history":[{"count":1,"href":"https:\/\/lasprimeras.com.do\/index.php\/wp-json\/wp\/v2\/posts\/112156\/revisions"}],"predecessor-version":[{"id":112157,"href":"https:\/\/lasprimeras.com.do\/index.php\/wp-json\/wp\/v2\/posts\/112156\/revisions\/112157"}],"wp:featuredmedia":[{"embeddable":true,"href":"https:\/\/lasprimeras.com.do\/index.php\/wp-json\/wp\/v2\/media\/72700"}],"wp:attachment":[{"href":"https:\/\/lasprimeras.com.do\/index.php\/wp-json\/wp\/v2\/media?parent=112156"}],"wp:term":[{"taxonomy":"category","embeddable":true,"href":"https:\/\/lasprimeras.com.do\/index.php\/wp-json\/wp\/v2\/categories?post=112156"},{"taxonomy":"post_tag","embeddable":true,"href":"https:\/\/lasprimeras.com.do\/index.php\/wp-json\/wp\/v2\/tags?post=112156"}],"curies":[{"name":"wp","href":"https:\/\/api.w.org\/{rel}","templated":true}]}}