{"id":112165,"date":"2025-10-19T10:54:02","date_gmt":"2025-10-19T14:54:02","guid":{"rendered":"https:\/\/lasprimeras.com.do\/?p=112165"},"modified":"2025-10-19T10:54:05","modified_gmt":"2025-10-19T14:54:05","slug":"abinader-inaugura-el-polideportivo-club-rafael-osvaldo-mercedes-crom-en-villa-mella","status":"publish","type":"post","link":"https:\/\/lasprimeras.com.do\/index.php\/2025\/10\/19\/abinader-inaugura-el-polideportivo-club-rafael-osvaldo-mercedes-crom-en-villa-mella\/","title":{"rendered":"Abinader inaugura el Polideportivo Club Rafael Osvaldo Mercedes \u201cCROM\u201d en Villa Mella"},"content":{"rendered":"\n<p><strong>Indica que, adem\u00e1s de este polideportivo, se han construido techados en Sabana Perdida Norte y Los Guaricanos, como parte de un plan de 30 instalaciones deportivas en el Gran Santo Domingo.<\/strong><\/p>\n\n\n\n<p>El presidente Luis Abinader inaugur\u00f3 el Polideportivo Club Rafael Osvaldo Mercedes \u201cCROM\u201d en Villa Mella, una obra largamente esperada por sus ciudadanos y que marca un nuevo impulso al desarrollo deportivo y social de Santo Domingo Norte.<\/p>\n\n\n\n<p>Durante el acto, el presidente Abinader record\u00f3 que esta obra se convierte en un s\u00edmbolo de esperanza y desarrollo para los j\u00f3venes de Villa Mella, reafirmando el compromiso del Gobierno con la transformaci\u00f3n integral de la zona y con brindar espacios dignos y seguros para el deporte y la convivencia.<\/p>\n\n\n\n<p>Asimismo, se\u00f1al\u00f3 que en esta demarcaci\u00f3n exist\u00edan pocos techados deportivos y se\u00f1al\u00f3 que, adem\u00e1s del de Villa Mella, se han construido otros en Sabana Perdida Norte y Los Guaricanos, dentro de un plan que contempla 30 instalaciones similares en el Gran Santo Domingo.<\/p>\n\n\n\n<p>El mandatario destac\u00f3 los avances en obras de infraestructura, saneamiento, deportes, educaci\u00f3n, salud y transporte que desarrolla el Gobierno en Santo Domingo Norte, durante el acto de inauguraci\u00f3n del nuevo Polideportivo Club Rafael Osvaldo Mercedes &#8220;CROM&#8221; en Villa Mella.<\/p>\n","protected":false},"excerpt":{"rendered":"<p>Indica que, adem\u00e1s de este polideportivo, se han construido techados en Sabana Perdida Norte y Los Guaricanos, como parte de un plan de 30 instalaciones deportivas en el Gran Santo&hellip;<\/p>\n","protected":false},"author":10,"featured_media":112166,"comment_status":"open","ping_status":"open","sticky":false,"template":"","format":"standard","meta":{"content-type":"","jetpack_post_was_ever_published":false,"_jetpack_newsletter_access":"","_jetpack_dont_email_post_to_subs":false,"_jetpack_newsletter_tier_id":0,"_jetpack_memberships_contains_paywalled_content":false,"_jetpack_memberships_contains_paid_content":false,"footnotes":""},"categories":[630],"tags":[26079,67,26078,684],"class_list":["post-112165","post","type-post","status-publish","format-standard","has-post-thumbnail","hentry","category-deportes","tag-crom","tag-luis-abinader","tag-polideportivo-club-rafael-osvaldo-mercedes","tag-villa-mella"],"jetpack_featured_media_url":"https:\/\/lasprimeras.com.do\/wp-content\/uploads\/2025\/10\/crom.jpg","jetpack-related-posts":[{"id":114545,"url":"https:\/\/lasprimeras.com.do\/index.php\/2025\/11\/15\/abinader-entrega-nuevo-polideportivo-isabelita-prof-virgilio-frias\/","url_meta":{"origin":112165,"position":0},"title":"Abinader entrega nuevo Polideportivo Isabelita, Prof. Virgilio Fr\u00edas","author":"Nelson Feliz","date":"15 de noviembre de 2025","format":false,"excerpt":"Tambi\u00e9n inaugura Estaci\u00f3n Policial Los Mina Viejo, donde el director de la Polic\u00eda, dice que esta obra es una muestra del compromiso del presidente Abinader con la sociedad Dominicana de transformar la uniformada y dignificar la carrera policial. El presidente Luis Abinader entreg\u00f3 este s\u00e1bado el nuevo Polideportivo Isabelita, Prof.\u2026","rel":"","context":"En \u00abECONOM\u00cdA\u00bb","block_context":{"text":"ECONOM\u00cdA","link":"https:\/\/lasprimeras.com.do\/index.php\/category\/economia\/"},"img":{"alt_text":"","src":"https:\/\/i0.wp.com\/lasprimeras.com.do\/wp-content\/uploads\/2025\/11\/abinader-poli.jpg?resize=350%2C200&ssl=1","width":350,"height":200,"srcset":"https:\/\/i0.wp.com\/lasprimeras.com.do\/wp-content\/uploads\/2025\/11\/abinader-poli.jpg?resize=350%2C200&ssl=1 1x, https:\/\/i0.wp.com\/lasprimeras.com.do\/wp-content\/uploads\/2025\/11\/abinader-poli.jpg?resize=525%2C300&ssl=1 1.5x, https:\/\/i0.wp.com\/lasprimeras.com.do\/wp-content\/uploads\/2025\/11\/abinader-poli.jpg?resize=700%2C400&ssl=1 2x"},"classes":[]},{"id":108878,"url":"https:\/\/lasprimeras.com.do\/index.php\/2025\/09\/11\/abinader-entregara-viviendas-escuelas-polideportivos-y-carretera-en-el-gran-santo-domingo-y-constanza-este-fin-de-semana\/","url_meta":{"origin":112165,"position":1},"title":"Abinader entregar\u00e1 viviendas, escuelas, polideportivos y carretera en el Gran Santo Domingo y Constanza este fin de semana","author":"Nelson Feliz","date":"11 de septiembre de 2025","format":false,"excerpt":"Tambi\u00e9n sostendr\u00e1 almuerzo con el Batall\u00f3n de Cazadores del Ej\u00e9rcito de la Rep\u00fablica Dominicana en la Fortaleza de Constanza. El presidente Luis Abinader encabezar\u00e1 este fin de semana una amplia jornada de inauguraciones en el Gran Santo Domingo y en el municipio de Constanza, provincia La Vega, como parte de\u2026","rel":"","context":"En \u00abNACIONALES\u00bb","block_context":{"text":"NACIONALES","link":"https:\/\/lasprimeras.com.do\/index.php\/category\/nacionales\/"},"img":{"alt_text":"","src":"https:\/\/i0.wp.com\/lasprimeras.com.do\/wp-content\/uploads\/2025\/09\/Luis-Abinader-1-2.jpg?resize=350%2C200&ssl=1","width":350,"height":200,"srcset":"https:\/\/i0.wp.com\/lasprimeras.com.do\/wp-content\/uploads\/2025\/09\/Luis-Abinader-1-2.jpg?resize=350%2C200&ssl=1 1x, https:\/\/i0.wp.com\/lasprimeras.com.do\/wp-content\/uploads\/2025\/09\/Luis-Abinader-1-2.jpg?resize=525%2C300&ssl=1 1.5x, https:\/\/i0.wp.com\/lasprimeras.com.do\/wp-content\/uploads\/2025\/09\/Luis-Abinader-1-2.jpg?resize=700%2C400&ssl=1 2x"},"classes":[]},{"id":58061,"url":"https:\/\/lasprimeras.com.do\/index.php\/2023\/08\/18\/presidente-luis-abinader-inaugurara-4-obras-este-fin-de-semana\/","url_meta":{"origin":112165,"position":2},"title":"Presidente Luis Abinader inaugurar\u00e1 4 obras este fin de semana","author":"Nelson Feliz","date":"18 de agosto de 2023","format":false,"excerpt":"El presidente Luis Abinader continuar\u00e1 este s\u00e1bado 19 y domingo 20 de agosto su agenda de inauguraciones de obras en las provincias La Altagracia, Hato Mayor y Santo Domingo. Las obras a inaugurar por el gobernante incluyen un hospital, dos polideportivos y una escuela de educaci\u00f3n b\u00e1sica. El s\u00e1bado, el\u2026","rel":"","context":"En \u00abNACIONALES\u00bb","block_context":{"text":"NACIONALES","link":"https:\/\/lasprimeras.com.do\/index.php\/category\/nacionales\/"},"img":{"alt_text":"Luis Abinader","src":"https:\/\/i0.wp.com\/lasprimeras.com.do\/wp-content\/uploads\/2023\/08\/Luis-Abinader-8.jpg?resize=350%2C200&ssl=1","width":350,"height":200,"srcset":"https:\/\/i0.wp.com\/lasprimeras.com.do\/wp-content\/uploads\/2023\/08\/Luis-Abinader-8.jpg?resize=350%2C200&ssl=1 1x, https:\/\/i0.wp.com\/lasprimeras.com.do\/wp-content\/uploads\/2023\/08\/Luis-Abinader-8.jpg?resize=525%2C300&ssl=1 1.5x, https:\/\/i0.wp.com\/lasprimeras.com.do\/wp-content\/uploads\/2023\/08\/Luis-Abinader-8.jpg?resize=700%2C400&ssl=1 2x"},"classes":[]},{"id":82724,"url":"https:\/\/lasprimeras.com.do\/index.php\/2024\/05\/07\/gobierno-ha-entregado-46-polideportivos-nuevos-y-reconstruidos\/","url_meta":{"origin":112165,"position":3},"title":"Gobierno ha entregado 46 polideportivos nuevos y reconstruidos","author":"BIMARY DE JES\u00daS Matos","date":"7 de mayo de 2024","format":false,"excerpt":"Santo Domingo.- El Gobierno del presidente Luis Abinader, a trav\u00e9s del Ministerio de Deportes y Recreaci\u00f3n (Miderec), ha entregado en menos de cuatro a\u00f1os 46 polideportivos, nuevos y reconstruidos, con una inversi\u00f3n de 461 millones, 716 mil 350 pesos. En la actualidad, por instrucciones del presidente Abinader, el Miderec trabaja\u2026","rel":"","context":"En \u00abSin categor\u00eda\u00bb","block_context":{"text":"Sin categor\u00eda","link":"https:\/\/lasprimeras.com.do\/index.php\/category\/sin-categoria\/"},"img":{"alt_text":"","src":"https:\/\/i0.wp.com\/lasprimeras.com.do\/wp-content\/uploads\/2024\/05\/6a0c8a05-4f4b-48f5-a1d9-1ad180753c4a-4.webp?resize=350%2C200&ssl=1","width":350,"height":200,"srcset":"https:\/\/i0.wp.com\/lasprimeras.com.do\/wp-content\/uploads\/2024\/05\/6a0c8a05-4f4b-48f5-a1d9-1ad180753c4a-4.webp?resize=350%2C200&ssl=1 1x, https:\/\/i0.wp.com\/lasprimeras.com.do\/wp-content\/uploads\/2024\/05\/6a0c8a05-4f4b-48f5-a1d9-1ad180753c4a-4.webp?resize=525%2C300&ssl=1 1.5x, https:\/\/i0.wp.com\/lasprimeras.com.do\/wp-content\/uploads\/2024\/05\/6a0c8a05-4f4b-48f5-a1d9-1ad180753c4a-4.webp?resize=700%2C400&ssl=1 2x, https:\/\/i0.wp.com\/lasprimeras.com.do\/wp-content\/uploads\/2024\/05\/6a0c8a05-4f4b-48f5-a1d9-1ad180753c4a-4.webp?resize=1050%2C600&ssl=1 3x"},"classes":[]},{"id":110316,"url":"https:\/\/lasprimeras.com.do\/index.php\/2025\/09\/27\/presidente-abinader-pasa-balance-a-obras-en-curso-en-santo-domingo-norte\/","url_meta":{"origin":112165,"position":4},"title":"Presidente Abinader pasa balance a obras en curso en Santo Domingo Norte","author":"Nelson Feliz","date":"27 de septiembre de 2025","format":false,"excerpt":"La actividad, que tuvo una duraci\u00f3n de dos horas, se desarroll\u00f3 en el sal\u00f3n del Polideportivo de la Nueva Barquita. El presidente Luis Abinader encabez\u00f3 una mesa de trabajo con las principales autoridades del municipio Santo Domingo Norte, con el objetivo de dar seguimiento a los problemas y necesidades de\u2026","rel":"","context":"En \u00abNACIONALES\u00bb","block_context":{"text":"NACIONALES","link":"https:\/\/lasprimeras.com.do\/index.php\/category\/nacionales\/"},"img":{"alt_text":"","src":"https:\/\/i0.wp.com\/lasprimeras.com.do\/wp-content\/uploads\/2025\/09\/Luis-Abinader-1.jpeg?resize=350%2C200&ssl=1","width":350,"height":200,"srcset":"https:\/\/i0.wp.com\/lasprimeras.com.do\/wp-content\/uploads\/2025\/09\/Luis-Abinader-1.jpeg?resize=350%2C200&ssl=1 1x, https:\/\/i0.wp.com\/lasprimeras.com.do\/wp-content\/uploads\/2025\/09\/Luis-Abinader-1.jpeg?resize=525%2C300&ssl=1 1.5x, https:\/\/i0.wp.com\/lasprimeras.com.do\/wp-content\/uploads\/2025\/09\/Luis-Abinader-1.jpeg?resize=700%2C400&ssl=1 2x"},"classes":[]},{"id":102441,"url":"https:\/\/lasprimeras.com.do\/index.php\/2025\/07\/04\/abinader-inaugurara-dos-edificios-este-domingo-en-la-provincia-duarte-este-domingo\/","url_meta":{"origin":112165,"position":5},"title":"Abinader inaugurar\u00e1 dos edificios este domingo en la provincia Duarte este domingo","author":"Nelson Feliz","date":"4 de julio de 2025","format":false,"excerpt":"Tambi\u00e9n dejar\u00e1 inaugurado el remozamiento del hospital de Villa Riva y un polideportivo. En una jornada que refuerza su compromiso con el bienestar de la gente y el desarrollo equitativo del pa\u00eds, el presidente Luis Abinader visitar\u00e1 este domingo la provincia Duarte para entregar cuatro importantes obras que transformar\u00e1n \u00e1reas\u2026","rel":"","context":"En \u00abNACIONALES\u00bb","block_context":{"text":"NACIONALES","link":"https:\/\/lasprimeras.com.do\/index.php\/category\/nacionales\/"},"img":{"alt_text":"Luis Abinader","src":"https:\/\/i0.wp.com\/lasprimeras.com.do\/wp-content\/uploads\/2025\/07\/Luis-Abinader-1.jpg?resize=350%2C200&ssl=1","width":350,"height":200,"srcset":"https:\/\/i0.wp.com\/lasprimeras.com.do\/wp-content\/uploads\/2025\/07\/Luis-Abinader-1.jpg?resize=350%2C200&ssl=1 1x, https:\/\/i0.wp.com\/lasprimeras.com.do\/wp-content\/uploads\/2025\/07\/Luis-Abinader-1.jpg?resize=525%2C300&ssl=1 1.5x, https:\/\/i0.wp.com\/lasprimeras.com.do\/wp-content\/uploads\/2025\/07\/Luis-Abinader-1.jpg?resize=700%2C400&ssl=1 2x"},"classes":[]}],"jetpack_sharing_enabled":true,"_links":{"self":[{"href":"https:\/\/lasprimeras.com.do\/index.php\/wp-json\/wp\/v2\/posts\/112165","targetHints":{"allow":["GET"]}}],"collection":[{"href":"https:\/\/lasprimeras.com.do\/index.php\/wp-json\/wp\/v2\/posts"}],"about":[{"href":"https:\/\/lasprimeras.com.do\/index.php\/wp-json\/wp\/v2\/types\/post"}],"author":[{"embeddable":true,"href":"https:\/\/lasprimeras.com.do\/index.php\/wp-json\/wp\/v2\/users\/10"}],"replies":[{"embeddable":true,"href":"https:\/\/lasprimeras.com.do\/index.php\/wp-json\/wp\/v2\/comments?post=112165"}],"version-history":[{"count":1,"href":"https:\/\/lasprimeras.com.do\/index.php\/wp-json\/wp\/v2\/posts\/112165\/revisions"}],"predecessor-version":[{"id":112167,"href":"https:\/\/lasprimeras.com.do\/index.php\/wp-json\/wp\/v2\/posts\/112165\/revisions\/112167"}],"wp:featuredmedia":[{"embeddable":true,"href":"https:\/\/lasprimeras.com.do\/index.php\/wp-json\/wp\/v2\/media\/112166"}],"wp:attachment":[{"href":"https:\/\/lasprimeras.com.do\/index.php\/wp-json\/wp\/v2\/media?parent=112165"}],"wp:term":[{"taxonomy":"category","embeddable":true,"href":"https:\/\/lasprimeras.com.do\/index.php\/wp-json\/wp\/v2\/categories?post=112165"},{"taxonomy":"post_tag","embeddable":true,"href":"https:\/\/lasprimeras.com.do\/index.php\/wp-json\/wp\/v2\/tags?post=112165"}],"curies":[{"name":"wp","href":"https:\/\/api.w.org\/{rel}","templated":true}]}}