{"id":112315,"date":"2025-10-21T08:01:16","date_gmt":"2025-10-21T12:01:16","guid":{"rendered":"https:\/\/lasprimeras.com.do\/?p=112315"},"modified":"2025-10-21T08:01:19","modified_gmt":"2025-10-21T12:01:19","slug":"la-liga-pollitos-nyc-presenta-el-1er-torneo-de-baloncesto-superior-de-santiago-en-ny","status":"publish","type":"post","link":"https:\/\/lasprimeras.com.do\/index.php\/2025\/10\/21\/la-liga-pollitos-nyc-presenta-el-1er-torneo-de-baloncesto-superior-de-santiago-en-ny\/","title":{"rendered":"La Liga Pollitos NYC presenta el 1er Torneo de Baloncesto Superior de Santiago en NY"},"content":{"rendered":"\n<p>Nueva York &#8211; La Liga Pollitos NYC se complace en anunciar el inicio del primer torneo de baloncesto superior de Santiago en la ciudad de Nueva York.<\/p>\n\n\n\n<p>El torneo, que comenz\u00f3 el domingo 12 de octubre, re\u00fane a seis equipos locales:<\/p>\n\n\n\n<p>Los Jardines NYC, Liga Barrio Libertad NYC, Samejianos NYC, Joyeros Unidos NYC, Cupes NYC y Pueblo Nuevo NYC.<\/p>\n\n\n\n<p>Detalles del Torneo<\/p>\n\n\n\n<ul class=\"wp-block-list\">\n<li>Fecha de inicio: Domingo 12 de octubre<\/li>\n\n\n\n<li>D\u00edas de juego: Todos los domingos<\/li>\n\n\n\n<li>Presidente de la Liga: Julio C\u00e9sar Ortiz<\/li>\n<\/ul>\n\n\n\n<p>Representantes de los Equipos<\/p>\n\n\n\n<ul class=\"wp-block-list\">\n<li>Los Jardines NYC: David Rodr\u00edguez<\/li>\n\n\n\n<li>Liga Barrio Libertad NYC: Sr. Ezequiel Mart\u00ednez<\/li>\n\n\n\n<li>Pueblo Nuevo NYC: Sr. Argelis L\u00f3pez<\/li>\n\n\n\n<li>Joyeros Unidos NYC: Harold Acosta<\/li>\n\n\n\n<li>Samejianos NYC: Bio Rosa<\/li>\n\n\n\n<li>CUPES NYC: Osvaldo L\u00f3pez<\/li>\n<\/ul>\n\n\n\n<p>Homenaje a Lirisi Marmol<\/p>\n\n\n\n<p>En el segundo juego del torneo, celebrado el pasado domingo 19 de octubre, se rindi\u00f3 homenaje a Lirisi Marmol, presidenta de la Juventud de la Fuerza del Pueblo en los Estados Unidos.<\/p>\n\n\n\n<p>Marmol destac\u00f3 la importancia del deporte en el desarrollo de las relaciones sociales y la educaci\u00f3n de la juventud.<\/p>\n\n\n\n<p>&#8220;El deporte no solo es una actividad f\u00edsica o mental que tiene por finalidad la expresi\u00f3n o la mejora de la condici\u00f3n f\u00edsica y ps\u00edquica de cualquier individuo, sino que tambi\u00e9n es el trampol\u00edn al desarrollo de las relaciones sociales&#8221;, afirm\u00f3 Marmol.<\/p>\n\n\n\n<p>Apoyo al Deporte Comunitario<\/p>\n\n\n\n<p>La Liga Pollitos NYC busca fomentar el deporte y la uni\u00f3n comunitaria a trav\u00e9s de este torneo, promoviendo valores como el trabajo en equipo y la sana competencia.<\/p>\n","protected":false},"excerpt":{"rendered":"<p>Nueva York &#8211; La Liga Pollitos NYC se complace en anunciar el inicio del primer torneo de baloncesto superior de Santiago en la ciudad de Nueva York. El torneo, que&hellip;<\/p>\n","protected":false},"author":10,"featured_media":112316,"comment_status":"open","ping_status":"open","sticky":false,"template":"","format":"standard","meta":{"content-type":"","jetpack_post_was_ever_published":false,"_jetpack_newsletter_access":"","_jetpack_dont_email_post_to_subs":false,"_jetpack_newsletter_tier_id":0,"_jetpack_memberships_contains_paywalled_content":false,"_jetpack_memberships_contains_paid_content":false,"footnotes":""},"categories":[630],"tags":[26148,26149,26147,104,1049],"class_list":["post-112315","post","type-post","status-publish","format-standard","has-post-thumbnail","hentry","category-deportes","tag-1er-torneo","tag-baloncesto-superior","tag-liga-pollitos-nyc","tag-nueva-york","tag-santiago"],"jetpack_featured_media_url":"https:\/\/lasprimeras.com.do\/wp-content\/uploads\/2025\/10\/Liga-Pollitos-NYC.jpg","jetpack-related-posts":[{"id":97611,"url":"https:\/\/lasprimeras.com.do\/index.php\/2025\/04\/24\/congresistas-en-nyc-denuncian-secuestro-joven-hispano-en-el-bronx-por-inmigracion\/","url_meta":{"origin":112315,"position":0},"title":"Congresistas en NYC denuncian secuestro joven hispano en El Bronx por Inmigraci\u00f3n","author":"Nelson Feliz","date":"24 de abril de 2025","format":false,"excerpt":"Por Ram\u00f3n Mercedes NUEVA YORK.- Los congresistas por esta ciudad Adriano Espaillat (D-13) y Alexandria Ocasio-Cortez (NY-14) denunciaron el secuestro por parte de Inmigraci\u00f3n en El Bronx del joven hispano Merwil Guti\u00e9rrez, de 19 a\u00f1os. Los legisladores sostienen que el ICE detuvo a Guti\u00e9rrez en la puerta de su apartamento\u2026","rel":"","context":"En \u00abINTERNACIONALES\u00bb","block_context":{"text":"INTERNACIONALES","link":"https:\/\/lasprimeras.com.do\/index.php\/category\/sin-categoria\/internacionales\/"},"img":{"alt_text":"Congresistas en NYC denuncian secuestro joven hispano en El Bronx por Inmigraci\u00f3n","src":"https:\/\/i0.wp.com\/lasprimeras.com.do\/wp-content\/uploads\/2025\/04\/WhatsApp-Image-2025-04-24-at-6.07.05-AM.jpeg?resize=350%2C200&ssl=1","width":350,"height":200,"srcset":"https:\/\/i0.wp.com\/lasprimeras.com.do\/wp-content\/uploads\/2025\/04\/WhatsApp-Image-2025-04-24-at-6.07.05-AM.jpeg?resize=350%2C200&ssl=1 1x, https:\/\/i0.wp.com\/lasprimeras.com.do\/wp-content\/uploads\/2025\/04\/WhatsApp-Image-2025-04-24-at-6.07.05-AM.jpeg?resize=525%2C300&ssl=1 1.5x, https:\/\/i0.wp.com\/lasprimeras.com.do\/wp-content\/uploads\/2025\/04\/WhatsApp-Image-2025-04-24-at-6.07.05-AM.jpeg?resize=700%2C400&ssl=1 2x"},"classes":[]},{"id":97937,"url":"https:\/\/lasprimeras.com.do\/index.php\/2025\/04\/29\/campana-en-nyc-contra-las-infracciones-en-carriles-buses-conductores-dominicanos-en-ascuas\/","url_meta":{"origin":112315,"position":1},"title":"Campa\u00f1a en NYC contra las infracciones en carriles buses; conductores dominicanos en ascuas","author":"Nelson Feliz","date":"29 de abril de 2025","format":false,"excerpt":"Por Ram\u00f3n Mercedes NUEVA YORK.- La Autoridad Metropolitana del Transporte (MTA) inici\u00f3 en esta semana en esta ciudad una campa\u00f1a ampliada contra las infracciones en los carriles de buses en los cinco condados. Se inici\u00f3 con un periodo de advertencia por correo de 60 d\u00edas antes de recibir multas para\u2026","rel":"","context":"En \u00abINTERNACIONALES\u00bb","block_context":{"text":"INTERNACIONALES","link":"https:\/\/lasprimeras.com.do\/index.php\/category\/sin-categoria\/internacionales\/"},"img":{"alt_text":"Campa\u00f1a en NYC contra las infracciones en carriles buses; conductores dominicanos en ascuas","src":"https:\/\/i0.wp.com\/lasprimeras.com.do\/wp-content\/uploads\/2025\/04\/WhatsApp-Image-2025-04-29-at-5.43.40-AM.jpeg?resize=350%2C200&ssl=1","width":350,"height":200,"srcset":"https:\/\/i0.wp.com\/lasprimeras.com.do\/wp-content\/uploads\/2025\/04\/WhatsApp-Image-2025-04-29-at-5.43.40-AM.jpeg?resize=350%2C200&ssl=1 1x, https:\/\/i0.wp.com\/lasprimeras.com.do\/wp-content\/uploads\/2025\/04\/WhatsApp-Image-2025-04-29-at-5.43.40-AM.jpeg?resize=525%2C300&ssl=1 1.5x, https:\/\/i0.wp.com\/lasprimeras.com.do\/wp-content\/uploads\/2025\/04\/WhatsApp-Image-2025-04-29-at-5.43.40-AM.jpeg?resize=700%2C400&ssl=1 2x"},"classes":[]},{"id":98154,"url":"https:\/\/lasprimeras.com.do\/index.php\/2025\/05\/02\/inefi-y-soln-realizan-encuentro-en-nyc-con-deportistas-dominicanos\/","url_meta":{"origin":112315,"position":2},"title":"INEFI y SOLN realizan encuentro en NYC con deportistas dominicanos","author":"Nelson Feliz","date":"2 de mayo de 2025","format":false,"excerpt":"Por Ram\u00f3n Mercedes NUEVA YORK.- El Instituto Nacional de Educaci\u00f3n F\u00edsica (INEFI) en la Rep\u00fablica Dominicana, que dirige Alberto Rodr\u00edguez Mella y la Fundaci\u00f3n Soluci\u00f3n Nacional (SOLN), que preside el reconocido deportista y empresario en esta ciudad, Roberto Rojas, realizaron recientemente un encuentro con decenas de deportistas dominicanos en las\u2026","rel":"","context":"En \u00abDEPORTES\u00bb","block_context":{"text":"DEPORTES","link":"https:\/\/lasprimeras.com.do\/index.php\/category\/deportes\/"},"img":{"alt_text":"INEFI y SOLN realizan encuentro en NYC con deportistas dominicanos","src":"https:\/\/i0.wp.com\/lasprimeras.com.do\/wp-content\/uploads\/2025\/05\/WhatsApp-Image-2025-05-02-at-6.11.53-AM.jpeg?resize=350%2C200&ssl=1","width":350,"height":200},"classes":[]},{"id":99266,"url":"https:\/\/lasprimeras.com.do\/index.php\/2025\/05\/19\/dominicanos-en-nyc-lamentan-fallecimiento-connacional-augusto-gonzalez\/","url_meta":{"origin":112315,"position":3},"title":"Dominicanos en NYC lamentan fallecimiento connacional Augusto Gonz\u00e1lez","author":"Nelson Feliz","date":"19 de mayo de 2025","format":false,"excerpt":"Por Ram\u00f3n Mercedes NUEVA YORK.- Dominicanos residentes en esta ciudad expresan pesar y lamentaciones por el fallecimiento el pasado martes del connacional Federico Augusto Gonz\u00e1lez Silverio, de 74 a\u00f1os y oriundo de Villa Gonz\u00e1lez, provincia Santiago de los Caballeros. Augusto Gonz\u00e1lez, como se le conoc\u00eda generalmente, ten\u00eda residiendo en la\u2026","rel":"","context":"En \u00abINTERNACIONALES\u00bb","block_context":{"text":"INTERNACIONALES","link":"https:\/\/lasprimeras.com.do\/index.php\/category\/sin-categoria\/internacionales\/"},"img":{"alt_text":"","src":"https:\/\/i0.wp.com\/lasprimeras.com.do\/wp-content\/uploads\/2025\/05\/WhatsApp-Image-2025-05-19-at-6.34.23-AM-2.jpeg?resize=350%2C200&ssl=1","width":350,"height":200},"classes":[]},{"id":97943,"url":"https:\/\/lasprimeras.com.do\/index.php\/2025\/04\/29\/acusan-hispano-violar-cadaver-humano-en-tren-nyc-presuntamente-es-dominicano\/","url_meta":{"origin":112315,"position":4},"title":"Acusan hispano violar cad\u00e1ver humano en tren NYC; presuntamente es dominicano","author":"Nelson Feliz","date":"29 de abril de 2025","format":false,"excerpt":"Por Ram\u00f3n Mercedes NUEVA YORK.- El hispano F\u00e9lix Rojas, de 44 a\u00f1os, residente en Brooklyn y presuntamente dominicano, apresado el pasado domingo, fue acusado de violar un cad\u00e1ver humano en un vag\u00f3n del tren R en la estaci\u00f3n de la calle Whitehall-Manhattan. La instituci\u00f3n del orden ven\u00eda d\u00e1ndole seguimiento, desde\u2026","rel":"","context":"En \u00abINTERNACIONALES\u00bb","block_context":{"text":"INTERNACIONALES","link":"https:\/\/lasprimeras.com.do\/index.php\/category\/sin-categoria\/internacionales\/"},"img":{"alt_text":"Apresan y acusan hispano violar cad\u00e1ver humano en tren NYC","src":"https:\/\/i0.wp.com\/lasprimeras.com.do\/wp-content\/uploads\/2025\/04\/WhatsApp-Image-2025-04-29-at-5.43.41-AM.jpeg?resize=350%2C200&ssl=1","width":350,"height":200,"srcset":"https:\/\/i0.wp.com\/lasprimeras.com.do\/wp-content\/uploads\/2025\/04\/WhatsApp-Image-2025-04-29-at-5.43.41-AM.jpeg?resize=350%2C200&ssl=1 1x, https:\/\/i0.wp.com\/lasprimeras.com.do\/wp-content\/uploads\/2025\/04\/WhatsApp-Image-2025-04-29-at-5.43.41-AM.jpeg?resize=525%2C300&ssl=1 1.5x"},"classes":[]},{"id":94932,"url":"https:\/\/lasprimeras.com.do\/index.php\/2025\/03\/07\/hallan-cadaver-de-hispana-en-una-maleta-en-nueva-york-ex-novio-arrestado\/","url_meta":{"origin":112315,"position":5},"title":"Hallan cad\u00e1ver de hispana en una maleta en Nueva York; ex novio arrestado","author":"Nelson Feliz","date":"7 de marzo de 2025","format":false,"excerpt":"Una joven latina que hab\u00eda sido reportada desaparecida en NYC fue encontrada muerta en una maleta en Yonkers. Su ex novio fue detenido como sospechoso. Pamela Alc\u00e1ntara, joven de 26 a\u00f1os que hab\u00eda sido reportada desaparecida el domingo en El Bronx (NYC), fue encontrada muerta en una maleta en Yonkers\u2026","rel":"","context":"En \u00abINTERNACIONALES\u00bb","block_context":{"text":"INTERNACIONALES","link":"https:\/\/lasprimeras.com.do\/index.php\/category\/sin-categoria\/internacionales\/"},"img":{"alt_text":"","src":"https:\/\/i0.wp.com\/lasprimeras.com.do\/wp-content\/uploads\/2025\/03\/HISPA.png?resize=350%2C200&ssl=1","width":350,"height":200},"classes":[]}],"jetpack_sharing_enabled":true,"_links":{"self":[{"href":"https:\/\/lasprimeras.com.do\/index.php\/wp-json\/wp\/v2\/posts\/112315","targetHints":{"allow":["GET"]}}],"collection":[{"href":"https:\/\/lasprimeras.com.do\/index.php\/wp-json\/wp\/v2\/posts"}],"about":[{"href":"https:\/\/lasprimeras.com.do\/index.php\/wp-json\/wp\/v2\/types\/post"}],"author":[{"embeddable":true,"href":"https:\/\/lasprimeras.com.do\/index.php\/wp-json\/wp\/v2\/users\/10"}],"replies":[{"embeddable":true,"href":"https:\/\/lasprimeras.com.do\/index.php\/wp-json\/wp\/v2\/comments?post=112315"}],"version-history":[{"count":1,"href":"https:\/\/lasprimeras.com.do\/index.php\/wp-json\/wp\/v2\/posts\/112315\/revisions"}],"predecessor-version":[{"id":112317,"href":"https:\/\/lasprimeras.com.do\/index.php\/wp-json\/wp\/v2\/posts\/112315\/revisions\/112317"}],"wp:featuredmedia":[{"embeddable":true,"href":"https:\/\/lasprimeras.com.do\/index.php\/wp-json\/wp\/v2\/media\/112316"}],"wp:attachment":[{"href":"https:\/\/lasprimeras.com.do\/index.php\/wp-json\/wp\/v2\/media?parent=112315"}],"wp:term":[{"taxonomy":"category","embeddable":true,"href":"https:\/\/lasprimeras.com.do\/index.php\/wp-json\/wp\/v2\/categories?post=112315"},{"taxonomy":"post_tag","embeddable":true,"href":"https:\/\/lasprimeras.com.do\/index.php\/wp-json\/wp\/v2\/tags?post=112315"}],"curies":[{"name":"wp","href":"https:\/\/api.w.org\/{rel}","templated":true}]}}