{"id":112376,"date":"2025-10-21T12:32:27","date_gmt":"2025-10-21T16:32:27","guid":{"rendered":"https:\/\/lasprimeras.com.do\/?p=112376"},"modified":"2025-10-21T12:32:48","modified_gmt":"2025-10-21T16:32:48","slug":"jpmorgan-chase-inaugura-su-nueva-sede-de-60-pisos-en-nueva-york","status":"publish","type":"post","link":"https:\/\/lasprimeras.com.do\/index.php\/2025\/10\/21\/jpmorgan-chase-inaugura-su-nueva-sede-de-60-pisos-en-nueva-york\/","title":{"rendered":"JPMorgan Chase inaugura su nueva sede de 60 pisos en Nueva York"},"content":{"rendered":"\n<p>Por Ken Sweet<\/p>\n\n\n\n<p>NUEVA YORK (AP) \u2014 JPMorgan Chase inaugur\u00f3 el lunes al p\u00fablico su nueva sede de 60 pisos, uno de los primeros grandes edificios de oficinas construidos tras la pandemia de COVID-19 y que transformar\u00e1 el horizonte de la ciudad de Nueva York durante d\u00e9cadas.<\/p>\n\n\n\n<p>La torre de bronce y acero en 270 Park, cuyo costo, seg\u00fan se informa, fue de 3 mil millones de d\u00f3lares, reemplaz\u00f3 al Edificio Union Carbide, que se alzaba en una manzana completa entre las calles 47 y 48, y las avenidas Park y Madison durante casi 60 a\u00f1os.<\/p>\n\n\n\n<p>JPMorgan prev\u00e9 alojar a aproximadamente 10,000 de sus 24,000 empleados neoyorquinos en el nuevo edificio, y algunos de ellos comenzar\u00e1n su primer d\u00eda de trabajo en la torre coincidiendo con la ceremonia de inauguraci\u00f3n de la compa\u00f1\u00eda.<\/p>\n\n\n\n<p>Durante 225 a\u00f1os, JPMorgan Chase ha estado profundamente arraigado en la ciudad de Nueva York.<\/p>\n\n\n\n<p>La apertura de nuestra nueva sede global no solo representa una inversi\u00f3n significativa en Nueva York, sino que tambi\u00e9n demuestra nuestro compromiso con nuestros clientes y empleados en todo el mundo, declar\u00f3 Jamie Dimon, director ejecutivo y presidente de JPMorgan, en un comunicado.<\/p>\n\n\n\n<p>La finalizaci\u00f3n del nuevo 270 Park es un gran logro para Dimon, quien ha sido una de las voces m\u00e1s fuertes en pedir que los empleados se presenten en una oficina para trabajar.<\/p>\n\n\n\n<p>El edificio se dise\u00f1\u00f3 antes de que la pandemia de COVID-19 generalizara el teletrabajo.<br>El banco celebr\u00f3 reuniones para considerar la posibilidad de detener las obras del edificio para redise\u00f1arlo o reducir su tama\u00f1o, pero Dimon insisti\u00f3 en que las obras deb\u00edan continuar seg\u00fan lo previsto.<\/p>\n\n\n\n<p>Tanto pol\u00edticos como directores ejecutivos, en particular los de Wall Street, han expresado abiertamente la necesidad de que las empresas tengan oficinas.<\/p>\n\n\n\n<p>Los pol\u00edticos neoyorquinos deben rendir cuentas a los negocios locales que existen desde hace d\u00e9cadas y que los trabajadores utilizan para comer, asearse, comprar y beber.<\/p>\n\n\n\n<p>\u201cContar con esta inversi\u00f3n en este momento extraordinario es un testimonio de la audacia y la ambici\u00f3n neoyorquinas\u201d, declar\u00f3 la gobernadora Kathy Hochul, quien asisti\u00f3 a la ceremonia de inauguraci\u00f3n. La ceremonia concluy\u00f3 con la interpretaci\u00f3n de \u201cEmpire State of Mind\u201d de Jay-Z y Alicia Keyes.<\/p>\n\n\n\n<p>Con 420 metros de altura, el nuevo edificio, dise\u00f1ado por el afamado arquitecto Norman Foster, supera la altura del Empire State Building y se ha convertido en el cuarto edificio m\u00e1s grande de Manhattan.<\/p>\n\n\n\n<p>El edificio cuenta con 230.000 metros cuadrados y una manzana de espacio p\u00fablico. El banco tambi\u00e9n encarg\u00f3 cinco nuevas obras de arte para el edificio, que se suman a su ya considerable colecci\u00f3n.<\/p>\n\n\n\n<p>El banco albergar\u00e1 sus operaciones comerciales en el edificio, distribuido en ocho plantas, y ha contratado a varios vendedores de comida y caf\u00e9 para crear un concepto de ciudad dentro de un edificio.<\/p>\n\n\n\n<p>El edificio fue una importante obra de ingenier\u00eda y arquitectura a cargo de Foster, arquitecto principal, y Tishman Speyer, quien se encarg\u00f3 de la construcci\u00f3n y la ingenier\u00eda.<\/p>\n\n\n\n<p>El antiguo edificio de Union Carbide tuvo que ser demolido sistem\u00e1ticamente durante dos a\u00f1os, la mayor parte de las cuales se llevaron a cabo durante la pandemia.<\/p>\n\n\n\n<p>La construcci\u00f3n se complic\u00f3 debido a que el terreno se encuentra sobre las v\u00edas del Ferrocarril Metropolitano Norte y del Ferrocarril de Long Island, que discurren por debajo de Park Avenue hasta la Grand Central Terminal.<\/p>\n\n\n\n<p>Durante a\u00f1os, JPMorgan ha trabajado en varios edificios alrededor de Grand Central Terminal, resultado del crecimiento y las adquisiciones del banco a lo largo de los a\u00f1os.<\/p>\n\n\n\n<p>Ejecutivos corporativos y banqueros de inversi\u00f3n a\u00fan utilizan el n\u00famero 383 de Madison Ave, la antigua sede de Bear Stearns, y el n\u00famero 277 de Park, donde se encontraba Chemical Bank, tambi\u00e9n predecesor del actual JPMorgan Chase.<\/p>\n\n\n\n<p>Partes de JPMorgan comenzaron a utilizar el edificio Union Carbide a mediados de los 90, pero el banco siempre tuvo dificultades para albergar todas sus operaciones. El edificio fue dise\u00f1ado para albergar a 3000 empleados cuando se construy\u00f3 en los 60, y JPMorgan alberg\u00f3 a m\u00e1s de 6000 en tan solo unos a\u00f1os tras su mudanza.<\/p>\n\n\n\n<p>Tras la finalizaci\u00f3n de la obra en 270 Park, el banco anuncia que iniciar\u00e1 la renovaci\u00f3n de 383 Madison. Dimon indic\u00f3 que el banco ha adquirido otras propiedades adyacentes cerca de 270 Park para centralizar sus operaciones en torno a su nueva sede a largo plazo.<\/p>\n","protected":false},"excerpt":{"rendered":"<p>Por Ken Sweet NUEVA YORK (AP) \u2014 JPMorgan Chase inaugur\u00f3 el lunes al p\u00fablico su nueva sede de 60 pisos, uno de los primeros grandes edificios de oficinas construidos tras&hellip;<\/p>\n","protected":false},"author":10,"featured_media":112377,"comment_status":"open","ping_status":"open","sticky":false,"template":"","format":"standard","meta":{"content-type":"","jetpack_post_was_ever_published":false,"_jetpack_newsletter_access":"","_jetpack_dont_email_post_to_subs":false,"_jetpack_newsletter_tier_id":0,"_jetpack_memberships_contains_paywalled_content":false,"_jetpack_memberships_contains_paid_content":false,"footnotes":""},"categories":[39],"tags":[26187,16590,26186,23152,104,5896],"class_list":["post-112376","post","type-post","status-publish","format-standard","has-post-thumbnail","hentry","category-economia","tag-60-pisos","tag-horizonte","tag-jpmorgan-chase","tag-nueva-sede","tag-nueva-york","tag-transformando"],"jetpack_featured_media_url":"https:\/\/lasprimeras.com.do\/wp-content\/uploads\/2025\/10\/JPMorgan-Chase.jpg","jetpack-related-posts":[{"id":85718,"url":"https:\/\/lasprimeras.com.do\/index.php\/2024\/07\/05\/aramis-camilo-realizara-encuentro-con-la-prensa-y-la-comunidad-en-nueva-york\/","url_meta":{"origin":112376,"position":0},"title":"Aramis Camilo realizar\u00e1 encuentro con la prensa y la comunidad en Nueva York","author":"Nelson Feliz","date":"5 de julio de 2024","format":false,"excerpt":"NUEVA YORK.\u00a0 -El \u201cGodFather de la m\u00fasica\u00a0 dominicano\u201d, Aramis Camilo, tendr\u00e1 una conferencia de prensa con los medios y la comunidad en\u201cMeet and Greet New York\u201d\u00a0 este s\u00e1bado 6 de julio en el Centro de Eventos NYC. \u201cQue tal mis amigos, les saluda, Aramis Camilo, desde La Marina en Lynn,\u2026","rel":"","context":"En \u00abENTRETENIMIENTO\u00bb","block_context":{"text":"ENTRETENIMIENTO","link":"https:\/\/lasprimeras.com.do\/index.php\/category\/entretenimiento\/"},"img":{"alt_text":"Aramis Camilo","src":"https:\/\/i0.wp.com\/lasprimeras.com.do\/wp-content\/uploads\/2024\/07\/Aramis-Camilo.jpg?resize=350%2C200&ssl=1","width":350,"height":200,"srcset":"https:\/\/i0.wp.com\/lasprimeras.com.do\/wp-content\/uploads\/2024\/07\/Aramis-Camilo.jpg?resize=350%2C200&ssl=1 1x, https:\/\/i0.wp.com\/lasprimeras.com.do\/wp-content\/uploads\/2024\/07\/Aramis-Camilo.jpg?resize=525%2C300&ssl=1 1.5x, https:\/\/i0.wp.com\/lasprimeras.com.do\/wp-content\/uploads\/2024\/07\/Aramis-Camilo.jpg?resize=700%2C400&ssl=1 2x"},"classes":[]},{"id":66705,"url":"https:\/\/lasprimeras.com.do\/index.php\/2023\/11\/09\/presidente-inaugura-cristo-park-un-nuevo-parque-ambiental-y-recreativo-en-cristo-rey\/","url_meta":{"origin":112376,"position":1},"title":"Presidente inaugura &#8216;Cristo Park&#8217;, un nuevo parque ambiental y recreativo en Cristo Rey","author":"BIMARY DE JES\u00daS Matos","date":"9 de noviembre de 2023","format":false,"excerpt":"Santo Domingo.-El presidente Luis Abinader, acompa\u00f1ado del director de la Corporaci\u00f3n del Acueducto y Alcantarillado de Santo Domingo (CAASD), Felipe Suberv\u00ed (Fellito), inaugur\u00f3 este mi\u00e9rcoles el parque ambiental y recreativo Cristo Park, en el sector de Cristo Rey, en el Distrito Nacional. Pensado como el \u2018Central Park\u2019 de la ciudad\u2026","rel":"","context":"En \u00abPORTADA\u00bb","block_context":{"text":"PORTADA","link":"https:\/\/lasprimeras.com.do\/index.php\/category\/portada\/"},"img":{"alt_text":"","src":"https:\/\/i0.wp.com\/lasprimeras.com.do\/wp-content\/uploads\/2023\/11\/WhatsApp-Image-2023-11-08-at-2.23.52-PM-2.jpeg?resize=350%2C200&ssl=1","width":350,"height":200,"srcset":"https:\/\/i0.wp.com\/lasprimeras.com.do\/wp-content\/uploads\/2023\/11\/WhatsApp-Image-2023-11-08-at-2.23.52-PM-2.jpeg?resize=350%2C200&ssl=1 1x, https:\/\/i0.wp.com\/lasprimeras.com.do\/wp-content\/uploads\/2023\/11\/WhatsApp-Image-2023-11-08-at-2.23.52-PM-2.jpeg?resize=525%2C300&ssl=1 1.5x"},"classes":[]},{"id":70480,"url":"https:\/\/lasprimeras.com.do\/index.php\/2023\/12\/11\/se-produce-derrumbe-parcial-en-edificio-en-el-bronx\/","url_meta":{"origin":112376,"position":2},"title":"Se produce derrumbe parcial en edificio en el Bronx","author":"Nelson Feliz","date":"11 de diciembre de 2023","format":false,"excerpt":"Todas las personas han sido evacuadas del edificio, inform\u00f3 la Polic\u00eda El Bronx, Nueva York - Un edificio se derrumb\u00f3 de manera parcial la tarde de este lunes en el Bronx, Nueva York, sin que hasta el momento se conozca de lesionados. La Polic\u00eda de Nueva York inform\u00f3 que \"todas\u2026","rel":"","context":"En \u00abSin categor\u00eda\u00bb","block_context":{"text":"Sin categor\u00eda","link":"https:\/\/lasprimeras.com.do\/index.php\/category\/sin-categoria\/"},"img":{"alt_text":"","src":"https:\/\/i0.wp.com\/lasprimeras.com.do\/wp-content\/uploads\/2023\/12\/deruumbe.jpg?resize=350%2C200&ssl=1","width":350,"height":200},"classes":[]},{"id":90988,"url":"https:\/\/lasprimeras.com.do\/index.php\/2024\/11\/05\/dos-rascacielos-de-nueva-york-se-visten-de-la-bandera-de-ee-uu-por-las-elecciones\/","url_meta":{"origin":112376,"position":3},"title":"Dos rascacielos de Nueva York se visten de la bandera de EE.UU. por las elecciones","author":"Nelson Feliz","date":"5 de noviembre de 2024","format":false,"excerpt":"Nueva York,(EFE).- Dos rascacielos de Nueva York, el Empire State Building y el Rockefeller Center, se iluminaron este martes con luces de los colores de la bandera de EE.UU. con motivo de las elecciones presidenciales. El emblem\u00e1tico Empire State, construido en 1930, indicar\u00e1 adem\u00e1s con su decoraci\u00f3n cu\u00e1ndo uno de\u2026","rel":"","context":"En \u00abINTERNACIONALES\u00bb","block_context":{"text":"INTERNACIONALES","link":"https:\/\/lasprimeras.com.do\/index.php\/category\/sin-categoria\/internacionales\/"},"img":{"alt_text":"","src":"https:\/\/i0.wp.com\/lasprimeras.com.do\/wp-content\/uploads\/2024\/11\/Dos-rascacielos-de-Nueva-York.jpg?resize=350%2C200&ssl=1","width":350,"height":200},"classes":[]},{"id":50782,"url":"https:\/\/lasprimeras.com.do\/index.php\/2023\/05\/24\/geologos-advierten-nueva-york-se-hunde-por-culpa-de-sus-edificios\/","url_meta":{"origin":112376,"position":4},"title":"Ge\u00f3logos advierten Nueva York se hunde por culpa de sus edificios","author":"prenxa100","date":"24 de mayo de 2023","format":false,"excerpt":"Por AGENCIAS Nueva York.-.Un grupo de ge\u00f3logos sugiere que el peso de la gran cantidad de rascacielos de Nueva York es en parte responsable del hundimiento que est\u00e1 afectando a la ciudad estadounidense, seg\u00fan se detalla en un estudio publicado recientemente por la revista Earth\u2019s Future Journal. Seg\u00fan los expertos,\u2026","rel":"","context":"En \u00abSin categor\u00eda\u00bb","block_context":{"text":"Sin categor\u00eda","link":"https:\/\/lasprimeras.com.do\/index.php\/category\/sin-categoria\/"},"img":{"alt_text":"","src":"","width":0,"height":0},"classes":[]},{"id":61180,"url":"https:\/\/lasprimeras.com.do\/index.php\/2023\/09\/22\/las-transacciones-bancarias-que-podras-realizar-en-la-sucursal-de-banreservas-en-nueva-york\/","url_meta":{"origin":112376,"position":5},"title":"Las transacciones bancarias que podr\u00e1s realizar en la sucursal de Banreservas en Nueva York","author":"Nelson Feliz","date":"22 de septiembre de 2023","format":false,"excerpt":"Servicios disponibles en la oficina de representaci\u00f3n de Banreservas en el Alto Manhattan. El Banco de Reservas de la Rep\u00fablica Dominicana dej\u00f3 inaugurada ayer mi\u00e9rcoles su primera oficina de representaci\u00f3n en Estados Unidos, la cual est\u00e1 ubicada en el 2420 de la avenida \u00c1msterdam en el Alto Manhattan, en la\u2026","rel":"","context":"En \u00abECONOM\u00cdA\u00bb","block_context":{"text":"ECONOM\u00cdA","link":"https:\/\/lasprimeras.com.do\/index.php\/category\/economia\/"},"img":{"alt_text":"Banco de Reservas de Nueva York","src":"https:\/\/i0.wp.com\/lasprimeras.com.do\/wp-content\/uploads\/2023\/09\/Banco-de-Reservas-de-Nueva-York.jpg?resize=350%2C200&ssl=1","width":350,"height":200,"srcset":"https:\/\/i0.wp.com\/lasprimeras.com.do\/wp-content\/uploads\/2023\/09\/Banco-de-Reservas-de-Nueva-York.jpg?resize=350%2C200&ssl=1 1x, https:\/\/i0.wp.com\/lasprimeras.com.do\/wp-content\/uploads\/2023\/09\/Banco-de-Reservas-de-Nueva-York.jpg?resize=525%2C300&ssl=1 1.5x, https:\/\/i0.wp.com\/lasprimeras.com.do\/wp-content\/uploads\/2023\/09\/Banco-de-Reservas-de-Nueva-York.jpg?resize=700%2C400&ssl=1 2x"},"classes":[]}],"jetpack_sharing_enabled":true,"_links":{"self":[{"href":"https:\/\/lasprimeras.com.do\/index.php\/wp-json\/wp\/v2\/posts\/112376","targetHints":{"allow":["GET"]}}],"collection":[{"href":"https:\/\/lasprimeras.com.do\/index.php\/wp-json\/wp\/v2\/posts"}],"about":[{"href":"https:\/\/lasprimeras.com.do\/index.php\/wp-json\/wp\/v2\/types\/post"}],"author":[{"embeddable":true,"href":"https:\/\/lasprimeras.com.do\/index.php\/wp-json\/wp\/v2\/users\/10"}],"replies":[{"embeddable":true,"href":"https:\/\/lasprimeras.com.do\/index.php\/wp-json\/wp\/v2\/comments?post=112376"}],"version-history":[{"count":2,"href":"https:\/\/lasprimeras.com.do\/index.php\/wp-json\/wp\/v2\/posts\/112376\/revisions"}],"predecessor-version":[{"id":112380,"href":"https:\/\/lasprimeras.com.do\/index.php\/wp-json\/wp\/v2\/posts\/112376\/revisions\/112380"}],"wp:featuredmedia":[{"embeddable":true,"href":"https:\/\/lasprimeras.com.do\/index.php\/wp-json\/wp\/v2\/media\/112377"}],"wp:attachment":[{"href":"https:\/\/lasprimeras.com.do\/index.php\/wp-json\/wp\/v2\/media?parent=112376"}],"wp:term":[{"taxonomy":"category","embeddable":true,"href":"https:\/\/lasprimeras.com.do\/index.php\/wp-json\/wp\/v2\/categories?post=112376"},{"taxonomy":"post_tag","embeddable":true,"href":"https:\/\/lasprimeras.com.do\/index.php\/wp-json\/wp\/v2\/tags?post=112376"}],"curies":[{"name":"wp","href":"https:\/\/api.w.org\/{rel}","templated":true}]}}