{"id":112589,"date":"2025-10-24T08:50:22","date_gmt":"2025-10-24T12:50:22","guid":{"rendered":"https:\/\/lasprimeras.com.do\/?p=112589"},"modified":"2025-10-24T08:50:24","modified_gmt":"2025-10-24T12:50:24","slug":"la-ue-acusa-a-meta-y-tiktok-de-incumplir-las-normas-de-transparencia","status":"publish","type":"post","link":"https:\/\/lasprimeras.com.do\/index.php\/2025\/10\/24\/la-ue-acusa-a-meta-y-tiktok-de-incumplir-las-normas-de-transparencia\/","title":{"rendered":"La UE acusa a Meta y TikTok de incumplir las normas de transparencia"},"content":{"rendered":"\n<p>Por Sam McNeil<\/p>\n\n\n\n<p>BRUSELAS (AP) \u2014 La Uni\u00f3n Europea dijo el viernes que Meta y TitTok hab\u00edan incumplido sus obligaciones de transparencia luego de una investigaci\u00f3n que podr\u00eda resultar en miles de millones de d\u00f3lares en multas.<\/p>\n\n\n\n<p>La investigaci\u00f3n encontr\u00f3 que ambas compa\u00f1\u00edas hab\u00edan violado la Ley de Servicios Digitales , el pionero libro de reglas digitales de la UE que impone un conjunto de requisitos estrictos dise\u00f1ados para mantener seguros a los usuarios de Internet en l\u00ednea, incluyendo facilitar la denuncia de productos falsificados o inseguros o marcar contenido da\u00f1ino o ilegal como discursos de odio, as\u00ed como la prohibici\u00f3n de anuncios dirigidos a ni\u00f1os.<\/p>\n\n\n\n<p>\u201cNos aseguramos de que las plataformas rindan cuentas de sus servicios, tal como lo garantiza la legislaci\u00f3n de la UE, ante los usuarios y la sociedad\u201d, declar\u00f3 Henna Virkunnen, vicepresidenta ejecutiva de la UE para la soberan\u00eda tecnol\u00f3gica, la seguridad y la democracia, en una publicaci\u00f3n en X.<\/p>\n\n\n\n<p>\u201cNuestras democracias se basan en la confianza. Esto significa que las plataformas deben empoderar a los usuarios, respetar sus derechos y abrir sus sistemas al escrutinio. La DSA convierte esto en una obligaci\u00f3n, no en una opci\u00f3n\u201d.<\/p>\n\n\n\n<p>El bloque de 27 naciones inici\u00f3 investigaciones en 2024 sobre Meta y TikTok. Descubrieron que las empresas no permit\u00edan a los investigadores acceder f\u00e1cilmente a los datos.<\/p>\n\n\n\n<p>Tambi\u00e9n descubrieron que Instagram y Facebook de Meta no facilitaban a los usuarios denunciar contenido ilegal ni impugnar eficazmente las decisiones de moderaci\u00f3n.<\/p>\n\n\n\n<p>&#8220;Permitir a los investigadores acceder a los datos de las plataformas es una obligaci\u00f3n esencial de transparencia bajo la DSA, ya que proporciona un escrutinio p\u00fablico sobre el posible impacto de las plataformas en nuestra salud f\u00edsica y mental&#8221;, seg\u00fan un comunicado de la Comisi\u00f3n Europea, el \u00f3rgano ejecutivo de la UE.<\/p>\n\n\n\n<p>La investigaci\u00f3n descubri\u00f3 que tanto Facebook como Instagram implementaron &#8220;patrones oscuros&#8221; o dise\u00f1os de interfaz enga\u00f1osos para su protocolo de denuncia de contenido malicioso como abuso sexual infantil o contenido terrorista. Esto condujo a una especie de ofuscaci\u00f3n, y la Comisi\u00f3n afirm\u00f3 que era &#8220;confuso y disuasorio&#8221; y &#8220;por lo tanto, podr\u00eda ser ineficaz&#8221;.<\/p>\n\n\n\n<p>El portavoz de Meta, Ben Walters, afirm\u00f3 que la empresa discrepa de las conclusiones, pero que seguir\u00e1 negociando con la UE su cumplimiento.<\/p>\n\n\n\n<p>\u00abHemos introducido cambios en nuestras opciones de denuncia de contenido, el proceso de apelaci\u00f3n y las herramientas de acceso a datos desde la entrada en vigor de la DSA y confiamos en que estas soluciones se ajusten a lo que exige la legislaci\u00f3n de la UE\u00bb, declar\u00f3.<\/p>\n\n\n\n<p>TikTok anunci\u00f3 el viernes que revisar\u00eda las conclusiones, pero se\u00f1al\u00f3 que las obligaciones de transparencia de la DSA entran en conflicto con las estrictas normas de privacidad de la UE , el Reglamento General de Protecci\u00f3n de Datos.<\/p>\n\n\n\n<p>\u00abSi no es posible cumplir plenamente con ambas, instamos a los reguladores a que aclaren c\u00f3mo deben conciliarse estas obligaciones\u00bb, declar\u00f3 Paolo Ganino, portavoz de TikTok.<\/p>\n\n\n\n<p>Meta y TikTok ya pueden presentar una respuesta a la investigaci\u00f3n. En \u00faltima instancia, la UE podr\u00eda multar a las empresas con hasta el 6 % de sus beneficios anuales, lo que podr\u00eda ascender a miles de millones.<\/p>\n","protected":false},"excerpt":{"rendered":"<p>Por Sam McNeil BRUSELAS (AP) \u2014 La Uni\u00f3n Europea dijo el viernes que Meta y TitTok hab\u00edan incumplido sus obligaciones de transparencia luego de una investigaci\u00f3n que podr\u00eda resultar en&hellip;<\/p>\n","protected":false},"author":10,"featured_media":112590,"comment_status":"open","ping_status":"open","sticky":false,"template":"","format":"standard","meta":{"content-type":"","jetpack_post_was_ever_published":false,"_jetpack_newsletter_access":"","_jetpack_dont_email_post_to_subs":false,"_jetpack_newsletter_tier_id":0,"_jetpack_memberships_contains_paywalled_content":false,"_jetpack_memberships_contains_paid_content":false,"footnotes":""},"categories":[23746],"tags":[770,26272,3163,1351,1921,898,2542],"class_list":["post-112589","post","type-post","status-publish","format-standard","has-post-thumbnail","hentry","category-tecnologia","tag-acusa","tag-incumplir","tag-meta","tag-normas","tag-tiktok","tag-transparencia","tag-union-europea"],"jetpack_featured_media_url":"https:\/\/lasprimeras.com.do\/wp-content\/uploads\/2025\/10\/tik-tok.webp","jetpack-related-posts":[{"id":97554,"url":"https:\/\/lasprimeras.com.do\/index.php\/2025\/04\/23\/la-ue-multa-a-apple-con-500-millones-de-euros-y-a-meta-con-200-millones-en-casos-separados\/","url_meta":{"origin":112589,"position":0},"title":"La UE multa a Apple con 500 millones de euros y a Meta con 200 millones en casos separados","author":"Nelson Feliz","date":"23 de abril de 2025","format":false,"excerpt":"POR KELVIN CHAN LONDRES (AP) \u2014 Los organismos de control de la Uni\u00f3n Europea multaron a Apple y Meta con cientos de millones de euros el mi\u00e9rcoles, intensificando la aplicaci\u00f3n de las normas de competencia digital del bloque de 27 naciones. La Comisi\u00f3n Europea impuso una multa de 500 millones\u2026","rel":"","context":"En \u00abECONOM\u00cdA\u00bb","block_context":{"text":"ECONOM\u00cdA","link":"https:\/\/lasprimeras.com.do\/index.php\/category\/economia\/"},"img":{"alt_text":"","src":"https:\/\/i0.wp.com\/lasprimeras.com.do\/wp-content\/uploads\/2025\/04\/META.jpg?resize=350%2C200&ssl=1","width":350,"height":200,"srcset":"https:\/\/i0.wp.com\/lasprimeras.com.do\/wp-content\/uploads\/2025\/04\/META.jpg?resize=350%2C200&ssl=1 1x, https:\/\/i0.wp.com\/lasprimeras.com.do\/wp-content\/uploads\/2025\/04\/META.jpg?resize=525%2C300&ssl=1 1.5x, https:\/\/i0.wp.com\/lasprimeras.com.do\/wp-content\/uploads\/2025\/04\/META.jpg?resize=700%2C400&ssl=1 2x"},"classes":[]},{"id":115224,"url":"https:\/\/lasprimeras.com.do\/index.php\/2025\/11\/20\/ordenan-a-meta-pagar-500-millones-de-euros-en-espana\/","url_meta":{"origin":112589,"position":1},"title":"Ordenan a Meta pagar 500 millones de euros en Espa\u00f1a","author":"Nelson Feliz","date":"20 de noviembre de 2025","format":false,"excerpt":"Por Joseph Wilson BARCELONA, Espa\u00f1a (AP) \u2014 Las empresas de medios tradicionales espa\u00f1olas obtuvieron una victoria contra el gigante de las redes sociales Meta despu\u00e9s de que un tribunal con sede en Madrid ordenara el jueves que pague a los medios de comunicaci\u00f3n casi quinientos millones de euros en da\u00f1os\u2026","rel":"","context":"En \u00abINTERNACIONALES\u00bb","block_context":{"text":"INTERNACIONALES","link":"https:\/\/lasprimeras.com.do\/index.php\/category\/sin-categoria\/internacionales\/"},"img":{"alt_text":"","src":"https:\/\/i0.wp.com\/lasprimeras.com.do\/wp-content\/uploads\/2025\/11\/meta-1.jpg?resize=350%2C200&ssl=1","width":350,"height":200,"srcset":"https:\/\/i0.wp.com\/lasprimeras.com.do\/wp-content\/uploads\/2025\/11\/meta-1.jpg?resize=350%2C200&ssl=1 1x, https:\/\/i0.wp.com\/lasprimeras.com.do\/wp-content\/uploads\/2025\/11\/meta-1.jpg?resize=525%2C300&ssl=1 1.5x, https:\/\/i0.wp.com\/lasprimeras.com.do\/wp-content\/uploads\/2025\/11\/meta-1.jpg?resize=700%2C400&ssl=1 2x"},"classes":[]},{"id":104832,"url":"https:\/\/lasprimeras.com.do\/index.php\/2025\/07\/28\/union-europea-acusa-a-temu-de-no-impedir-la-venta-de-productos-ilegales\/","url_meta":{"origin":112589,"position":2},"title":"Uni\u00f3n Europea acusa a Temu de no impedir la venta de productos ilegales","author":"Nelson Feliz","date":"28 de julio de 2025","format":false,"excerpt":"Por KELVIN CHAN LONDRES (AP) \u2014 El minorista chino en l\u00ednea Temu fue acusado el lunes por los organismos de control de la Uni\u00f3n Europea de no impedir la venta de productos ilegales en su plataforma. Los hallazgos preliminares surgen de una investigaci\u00f3n iniciada el a\u00f1o pasado en virtud de\u2026","rel":"","context":"En \u00abECONOM\u00cdA\u00bb","block_context":{"text":"ECONOM\u00cdA","link":"https:\/\/lasprimeras.com.do\/index.php\/category\/economia\/"},"img":{"alt_text":"","src":"https:\/\/i0.wp.com\/lasprimeras.com.do\/wp-content\/uploads\/2025\/07\/TEMU.jpg?resize=350%2C200&ssl=1","width":350,"height":200,"srcset":"https:\/\/i0.wp.com\/lasprimeras.com.do\/wp-content\/uploads\/2025\/07\/TEMU.jpg?resize=350%2C200&ssl=1 1x, https:\/\/i0.wp.com\/lasprimeras.com.do\/wp-content\/uploads\/2025\/07\/TEMU.jpg?resize=525%2C300&ssl=1 1.5x, https:\/\/i0.wp.com\/lasprimeras.com.do\/wp-content\/uploads\/2025\/07\/TEMU.jpg?resize=700%2C400&ssl=1 2x"},"classes":[]},{"id":110793,"url":"https:\/\/lasprimeras.com.do\/index.php\/2025\/09\/30\/garcia-fermin-propone-pautas-para-consolidar-cooperacion-cientifica-entre-ue-y-celac\/","url_meta":{"origin":112589,"position":3},"title":"Garc\u00eda Ferm\u00edn propone pautas para consolidar cooperaci\u00f3n cient\u00edfica entre UE y CELAC","author":"Nelson Feliz","date":"30 de septiembre de 2025","format":false,"excerpt":"Garc\u00eda Ferm\u00edn afirma IA es clave en el desarrollo. BRUSELAS, B\u00e9lgica. \u2013 El ministro de Educaci\u00f3n Superior, Ciencia y Tecnolog\u00eda (MESCyT), doctor Franklin Garc\u00eda Ferm\u00edn, destac\u00f3 este martes en el marco de la Cumbre de la Comunidad de Estados Latinoamericanos y Caribe\u00f1os (CELAC) y la Uni\u00f3n Europea (UE), la importancia\u2026","rel":"","context":"En \u00abNACIONALES\u00bb","block_context":{"text":"NACIONALES","link":"https:\/\/lasprimeras.com.do\/index.php\/category\/nacionales\/"},"img":{"alt_text":"","src":"https:\/\/i0.wp.com\/lasprimeras.com.do\/wp-content\/uploads\/2025\/10\/MESCyT-1.jpg?resize=350%2C200&ssl=1","width":350,"height":200,"srcset":"https:\/\/i0.wp.com\/lasprimeras.com.do\/wp-content\/uploads\/2025\/10\/MESCyT-1.jpg?resize=350%2C200&ssl=1 1x, https:\/\/i0.wp.com\/lasprimeras.com.do\/wp-content\/uploads\/2025\/10\/MESCyT-1.jpg?resize=525%2C300&ssl=1 1.5x, https:\/\/i0.wp.com\/lasprimeras.com.do\/wp-content\/uploads\/2025\/10\/MESCyT-1.jpg?resize=700%2C400&ssl=1 2x"},"classes":[]},{"id":81654,"url":"https:\/\/lasprimeras.com.do\/index.php\/2024\/04\/23\/el-programa-de-recompensas-de-tiktok-lite-podria-suspenderse-en-europa-segun-los-reguladores-de-la-ue\/","url_meta":{"origin":112589,"position":4},"title":"El programa de recompensas de TikTok Lite podr\u00eda suspenderse en Europa, seg\u00fan los reguladores de la UE","author":"Nelson Feliz","date":"23 de abril de 2024","format":false,"excerpt":"BRUSELAS, (Reuters) - Una caracter\u00edstica clave de la nueva aplicaci\u00f3n de TikTok, TikTok Lite, podr\u00eda ser suspendida en la Uni\u00f3n Europea el jueves si la empresa no ofrece una respuesta satisfactoria a las preocupaciones de los reguladores sobre su impacto en la salud mental de los usuarios, dijo la Comisi\u00f3n\u2026","rel":"","context":"En \u00abSin categor\u00eda\u00bb","block_context":{"text":"Sin categor\u00eda","link":"https:\/\/lasprimeras.com.do\/index.php\/category\/sin-categoria\/"},"img":{"alt_text":"TikTok Lite","src":"https:\/\/i0.wp.com\/lasprimeras.com.do\/wp-content\/uploads\/2024\/04\/TikTok-Lite.jpg?resize=350%2C200&ssl=1","width":350,"height":200,"srcset":"https:\/\/i0.wp.com\/lasprimeras.com.do\/wp-content\/uploads\/2024\/04\/TikTok-Lite.jpg?resize=350%2C200&ssl=1 1x, https:\/\/i0.wp.com\/lasprimeras.com.do\/wp-content\/uploads\/2024\/04\/TikTok-Lite.jpg?resize=525%2C300&ssl=1 1.5x, https:\/\/i0.wp.com\/lasprimeras.com.do\/wp-content\/uploads\/2024\/04\/TikTok-Lite.jpg?resize=700%2C400&ssl=1 2x"},"classes":[]},{"id":52701,"url":"https:\/\/lasprimeras.com.do\/index.php\/2023\/06\/13\/lula-cuestiona-ante-von-der-leyen-las-exigencias-de-la-ue-para-concluir-el-acuerdo-con-el-mercosur\/","url_meta":{"origin":112589,"position":5},"title":"Lula cuestiona ante Von der Leyen las exigencias de la UE para concluir el acuerdo con el Mercosur","author":"prenxa100","date":"13 de junio de 2023","format":false,"excerpt":"El mandatario critic\u00f3 el protocolo adicional introducido por los europeos que prev\u00e9 sanciones en caso de incumplimiento de obligaciones ambientales. El presidente de Brasil, Luiz In\u00e1cio Lula da Silva, cuestion\u00f3 ante la presidenta de la Comisi\u00f3n Europea (CE), Ursula von der Leyen, el anexo al acuerdo entre la Uni\u00f3n Europea\u2026","rel":"","context":"En \u00abSin categor\u00eda\u00bb","block_context":{"text":"Sin categor\u00eda","link":"https:\/\/lasprimeras.com.do\/index.php\/category\/sin-categoria\/"},"img":{"alt_text":"","src":"https:\/\/i0.wp.com\/lasprimeras.com.do\/wp-content\/uploads\/2023\/06\/lula-cuestiona-ante-von-der-leyen-las-exigencias-de-la-ue-para-concluir-el-acuerdo-con-el-mercosur.jpg?resize=350%2C200&ssl=1","width":350,"height":200,"srcset":"https:\/\/i0.wp.com\/lasprimeras.com.do\/wp-content\/uploads\/2023\/06\/lula-cuestiona-ante-von-der-leyen-las-exigencias-de-la-ue-para-concluir-el-acuerdo-con-el-mercosur.jpg?resize=350%2C200&ssl=1 1x, https:\/\/i0.wp.com\/lasprimeras.com.do\/wp-content\/uploads\/2023\/06\/lula-cuestiona-ante-von-der-leyen-las-exigencias-de-la-ue-para-concluir-el-acuerdo-con-el-mercosur.jpg?resize=525%2C300&ssl=1 1.5x, https:\/\/i0.wp.com\/lasprimeras.com.do\/wp-content\/uploads\/2023\/06\/lula-cuestiona-ante-von-der-leyen-las-exigencias-de-la-ue-para-concluir-el-acuerdo-con-el-mercosur.jpg?resize=700%2C400&ssl=1 2x"},"classes":[]}],"jetpack_sharing_enabled":true,"_links":{"self":[{"href":"https:\/\/lasprimeras.com.do\/index.php\/wp-json\/wp\/v2\/posts\/112589","targetHints":{"allow":["GET"]}}],"collection":[{"href":"https:\/\/lasprimeras.com.do\/index.php\/wp-json\/wp\/v2\/posts"}],"about":[{"href":"https:\/\/lasprimeras.com.do\/index.php\/wp-json\/wp\/v2\/types\/post"}],"author":[{"embeddable":true,"href":"https:\/\/lasprimeras.com.do\/index.php\/wp-json\/wp\/v2\/users\/10"}],"replies":[{"embeddable":true,"href":"https:\/\/lasprimeras.com.do\/index.php\/wp-json\/wp\/v2\/comments?post=112589"}],"version-history":[{"count":1,"href":"https:\/\/lasprimeras.com.do\/index.php\/wp-json\/wp\/v2\/posts\/112589\/revisions"}],"predecessor-version":[{"id":112591,"href":"https:\/\/lasprimeras.com.do\/index.php\/wp-json\/wp\/v2\/posts\/112589\/revisions\/112591"}],"wp:featuredmedia":[{"embeddable":true,"href":"https:\/\/lasprimeras.com.do\/index.php\/wp-json\/wp\/v2\/media\/112590"}],"wp:attachment":[{"href":"https:\/\/lasprimeras.com.do\/index.php\/wp-json\/wp\/v2\/media?parent=112589"}],"wp:term":[{"taxonomy":"category","embeddable":true,"href":"https:\/\/lasprimeras.com.do\/index.php\/wp-json\/wp\/v2\/categories?post=112589"},{"taxonomy":"post_tag","embeddable":true,"href":"https:\/\/lasprimeras.com.do\/index.php\/wp-json\/wp\/v2\/tags?post=112589"}],"curies":[{"name":"wp","href":"https:\/\/api.w.org\/{rel}","templated":true}]}}