{"id":112916,"date":"2025-10-28T11:29:45","date_gmt":"2025-10-28T15:29:45","guid":{"rendered":"https:\/\/lasprimeras.com.do\/?p=112916"},"modified":"2025-10-28T11:29:47","modified_gmt":"2025-10-28T15:29:47","slug":"openai-reorganiza-su-estructura-de-propiedad-y-convierte-negocio-en-corporacion-de-beneficio-publico","status":"publish","type":"post","link":"https:\/\/lasprimeras.com.do\/index.php\/2025\/10\/28\/openai-reorganiza-su-estructura-de-propiedad-y-convierte-negocio-en-corporacion-de-beneficio-publico\/","title":{"rendered":"OpenAI reorganiza su estructura de propiedad y convierte negocio en corporaci\u00f3n de beneficio p\u00fablico"},"content":{"rendered":"\n<p>POR MATT O\u2019BRIEN and THALIA BEATY<\/p>\n\n\n\n<p>OpenAI anunci\u00f3 el martes que ha reorganizado su estructura de propiedad y ha convertido su negocio en una corporaci\u00f3n de beneficio p\u00fablico, y una reguladora crucial, la fiscal general de Delaware, dijo que aprob\u00f3 el plan.<\/p>\n\n\n\n<p>La reestructuraci\u00f3n allana el camino para que el creador de ChatGPT pueda obtener ganancias m\u00e1s f\u00e1cilmente de su tecnolog\u00eda de inteligencia artificial, incluso mientras permanece t\u00e9cnicamente bajo el control de una organizaci\u00f3n sin fines de lucro.<\/p>\n\n\n\n<p>La fiscal general de Delaware, Kathy Jennings, afirm\u00f3 en un comunicado que no se opuso a la propuesta, aparentemente poniendo fin a m\u00e1s de un a\u00f1o de negociaciones y anuncios sobre el futuro de la gobernanza de OpenAI y el poder que los inversores con fines de lucro y su junta directiva sin fines de lucro tendr\u00e1n sobre la tecnolog\u00eda de la organizaci\u00f3n.<\/p>\n\n\n\n<p>La empresa tambi\u00e9n dijo que ha firmado un nuevo acuerdo con su antiguo patrocinador Microsoft, que otorga al gigante del software aproximadamente un 27% de participaci\u00f3n en la nueva corporaci\u00f3n con fines de lucro de OpenAI, pero cambia algunos de los detalles de su estrecha asociaci\u00f3n.<\/p>\n\n\n\n<p>Los fiscales generales de Delaware, donde OpenAI est\u00e1 incorporada, y de California, donde tiene su sede, hab\u00edan dicho que est\u00e1n investigando los cambios propuestos. La oficina del fiscal general de California, Rob Bonta, no respondi\u00f3 a una solicitud de comentarios.<\/p>\n\n\n\n<p>OpenAI anunci\u00f3 que complet\u00f3 su reestructuraci\u00f3n \u201cdespu\u00e9s de casi un a\u00f1o de di\u00e1logo constructivo\u201d con las oficinas en ambos estados.<\/p>\n\n\n\n<p>\u201cOpenAI ha completado su recapitalizaci\u00f3n, simplificando su estructura corporativa\u201d, declar\u00f3 en un blog Bret Taylor, presidente de la junta directiva de OpenAI.<\/p>\n\n\n\n<p>\u201cLa organizaci\u00f3n sin fines de lucro sigue en control de la entidad con fines de lucro y ahora tiene un camino directo hacia recursos importantes antes de que llegue la IAG\u201d.<\/p>\n\n\n\n<p>IAG significa inteligencia artificial general, que OpenAI define como \u201csistemas altamente aut\u00f3nomos que superan a los humanos en la mayor\u00eda de los trabajos econ\u00f3micamente valiosos\u201d.<\/p>\n\n\n\n<p>OpenAI fue fundada como una organizaci\u00f3n sin fines de lucro en 2015 con la misi\u00f3n de construir de manera segura la IAG para el beneficio de la humanidad.<\/p>\n\n\n\n<p>OpenAI hab\u00eda dicho anteriormente que su propia junta decidir\u00e1 cu\u00e1ndo se alcanza la IAG, terminando efectivamente su asociaci\u00f3n con Microsoft. Pero ahora dice que \u201cuna vez que OpenAI declare la IAG, esa declaraci\u00f3n ser\u00e1 verificada por un panel de expertos independiente,\u201d y que los derechos de Microsoft sobre los m\u00e9todos de investigaci\u00f3n confidenciales de OpenAI \u201cpermanecer\u00e1n hasta que el panel de expertos verifique la IAG o hasta 2030, lo que ocurra primero\u201d. Microsoft tambi\u00e9n retendr\u00e1 algunos derechos comerciales sobre los productos de OpenAI \u201cdespu\u00e9s de la IAG\u201d.<\/p>\n\n\n\n<p>Microsoft emiti\u00f3 el mismo anuncio sobre la asociaci\u00f3n revisada el martes, pero declin\u00f3 hacer m\u00e1s comentarios.<\/p>\n\n\n\n<p>En el futuro, la organizaci\u00f3n sin fines de lucro se llamar\u00e1 Fundaci\u00f3n OpenAI y Taylor dijo que otorgar\u00e1 25.000 millones de d\u00f3lares para la salud y la cura de enfermedades y para proteger contra los riesgos de ciberseguridad de la IA. No especific\u00f3 en qu\u00e9 per\u00edodo de tiempo se distribuir\u00e1n esos fondos.<\/p>\n\n\n\n<p>Robert Weissman, copresidente de la organizaci\u00f3n sin fines de lucro Public Citizen, coment\u00f3 que este arreglo no garantiza la independencia de la organizaci\u00f3n sin fines de lucro, compar\u00e1ndolo con una fundaci\u00f3n corporativa que servir\u00e1 a los intereses de la entidad con fines de lucro.<\/p>\n\n\n\n<p>Aunque la junta de la organizaci\u00f3n sin fines de lucro pueda t\u00e9cnicamente seguir en control, Weissman se\u00f1al\u00f3 que ese control \u201ces ilusorio porque no hay evidencia de que la organizaci\u00f3n sin fines de lucro haya impuesto alguna vez sus valores a la entidad con fines de lucro\u201d.<\/p>\n","protected":false},"excerpt":{"rendered":"<p>POR MATT O\u2019BRIEN and THALIA BEATY OpenAI anunci\u00f3 el martes que ha reorganizado su estructura de propiedad y ha convertido su negocio en una corporaci\u00f3n de beneficio p\u00fablico, y una&hellip;<\/p>\n","protected":false},"author":10,"featured_media":112917,"comment_status":"open","ping_status":"open","sticky":false,"template":"","format":"standard","meta":{"content-type":"","jetpack_post_was_ever_published":false,"_jetpack_newsletter_access":"","_jetpack_dont_email_post_to_subs":false,"_jetpack_newsletter_tier_id":0,"_jetpack_memberships_contains_paywalled_content":false,"_jetpack_memberships_contains_paid_content":false,"footnotes":""},"categories":[23746],"tags":[14856,6937,9929,2557,1386,26037,8908,4678],"class_list":["post-112916","post","type-post","status-publish","format-standard","has-post-thumbnail","hentry","category-tecnologia","tag-beneficio","tag-convierte","tag-corporacion","tag-estructura","tag-negocio","tag-openai","tag-propiedad","tag-publico"],"jetpack_featured_media_url":"https:\/\/lasprimeras.com.do\/wp-content\/uploads\/2025\/10\/OpenAI.jpg","jetpack-related-posts":[{"id":73058,"url":"https:\/\/lasprimeras.com.do\/index.php\/2024\/01\/05\/la-tecnologia-de-inteligencia-artificial-detras-de-chatgpt-se-construyo-en-iowa-con-mucha-agua\/","url_meta":{"origin":112916,"position":0},"title":"La tecnolog\u00eda de inteligencia artificial detr\u00e1s de ChatGPT se construy\u00f3 en Iowa, con mucha agua","author":"Nelson Feliz","date":"5 de enero de 2024","format":false,"excerpt":"POR MATT O'BRIEN Y HANNAH FINGERHUT DES MOINES, Iowa (AP) \u2014 El costo de crear un producto de inteligencia artificial como ChatGPT puede ser dif\u00edcil de medir. Pero una cosa que OpenAI, respaldada por Microsoft, necesitaba para su tecnolog\u00eda era mucha agua, extra\u00edda de la cuenca de los r\u00edos Raccoon\u2026","rel":"","context":"En \u00abSin categor\u00eda\u00bb","block_context":{"text":"Sin categor\u00eda","link":"https:\/\/lasprimeras.com.do\/index.php\/category\/sin-categoria\/"},"img":{"alt_text":"ChatGPT","src":"https:\/\/i0.wp.com\/lasprimeras.com.do\/wp-content\/uploads\/2024\/01\/ChatGPT.jpg?resize=350%2C200&ssl=1","width":350,"height":200,"srcset":"https:\/\/i0.wp.com\/lasprimeras.com.do\/wp-content\/uploads\/2024\/01\/ChatGPT.jpg?resize=350%2C200&ssl=1 1x, https:\/\/i0.wp.com\/lasprimeras.com.do\/wp-content\/uploads\/2024\/01\/ChatGPT.jpg?resize=525%2C300&ssl=1 1.5x, https:\/\/i0.wp.com\/lasprimeras.com.do\/wp-content\/uploads\/2024\/01\/ChatGPT.jpg?resize=700%2C400&ssl=1 2x"},"classes":[]},{"id":112097,"url":"https:\/\/lasprimeras.com.do\/index.php\/2025\/10\/17\/walmart-se-alia-con-openai-y-abre-la-via-para-hacer-la-compra-con-chatgpt\/","url_meta":{"origin":112916,"position":1},"title":"Walmart se al\u00eda con OpenAI y abre la v\u00eda para hacer la compra con ChatGPT","author":"Nelson Feliz","date":"17 de octubre de 2025","format":false,"excerpt":"La cadena de supermercados se dispara en Bolsa. Santiago Mill\u00e1n Walmart y OpenAI han cerrado una alianza que permitir\u00e1 a los clientes hacer la compra con las herramientas de tecnolog\u00eda de inteligencia artificial (IA) de la start-up de moda. El acuerdo fue bien recibido por los inversores y las acciones\u2026","rel":"","context":"En \u00abTECNOL\u00d3GIA\u00bb","block_context":{"text":"TECNOL\u00d3GIA","link":"https:\/\/lasprimeras.com.do\/index.php\/category\/tecnologia\/"},"img":{"alt_text":"","src":"https:\/\/i0.wp.com\/lasprimeras.com.do\/wp-content\/uploads\/2025\/10\/Walmart.jpg?resize=350%2C200&ssl=1","width":350,"height":200,"srcset":"https:\/\/i0.wp.com\/lasprimeras.com.do\/wp-content\/uploads\/2025\/10\/Walmart.jpg?resize=350%2C200&ssl=1 1x, https:\/\/i0.wp.com\/lasprimeras.com.do\/wp-content\/uploads\/2025\/10\/Walmart.jpg?resize=525%2C300&ssl=1 1.5x, https:\/\/i0.wp.com\/lasprimeras.com.do\/wp-content\/uploads\/2025\/10\/Walmart.jpg?resize=700%2C400&ssl=1 2x, https:\/\/i0.wp.com\/lasprimeras.com.do\/wp-content\/uploads\/2025\/10\/Walmart.jpg?resize=1050%2C600&ssl=1 3x"},"classes":[]},{"id":96360,"url":"https:\/\/lasprimeras.com.do\/index.php\/2025\/03\/30\/elon-musk-fusiona-su-empresa-de-inteligencia-artificial-xai-y-x-por-33000-millones-de-dolares\/","url_meta":{"origin":112916,"position":2},"title":"Elon Musk fusiona su empresa de inteligencia artificial xAI y X por 33,000 millones de d\u00f3lares","author":"Nelson Feliz","date":"30 de marzo de 2025","format":false,"excerpt":"Musk anuncia que su empresa de inteligencia artificial xAI adquiri\u00f3 X por USD 33.000 millones. San Francisco, AFP - El viernes el magnate Elon Musk anunci\u00f3 que su start-up de inteligencia artificial xAI adquiri\u00f3 la red social X, tambi\u00e9n de su propiedad, en una \"transacci\u00f3n totalmente en acciones\" que valora\u2026","rel":"","context":"En \u00abECONOM\u00cdA\u00bb","block_context":{"text":"ECONOM\u00cdA","link":"https:\/\/lasprimeras.com.do\/index.php\/category\/economia\/"},"img":{"alt_text":"","src":"https:\/\/i0.wp.com\/lasprimeras.com.do\/wp-content\/uploads\/2025\/03\/Elon-Musk-1.jpg?resize=350%2C200&ssl=1","width":350,"height":200,"srcset":"https:\/\/i0.wp.com\/lasprimeras.com.do\/wp-content\/uploads\/2025\/03\/Elon-Musk-1.jpg?resize=350%2C200&ssl=1 1x, https:\/\/i0.wp.com\/lasprimeras.com.do\/wp-content\/uploads\/2025\/03\/Elon-Musk-1.jpg?resize=525%2C300&ssl=1 1.5x, https:\/\/i0.wp.com\/lasprimeras.com.do\/wp-content\/uploads\/2025\/03\/Elon-Musk-1.jpg?resize=700%2C400&ssl=1 2x"},"classes":[]},{"id":113949,"url":"https:\/\/lasprimeras.com.do\/index.php\/2025\/11\/07\/openai-enfrenta-siete-demandas-que-acusan-a-chatgpt-de-incitar-suicidios-y-delirios\/","url_meta":{"origin":112916,"position":3},"title":"OpenAI enfrenta siete demandas que acusan a ChatGPT de incitar suicidios y delirios","author":"Nelson Feliz","date":"7 de noviembre de 2025","format":false,"excerpt":"POR BARBARA ORTUTAY OpenAI enfrenta siete demandas que afirman que ChatGPT llev\u00f3 a personas al suicidio y a delirios perjudiciales, aun cuando no ten\u00edan problemas de salud mental previos. Las demandas presentadas el jueves en tribunales estatales de California alegan homicidio culposo, suicidio asistido, homicidio involuntario y negligencia. Las querellas,\u2026","rel":"","context":"En \u00abTECNOL\u00d3GIA\u00bb","block_context":{"text":"TECNOL\u00d3GIA","link":"https:\/\/lasprimeras.com.do\/index.php\/category\/tecnologia\/"},"img":{"alt_text":"","src":"https:\/\/i0.wp.com\/lasprimeras.com.do\/wp-content\/uploads\/2025\/11\/OpenAI.jpg?resize=350%2C200&ssl=1","width":350,"height":200,"srcset":"https:\/\/i0.wp.com\/lasprimeras.com.do\/wp-content\/uploads\/2025\/11\/OpenAI.jpg?resize=350%2C200&ssl=1 1x, https:\/\/i0.wp.com\/lasprimeras.com.do\/wp-content\/uploads\/2025\/11\/OpenAI.jpg?resize=525%2C300&ssl=1 1.5x, https:\/\/i0.wp.com\/lasprimeras.com.do\/wp-content\/uploads\/2025\/11\/OpenAI.jpg?resize=700%2C400&ssl=1 2x"},"classes":[]},{"id":73055,"url":"https:\/\/lasprimeras.com.do\/index.php\/2024\/01\/05\/la-nueva-tecla-ai-de-microsoft-es-el-primer-gran-cambio-en-los-teclados-en-decadas\/","url_meta":{"origin":112916,"position":4},"title":"La nueva tecla AI de Microsoft es el primer gran cambio en los teclados en d\u00e9cadas","author":"Nelson Feliz","date":"5 de enero de 2024","format":false,"excerpt":"POR MATT O'BRIEN Los teclados de computadora est\u00e1n dejando espacio para un bot\u00f3n de chatbot de inteligencia artificial mientras Microsoft presenta su primer gran redise\u00f1o de teclado en tres d\u00e9cadas. A partir de este mes, algunas computadoras personales nuevas que ejecutan el sistema operativo Windows 11 de Microsoft tendr\u00e1n una\u2026","rel":"","context":"En \u00abSin categor\u00eda\u00bb","block_context":{"text":"Sin categor\u00eda","link":"https:\/\/lasprimeras.com.do\/index.php\/category\/sin-categoria\/"},"img":{"alt_text":"","src":"https:\/\/i0.wp.com\/lasprimeras.com.do\/wp-content\/uploads\/2024\/01\/teclado.jpg?resize=350%2C200&ssl=1","width":350,"height":200,"srcset":"https:\/\/i0.wp.com\/lasprimeras.com.do\/wp-content\/uploads\/2024\/01\/teclado.jpg?resize=350%2C200&ssl=1 1x, https:\/\/i0.wp.com\/lasprimeras.com.do\/wp-content\/uploads\/2024\/01\/teclado.jpg?resize=525%2C300&ssl=1 1.5x, https:\/\/i0.wp.com\/lasprimeras.com.do\/wp-content\/uploads\/2024\/01\/teclado.jpg?resize=700%2C400&ssl=1 2x"},"classes":[]},{"id":119343,"url":"https:\/\/lasprimeras.com.do\/index.php\/2026\/01\/11\/google-se-asocia-con-walmart-y-otros-minoristas-para-compras-con-chatbot-gemini-ai\/","url_meta":{"origin":112916,"position":5},"title":"Google se asocia con Walmart y otros minoristas para compras con chatbot Gemini AI","author":"Nelson Feliz","date":"11 de enero de 2026","format":false,"excerpt":"POR ANNE D\u2019INNOCENZIO NUEVA YORK (AP) \u2014 Google anunci\u00f3 el domingo que est\u00e1 ampliando las funciones de compra en su chatbot de IA al asociarse con Walmart, Shopify, Wayfair y otros grandes minoristas para convertir la aplicaci\u00f3n Gemini en un comerciante virtual adem\u00e1s de un asistente. Una funci\u00f3n de pago\u2026","rel":"","context":"En \u00abTECNOL\u00d3GIA\u00bb","block_context":{"text":"TECNOL\u00d3GIA","link":"https:\/\/lasprimeras.com.do\/index.php\/category\/tecnologia\/"},"img":{"alt_text":"Sundar Pichai, CEO de Alphabet, en un evento en Mountain View, California, el 20 de mayo del 2025","src":"https:\/\/i0.wp.com\/lasprimeras.com.do\/wp-content\/uploads\/2026\/01\/asocia.jpg?resize=350%2C200&ssl=1","width":350,"height":200,"srcset":"https:\/\/i0.wp.com\/lasprimeras.com.do\/wp-content\/uploads\/2026\/01\/asocia.jpg?resize=350%2C200&ssl=1 1x, https:\/\/i0.wp.com\/lasprimeras.com.do\/wp-content\/uploads\/2026\/01\/asocia.jpg?resize=525%2C300&ssl=1 1.5x, https:\/\/i0.wp.com\/lasprimeras.com.do\/wp-content\/uploads\/2026\/01\/asocia.jpg?resize=700%2C400&ssl=1 2x"},"classes":[]}],"jetpack_sharing_enabled":true,"_links":{"self":[{"href":"https:\/\/lasprimeras.com.do\/index.php\/wp-json\/wp\/v2\/posts\/112916","targetHints":{"allow":["GET"]}}],"collection":[{"href":"https:\/\/lasprimeras.com.do\/index.php\/wp-json\/wp\/v2\/posts"}],"about":[{"href":"https:\/\/lasprimeras.com.do\/index.php\/wp-json\/wp\/v2\/types\/post"}],"author":[{"embeddable":true,"href":"https:\/\/lasprimeras.com.do\/index.php\/wp-json\/wp\/v2\/users\/10"}],"replies":[{"embeddable":true,"href":"https:\/\/lasprimeras.com.do\/index.php\/wp-json\/wp\/v2\/comments?post=112916"}],"version-history":[{"count":1,"href":"https:\/\/lasprimeras.com.do\/index.php\/wp-json\/wp\/v2\/posts\/112916\/revisions"}],"predecessor-version":[{"id":112918,"href":"https:\/\/lasprimeras.com.do\/index.php\/wp-json\/wp\/v2\/posts\/112916\/revisions\/112918"}],"wp:featuredmedia":[{"embeddable":true,"href":"https:\/\/lasprimeras.com.do\/index.php\/wp-json\/wp\/v2\/media\/112917"}],"wp:attachment":[{"href":"https:\/\/lasprimeras.com.do\/index.php\/wp-json\/wp\/v2\/media?parent=112916"}],"wp:term":[{"taxonomy":"category","embeddable":true,"href":"https:\/\/lasprimeras.com.do\/index.php\/wp-json\/wp\/v2\/categories?post=112916"},{"taxonomy":"post_tag","embeddable":true,"href":"https:\/\/lasprimeras.com.do\/index.php\/wp-json\/wp\/v2\/tags?post=112916"}],"curies":[{"name":"wp","href":"https:\/\/api.w.org\/{rel}","templated":true}]}}