{"id":113024,"date":"2025-10-29T09:32:52","date_gmt":"2025-10-29T13:32:52","guid":{"rendered":"https:\/\/lasprimeras.com.do\/?p=113024"},"modified":"2025-10-29T09:32:56","modified_gmt":"2025-10-29T13:32:56","slug":"uber-planea-ofrecer-viajes-en-taxi-autonomos-en-san-francisco-a-partir-del-proximo-ano","status":"publish","type":"post","link":"https:\/\/lasprimeras.com.do\/index.php\/2025\/10\/29\/uber-planea-ofrecer-viajes-en-taxi-autonomos-en-san-francisco-a-partir-del-proximo-ano\/","title":{"rendered":"Uber planea ofrecer viajes en taxi aut\u00f3nomos en San Francisco a partir del pr\u00f3ximo a\u00f1o"},"content":{"rendered":"\n<p>Por DEE-ANN DURBIN<\/p>\n\n\n\n<p>Uber anunci\u00f3 el mi\u00e9rcoles que el \u00c1rea de la Bah\u00eda de San Francisco ser\u00e1 el primer mercado para su taxi aut\u00f3nomo especialmente dise\u00f1ado, cuyo lanzamiento est\u00e1 previsto para finales de 2026.<\/p>\n\n\n\n<p>La empresa de transporte compartido con sede en San Francisco anunci\u00f3 en julio que estaba desarrollando un robotaxi junto con la compa\u00f1\u00eda de coches el\u00e9ctricos Lucid y la empresa de tecnolog\u00eda de conducci\u00f3n aut\u00f3noma Nuro Inc. El veh\u00edculo es exclusivo de Uber, pero est\u00e1 basado en el SUV Lucid Gravity.<\/p>\n\n\n\n<p>Uber afirm\u00f3 que Lucid entreg\u00f3 recientemente veh\u00edculos de prueba a Nuro. Uber indic\u00f3 que planea tener 100 veh\u00edculos de prueba en circulaci\u00f3n en los pr\u00f3ximos meses.<\/p>\n\n\n\n<p>Uber planea desplegar en un plazo de seis a\u00f1os 20.000 o m\u00e1s taxis aut\u00f3nomos basados \u200b\u200ben la plataforma Lucid en diversas ubicaciones. Los usuarios podr\u00e1n acceder a estos veh\u00edculos a trav\u00e9s de la aplicaci\u00f3n de Uber.<\/p>\n\n\n\n<p>Uber est\u00e1 colaborando con varias empresas para acelerar el despliegue de taxis aut\u00f3nomos.<\/p>\n\n\n\n<p>El martes, Uber anunci\u00f3 que tambi\u00e9n est\u00e1 desarrollando robotaxis junto con la empresa tecnol\u00f3gica Nvidia y el fabricante de autom\u00f3viles Stellantis.<\/p>\n\n\n\n<p>Uber inform\u00f3 el martes que, en 2028, Stellantis prev\u00e9 iniciar la producci\u00f3n de al menos 5000 veh\u00edculos equipados con el software de Nvidia para operaciones de taxi aut\u00f3nomo en Estados Unidos.<\/p>\n\n\n\n<p>Y la semana pasada, Uber anunci\u00f3 que ha comenzado a ofrecer viajes en taxi aut\u00f3nomos en Arabia Saudita como parte de una asociaci\u00f3n con WeRide, una empresa china de tecnolog\u00eda aut\u00f3noma.<\/p>\n\n\n\n<p>Los taxis aut\u00f3nomos no son una novedad, pero para Uber, el mayor servicio de transporte compartido del mundo, su adopci\u00f3n es significativa. Uber opera en 15.000 ciudades de m\u00e1s de 70 pa\u00edses.<\/p>\n\n\n\n<p>Waymo, propiedad de Alphabet (la empresa matriz de Google), lleva a\u00f1os probando taxis aut\u00f3nomos. Estos taxis ya est\u00e1n disponibles en Phoenix , San Francisco , Los \u00c1ngeles , Atlanta y Austin.<\/p>\n\n\n\n<p>Waymo anunci\u00f3 a principios de este mes que planea expandirse a Londres el pr\u00f3ximo a\u00f1o.<\/p>\n\n\n\n<p>Uber se asocia con Waymo para implementar taxis aut\u00f3nomos en Austin.<\/p>\n","protected":false},"excerpt":{"rendered":"<p>Por DEE-ANN DURBIN Uber anunci\u00f3 el mi\u00e9rcoles que el \u00c1rea de la Bah\u00eda de San Francisco ser\u00e1 el primer mercado para su taxi aut\u00f3nomo especialmente dise\u00f1ado, cuyo lanzamiento est\u00e1 previsto&hellip;<\/p>\n","protected":false},"author":10,"featured_media":113025,"comment_status":"open","ping_status":"open","sticky":false,"template":"","format":"standard","meta":{"content-type":"","jetpack_post_was_ever_published":false,"_jetpack_newsletter_access":"","_jetpack_dont_email_post_to_subs":false,"_jetpack_newsletter_tier_id":0,"_jetpack_memberships_contains_paywalled_content":false,"_jetpack_memberships_contains_paid_content":false,"footnotes":""},"categories":[23746],"tags":[23697,9561,26474,26475,3451],"class_list":["post-113024","post","type-post","status-publish","format-standard","has-post-thumbnail","hentry","category-tecnologia","tag-proximo-ano","tag-san-francisco","tag-taxi-autonomos","tag-uber","tag-viajes"],"jetpack_featured_media_url":"https:\/\/lasprimeras.com.do\/wp-content\/uploads\/2025\/10\/UBER.jpg","jetpack-related-posts":[{"id":114997,"url":"https:\/\/lasprimeras.com.do\/index.php\/2025\/11\/18\/el-servicio-de-robotaxis-zoox-de-amazon-ofrecera-viajes-gratis-en-san-francisco\/","url_meta":{"origin":113024,"position":0},"title":"El servicio de robotaxis Zoox de Amazon ofrecer\u00e1 viajes gratis en San Francisco","author":"Nelson Feliz","date":"18 de noviembre de 2025","format":false,"excerpt":"POR MICHAEL LIEDTKE SAN FRANCISCO (AP) \u2014 Zoox de Amazon comenzar\u00e1 a ofrecer viajes gratuitos en robotaxis en zonas de San Francisco mientras intenta alcanzar a Waymo en la carrera por transportar pasajeros en veh\u00edculos aut\u00f3nomos. La expansi\u00f3n anunciada el martes se limitar\u00e1 a algunos vecindarios importantes de San Francisco\u2026","rel":"","context":"En \u00abTECNOL\u00d3GIA\u00bb","block_context":{"text":"TECNOL\u00d3GIA","link":"https:\/\/lasprimeras.com.do\/index.php\/category\/tecnologia\/"},"img":{"alt_text":"","src":"https:\/\/i0.wp.com\/lasprimeras.com.do\/wp-content\/uploads\/2025\/11\/robotaxis-Zoox-de-Amazon.jpg?resize=350%2C200&ssl=1","width":350,"height":200,"srcset":"https:\/\/i0.wp.com\/lasprimeras.com.do\/wp-content\/uploads\/2025\/11\/robotaxis-Zoox-de-Amazon.jpg?resize=350%2C200&ssl=1 1x, https:\/\/i0.wp.com\/lasprimeras.com.do\/wp-content\/uploads\/2025\/11\/robotaxis-Zoox-de-Amazon.jpg?resize=525%2C300&ssl=1 1.5x, https:\/\/i0.wp.com\/lasprimeras.com.do\/wp-content\/uploads\/2025\/11\/robotaxis-Zoox-de-Amazon.jpg?resize=700%2C400&ssl=1 2x"},"classes":[]},{"id":100722,"url":"https:\/\/lasprimeras.com.do\/index.php\/2025\/06\/11\/musk-afirma-que-servicio-de-robotaxis-de-tesla-en-austin-se-lanzara-tentativamente-el-22-de-junio\/","url_meta":{"origin":113024,"position":1},"title":"Musk afirma que servicio de robotaxis de Tesla en Austin se lanzar\u00e1 \u201ctentativamente\u201d el 22 de junio","author":"Nelson Feliz","date":"11 de junio de 2025","format":false,"excerpt":"AUSTIN, Texas, EE.UU. (AP) \u2014 Elon Musk afirm\u00f3 que el servicio de robotaxis de Tesla est\u00e1 \u201ctentativamente\u201d programado para comenzar a operar en Austin, Texas, el 22 de junio. En una publicaci\u00f3n en su red social X, Musk escribi\u00f3 que la fecha podr\u00eda cambiar porque Tesla est\u00e1 \u201csiendo s\u00faper paranoico\u2026","rel":"","context":"En \u00abINTERNACIONALES\u00bb","block_context":{"text":"INTERNACIONALES","link":"https:\/\/lasprimeras.com.do\/index.php\/category\/sin-categoria\/internacionales\/"},"img":{"alt_text":"","src":"https:\/\/i0.wp.com\/lasprimeras.com.do\/wp-content\/uploads\/2025\/06\/robotaxis-de-Tesla.jpg?resize=350%2C200&ssl=1","width":350,"height":200,"srcset":"https:\/\/i0.wp.com\/lasprimeras.com.do\/wp-content\/uploads\/2025\/06\/robotaxis-de-Tesla.jpg?resize=350%2C200&ssl=1 1x, https:\/\/i0.wp.com\/lasprimeras.com.do\/wp-content\/uploads\/2025\/06\/robotaxis-de-Tesla.jpg?resize=525%2C300&ssl=1 1.5x"},"classes":[]},{"id":113015,"url":"https:\/\/lasprimeras.com.do\/index.php\/2025\/10\/29\/nvidia-esta-en-camino-de-convertirse-en-la-primera-empresa-de-5-billones-de-dolares\/","url_meta":{"origin":113024,"position":2},"title":"Nvidia est\u00e1 en camino de convertirse en la primera empresa de 5 billones de d\u00f3lares","author":"Nelson Feliz","date":"29 de octubre de 2025","format":false,"excerpt":"Por Michelle Chapman Nvidia est\u00e1 en camino de convertirse en la primera empresa de 5 billones de d\u00f3lares, apenas tres meses despu\u00e9s de que el fabricante de chips de Silicon Valley fuera el primero en superar la barrera de los 4 billones de d\u00f3lares . Alcanzar este nuevo hito pone\u2026","rel":"","context":"En \u00abTECNOL\u00d3GIA\u00bb","block_context":{"text":"TECNOL\u00d3GIA","link":"https:\/\/lasprimeras.com.do\/index.php\/category\/tecnologia\/"},"img":{"alt_text":"","src":"https:\/\/i0.wp.com\/lasprimeras.com.do\/wp-content\/uploads\/2025\/10\/Nvidia.jpg?resize=350%2C200&ssl=1","width":350,"height":200,"srcset":"https:\/\/i0.wp.com\/lasprimeras.com.do\/wp-content\/uploads\/2025\/10\/Nvidia.jpg?resize=350%2C200&ssl=1 1x, https:\/\/i0.wp.com\/lasprimeras.com.do\/wp-content\/uploads\/2025\/10\/Nvidia.jpg?resize=525%2C300&ssl=1 1.5x, https:\/\/i0.wp.com\/lasprimeras.com.do\/wp-content\/uploads\/2025\/10\/Nvidia.jpg?resize=700%2C400&ssl=1 2x"},"classes":[]},{"id":102343,"url":"https:\/\/lasprimeras.com.do\/index.php\/2025\/07\/03\/frente-taxistas-por-plataformas-saluda-iniciativa-de-conatra-para-modificar-codigo-laboral\/","url_meta":{"origin":113024,"position":3},"title":"Frente Taxistas por Plataformas saluda iniciativa de Conatra para modificar C\u00f3digo Laboral","author":"Nelson Feliz","date":"3 de julio de 2025","format":false,"excerpt":"El presidente del Frente Nacional de Taxistas por Aplicaci\u00f3n de la Rep\u00fablica Dominicana (FENTARD) salud\u00f3 la iniciativa de a Confederaci\u00f3n Nacional de Organizaciones del Transporte (CONATRA), instituci\u00f3n que solicit\u00f3 con urgencia al Senado de la Rep\u00fablica que introduzca cambios en la legislaci\u00f3n laboral. Al defender la modificaci\u00f3n de la legislaci\u00f3n,\u2026","rel":"","context":"En \u00abNACIONALES\u00bb","block_context":{"text":"NACIONALES","link":"https:\/\/lasprimeras.com.do\/index.php\/category\/nacionales\/"},"img":{"alt_text":"","src":"https:\/\/i0.wp.com\/lasprimeras.com.do\/wp-content\/uploads\/2025\/07\/Frente-Taxistas.jpg?resize=350%2C200&ssl=1","width":350,"height":200,"srcset":"https:\/\/i0.wp.com\/lasprimeras.com.do\/wp-content\/uploads\/2025\/07\/Frente-Taxistas.jpg?resize=350%2C200&ssl=1 1x, https:\/\/i0.wp.com\/lasprimeras.com.do\/wp-content\/uploads\/2025\/07\/Frente-Taxistas.jpg?resize=525%2C300&ssl=1 1.5x, https:\/\/i0.wp.com\/lasprimeras.com.do\/wp-content\/uploads\/2025\/07\/Frente-Taxistas.jpg?resize=700%2C400&ssl=1 2x"},"classes":[]},{"id":50346,"url":"https:\/\/lasprimeras.com.do\/index.php\/2023\/05\/19\/propietarios-de-empresas-de-taxis-y-dirigentes-del-prm-se-juramentan-en-la-fuerza-del-pueblo\/","url_meta":{"origin":113024,"position":4},"title":"Propietarios de empresas de taxis y dirigentes del PRM se juramentan en la Fuerza del Pueblo","author":"prenxa100","date":"19 de mayo de 2023","format":false,"excerpt":"Leonel Fern\u00e1ndez afirma que el PRM ha sembrado la desesperanza y la angustia en el pueblo dominicano. Por Wilson P\u00e9rez Santo Domingo Este.- Despu\u00e9s de juramentar a varios due\u00f1os de empresas de taxis de Santo Domingo Este y a dirigentes del Partido Revolucionario Moderno, en la Fuerza del Pueblo, Leonel\u2026","rel":"","context":"En \u00abPORTADA\u00bb","block_context":{"text":"PORTADA","link":"https:\/\/lasprimeras.com.do\/index.php\/category\/portada\/"},"img":{"alt_text":"","src":"","width":0,"height":0},"classes":[]},{"id":57421,"url":"https:\/\/lasprimeras.com.do\/index.php\/2023\/08\/12\/leonel-se-reune-con-pastores-evangelicos-y-coordinares-del-sector-externo-en-sde\/","url_meta":{"origin":113024,"position":5},"title":"Leonel se reune con pastores evang\u00e9licos y coordinares del Sector Externo en SDE","author":"Nelson Feliz","date":"12 de agosto de 2023","format":false,"excerpt":"Cientos de personas se juramentaron este viernes en la Fuerza del Pueblo en SDE El expresidente de la Republica y l\u00edder de la oposici\u00f3n pol\u00edtica dominicana, Leonel Fern\u00e1ndez, se\u00f1al\u00f3 hoy que en las gestiones de gobierno que presidi\u00f3, fue promotor de, \u201cla democracia, con prosperidad y progreso\u201d, lo cual se\u2026","rel":"","context":"En \u00abPORTADA\u00bb","block_context":{"text":"PORTADA","link":"https:\/\/lasprimeras.com.do\/index.php\/category\/portada\/"},"img":{"alt_text":"Leonel Fern\u00e1ndez","src":"https:\/\/i0.wp.com\/lasprimeras.com.do\/wp-content\/uploads\/2023\/08\/Leonel-Fernandez-SDE.jpg?resize=350%2C200&ssl=1","width":350,"height":200,"srcset":"https:\/\/i0.wp.com\/lasprimeras.com.do\/wp-content\/uploads\/2023\/08\/Leonel-Fernandez-SDE.jpg?resize=350%2C200&ssl=1 1x, https:\/\/i0.wp.com\/lasprimeras.com.do\/wp-content\/uploads\/2023\/08\/Leonel-Fernandez-SDE.jpg?resize=525%2C300&ssl=1 1.5x, https:\/\/i0.wp.com\/lasprimeras.com.do\/wp-content\/uploads\/2023\/08\/Leonel-Fernandez-SDE.jpg?resize=700%2C400&ssl=1 2x"},"classes":[]}],"jetpack_sharing_enabled":true,"_links":{"self":[{"href":"https:\/\/lasprimeras.com.do\/index.php\/wp-json\/wp\/v2\/posts\/113024","targetHints":{"allow":["GET"]}}],"collection":[{"href":"https:\/\/lasprimeras.com.do\/index.php\/wp-json\/wp\/v2\/posts"}],"about":[{"href":"https:\/\/lasprimeras.com.do\/index.php\/wp-json\/wp\/v2\/types\/post"}],"author":[{"embeddable":true,"href":"https:\/\/lasprimeras.com.do\/index.php\/wp-json\/wp\/v2\/users\/10"}],"replies":[{"embeddable":true,"href":"https:\/\/lasprimeras.com.do\/index.php\/wp-json\/wp\/v2\/comments?post=113024"}],"version-history":[{"count":1,"href":"https:\/\/lasprimeras.com.do\/index.php\/wp-json\/wp\/v2\/posts\/113024\/revisions"}],"predecessor-version":[{"id":113026,"href":"https:\/\/lasprimeras.com.do\/index.php\/wp-json\/wp\/v2\/posts\/113024\/revisions\/113026"}],"wp:featuredmedia":[{"embeddable":true,"href":"https:\/\/lasprimeras.com.do\/index.php\/wp-json\/wp\/v2\/media\/113025"}],"wp:attachment":[{"href":"https:\/\/lasprimeras.com.do\/index.php\/wp-json\/wp\/v2\/media?parent=113024"}],"wp:term":[{"taxonomy":"category","embeddable":true,"href":"https:\/\/lasprimeras.com.do\/index.php\/wp-json\/wp\/v2\/categories?post=113024"},{"taxonomy":"post_tag","embeddable":true,"href":"https:\/\/lasprimeras.com.do\/index.php\/wp-json\/wp\/v2\/tags?post=113024"}],"curies":[{"name":"wp","href":"https:\/\/api.w.org\/{rel}","templated":true}]}}