{"id":113027,"date":"2025-10-29T09:37:44","date_gmt":"2025-10-29T13:37:44","guid":{"rendered":"https:\/\/lasprimeras.com.do\/?p=113027"},"modified":"2025-10-29T09:37:46","modified_gmt":"2025-10-29T13:37:46","slug":"elon-musk-lanza-grokipedia-para-competir-con-la-enciclopedia-en-linea-wikipedia","status":"publish","type":"post","link":"https:\/\/lasprimeras.com.do\/index.php\/2025\/10\/29\/elon-musk-lanza-grokipedia-para-competir-con-la-enciclopedia-en-linea-wikipedia\/","title":{"rendered":"Elon Musk lanza Grokipedia para competir con la enciclopedia en l\u00ednea Wikipedia"},"content":{"rendered":"\n<p>Por THE ASSOCIATED PRESS<\/p>\n\n\n\n<p>Elon Musk ha lanzado Grokipedia, una enciclopedia en l\u00ednea colaborativa que el multimillonario busca posicionar como rival de Wikipedia.<\/p>\n\n\n\n<p>Escribiendo en las redes sociales, Musk dijo que Grokipedia.com &#8220;ya est\u00e1 activo&#8221; y que su objetivo es la &#8220;verdad, toda la verdad y nada m\u00e1s que la verdad&#8221;.<\/p>\n\n\n\n<p>Musk ya ha criticado Wikipedia por estar llena de propaganda y ha pedido a la gente que deje de donar al sitio, gestionado por una organizaci\u00f3n sin \u00e1nimo de lucro.<\/p>\n\n\n\n<p>En septiembre anunci\u00f3 que su empresa de inteligencia artificial, xAI, estaba trabajando en Grokipedia.<\/p>\n\n\n\n<p>El sitio Grokipedia tiene una apariencia minimalista, con poco m\u00e1s que una barra de b\u00fasqueda donde los usuarios pueden escribir consultas. Afirma tener 885.279 art\u00edculos. Wikipedia, por su parte, afirma tener m\u00e1s de 7 millones de art\u00edculos en ingl\u00e9s.<\/p>\n\n\n\n<p>Al igual que Wikipedia, los usuarios pueden buscar art\u00edculos sobre diversos temas, como Taylor Swift, la Serie Mundial de b\u00e9isbol o el Palacio de Buckingham.<\/p>\n\n\n\n<p>Aunque Wikipedia es escrita y editada por voluntarios, no est\u00e1 claro c\u00f3mo se compilan exactamente los art\u00edculos de Grokipedia. Los informes sugieren que el sitio funciona con el mismo modelo xAI que sustenta el chatbot Grok de Musk, pero algunos art\u00edculos parecen estar adaptados de Wikipedia.<\/p>\n\n\n\n<p>La Fundaci\u00f3n Wikimedia, con sede en San Francisco, afirm\u00f3 el martes en un comunicado que \u201ca\u00fan est\u00e1 en proceso de comprender c\u00f3mo funciona Grokipedia\u201d.<\/p>\n\n\n\n<p>Como un enorme tesoro de oraciones bien construidas con pocas restricciones sobre c\u00f3mo se puede usar, Wikipedia ha sido una fuente clave utilizada para entrenar chatbots de IA, incluidos los rivales de Grok, ChatGPT y Gemini de Google.<\/p>\n\n\n\n<p>\u201cEste conocimiento creado por el ser humano es en el que se basan las empresas de IA para generar contenido; incluso Grokipedia necesita de Wikipedia para existir\u201d, afirm\u00f3 la Fundaci\u00f3n Wikimedia.<\/p>\n\n\n\n<p>Durante meses, Wikipedia ha sido blanco de la derecha pol\u00edtica. En agosto, legisladores republicanos del Congreso de Estados Unidos iniciaron una investigaci\u00f3n sobre supuestos intentos de manipulaci\u00f3n en el proceso de edici\u00f3n de Wikipedia, que, seg\u00fan afirmaron, podr\u00edan introducir sesgos y socavar los puntos de vista neutrales en su plataforma y en los sistemas de IA que dependen de ella.<\/p>\n\n\n\n<p>Wikipedia anima a sus editores voluntarios a citar pr\u00e1cticamente cada oraci\u00f3n o p\u00e1rrafo con una fuente primaria, y las oraciones no verificadas pueden ser impugnadas y eliminadas.<\/p>\n\n\n\n<p>Algunas entradas de Grokipedia tienen fuentes escasas, como una entrada sobre la dinast\u00eda Chola del sur de la India, que cuenta con tres fuentes enlazadas, en comparaci\u00f3n con la de Wikipedia, que cuenta con 113 fuentes enlazadas y docenas de libros referenciados.<\/p>\n\n\n\n<p>La entrada de Grokipedia en Wikipedia acusa al sitio de tener \u201csesgos ideol\u00f3gicos sist\u00e9micos, particularmente una inclinaci\u00f3n izquierdista en la cobertura de figuras y temas pol\u00edticos\u201d.<\/p>\n\n\n\n<p>La Fundaci\u00f3n Wikimedia declar\u00f3 el martes: \u201cA diferencia de proyectos m\u00e1s recientes, las fortalezas de Wikipedia son claras: cuenta con pol\u00edticas transparentes, una supervisi\u00f3n voluntaria rigurosa y una s\u00f3lida cultura de mejora continua.<\/p>\n\n\n\n<p>Wikipedia es una enciclopedia, escrita para informar a miles de millones de lectores sin promover un punto de vista particular\u201d.<\/p>\n","protected":false},"excerpt":{"rendered":"<p>Por THE ASSOCIATED PRESS Elon Musk ha lanzado Grokipedia, una enciclopedia en l\u00ednea colaborativa que el multimillonario busca posicionar como rival de Wikipedia. Escribiendo en las redes sociales, Musk dijo&hellip;<\/p>\n","protected":false},"author":10,"featured_media":54034,"comment_status":"open","ping_status":"open","sticky":false,"template":"","format":"standard","meta":{"content-type":"","jetpack_post_was_ever_published":false,"_jetpack_newsletter_access":"","_jetpack_dont_email_post_to_subs":false,"_jetpack_newsletter_tier_id":0,"_jetpack_memberships_contains_paywalled_content":false,"_jetpack_memberships_contains_paid_content":false,"footnotes":""},"categories":[23746],"tags":[26478,26476,26479,1553,26477],"class_list":["post-113027","post","type-post","status-publish","format-standard","has-post-thumbnail","hentry","category-tecnologia","tag-elon-musk-lanza-grokipedia","tag-enciclopedia","tag-grokipedia","tag-linea","tag-wikipedia"],"jetpack_featured_media_url":"https:\/\/lasprimeras.com.do\/wp-content\/uploads\/2023\/07\/Elon-Musk.jpg","jetpack-related-posts":[{"id":88333,"url":"https:\/\/lasprimeras.com.do\/index.php\/2024\/08\/26\/donald-trump-vuelve-a-proponer-que-elon-musk-forme-parte-de-su-gabinete\/","url_meta":{"origin":113027,"position":0},"title":"Donald Trump vuelve a proponer que Elon Musk forme parte de su gabinete","author":"Nelson Feliz","date":"26 de agosto de 2024","format":false,"excerpt":"Denisse Marina La carrera por la presidencia de los Estados Unidos est\u00e1 en pleno auge, con movimientos y decisiones que est\u00e1n captando la atenci\u00f3n mundial. Por un lado, Joe Biden ha decidido renunciar a su candidatura, mientras que el Partido Dem\u00f3crata ha seleccionado a Kamala Harris, actual vicepresidenta, como su\u2026","rel":"","context":"En \u00abSin categor\u00eda\u00bb","block_context":{"text":"Sin categor\u00eda","link":"https:\/\/lasprimeras.com.do\/index.php\/category\/sin-categoria\/"},"img":{"alt_text":"Donald Trump vs Elon Musk","src":"https:\/\/i0.wp.com\/lasprimeras.com.do\/wp-content\/uploads\/2024\/08\/Donald-Trump-vs-Elon-Musk.jpg?resize=350%2C200&ssl=1","width":350,"height":200,"srcset":"https:\/\/i0.wp.com\/lasprimeras.com.do\/wp-content\/uploads\/2024\/08\/Donald-Trump-vs-Elon-Musk.jpg?resize=350%2C200&ssl=1 1x, https:\/\/i0.wp.com\/lasprimeras.com.do\/wp-content\/uploads\/2024\/08\/Donald-Trump-vs-Elon-Musk.jpg?resize=525%2C300&ssl=1 1.5x"},"classes":[]},{"id":96360,"url":"https:\/\/lasprimeras.com.do\/index.php\/2025\/03\/30\/elon-musk-fusiona-su-empresa-de-inteligencia-artificial-xai-y-x-por-33000-millones-de-dolares\/","url_meta":{"origin":113027,"position":1},"title":"Elon Musk fusiona su empresa de inteligencia artificial xAI y X por 33,000 millones de d\u00f3lares","author":"Nelson Feliz","date":"30 de marzo de 2025","format":false,"excerpt":"Musk anuncia que su empresa de inteligencia artificial xAI adquiri\u00f3 X por USD 33.000 millones. San Francisco, AFP - El viernes el magnate Elon Musk anunci\u00f3 que su start-up de inteligencia artificial xAI adquiri\u00f3 la red social X, tambi\u00e9n de su propiedad, en una \"transacci\u00f3n totalmente en acciones\" que valora\u2026","rel":"","context":"En \u00abECONOM\u00cdA\u00bb","block_context":{"text":"ECONOM\u00cdA","link":"https:\/\/lasprimeras.com.do\/index.php\/category\/economia\/"},"img":{"alt_text":"","src":"https:\/\/i0.wp.com\/lasprimeras.com.do\/wp-content\/uploads\/2025\/03\/Elon-Musk-1.jpg?resize=350%2C200&ssl=1","width":350,"height":200,"srcset":"https:\/\/i0.wp.com\/lasprimeras.com.do\/wp-content\/uploads\/2025\/03\/Elon-Musk-1.jpg?resize=350%2C200&ssl=1 1x, https:\/\/i0.wp.com\/lasprimeras.com.do\/wp-content\/uploads\/2025\/03\/Elon-Musk-1.jpg?resize=525%2C300&ssl=1 1.5x, https:\/\/i0.wp.com\/lasprimeras.com.do\/wp-content\/uploads\/2025\/03\/Elon-Musk-1.jpg?resize=700%2C400&ssl=1 2x"},"classes":[]},{"id":67761,"url":"https:\/\/lasprimeras.com.do\/index.php\/2023\/11\/18\/ee-uu-el-gobierno-acusa-elon-musk-fomentar-antisemitismo\/","url_meta":{"origin":113027,"position":2},"title":"EE.UU: El Gobierno acusa Elon Musk \u00abfomentar antisemitismo","author":"BIMARY DE JES\u00daS Matos","date":"18 de noviembre de 2023","format":false,"excerpt":"WASHINGTON.\u2013 Estados Unidos ha condenado este viernes los \u00faltimos comentarios del magnate Elon Musk, propietario de la red social X, por \u00abfomentar el antisemitismo\u00bb. Emiti\u00f3 su condena despu\u00e9s de que el tambi\u00e9n due\u00f1o de Tesla diese la raz\u00f3n a un usuario de la plataforma que acusaba a los jud\u00edos de\u2026","rel":"","context":"En \u00abSin categor\u00eda\u00bb","block_context":{"text":"Sin categor\u00eda","link":"https:\/\/lasprimeras.com.do\/index.php\/category\/sin-categoria\/"},"img":{"alt_text":"","src":"https:\/\/i0.wp.com\/lasprimeras.com.do\/wp-content\/uploads\/2023\/11\/valentin-38.jpg?resize=350%2C200&ssl=1","width":350,"height":200,"srcset":"https:\/\/i0.wp.com\/lasprimeras.com.do\/wp-content\/uploads\/2023\/11\/valentin-38.jpg?resize=350%2C200&ssl=1 1x, https:\/\/i0.wp.com\/lasprimeras.com.do\/wp-content\/uploads\/2023\/11\/valentin-38.jpg?resize=525%2C300&ssl=1 1.5x"},"classes":[]},{"id":86777,"url":"https:\/\/lasprimeras.com.do\/index.php\/2024\/08\/01\/elon-musk-acepta-un-combate-con-nicolas-maduro-un-tipo-que-sabe-como-pelear\/","url_meta":{"origin":113027,"position":3},"title":"Elon Musk acepta un combate con Nicol\u00e1s Maduro, \u201cun tipo que sabe c\u00f3mo pelear\u00bb","author":"Nelson Feliz","date":"1 de agosto de 2024","format":false,"excerpt":"El magnate Elon Musk, que el martes protagoniz\u00f3 una trifulca en las redes con Nicol\u00e1s Maduro, acept\u00f3 este mi\u00e9rcoles el reto de este \u00faltimo y dijo estar dispuesto a pelear con el presidente de Venezuela, a quien defini\u00f3 como \u201cun tipo corpulento que seguro sabe c\u00f3mo luchar\u00bb. Fue Maduro quien\u2026","rel":"","context":"En \u00abSin categor\u00eda\u00bb","block_context":{"text":"Sin categor\u00eda","link":"https:\/\/lasprimeras.com.do\/index.php\/category\/sin-categoria\/"},"img":{"alt_text":"Elon Musk acepta un combate con Nicol\u00e1s Maduro","src":"https:\/\/i0.wp.com\/lasprimeras.com.do\/wp-content\/uploads\/2024\/08\/Elon-Musk-acepta-un-combate-con-Nicolas-Maduro.png?resize=350%2C200&ssl=1","width":350,"height":200,"srcset":"https:\/\/i0.wp.com\/lasprimeras.com.do\/wp-content\/uploads\/2024\/08\/Elon-Musk-acepta-un-combate-con-Nicolas-Maduro.png?resize=350%2C200&ssl=1 1x, https:\/\/i0.wp.com\/lasprimeras.com.do\/wp-content\/uploads\/2024\/08\/Elon-Musk-acepta-un-combate-con-Nicolas-Maduro.png?resize=525%2C300&ssl=1 1.5x"},"classes":[]},{"id":95087,"url":"https:\/\/lasprimeras.com.do\/index.php\/2025\/03\/09\/musk-nombra-la-clave-para-resolver-el-conflicto-ucraniano\/","url_meta":{"origin":113027,"position":4},"title":"Musk nombra la clave para resolver el conflicto ucraniano","author":"Nelson Feliz","date":"9 de marzo de 2025","format":false,"excerpt":"El magnate estadounidense afirm\u00f3 estar harto de \"a\u00f1os de matanzas en un punto muerto que Ucrania perder\u00e1 inevitablemente\". Elon Musk revel\u00f3 la manera en que, considera, se puede poner fin \"inmediatamente\" al conflicto ucraniano. \"Impongan sanciones a los 10 principales oligarcas ucranianos, especialmente a los que tienen mansiones en M\u00f3naco,\u2026","rel":"","context":"En \u00abINTERNACIONALES\u00bb","block_context":{"text":"INTERNACIONALES","link":"https:\/\/lasprimeras.com.do\/index.php\/category\/sin-categoria\/internacionales\/"},"img":{"alt_text":"Elon Musk","src":"https:\/\/i0.wp.com\/lasprimeras.com.do\/wp-content\/uploads\/2025\/03\/Elon-Musk.jpg?resize=350%2C200&ssl=1","width":350,"height":200,"srcset":"https:\/\/i0.wp.com\/lasprimeras.com.do\/wp-content\/uploads\/2025\/03\/Elon-Musk.jpg?resize=350%2C200&ssl=1 1x, https:\/\/i0.wp.com\/lasprimeras.com.do\/wp-content\/uploads\/2025\/03\/Elon-Musk.jpg?resize=525%2C300&ssl=1 1.5x, https:\/\/i0.wp.com\/lasprimeras.com.do\/wp-content\/uploads\/2025\/03\/Elon-Musk.jpg?resize=700%2C400&ssl=1 2x"},"classes":[]},{"id":67843,"url":"https:\/\/lasprimeras.com.do\/index.php\/2023\/11\/19\/desantis-se-niega-a-condenar-publicacion-de-musk-sobre-antisemitismo\/","url_meta":{"origin":113027,"position":5},"title":"DeSantis se niega a condenar publicaci\u00f3n de Musk sobre antisemitismo","author":"Nelson Feliz","date":"19 de noviembre de 2023","format":false,"excerpt":"El candidato presidencial republicano Ron DeSantis se neg\u00f3 a condenar la publicaci\u00f3n de Elon Musk que respalda una teor\u00eda de conspiraci\u00f3n antisemita y sostuvo el domingo que no estaba familiarizado con la publicaci\u00f3n, que llev\u00f3 a grandes empresas a retirar publicidad de la red social X. \u201cNo vi el comentario\u201d,\u2026","rel":"","context":"En \u00abSin categor\u00eda\u00bb","block_context":{"text":"Sin categor\u00eda","link":"https:\/\/lasprimeras.com.do\/index.php\/category\/sin-categoria\/"},"img":{"alt_text":"Ron DeSantis habla durante el Foro Familiar de Acci\u00f3n de Gracias de L\u00edderes de la Familia, el 17 de noviembre de 2023, en Des Moines, Iowa. (AP\/CHARLIE NEIBERGALL)","src":"https:\/\/i0.wp.com\/lasprimeras.com.do\/wp-content\/uploads\/2023\/11\/Ron-DeSantis.jpg?resize=350%2C200&ssl=1","width":350,"height":200,"srcset":"https:\/\/i0.wp.com\/lasprimeras.com.do\/wp-content\/uploads\/2023\/11\/Ron-DeSantis.jpg?resize=350%2C200&ssl=1 1x, https:\/\/i0.wp.com\/lasprimeras.com.do\/wp-content\/uploads\/2023\/11\/Ron-DeSantis.jpg?resize=525%2C300&ssl=1 1.5x, https:\/\/i0.wp.com\/lasprimeras.com.do\/wp-content\/uploads\/2023\/11\/Ron-DeSantis.jpg?resize=700%2C400&ssl=1 2x"},"classes":[]}],"jetpack_sharing_enabled":true,"_links":{"self":[{"href":"https:\/\/lasprimeras.com.do\/index.php\/wp-json\/wp\/v2\/posts\/113027","targetHints":{"allow":["GET"]}}],"collection":[{"href":"https:\/\/lasprimeras.com.do\/index.php\/wp-json\/wp\/v2\/posts"}],"about":[{"href":"https:\/\/lasprimeras.com.do\/index.php\/wp-json\/wp\/v2\/types\/post"}],"author":[{"embeddable":true,"href":"https:\/\/lasprimeras.com.do\/index.php\/wp-json\/wp\/v2\/users\/10"}],"replies":[{"embeddable":true,"href":"https:\/\/lasprimeras.com.do\/index.php\/wp-json\/wp\/v2\/comments?post=113027"}],"version-history":[{"count":1,"href":"https:\/\/lasprimeras.com.do\/index.php\/wp-json\/wp\/v2\/posts\/113027\/revisions"}],"predecessor-version":[{"id":113028,"href":"https:\/\/lasprimeras.com.do\/index.php\/wp-json\/wp\/v2\/posts\/113027\/revisions\/113028"}],"wp:featuredmedia":[{"embeddable":true,"href":"https:\/\/lasprimeras.com.do\/index.php\/wp-json\/wp\/v2\/media\/54034"}],"wp:attachment":[{"href":"https:\/\/lasprimeras.com.do\/index.php\/wp-json\/wp\/v2\/media?parent=113027"}],"wp:term":[{"taxonomy":"category","embeddable":true,"href":"https:\/\/lasprimeras.com.do\/index.php\/wp-json\/wp\/v2\/categories?post=113027"},{"taxonomy":"post_tag","embeddable":true,"href":"https:\/\/lasprimeras.com.do\/index.php\/wp-json\/wp\/v2\/tags?post=113027"}],"curies":[{"name":"wp","href":"https:\/\/api.w.org\/{rel}","templated":true}]}}