{"id":113029,"date":"2025-10-29T09:50:17","date_gmt":"2025-10-29T13:50:17","guid":{"rendered":"https:\/\/lasprimeras.com.do\/?p=113029"},"modified":"2025-10-29T09:50:20","modified_gmt":"2025-10-29T13:50:20","slug":"inicia-el-congreso-internacional-sobre-ia-y-la-funcion-jurisdiccional-en-santo-domingo","status":"publish","type":"post","link":"https:\/\/lasprimeras.com.do\/index.php\/2025\/10\/29\/inicia-el-congreso-internacional-sobre-ia-y-la-funcion-jurisdiccional-en-santo-domingo\/","title":{"rendered":"Inicia el Congreso Internacional sobre IA y la Funci\u00f3n Jurisdiccional en Santo Domingo"},"content":{"rendered":"\n<p>El Instituto Global de Altos Estudios en Ciencias Sociales (IGLOBAL), en coordinaci\u00f3n con el Centro de Estudios Pol\u00edticos y Constitucionales de Madrid (CEPC), la Escuela Nacional de la Judicatura (ENJ) y otras academias, inauguraron esta ma\u00f1ana el Congreso Internacional sobre Inteligencia Artificial y la Funci\u00f3n Jurisdiccional: \u201cUn llamado a liderar la transformaci\u00f3n\u201d, en Santo Domingo.<\/p>\n\n\n\n<p>El encuentro re\u00fane durante dos d\u00edas a jueces, acad\u00e9micos, juristas y expertos en tecnolog\u00eda de Europa, Estados Unidos y Am\u00e9rica Latina, con el prop\u00f3sito de analizar los desaf\u00edos \u00e9ticos, regulatorios y pr\u00e1cticos que plantea la incorporaci\u00f3n de la inteligencia artificial (IA) en los sistemas judiciales y su impacto en la funci\u00f3n jurisdiccional.<\/p>\n\n\n\n<p>Al acto de apertura asistieron la doctora Lorea Arribalzaga Ceballos, embajadora del Reino de Espa\u00f1a; el doctor Rafael Alburquerque, pasado vicepresidente de la Rep\u00fablica; el doctor Mariano Germ\u00e1n Mej\u00eda, expresidente de la Suprema Corte de Justicia; la doctora Rosario Garc\u00eda Mahamud, directora del CEPC; la doctora Josefina Pimentel, rectora del IGLOBAL; el se\u00f1or Servio Tulio Casta\u00f1os, vicepresidente de FINJUS; el doctor Jottin Cury, el magistrado Herm\u00f3genes Acosta y, Juan Francisco Puello Herrera, integrante del Consejo Directivo de la Escuela Nacional de la Judicatura, entre otras personalidades del \u00e1mbito judicial.<\/p>\n\n\n\n<figure class=\"wp-block-image size-full\"><img decoding=\"async\" width=\"900\" height=\"599\" src=\"https:\/\/lasprimeras.com.do\/wp-content\/uploads\/2025\/10\/Congreso-Internacional-1.jpg\" alt=\"\" class=\"wp-image-113031\" srcset=\"https:\/\/lasprimeras.com.do\/wp-content\/uploads\/2025\/10\/Congreso-Internacional-1.jpg 900w, https:\/\/lasprimeras.com.do\/wp-content\/uploads\/2025\/10\/Congreso-Internacional-1-300x200.jpg 300w, https:\/\/lasprimeras.com.do\/wp-content\/uploads\/2025\/10\/Congreso-Internacional-1-768x511.jpg 768w\" sizes=\"(max-width: 900px) 100vw, 900px\" \/><\/figure>\n\n\n\n<p>El discurso inaugural estuvo a cargo del licenciado \u00c1ngel Brito, director de la Escuela Nacional de la Judicatura, quien afirm\u00f3 que este congreso constituye \u201cuna afirmaci\u00f3n de voluntad, un compromiso con la innovaci\u00f3n \u00e9tica y con una visi\u00f3n compartida del futuro judicial\u201d.<\/p>\n\n\n\n<p>El director de la ENJ destac\u00f3 que la transformaci\u00f3n digital del sistema judicial dominicano avanza con responsabilidad y enfoque humano, y que la inteligencia artificial solo tiene sentido cuando \u201cmejora de manera tangible el acceso a la justicia y preserva el sentido humano del juicio\u201d.<\/p>\n\n\n\n<p>Asimismo, subray\u00f3 que los avances digitales del Poder Judicial son hoy una fuente de confianza p\u00fablica, evidenciando logros como el 90% de resoluci\u00f3n de casos en la Suprema Corte de Justicia en menos de seis meses y el acceso gratuito al 100% de las decisiones judiciales a trav\u00e9s de Juriteca, plataforma creada por la ENJ.<\/p>\n\n\n\n<p>En el marco de su discurso, Brito present\u00f3 los principales proyectos tecnol\u00f3gicos impulsados desde la Escuela Nacional de la Judicatura, entre ellos LEIA, asistente inteligente que orienta a los usuarios en tr\u00e1mites y consultas de expedientes, as\u00ed como los m\u00f3dulos digitales para gesti\u00f3n de casos administrativos, tributarios y civiles, desarrollados junto a jueces, servidores judiciales y expertos internacionales.<\/p>\n\n\n\n<p>Por su parte, en representaci\u00f3n del Consejo de Regencia del IGLOBAL, el doctor Marco Herrera destac\u00f3 la relevancia del evento y la calidad de sus participantes, se\u00f1alando que \u201cla inteligencia artificial, como tecnolog\u00eda disruptiva, impactar\u00e1 inevitablemente el acto de impartir justicia, que debe seguir siendo un ejercicio de sabidur\u00eda y compasi\u00f3n\u201d.<\/p>\n\n\n\n<p>El congreso, que continuar\u00e1 el mi\u00e9rcoles 29 de octubre, incluir\u00e1 paneles sobre \u00e9tica judicial y responsabilidad algor\u00edtmica, uso de IA en la gesti\u00f3n de expedientes, experiencias comparadas en transformaci\u00f3n digital y equilibrio entre innovaci\u00f3n tecnol\u00f3gica y tutela de derechos fundamentales.<\/p>\n\n\n\n<p>Entre los ponentes internacionales figuran la Dra. Mar\u00eda Mercedes Serrano, profesora de Derecho Constitucional en la Universidad de Castilla-La Mancha; la Magistrada Ana Mar\u00eda Ramos Serrano, auxiliar de la Corte Constitucional y profesora de la Universidad de los Andes; la Dra. Rosario Garc\u00eda Mahamud, directora del CEPC; el Magistrado Alfonso Peralta Guti\u00e9rrez, juez del Juzgado de Primera Instancia e Instrucci\u00f3n No. 2 de Guadix; y el Magistrado Amaury Reyes Torres, juez del Tribunal Constitucional de la Rep\u00fablica Dominicana.<\/p>\n","protected":false},"excerpt":{"rendered":"<p>El Instituto Global de Altos Estudios en Ciencias Sociales (IGLOBAL), en coordinaci\u00f3n con el Centro de Estudios Pol\u00edticos y Constitucionales de Madrid (CEPC), la Escuela Nacional de la Judicatura (ENJ)&hellip;<\/p>\n","protected":false},"author":10,"featured_media":113030,"comment_status":"open","ping_status":"open","sticky":false,"template":"","format":"standard","meta":{"content-type":"","jetpack_post_was_ever_published":false,"_jetpack_newsletter_access":"","_jetpack_dont_email_post_to_subs":false,"_jetpack_newsletter_tier_id":0,"_jetpack_memberships_contains_paywalled_content":false,"_jetpack_memberships_contains_paid_content":false,"footnotes":""},"categories":[23746],"tags":[1306,26480,85,806],"class_list":["post-113029","post","type-post","status-publish","format-standard","has-post-thumbnail","hentry","category-tecnologia","tag-congreso-internacional","tag-funcion-jurisdiccional","tag-inteligencia-artificial","tag-santo-domingo"],"jetpack_featured_media_url":"https:\/\/lasprimeras.com.do\/wp-content\/uploads\/2025\/10\/Congreso-Internacional.jpg","jetpack-related-posts":[{"id":59448,"url":"https:\/\/lasprimeras.com.do\/index.php\/2023\/09\/04\/juez-del-tc-pide-evitar-que-la-ia-vulnere-derechos-fundamentales\/","url_meta":{"origin":113029,"position":0},"title":"Juez del TC pide evitar que la IA vulnere derechos fundamentales","author":"Nelson Feliz","date":"4 de septiembre de 2023","format":false,"excerpt":"El juez del Tribunal Constitucional, Miguel Valera Montero, manifest\u00f3 que ante el auge de las tecnolog\u00edas, los actores de la sociedad deben trabajar para que la Inteligencia Artificial (IA) y la virtualidad no se conviertan en instrumentos de vulneraci\u00f3n directa o indirecta de derechos fundamentales. Al dictar la conferencia \"Virtualidad,\u2026","rel":"","context":"En \u00abJUSTICIA\u00bb","block_context":{"text":"JUSTICIA","link":"https:\/\/lasprimeras.com.do\/index.php\/category\/justicia\/"},"img":{"alt_text":"Miguel Valera Montero","src":"https:\/\/i0.wp.com\/lasprimeras.com.do\/wp-content\/uploads\/2023\/09\/Miguel-Valera-Montero.jpg?resize=350%2C200&ssl=1","width":350,"height":200,"srcset":"https:\/\/i0.wp.com\/lasprimeras.com.do\/wp-content\/uploads\/2023\/09\/Miguel-Valera-Montero.jpg?resize=350%2C200&ssl=1 1x, https:\/\/i0.wp.com\/lasprimeras.com.do\/wp-content\/uploads\/2023\/09\/Miguel-Valera-Montero.jpg?resize=525%2C300&ssl=1 1.5x, https:\/\/i0.wp.com\/lasprimeras.com.do\/wp-content\/uploads\/2023\/09\/Miguel-Valera-Montero.jpg?resize=700%2C400&ssl=1 2x"},"classes":[]},{"id":86293,"url":"https:\/\/lasprimeras.com.do\/index.php\/2024\/07\/21\/exhortan-crear-en-rd-nueva-norma-de-proteccion-de-datos-ante-auge-de-ia\/","url_meta":{"origin":113029,"position":1},"title":"Exhortan crear en RD nueva norma de protecci\u00f3n de datos ante auge de IA","author":"Nelson Feliz","date":"21 de julio de 2024","format":false,"excerpt":"Con el objetivo de crear conciencia sobre el avance de la tecnolog\u00eda y su impacto en los derechos de las personas, el Tribunal Constitucional (TC) realiz\u00f3 en Santo Domingo y Santiago la conferencia \u00abLa protecci\u00f3n de datos en la inteligencia artificial\u00bb, a cargo de las catedr\u00e1ticas espa\u00f1olas M.\u00aa Mercedes Serrano\u2026","rel":"","context":"En \u00abPORTADA\u00bb","block_context":{"text":"PORTADA","link":"https:\/\/lasprimeras.com.do\/index.php\/category\/portada\/"},"img":{"alt_text":"","src":"https:\/\/i0.wp.com\/lasprimeras.com.do\/wp-content\/uploads\/2024\/07\/Foto-conferencias-IA-1.jpg?resize=350%2C200&ssl=1","width":350,"height":200,"srcset":"https:\/\/i0.wp.com\/lasprimeras.com.do\/wp-content\/uploads\/2024\/07\/Foto-conferencias-IA-1.jpg?resize=350%2C200&ssl=1 1x, https:\/\/i0.wp.com\/lasprimeras.com.do\/wp-content\/uploads\/2024\/07\/Foto-conferencias-IA-1.jpg?resize=525%2C300&ssl=1 1.5x, https:\/\/i0.wp.com\/lasprimeras.com.do\/wp-content\/uploads\/2024\/07\/Foto-conferencias-IA-1.jpg?resize=700%2C400&ssl=1 2x"},"classes":[]},{"id":101956,"url":"https:\/\/lasprimeras.com.do\/index.php\/2025\/06\/29\/expertos-analizan-desafios-y-perspectivas-de-la-ia-en-la-educacion-superior-de-america-latina\/","url_meta":{"origin":113029,"position":2},"title":"Expertos analizan desaf\u00edos y perspectivas de la IA en la Educaci\u00f3n Superior de Am\u00e9rica Latina","author":"Nelson Feliz","date":"29 de junio de 2025","format":false,"excerpt":"-RD se suma al debate regional sobre Inteligencia Artificial en la educaci\u00f3n superior con apoyo de Corea del Sur. -Rep\u00fablica Dominicana fue sede por primera vez del Congreso Regional de IA organizado por el KDI de Corea del Sur. El Ministerio de Educaci\u00f3n Superior, Ciencia y Tecnolog\u00eda (MESCyT), celebr\u00f3 el\u2026","rel":"","context":"En \u00abNACIONALES\u00bb","block_context":{"text":"NACIONALES","link":"https:\/\/lasprimeras.com.do\/index.php\/category\/nacionales\/"},"img":{"alt_text":"","src":"https:\/\/i0.wp.com\/lasprimeras.com.do\/wp-content\/uploads\/2025\/06\/Expertos.jpg?resize=350%2C200&ssl=1","width":350,"height":200,"srcset":"https:\/\/i0.wp.com\/lasprimeras.com.do\/wp-content\/uploads\/2025\/06\/Expertos.jpg?resize=350%2C200&ssl=1 1x, https:\/\/i0.wp.com\/lasprimeras.com.do\/wp-content\/uploads\/2025\/06\/Expertos.jpg?resize=525%2C300&ssl=1 1.5x, https:\/\/i0.wp.com\/lasprimeras.com.do\/wp-content\/uploads\/2025\/06\/Expertos.jpg?resize=700%2C400&ssl=1 2x"},"classes":[]},{"id":68932,"url":"https:\/\/lasprimeras.com.do\/index.php\/2023\/11\/29\/el-pais-adaptara-ley-de-salud-para-aprovechar-la-inteligencia-artificial\/","url_meta":{"origin":113029,"position":3},"title":"El pa\u00eds adaptar\u00e1 Ley de Salud para aprovechar la Inteligencia Artificial","author":"BIMARY DE JES\u00daS Matos","date":"29 de noviembre de 2023","format":false,"excerpt":"Santo Domingo.-El primer Foro Nacional Salud e Inteligencia Artificial, una iniciativa del List\u00edn Diario, rindi\u00f3 sus frutos ayer martes con las ponencias de diferentes actores del sector salud local e internacional, quienes formularon un escenario de debate que mostr\u00f3 una perspectiva de lo que implica el coincidir del talento humano\u2026","rel":"","context":"En \u00abPORTADA\u00bb","block_context":{"text":"PORTADA","link":"https:\/\/lasprimeras.com.do\/index.php\/category\/portada\/"},"img":{"alt_text":"","src":"https:\/\/i0.wp.com\/lasprimeras.com.do\/wp-content\/uploads\/2023\/11\/PhotoFrame-3.jpg?resize=350%2C200&ssl=1","width":350,"height":200,"srcset":"https:\/\/i0.wp.com\/lasprimeras.com.do\/wp-content\/uploads\/2023\/11\/PhotoFrame-3.jpg?resize=350%2C200&ssl=1 1x, https:\/\/i0.wp.com\/lasprimeras.com.do\/wp-content\/uploads\/2023\/11\/PhotoFrame-3.jpg?resize=525%2C300&ssl=1 1.5x"},"classes":[]},{"id":98818,"url":"https:\/\/lasprimeras.com.do\/index.php\/2025\/05\/13\/garcia-fermin-asegura-tecnologia-y-la-ia-seran-la-punta-de-lanza-para-el-desarrollo-sostenible-de-rd\/","url_meta":{"origin":113029,"position":4},"title":"Garc\u00eda Ferm\u00edn asegura tecnolog\u00eda y la IA ser\u00e1n la punta de lanza para el desarrollo sostenible de RD","author":"Nelson Feliz","date":"13 de mayo de 2025","format":false,"excerpt":"Esta afirmaci\u00f3n fue emitida durante el V congreso Iberoamericano de Filosof\u00eda de la Ciencia y Tecnolog\u00eda. Ferm\u00edn ve futuro de la educaci\u00f3n superior se sustenta en la filosof\u00eda y el conocimiento cient\u00edfico aplicado al desarrollo de inteligencias artificiales. Durante la apertura del V Congreso Iberoamericano de Filosof\u00eda de la Ciencia\u2026","rel":"","context":"En \u00abNACIONALES\u00bb","block_context":{"text":"NACIONALES","link":"https:\/\/lasprimeras.com.do\/index.php\/category\/nacionales\/"},"img":{"alt_text":"","src":"https:\/\/i0.wp.com\/lasprimeras.com.do\/wp-content\/uploads\/2025\/05\/congre.jpg?resize=350%2C200&ssl=1","width":350,"height":200,"srcset":"https:\/\/i0.wp.com\/lasprimeras.com.do\/wp-content\/uploads\/2025\/05\/congre.jpg?resize=350%2C200&ssl=1 1x, https:\/\/i0.wp.com\/lasprimeras.com.do\/wp-content\/uploads\/2025\/05\/congre.jpg?resize=525%2C300&ssl=1 1.5x, https:\/\/i0.wp.com\/lasprimeras.com.do\/wp-content\/uploads\/2025\/05\/congre.jpg?resize=700%2C400&ssl=1 2x, https:\/\/i0.wp.com\/lasprimeras.com.do\/wp-content\/uploads\/2025\/05\/congre.jpg?resize=1050%2C600&ssl=1 3x, https:\/\/i0.wp.com\/lasprimeras.com.do\/wp-content\/uploads\/2025\/05\/congre.jpg?resize=1400%2C800&ssl=1 4x"},"classes":[]},{"id":56028,"url":"https:\/\/lasprimeras.com.do\/index.php\/2023\/07\/27\/implementaran-inteligencia-artificial-al-servicio-911-para-mejor-geolocalizacion-segun-joel-santos\/","url_meta":{"origin":113029,"position":5},"title":"Implementar\u00e1n Inteligencia Artificial al servicio 911 para mejor geolocalizaci\u00f3n, seg\u00fan Joel Santos","author":"Nelson Feliz","date":"27 de julio de 2023","format":false,"excerpt":"Los servicios del Sistema Nacional de Atenci\u00f3n de Emergencias y Seguridad 911 buscar\u00e1n implementar herramientas de Inteligencia Artificial (IA) para mejorar la geolocalizaci\u00f3n en cuanto a la rapidez de la asistencia a los ciudadanos, seg\u00fan revel\u00f3 este jueves el ministro de la Presidencia, Joel Santos. \u201cSe est\u00e1 llevando el servicio\u2026","rel":"","context":"En \u00abNACIONALES\u00bb","block_context":{"text":"NACIONALES","link":"https:\/\/lasprimeras.com.do\/index.php\/category\/nacionales\/"},"img":{"alt_text":"Joel Santos","src":"https:\/\/i0.wp.com\/lasprimeras.com.do\/wp-content\/uploads\/2023\/07\/Joel-Santos.jpg?resize=350%2C200&ssl=1","width":350,"height":200,"srcset":"https:\/\/i0.wp.com\/lasprimeras.com.do\/wp-content\/uploads\/2023\/07\/Joel-Santos.jpg?resize=350%2C200&ssl=1 1x, https:\/\/i0.wp.com\/lasprimeras.com.do\/wp-content\/uploads\/2023\/07\/Joel-Santos.jpg?resize=525%2C300&ssl=1 1.5x, https:\/\/i0.wp.com\/lasprimeras.com.do\/wp-content\/uploads\/2023\/07\/Joel-Santos.jpg?resize=700%2C400&ssl=1 2x"},"classes":[]}],"jetpack_sharing_enabled":true,"_links":{"self":[{"href":"https:\/\/lasprimeras.com.do\/index.php\/wp-json\/wp\/v2\/posts\/113029","targetHints":{"allow":["GET"]}}],"collection":[{"href":"https:\/\/lasprimeras.com.do\/index.php\/wp-json\/wp\/v2\/posts"}],"about":[{"href":"https:\/\/lasprimeras.com.do\/index.php\/wp-json\/wp\/v2\/types\/post"}],"author":[{"embeddable":true,"href":"https:\/\/lasprimeras.com.do\/index.php\/wp-json\/wp\/v2\/users\/10"}],"replies":[{"embeddable":true,"href":"https:\/\/lasprimeras.com.do\/index.php\/wp-json\/wp\/v2\/comments?post=113029"}],"version-history":[{"count":1,"href":"https:\/\/lasprimeras.com.do\/index.php\/wp-json\/wp\/v2\/posts\/113029\/revisions"}],"predecessor-version":[{"id":113032,"href":"https:\/\/lasprimeras.com.do\/index.php\/wp-json\/wp\/v2\/posts\/113029\/revisions\/113032"}],"wp:featuredmedia":[{"embeddable":true,"href":"https:\/\/lasprimeras.com.do\/index.php\/wp-json\/wp\/v2\/media\/113030"}],"wp:attachment":[{"href":"https:\/\/lasprimeras.com.do\/index.php\/wp-json\/wp\/v2\/media?parent=113029"}],"wp:term":[{"taxonomy":"category","embeddable":true,"href":"https:\/\/lasprimeras.com.do\/index.php\/wp-json\/wp\/v2\/categories?post=113029"},{"taxonomy":"post_tag","embeddable":true,"href":"https:\/\/lasprimeras.com.do\/index.php\/wp-json\/wp\/v2\/tags?post=113029"}],"curies":[{"name":"wp","href":"https:\/\/api.w.org\/{rel}","templated":true}]}}