{"id":113048,"date":"2025-10-29T11:54:37","date_gmt":"2025-10-29T15:54:37","guid":{"rendered":"https:\/\/lasprimeras.com.do\/?p=113048"},"modified":"2025-10-29T11:54:39","modified_gmt":"2025-10-29T15:54:39","slug":"el-boom-del-trabajo-remoto-en-rd-los-perfiles-mas-demandados-en-2025","status":"publish","type":"post","link":"https:\/\/lasprimeras.com.do\/index.php\/2025\/10\/29\/el-boom-del-trabajo-remoto-en-rd-los-perfiles-mas-demandados-en-2025\/","title":{"rendered":"El boom del trabajo remoto en RD: los perfiles m\u00e1s demandados en 2025"},"content":{"rendered":"\n<p>La pandemia de COVID-19 no invent\u00f3 el trabajo remoto, pero sin duda fue el catalizador que lo transform\u00f3 de una opci\u00f3n de nicho a una realidad masiva en Rep\u00fablica Dominicana.&nbsp;<\/p>\n\n\n\n<p>Hoy, el teletrabajo ya no es una tendencia pasajera, es un aut\u00e9ntico boom que est\u00e1 redefiniendo el mercado laboral.&nbsp;<\/p>\n\n\n\n<p>Esta nueva era digital abre un mundo de oportunidades, pero tambi\u00e9n exige una adaptaci\u00f3n proactiva. Conocer los perfiles que lideran la demanda en 2025 es el primer paso para asegurar tu lugar en este din\u00e1mico futuro.<\/p>\n\n\n\n<p>H2 \u00bfPor qu\u00e9 el teletrabajo se qued\u00f3 para siempre en RD?<\/p>\n\n\n\n<p>La consolidaci\u00f3n del trabajo remoto en el pa\u00eds responde a una confluencia de beneficios tanto para las empresas como para los colaboradores.&nbsp;<\/p>\n\n\n\n<p>Las organizaciones han descubierto que pueden reducir significativamente sus costos operativos (alquiler de oficinas, servicios, etc.) mientras acceden a un pool de talento mucho m\u00e1s amplio, sin las limitaciones geogr\u00e1ficas de la capital o las grandes ciudades.&nbsp;<\/p>\n\n\n\n<p>Por su parte, los profesionales valoran la flexibilidad, la autonom\u00eda y la posibilidad de lograr un mejor equilibrio entre la vida personal y laboral, eliminando el estr\u00e9s y el tiempo perdido en el tr\u00e1fico.<\/p>\n\n\n\n<p>Este cambio ha impulsado la necesidad de nuevas herramientas para conectar oferta y demanda. En la b\u00fasqueda de estos empleos, plataformas como trabajos diarios se han vuelto esenciales.<\/p>\n\n\n\n<p>Permiten a los profesionales filtrar oportunidades no solo por categor\u00eda, sino tambi\u00e9n por tipo de contrato; ya sea freelance, a tiempo completo o por proyecto, y por ciudad, facilitando la conexi\u00f3n entre el talento dominicano y las empresas, tanto locales como internacionales, que apuestan decididamente por esta modalidad.<\/p>\n\n\n\n<p>H2 Los perfiles estrella del trabajo remoto en 2025<\/p>\n\n\n\n<p>Si bien muchas funciones pueden adaptarse al teletrabajo, hay ciertos perfiles cuya demanda se ha disparado y seguir\u00e1 en ascenso. Estos roles se caracterizan por su naturaleza digital, su capacidad para ser medidos por resultados y su independencia de una ubicaci\u00f3n f\u00edsica.&nbsp;<\/p>\n\n\n\n<p>A continuaci\u00f3n, desglosamos los m\u00e1s buscados:<\/p>\n\n\n\n<p>H3 Desarrollador de Software e Ingeniero de TI<\/p>\n\n\n\n<p>La columna vertebral del mundo digital. Desde la creaci\u00f3n de aplicaciones hasta el mantenimiento de infraestructuras en la nube, estos profesionales son indispensables.&nbsp;<\/p>\n\n\n\n<p>La demanda es global, lo que permite a los talentos en RD trabajar para empresas de cualquier parte del mundo desde su hogar.<\/p>\n\n\n\n<p>H3 Especialista en marketing digital y SEO<\/p>\n\n\n\n<p>Si un negocio no est\u00e1 en internet, pr\u00e1cticamente no existe. Expertos en SEO, gesti\u00f3n de redes sociales (Community Managers), especialistas en pauta digital (SEM) y estrategas de contenido son superimportante para que las marcas ganen visibilidad y atraigan clientes en un entorno saturado.<\/p>\n\n\n\n<p>H3 Representante de servicio al cliente biling\u00fce<\/p>\n\n\n\n<p>Rep\u00fablica Dominicana se ha posicionado como un hub estrat\u00e9gico para centros de contacto y BPOs.&nbsp;<\/p>\n\n\n\n<p>La habilidad de dominar el ingl\u00e9s y el espa\u00f1ol abre las puertas a innumerables puestos de atenci\u00f3n al cliente, soporte t\u00e9cnico y ventas para el mercado norteamericano, todo desde casa.<\/p>\n\n\n\n<p>H3 Asistente virtual y soporte administrativo<\/p>\n\n\n\n<p>La evoluci\u00f3n del rol de secretaria. Emprendedores y ejecutivos de alto nivel delegan tareas organizativas, gesti\u00f3n de agendas, preparaci\u00f3n de informes y manejo de correos a asistentes virtuales eficientes, liberando su tiempo para enfocarse en la estrategia.<\/p>\n\n\n\n<p>H3 Dise\u00f1ador gr\u00e1fico y editor de video<\/p>\n\n\n\n<p>El contenido visual es el rey. La demanda de creativos capaces de producir material gr\u00e1fico para redes sociales, editar videos para YouTube o TikTok, y dise\u00f1ar interfaces de usuario (UI\/UX) es insaciable. Son roles que se manejan perfectamente por proyectos y con entregables claros.<\/p>\n\n\n\n<p>H3 Analista de datos (data analyst)<\/p>\n\n\n\n<p>Las decisiones empresariales ya no se basan en la intuici\u00f3n, sino en los datos. Los profesionales que pueden recolectar, procesar e interpretar grandes vol\u00famenes de informaci\u00f3n para generar insights de negocio son altamente cotizados y pueden realizar su trabajo desde cualquier lugar con una conexi\u00f3n a internet.<\/p>\n\n\n\n<p>H2 Las habilidades transversales para triunfar en remoto<\/p>\n\n\n\n<p>M\u00e1s all\u00e1 de la experiencia t\u00e9cnica en un \u00e1rea espec\u00edfica, el \u00e9xito en el trabajo remoto depende de un conjunto de habilidades blandas que son fundamentales para la productividad y la colaboraci\u00f3n a distancia:<\/p>\n\n\n\n<p>Autodisciplina y gesti\u00f3n del tiempo. Sin un supervisor mirando por encima del hombro, la capacidad de gestionar tus propias tareas y cumplir con los plazos es crucial.<\/p>\n\n\n\n<p>Comunicaci\u00f3n digital efectiva. Saber comunicarse de manera clara y concisa a trav\u00e9s de herramientas como Slack, Teams, Asana y el correo electr\u00f3nico es vital para evitar malentendidos.<\/p>\n\n\n\n<p>Adaptabilidad tecnol\u00f3gica. Estar dispuesto a aprender y dominar nuevas herramientas de software es una necesidad constante en el entorno digital.<\/p>\n\n\n\n<p>Proactividad y resoluci\u00f3n de problemas. La capacidad de tomar la iniciativa y buscar soluciones de forma aut\u00f3noma es altamente valorada por los empleadores remotos.<\/p>\n\n\n\n<p>El futuro del trabajo en Rep\u00fablica Dominicana ya est\u00e1 aqu\u00ed, y es flexible, digital y lleno de oportunidades. Prepararse para los perfiles m\u00e1s demandados y cultivar las habilidades necesarias no es solo una recomendaci\u00f3n, es la clave para prosperar en el emocionante panorama laboral de lo que resta este 2025 y m\u00e1s all\u00e1.<\/p>\n\n\n\n<p><a href=\"https:\/\/www.freepik.es\/foto-gratis\/mujer-sonriente-tiro-medio-trabajando_13545801.htm#fromView=search&amp;page=2&amp;position=6&amp;uuid=8773c861-4daf-4954-b9ca-6269ac371e0f&amp;query\">Fuente<\/a><\/p>\n","protected":false},"excerpt":{"rendered":"<p>La pandemia de COVID-19 no invent\u00f3 el trabajo remoto, pero sin duda fue el catalizador que lo transform\u00f3 de una opci\u00f3n de nicho a una realidad masiva en Rep\u00fablica Dominicana.&nbsp;&hellip;<\/p>\n","protected":false},"author":10,"featured_media":113049,"comment_status":"open","ping_status":"open","sticky":false,"template":"","format":"standard","meta":{"content-type":"","jetpack_post_was_ever_published":false,"_jetpack_newsletter_access":"","_jetpack_dont_email_post_to_subs":false,"_jetpack_newsletter_tier_id":0,"_jetpack_memberships_contains_paywalled_content":false,"_jetpack_memberships_contains_paid_content":false,"footnotes":""},"categories":[23746],"tags":[26490],"class_list":["post-113048","post","type-post","status-publish","format-standard","has-post-thumbnail","hentry","category-tecnologia","tag-el-boom-del-trabajo-remoto-en-rd"],"jetpack_featured_media_url":"https:\/\/lasprimeras.com.do\/wp-content\/uploads\/2025\/10\/El-boom-del-trabajo-remoto-en-RD.jpg","jetpack-related-posts":[{"id":127077,"url":"https:\/\/lasprimeras.com.do\/index.php\/2026\/04\/08\/map-llama-a-instituciones-publicas-a-continuar-labores-en-modalidad-remoto\/","url_meta":{"origin":113048,"position":0},"title":"MAP llama a instituciones p\u00fablicas a continuar labores en modalidad remoto","author":"Nelson Feliz","date":"8 de abril de 2026","format":false,"excerpt":"El Ministerio de Administraci\u00f3n P\u00fablica (MAP) instruy\u00f3 a las instituciones publicas a continuar labores bajo modalidad reducida priorizando la implementaci\u00f3n de la modalidad de trabajo remoto (teletrabajo) en todos aquellos puestos cuya naturaleza lo permita en atenci\u00f3n a las condiciones clim\u00e1ticas que inciden sobre el territorio nacional. A trav\u00e9s de\u2026","rel":"","context":"En \u00abECONOM\u00cdA\u00bb","block_context":{"text":"ECONOM\u00cdA","link":"https:\/\/lasprimeras.com.do\/index.php\/category\/economia\/"},"img":{"alt_text":"","src":"https:\/\/i0.wp.com\/lasprimeras.com.do\/wp-content\/uploads\/2025\/06\/MAP.jpg?resize=350%2C200&ssl=1","width":350,"height":200,"srcset":"https:\/\/i0.wp.com\/lasprimeras.com.do\/wp-content\/uploads\/2025\/06\/MAP.jpg?resize=350%2C200&ssl=1 1x, https:\/\/i0.wp.com\/lasprimeras.com.do\/wp-content\/uploads\/2025\/06\/MAP.jpg?resize=525%2C300&ssl=1 1.5x, https:\/\/i0.wp.com\/lasprimeras.com.do\/wp-content\/uploads\/2025\/06\/MAP.jpg?resize=700%2C400&ssl=1 2x"},"classes":[]},{"id":102799,"url":"https:\/\/lasprimeras.com.do\/index.php\/2025\/07\/08\/senado-aprobo-en-primera-lectura-las-modificaciones-a-la-ley-16-92-que-aprueba-el-codigo-de-trabajo\/","url_meta":{"origin":113048,"position":1},"title":"Senado aprob\u00f3 en primera lectura las modificaciones a la Ley 16-92, que aprueba el C\u00f3digo de Trabajo","author":"Nelson Feliz","date":"8 de julio de 2025","format":false,"excerpt":"Por Adalgisa S\u00e1nchez El Senado de la Rep\u00fablica aprob\u00f3 en primera lectura el proyecto de ley que introduce modificaciones a la Ley 16-92, que aprueba el C\u00f3digo de Trabajo, una nueva herramienta legislativa que busca modernizar el sistema laboral, haci\u00e9ndolo m\u00e1s \u00e1gil, justo y adaptado al siglo XXI. En los\u2026","rel":"","context":"En \u00abNACIONALES\u00bb","block_context":{"text":"NACIONALES","link":"https:\/\/lasprimeras.com.do\/index.php\/category\/nacionales\/"},"img":{"alt_text":"","src":"https:\/\/i0.wp.com\/lasprimeras.com.do\/wp-content\/uploads\/2025\/07\/senado-1-1.jpg?resize=350%2C200&ssl=1","width":350,"height":200,"srcset":"https:\/\/i0.wp.com\/lasprimeras.com.do\/wp-content\/uploads\/2025\/07\/senado-1-1.jpg?resize=350%2C200&ssl=1 1x, https:\/\/i0.wp.com\/lasprimeras.com.do\/wp-content\/uploads\/2025\/07\/senado-1-1.jpg?resize=525%2C300&ssl=1 1.5x, https:\/\/i0.wp.com\/lasprimeras.com.do\/wp-content\/uploads\/2025\/07\/senado-1-1.jpg?resize=700%2C400&ssl=1 2x"},"classes":[]},{"id":111671,"url":"https:\/\/lasprimeras.com.do\/index.php\/2025\/10\/12\/el-teletrabajo-y-su-impacto-en-la-salud-mental-un-desafio-silencioso\/","url_meta":{"origin":113048,"position":2},"title":"El teletrabajo y su impacto en la salud mental un desaf\u00edo silencioso","author":"Nelson Feliz","date":"12 de octubre de 2025","format":false,"excerpt":"Por Doctor Ram\u00f3n Ceballo.\u00a0 El teletrabajo, impulsado por la pandemia de COVID-19, se consolid\u00f3 como una modalidad laboral en expansi\u00f3n, ofreciendo flexibilidad y reducci\u00f3n de desplazamientos.\u00a0 Sin embargo, detr\u00e1s de, sus aparentes ventajas, emergen crecientes se\u00f1ales de un impacto negativo en la salud mental de los trabajadores.\u00a0 La l\u00ednea que\u2026","rel":"","context":"En \u00abOPINI\u00d3N\u00bb","block_context":{"text":"OPINI\u00d3N","link":"https:\/\/lasprimeras.com.do\/index.php\/category\/opinion\/"},"img":{"alt_text":"Ram\u00f3n Ceballo","src":"https:\/\/i0.wp.com\/lasprimeras.com.do\/wp-content\/uploads\/2025\/09\/Ramon-Ceballo.jpg?resize=350%2C200&ssl=1","width":350,"height":200},"classes":[]},{"id":109113,"url":"https:\/\/lasprimeras.com.do\/index.php\/2025\/09\/14\/gobierno-entrega-proyectos-de-electrificacion-rural-en-san-jose-de-ocoa-y-san-cristobal\/","url_meta":{"origin":113048,"position":3},"title":"Gobierno entrega proyectos de electrificaci\u00f3n rural en San Jos\u00e9 de Ocoa y San Crist\u00f3bal","author":"Nelson Feliz","date":"14 de septiembre de 2025","format":false,"excerpt":"El ministro Joel Santos asegur\u00f3 que estas obras, que superan los RD$25 millones, representan progreso, dignidad y esperanza. El ministro de Energ\u00eda y Minas, Joel Santos, encabez\u00f3 la entrega de proyectos de electrificaci\u00f3n rural que beneficiar\u00e1n a 213 hogares de comunidades de San Jos\u00e9 de Ocoa y San Crist\u00f3bal, impactando\u2026","rel":"","context":"En \u00abECONOM\u00cdA\u00bb","block_context":{"text":"ECONOM\u00cdA","link":"https:\/\/lasprimeras.com.do\/index.php\/category\/economia\/"},"img":{"alt_text":"","src":"https:\/\/i0.wp.com\/lasprimeras.com.do\/wp-content\/uploads\/2025\/09\/Joel-Santos.jpg?resize=350%2C200&ssl=1","width":350,"height":200,"srcset":"https:\/\/i0.wp.com\/lasprimeras.com.do\/wp-content\/uploads\/2025\/09\/Joel-Santos.jpg?resize=350%2C200&ssl=1 1x, https:\/\/i0.wp.com\/lasprimeras.com.do\/wp-content\/uploads\/2025\/09\/Joel-Santos.jpg?resize=525%2C300&ssl=1 1.5x, https:\/\/i0.wp.com\/lasprimeras.com.do\/wp-content\/uploads\/2025\/09\/Joel-Santos.jpg?resize=700%2C400&ssl=1 2x"},"classes":[]},{"id":125792,"url":"https:\/\/lasprimeras.com.do\/index.php\/2026\/03\/26\/dominguez-brito-advierte-que-un-marco-normativo-excesivamente-burocratico-afecta-el-teletrabajo\/","url_meta":{"origin":113048,"position":4},"title":"Dom\u00ednguez Brito advierte que un marco normativo excesivamente burocr\u00e1tico, afecta el teletrabajo","author":"Nelson Feliz","date":"26 de marzo de 2026","format":false,"excerpt":"El miembro del Comit\u00e9 Pol\u00edtico del Partido de la Liberaci\u00f3n Dominicana (PLD), Francisco Dom\u00ednguez Brito, consider\u00f3 que el teletrabajo representa una oportunidad clave para modernizar la econom\u00eda dominicana. Dom\u00ednguez Brito, advirti\u00f3 que su desarrollo est\u00e1 limitado por un marco normativo excesivamente burocr\u00e1tico. Al referirse al tema tras el reciente planteamiento\u2026","rel":"","context":"En \u00abPOLITICA\u00bb","block_context":{"text":"POLITICA","link":"https:\/\/lasprimeras.com.do\/index.php\/category\/politica\/"},"img":{"alt_text":"Francisco Dom\u00ednguez Brito","src":"https:\/\/i0.wp.com\/lasprimeras.com.do\/wp-content\/uploads\/2025\/06\/Francisco-Dominguez-Brito.jpg?resize=350%2C200&ssl=1","width":350,"height":200,"srcset":"https:\/\/i0.wp.com\/lasprimeras.com.do\/wp-content\/uploads\/2025\/06\/Francisco-Dominguez-Brito.jpg?resize=350%2C200&ssl=1 1x, https:\/\/i0.wp.com\/lasprimeras.com.do\/wp-content\/uploads\/2025\/06\/Francisco-Dominguez-Brito.jpg?resize=525%2C300&ssl=1 1.5x, https:\/\/i0.wp.com\/lasprimeras.com.do\/wp-content\/uploads\/2025\/06\/Francisco-Dominguez-Brito.jpg?resize=700%2C400&ssl=1 2x"},"classes":[]},{"id":78818,"url":"https:\/\/lasprimeras.com.do\/index.php\/2024\/03\/20\/senado-sesiona-en-bani-por-260-aniversarios-de-su-fundacion-y-aprueba-proyecto-crea-teletrabajo-en-rd\/","url_meta":{"origin":113048,"position":5},"title":"Senado sesiona en Ban\u00ed por 260 aniversario de su fundaci\u00f3n","author":"BIMARY DE JES\u00daS Matos","date":"20 de marzo de 2024","format":false,"excerpt":"Aprueba proyecto crea Teletrabajo en RD. El Senado de la Rep\u00fablica durante una sesi\u00f3n ordinaria realizada en este municipio con motivo del 260 aniversario de la fundaci\u00f3n de Ban\u00ed aprob\u00f3 en segunda lectura el proyecto de ley que incluye el teletrabajo como modalidad de trabajo en la Rep\u00fablica Dominicana. El\u2026","rel":"","context":"En \u00abNACIONALES\u00bb","block_context":{"text":"NACIONALES","link":"https:\/\/lasprimeras.com.do\/index.php\/category\/nacionales\/"},"img":{"alt_text":"","src":"https:\/\/i0.wp.com\/lasprimeras.com.do\/wp-content\/uploads\/2024\/03\/IMG-20240320-WA0009-scaled.jpg?resize=350%2C200&ssl=1","width":350,"height":200,"srcset":"https:\/\/i0.wp.com\/lasprimeras.com.do\/wp-content\/uploads\/2024\/03\/IMG-20240320-WA0009-scaled.jpg?resize=350%2C200&ssl=1 1x, https:\/\/i0.wp.com\/lasprimeras.com.do\/wp-content\/uploads\/2024\/03\/IMG-20240320-WA0009-scaled.jpg?resize=525%2C300&ssl=1 1.5x, https:\/\/i0.wp.com\/lasprimeras.com.do\/wp-content\/uploads\/2024\/03\/IMG-20240320-WA0009-scaled.jpg?resize=700%2C400&ssl=1 2x, https:\/\/i0.wp.com\/lasprimeras.com.do\/wp-content\/uploads\/2024\/03\/IMG-20240320-WA0009-scaled.jpg?resize=1050%2C600&ssl=1 3x, https:\/\/i0.wp.com\/lasprimeras.com.do\/wp-content\/uploads\/2024\/03\/IMG-20240320-WA0009-scaled.jpg?resize=1400%2C800&ssl=1 4x"},"classes":[]}],"jetpack_sharing_enabled":true,"_links":{"self":[{"href":"https:\/\/lasprimeras.com.do\/index.php\/wp-json\/wp\/v2\/posts\/113048","targetHints":{"allow":["GET"]}}],"collection":[{"href":"https:\/\/lasprimeras.com.do\/index.php\/wp-json\/wp\/v2\/posts"}],"about":[{"href":"https:\/\/lasprimeras.com.do\/index.php\/wp-json\/wp\/v2\/types\/post"}],"author":[{"embeddable":true,"href":"https:\/\/lasprimeras.com.do\/index.php\/wp-json\/wp\/v2\/users\/10"}],"replies":[{"embeddable":true,"href":"https:\/\/lasprimeras.com.do\/index.php\/wp-json\/wp\/v2\/comments?post=113048"}],"version-history":[{"count":1,"href":"https:\/\/lasprimeras.com.do\/index.php\/wp-json\/wp\/v2\/posts\/113048\/revisions"}],"predecessor-version":[{"id":113050,"href":"https:\/\/lasprimeras.com.do\/index.php\/wp-json\/wp\/v2\/posts\/113048\/revisions\/113050"}],"wp:featuredmedia":[{"embeddable":true,"href":"https:\/\/lasprimeras.com.do\/index.php\/wp-json\/wp\/v2\/media\/113049"}],"wp:attachment":[{"href":"https:\/\/lasprimeras.com.do\/index.php\/wp-json\/wp\/v2\/media?parent=113048"}],"wp:term":[{"taxonomy":"category","embeddable":true,"href":"https:\/\/lasprimeras.com.do\/index.php\/wp-json\/wp\/v2\/categories?post=113048"},{"taxonomy":"post_tag","embeddable":true,"href":"https:\/\/lasprimeras.com.do\/index.php\/wp-json\/wp\/v2\/tags?post=113048"}],"curies":[{"name":"wp","href":"https:\/\/api.w.org\/{rel}","templated":true}]}}