{"id":113088,"date":"2025-10-29T23:15:50","date_gmt":"2025-10-30T03:15:50","guid":{"rendered":"https:\/\/lasprimeras.com.do\/?p=113088"},"modified":"2025-10-29T23:15:52","modified_gmt":"2025-10-30T03:15:52","slug":"meta-gana-37-690-millones-de-dolares-hasta-septiembre-un-9-menos-interanual","status":"publish","type":"post","link":"https:\/\/lasprimeras.com.do\/index.php\/2025\/10\/29\/meta-gana-37-690-millones-de-dolares-hasta-septiembre-un-9-menos-interanual\/","title":{"rendered":"Meta gana 37.690 millones de d\u00f3lares hasta septiembre, un 9 % menos interanual"},"content":{"rendered":"\n<p><strong>La empresa estadounidense es propietaria de las redes sociales Whatsapp, Instagram y Facebook<\/strong><\/p>\n\n\n\n<p>Nueva York , EFE-La tecnol\u00f3gica Meta report\u00f3 este mi\u00e9rcoles un beneficio neto acumulado de 37.690 millones de d\u00f3lares entre enero y septiembre, un 9 % menos interanual, despu\u00e9s de provisionar 15.930 millones ante las posibles consecuencias del pol\u00e9mico plan fiscal del presidente de Estados Unidos, Donald Trump.<\/p>\n\n\n\n<p>La empresa estadounidense, propietaria de las redes sociales Whatsapp, Instagram y Facebook, tuvo una facturaci\u00f3n acumulada en los nueve primeros meses del ejercicio de 141.073 millones de d\u00f3lares, un 21 % m\u00e1s respecto al mismo periodo de 2024, seg\u00fan un comunicado.<\/p>\n","protected":false},"excerpt":{"rendered":"<p>La empresa estadounidense es propietaria de las redes sociales Whatsapp, Instagram y Facebook Nueva York , EFE-La tecnol\u00f3gica Meta report\u00f3 este mi\u00e9rcoles un beneficio neto acumulado de 37.690 millones de&hellip;<\/p>\n","protected":false},"author":10,"featured_media":113089,"comment_status":"open","ping_status":"open","sticky":false,"template":"","format":"standard","meta":{"content-type":"","jetpack_post_was_ever_published":false,"_jetpack_newsletter_access":"","_jetpack_dont_email_post_to_subs":false,"_jetpack_newsletter_tier_id":0,"_jetpack_memberships_contains_paywalled_content":false,"_jetpack_memberships_contains_paid_content":false,"footnotes":""},"categories":[23746],"tags":[26509,26510,223,3163,6018],"class_list":["post-113088","post","type-post","status-publish","format-standard","has-post-thumbnail","hentry","category-tecnologia","tag-37-690-millones-de-dolares","tag-9-menos-interanual","tag-gana","tag-meta","tag-septiembre"],"jetpack_featured_media_url":"https:\/\/lasprimeras.com.do\/wp-content\/uploads\/2025\/10\/META.jpg","jetpack-related-posts":[{"id":97554,"url":"https:\/\/lasprimeras.com.do\/index.php\/2025\/04\/23\/la-ue-multa-a-apple-con-500-millones-de-euros-y-a-meta-con-200-millones-en-casos-separados\/","url_meta":{"origin":113088,"position":0},"title":"La UE multa a Apple con 500 millones de euros y a Meta con 200 millones en casos separados","author":"Nelson Feliz","date":"23 de abril de 2025","format":false,"excerpt":"POR KELVIN CHAN LONDRES (AP) \u2014 Los organismos de control de la Uni\u00f3n Europea multaron a Apple y Meta con cientos de millones de euros el mi\u00e9rcoles, intensificando la aplicaci\u00f3n de las normas de competencia digital del bloque de 27 naciones. La Comisi\u00f3n Europea impuso una multa de 500 millones\u2026","rel":"","context":"En \u00abECONOM\u00cdA\u00bb","block_context":{"text":"ECONOM\u00cdA","link":"https:\/\/lasprimeras.com.do\/index.php\/category\/economia\/"},"img":{"alt_text":"","src":"https:\/\/i0.wp.com\/lasprimeras.com.do\/wp-content\/uploads\/2025\/04\/META.jpg?resize=350%2C200&ssl=1","width":350,"height":200,"srcset":"https:\/\/i0.wp.com\/lasprimeras.com.do\/wp-content\/uploads\/2025\/04\/META.jpg?resize=350%2C200&ssl=1 1x, https:\/\/i0.wp.com\/lasprimeras.com.do\/wp-content\/uploads\/2025\/04\/META.jpg?resize=525%2C300&ssl=1 1.5x, https:\/\/i0.wp.com\/lasprimeras.com.do\/wp-content\/uploads\/2025\/04\/META.jpg?resize=700%2C400&ssl=1 2x"},"classes":[]},{"id":54030,"url":"https:\/\/lasprimeras.com.do\/index.php\/2023\/07\/06\/zuckerberg-anuncia-10-millones-de-descargas-de-threads\/","url_meta":{"origin":113088,"position":1},"title":"Zuckerberg anuncia 10 millones de descargas de Threads","author":"Nelson Feliz","date":"6 de julio de 2023","format":false,"excerpt":"Diez millones de usuarios se inscribieron en la plataforma Threads, la nueva red social de Meta para competir con Twitter, en apenas siete horas, anunci\u00f3 el presidente de la casa matriz de Facebook, Mark Zuckerberg. El presidente de Meta, Mark Zuckerberg, anunci\u00f3 hoy que en las primeras siete horas tras\u2026","rel":"","context":"En \u00abSin categor\u00eda\u00bb","block_context":{"text":"Sin categor\u00eda","link":"https:\/\/lasprimeras.com.do\/index.php\/category\/sin-categoria\/"},"img":{"alt_text":"La red social Threads, de Meta","src":"https:\/\/i0.wp.com\/lasprimeras.com.do\/wp-content\/uploads\/2023\/07\/Threads.jpg?resize=350%2C200&ssl=1","width":350,"height":200,"srcset":"https:\/\/i0.wp.com\/lasprimeras.com.do\/wp-content\/uploads\/2023\/07\/Threads.jpg?resize=350%2C200&ssl=1 1x, https:\/\/i0.wp.com\/lasprimeras.com.do\/wp-content\/uploads\/2023\/07\/Threads.jpg?resize=525%2C300&ssl=1 1.5x, https:\/\/i0.wp.com\/lasprimeras.com.do\/wp-content\/uploads\/2023\/07\/Threads.jpg?resize=700%2C400&ssl=1 2x, https:\/\/i0.wp.com\/lasprimeras.com.do\/wp-content\/uploads\/2023\/07\/Threads.jpg?resize=1050%2C600&ssl=1 3x"},"classes":[]},{"id":115204,"url":"https:\/\/lasprimeras.com.do\/index.php\/2025\/11\/20\/meta-avisa-a-jovenes-australianos-que-descarguen-sus-datos-antes-de-prohibicion-de-redes-sociales\/","url_meta":{"origin":113088,"position":2},"title":"Meta avisa a j\u00f3venes australianos que descarguen sus datos antes de prohibici\u00f3n de redes sociales","author":"Nelson Feliz","date":"20 de noviembre de 2025","format":false,"excerpt":"POR ROD MCGUIRK MELBOURNE, Australia (AP) \u2014 El gigante tecnol\u00f3gico Meta comenz\u00f3 el jueves a enviar a miles de j\u00f3venes australianos un aviso de dos semanas para que descarguen sus historiales digitales y eliminen sus cuentas de Facebook, Instagram y Threads antes de la entrada en vigor del primer veto\u2026","rel":"","context":"En \u00abTECNOL\u00d3GIA\u00bb","block_context":{"text":"TECNOL\u00d3GIA","link":"https:\/\/lasprimeras.com.do\/index.php\/category\/tecnologia\/"},"img":{"alt_text":"","src":"https:\/\/i0.wp.com\/lasprimeras.com.do\/wp-content\/uploads\/2025\/11\/meta.jpg?resize=350%2C200&ssl=1","width":350,"height":200,"srcset":"https:\/\/i0.wp.com\/lasprimeras.com.do\/wp-content\/uploads\/2025\/11\/meta.jpg?resize=350%2C200&ssl=1 1x, https:\/\/i0.wp.com\/lasprimeras.com.do\/wp-content\/uploads\/2025\/11\/meta.jpg?resize=525%2C300&ssl=1 1.5x, https:\/\/i0.wp.com\/lasprimeras.com.do\/wp-content\/uploads\/2025\/11\/meta.jpg?resize=700%2C400&ssl=1 2x"},"classes":[]},{"id":115224,"url":"https:\/\/lasprimeras.com.do\/index.php\/2025\/11\/20\/ordenan-a-meta-pagar-500-millones-de-euros-en-espana\/","url_meta":{"origin":113088,"position":3},"title":"Ordenan a Meta pagar 500 millones de euros en Espa\u00f1a","author":"Nelson Feliz","date":"20 de noviembre de 2025","format":false,"excerpt":"Por Joseph Wilson BARCELONA, Espa\u00f1a (AP) \u2014 Las empresas de medios tradicionales espa\u00f1olas obtuvieron una victoria contra el gigante de las redes sociales Meta despu\u00e9s de que un tribunal con sede en Madrid ordenara el jueves que pague a los medios de comunicaci\u00f3n casi quinientos millones de euros en da\u00f1os\u2026","rel":"","context":"En \u00abINTERNACIONALES\u00bb","block_context":{"text":"INTERNACIONALES","link":"https:\/\/lasprimeras.com.do\/index.php\/category\/sin-categoria\/internacionales\/"},"img":{"alt_text":"","src":"https:\/\/i0.wp.com\/lasprimeras.com.do\/wp-content\/uploads\/2025\/11\/meta-1.jpg?resize=350%2C200&ssl=1","width":350,"height":200,"srcset":"https:\/\/i0.wp.com\/lasprimeras.com.do\/wp-content\/uploads\/2025\/11\/meta-1.jpg?resize=350%2C200&ssl=1 1x, https:\/\/i0.wp.com\/lasprimeras.com.do\/wp-content\/uploads\/2025\/11\/meta-1.jpg?resize=525%2C300&ssl=1 1.5x, https:\/\/i0.wp.com\/lasprimeras.com.do\/wp-content\/uploads\/2025\/11\/meta-1.jpg?resize=700%2C400&ssl=1 2x"},"classes":[]},{"id":124244,"url":"https:\/\/lasprimeras.com.do\/index.php\/2026\/03\/10\/dgii-recauda-rd-72096-8-millones-en-febrero-de-2026-y-supera-la-meta-presupuestaria\/","url_meta":{"origin":113088,"position":4},"title":"DGII recauda RD 72,096.8 millones en febrero de 2026 y supera la meta presupuestaria","author":"Nelson Feliz","date":"10 de marzo de 2026","format":false,"excerpt":"La Direcci\u00f3n General de Impuestos Internos (DGII) inform\u00f3 que durante el mes de febrero de 2026 logr\u00f3 una recaudaci\u00f3n total de RD 72,096.8 millones, lo que representa un incremento de RD 6,103.6 millones en comparaci\u00f3n con el mismo per\u00edodo del a\u00f1o anterior, equivalente a un crecimiento interanual de 9.2 %.\u2026","rel":"","context":"En \u00abECONOM\u00cdA\u00bb","block_context":{"text":"ECONOM\u00cdA","link":"https:\/\/lasprimeras.com.do\/index.php\/category\/economia\/"},"img":{"alt_text":"","src":"https:\/\/i0.wp.com\/lasprimeras.com.do\/wp-content\/uploads\/2025\/10\/DGII.jpg?resize=350%2C200&ssl=1","width":350,"height":200,"srcset":"https:\/\/i0.wp.com\/lasprimeras.com.do\/wp-content\/uploads\/2025\/10\/DGII.jpg?resize=350%2C200&ssl=1 1x, https:\/\/i0.wp.com\/lasprimeras.com.do\/wp-content\/uploads\/2025\/10\/DGII.jpg?resize=525%2C300&ssl=1 1.5x, https:\/\/i0.wp.com\/lasprimeras.com.do\/wp-content\/uploads\/2025\/10\/DGII.jpg?resize=700%2C400&ssl=1 2x"},"classes":[]},{"id":70076,"url":"https:\/\/lasprimeras.com.do\/index.php\/2023\/12\/08\/eeuu-tribunal-imputa-a-hijo-de-biden-9-cargos-evasion-impuestos\/","url_meta":{"origin":113088,"position":5},"title":"EEUU: Tribunal imputa a hijo de Biden 9 cargos evasi\u00f3n impuestos","author":"BIMARY DE JES\u00daS Matos","date":"8 de diciembre de 2023","format":false,"excerpt":"LOS ANGELES \u2013 Un tribunal federal de la ciudad estadounidense de Los \u00c1ngeles ha imputado nueve cargos relacionados con la evasi\u00f3n de impuestos a Hunter Biden, hijo del mandatario del pa\u00eds, Joe Biden, que se unen a otros tres delitos graves relacionados con posesi\u00f3n de armas por los que fue\u2026","rel":"","context":"En \u00abSin categor\u00eda\u00bb","block_context":{"text":"Sin categor\u00eda","link":"https:\/\/lasprimeras.com.do\/index.php\/category\/sin-categoria\/"},"img":{"alt_text":"","src":"https:\/\/i0.wp.com\/lasprimeras.com.do\/wp-content\/uploads\/2023\/12\/MP-debera-entregar-a-Gonzalo-Castillo-pruebas-que-tienen-en-su-contra-por-caso-Calamar-8-3.jpg?resize=350%2C200&ssl=1","width":350,"height":200,"srcset":"https:\/\/i0.wp.com\/lasprimeras.com.do\/wp-content\/uploads\/2023\/12\/MP-debera-entregar-a-Gonzalo-Castillo-pruebas-que-tienen-en-su-contra-por-caso-Calamar-8-3.jpg?resize=350%2C200&ssl=1 1x, https:\/\/i0.wp.com\/lasprimeras.com.do\/wp-content\/uploads\/2023\/12\/MP-debera-entregar-a-Gonzalo-Castillo-pruebas-que-tienen-en-su-contra-por-caso-Calamar-8-3.jpg?resize=525%2C300&ssl=1 1.5x"},"classes":[]}],"jetpack_sharing_enabled":true,"_links":{"self":[{"href":"https:\/\/lasprimeras.com.do\/index.php\/wp-json\/wp\/v2\/posts\/113088","targetHints":{"allow":["GET"]}}],"collection":[{"href":"https:\/\/lasprimeras.com.do\/index.php\/wp-json\/wp\/v2\/posts"}],"about":[{"href":"https:\/\/lasprimeras.com.do\/index.php\/wp-json\/wp\/v2\/types\/post"}],"author":[{"embeddable":true,"href":"https:\/\/lasprimeras.com.do\/index.php\/wp-json\/wp\/v2\/users\/10"}],"replies":[{"embeddable":true,"href":"https:\/\/lasprimeras.com.do\/index.php\/wp-json\/wp\/v2\/comments?post=113088"}],"version-history":[{"count":1,"href":"https:\/\/lasprimeras.com.do\/index.php\/wp-json\/wp\/v2\/posts\/113088\/revisions"}],"predecessor-version":[{"id":113090,"href":"https:\/\/lasprimeras.com.do\/index.php\/wp-json\/wp\/v2\/posts\/113088\/revisions\/113090"}],"wp:featuredmedia":[{"embeddable":true,"href":"https:\/\/lasprimeras.com.do\/index.php\/wp-json\/wp\/v2\/media\/113089"}],"wp:attachment":[{"href":"https:\/\/lasprimeras.com.do\/index.php\/wp-json\/wp\/v2\/media?parent=113088"}],"wp:term":[{"taxonomy":"category","embeddable":true,"href":"https:\/\/lasprimeras.com.do\/index.php\/wp-json\/wp\/v2\/categories?post=113088"},{"taxonomy":"post_tag","embeddable":true,"href":"https:\/\/lasprimeras.com.do\/index.php\/wp-json\/wp\/v2\/tags?post=113088"}],"curies":[{"name":"wp","href":"https:\/\/api.w.org\/{rel}","templated":true}]}}