{"id":113650,"date":"2025-11-04T20:56:05","date_gmt":"2025-11-05T00:56:05","guid":{"rendered":"https:\/\/lasprimeras.com.do\/?p=113650"},"modified":"2025-11-04T20:56:07","modified_gmt":"2025-11-05T00:56:07","slug":"la-app-del-intrant-promete-respuestas-en-tiempo-real-pero-tarda-seis-dias-para-responder","status":"publish","type":"post","link":"https:\/\/lasprimeras.com.do\/index.php\/2025\/11\/04\/la-app-del-intrant-promete-respuestas-en-tiempo-real-pero-tarda-seis-dias-para-responder\/","title":{"rendered":"La app del Intrant promete respuestas &#8220;en tiempo real&#8221;\u2026 pero tarda seis d\u00edas para responder"},"content":{"rendered":"\n<p>Un usuario esper\u00f3 seis d\u00edas para que su denuncia por un veh\u00edculo mal estacionado pasara a &#8220;en atenci\u00f3n&#8221;.<\/p>\n\n\n\n<p>El Instituto Nacional de Tr\u00e1nsito y Transporte Terrestre (Intrant) present\u00f3 en junio de este a\u00f1o su plataforma &#8220;Intrant Digital&#8221; y su nueva aplicaci\u00f3n m\u00f3vil Intrant RD, promocion\u00e1ndolas como herramientas modernas para agilizar servicios, mejorar la movilidad y dar respuestas r\u00e1pidas a denuncias ciudadanas.<\/p>\n\n\n\n<p>Entre las funciones anunciadas, la entidad destac\u00f3 la posibilidad de reportar anomal\u00edas viales \u2014como mal parqueo, sem\u00e1foro averiado, poca iluminaci\u00f3n en v\u00eda, obst\u00e1culos en v\u00eda, conductores impudentes, se\u00f1alizaci\u00f3n deteriorada, veh\u00edculos abandonados, v\u00edas cerradas no autorizadas y accidentes de tr\u00e1nsito\u2014 con trazabilidad prometida &#8220;en tiempo real&#8221;.<\/p>\n\n\n\n<p>Sin embargo, la experiencia de uso demuestra que la promesa tecnol\u00f3gica todav\u00eda funciona lentamente.<\/p>\n\n\n\n<p>Un usuario realiz\u00f3 el pasado 29 de octubre, dos denuncias de veh\u00edculos mal estacionados con el sue\u00f1o de que las autoridades responder\u00edan con agilidad. \u00a1Vaya sorpresa! No fue hasta el 4 de noviembre de 2025, seis d\u00edas despu\u00e9s, cuando el sistema cambi\u00f3 su estado a &#8220;En atenci\u00f3n&#8221; y recibi\u00f3 un correo autom\u00e1tico informando la actualizaci\u00f3n.<\/p>\n\n\n\n<p>Otro reporte, registrado con el c\u00f3digo RMP2500823, fue denunciado el 29 de octubre, pero tambi\u00e9n cambi\u00f3 su estado a &#8220;En atenci\u00f3n&#8221; el 4 de noviembre, enviando el mismo mensaje por correo: &#8220;Gracias por ayudarnos a prestar un mejor servicio&#8221;.<\/p>\n\n\n\n<p>El lanzamiento de Intrant Digital vino acompa\u00f1ado de grandes declaraciones:con &#8220;Intrant Digital&#8221; los ciudadanos podr\u00e1n acceder a una plataforma que centraliza y agiliza servicios como la emisi\u00f3n de licencias (carnet de aprendizaje, renovaciones, duplicados, cambios de categor\u00eda y m\u00e1s), permisos de vialidad para eventos, ocupaci\u00f3n de v\u00eda y actividades especiales, as\u00ed como la certificaci\u00f3n en charlas y cursos.<\/p>\n\n\n\n<p>Pero mientras la instituci\u00f3n celebra la digitalizaci\u00f3n, la experiencia del usuario refleja otra realidad: el ciudadano denuncia hoy y recibe confirmaci\u00f3n d\u00edas despu\u00e9s.<\/p>\n\n\n\n<p>El objetivo principal de la app es descongestionar las calles, mejorar la movilidad y permitir a los ciudadanos reportar infracciones. Si el aviso llega seis d\u00edas m\u00e1s tarde, el veh\u00edculo ya se fue, la falta qued\u00f3 impune y la utilidad p\u00fablica se debilita.<\/p>\n\n\n\n<p>En lugar de convertirse en un canal r\u00e1pido, la herramienta parece haber creado una nueva ventanilla digital con tiempos similares a los procesos tradicionales.<\/p>\n","protected":false},"excerpt":{"rendered":"<p>Un usuario esper\u00f3 seis d\u00edas para que su denuncia por un veh\u00edculo mal estacionado pasara a &#8220;en atenci\u00f3n&#8221;. El Instituto Nacional de Tr\u00e1nsito y Transporte Terrestre (Intrant) present\u00f3 en junio&hellip;<\/p>\n","protected":false},"author":10,"featured_media":113651,"comment_status":"open","ping_status":"open","sticky":false,"template":"","format":"standard","meta":{"content-type":"","jetpack_post_was_ever_published":false,"_jetpack_newsletter_access":"","_jetpack_dont_email_post_to_subs":false,"_jetpack_newsletter_tier_id":0,"_jetpack_memberships_contains_paywalled_content":false,"_jetpack_memberships_contains_paid_content":false,"footnotes":""},"categories":[23746],"tags":[26765],"class_list":["post-113650","post","type-post","status-publish","format-standard","has-post-thumbnail","hentry","category-tecnologia","tag-app-del-intrant"],"jetpack_featured_media_url":"https:\/\/lasprimeras.com.do\/wp-content\/uploads\/2025\/11\/intrant.jpg","jetpack-related-posts":[{"id":100778,"url":"https:\/\/lasprimeras.com.do\/index.php\/2025\/06\/11\/intrant-digitaliza-servicios-y-relanza-plataforma-para-conocer-datos-accidentes-en-rd\/","url_meta":{"origin":113650,"position":0},"title":"INTRANT digitaliza servicios y relanza plataforma para conocer datos accidentes en RD","author":"Nelson Feliz","date":"11 de junio de 2025","format":false,"excerpt":"\u00a0Los ciudadanos ahora pueden acceder a servicios en l\u00ednea y consultar estad\u00edsticas de accidentes en tiempo real desde una sola plataforma\u00a0El Instituto Nacional de Tr\u00e1nsito y Transporte Terrestre (Intrant) puso en marcha el \u201cINTRANT Digital\u201d, que moderniza 39 servicios de pago y optimiza 12 procesos internos, y el relanzamiento del\u2026","rel":"","context":"En \u00abNACIONALES\u00bb","block_context":{"text":"NACIONALES","link":"https:\/\/lasprimeras.com.do\/index.php\/category\/nacionales\/"},"img":{"alt_text":"","src":"https:\/\/i0.wp.com\/lasprimeras.com.do\/wp-content\/uploads\/2025\/06\/intrant-2.jpg?resize=350%2C200&ssl=1","width":350,"height":200,"srcset":"https:\/\/i0.wp.com\/lasprimeras.com.do\/wp-content\/uploads\/2025\/06\/intrant-2.jpg?resize=350%2C200&ssl=1 1x, https:\/\/i0.wp.com\/lasprimeras.com.do\/wp-content\/uploads\/2025\/06\/intrant-2.jpg?resize=525%2C300&ssl=1 1.5x, https:\/\/i0.wp.com\/lasprimeras.com.do\/wp-content\/uploads\/2025\/06\/intrant-2.jpg?resize=700%2C400&ssl=1 2x"},"classes":[]},{"id":103111,"url":"https:\/\/lasprimeras.com.do\/index.php\/2025\/07\/11\/digesett-e-intrant-estrenan-carril-en-la-ortega-y-gasset-para-mejorar-la-movilidad\/","url_meta":{"origin":113650,"position":1},"title":"DIGESETT e INTRANT estrenan carril en la Ortega y Gasset para mejorar la movilidad","author":"Nelson Feliz","date":"11 de julio de 2025","format":false,"excerpt":"Tramo intervenido: Entre la avenida Gustavo Mej\u00eda Ricart y la calle Padre Fantino Falco. La Direcci\u00f3n General de Seguridad de Tr\u00e1nsito y Transporte Terrestre (DIGESETT), en coordinaci\u00f3n con el Instituto Nacional de Tr\u00e1nsito y Transporte Terrestre (INTRANT), estren\u00f3 un nuevo en el tramo comprendido entre la avenida Gustavo Mej\u00eda Ricart\u2026","rel":"","context":"En \u00abNACIONALES\u00bb","block_context":{"text":"NACIONALES","link":"https:\/\/lasprimeras.com.do\/index.php\/category\/nacionales\/"},"img":{"alt_text":"","src":"https:\/\/i0.wp.com\/lasprimeras.com.do\/wp-content\/uploads\/2025\/07\/carril.jpg?resize=350%2C200&ssl=1","width":350,"height":200,"srcset":"https:\/\/i0.wp.com\/lasprimeras.com.do\/wp-content\/uploads\/2025\/07\/carril.jpg?resize=350%2C200&ssl=1 1x, https:\/\/i0.wp.com\/lasprimeras.com.do\/wp-content\/uploads\/2025\/07\/carril.jpg?resize=525%2C300&ssl=1 1.5x, https:\/\/i0.wp.com\/lasprimeras.com.do\/wp-content\/uploads\/2025\/07\/carril.jpg?resize=700%2C400&ssl=1 2x"},"classes":[]},{"id":116849,"url":"https:\/\/lasprimeras.com.do\/index.php\/2025\/12\/04\/tecnicos-del-intrant-recibiran-asesoria-y-formacion-especializada-del-centro-de-control-de-trafico-de-nueva-york\/","url_meta":{"origin":113650,"position":2},"title":"T\u00e9cnicos del INTRANT recibir\u00e1n asesor\u00eda y formaci\u00f3n especializada del Centro de Control de Tr\u00e1fico de Nueva York","author":"Nelson Feliz","date":"4 de diciembre de 2025","format":false,"excerpt":"El comisionado Ydanis Rodr\u00edguez y el director ejecutivo del INTRANT, Milton Morrison, realizaron una visita oficial al Centro de Control de Tr\u00e1fico en Queens como parte del fortalecimiento de la cooperaci\u00f3n t\u00e9cnica entre la Rep\u00fablica Dominicana y la Ciudad de Nueva York. Nueva York. \u2013 T\u00e9cnicos del Instituto Nacional de\u2026","rel":"","context":"En \u00abNACIONALES\u00bb","block_context":{"text":"NACIONALES","link":"https:\/\/lasprimeras.com.do\/index.php\/category\/nacionales\/"},"img":{"alt_text":"","src":"https:\/\/i0.wp.com\/lasprimeras.com.do\/wp-content\/uploads\/2025\/12\/INTRANT.jpg?resize=350%2C200&ssl=1","width":350,"height":200,"srcset":"https:\/\/i0.wp.com\/lasprimeras.com.do\/wp-content\/uploads\/2025\/12\/INTRANT.jpg?resize=350%2C200&ssl=1 1x, https:\/\/i0.wp.com\/lasprimeras.com.do\/wp-content\/uploads\/2025\/12\/INTRANT.jpg?resize=525%2C300&ssl=1 1.5x, https:\/\/i0.wp.com\/lasprimeras.com.do\/wp-content\/uploads\/2025\/12\/INTRANT.jpg?resize=700%2C400&ssl=1 2x"},"classes":[]},{"id":117366,"url":"https:\/\/lasprimeras.com.do\/index.php\/2025\/12\/09\/20-accidentes-graves-y-11-fallecidos-en-tres-anos-motivaron-intervencion-del-intrant-en-el-malecon-para-salvar-vidas\/","url_meta":{"origin":113650,"position":3},"title":"20 accidentes graves y 11 fallecidos en tres a\u00f1os motivaron intervenci\u00f3n del INTRANT en el Malec\u00f3n para salvar vidas","author":"Nelson Feliz","date":"9 de diciembre de 2025","format":false,"excerpt":"La instituci\u00f3n explica que las obras responden a la alta siniestralidad vial, ante denuncias sobre un bad\u00e9n instalado en la v\u00eda. Ante las denuncias publicadas en redes sociales en relaci\u00f3n con la construcci\u00f3n de un bad\u00e9n en el Malec\u00f3n de Santo Domingo, el Instituto Nacional de Tr\u00e1nsito y Transporte Terrestre\u2026","rel":"","context":"En \u00abNACIONALES\u00bb","block_context":{"text":"NACIONALES","link":"https:\/\/lasprimeras.com.do\/index.php\/category\/nacionales\/"},"img":{"alt_text":"INTRANT","src":"https:\/\/i0.wp.com\/lasprimeras.com.do\/wp-content\/uploads\/2025\/12\/malecon.jpg?resize=350%2C200&ssl=1","width":350,"height":200,"srcset":"https:\/\/i0.wp.com\/lasprimeras.com.do\/wp-content\/uploads\/2025\/12\/malecon.jpg?resize=350%2C200&ssl=1 1x, https:\/\/i0.wp.com\/lasprimeras.com.do\/wp-content\/uploads\/2025\/12\/malecon.jpg?resize=525%2C300&ssl=1 1.5x, https:\/\/i0.wp.com\/lasprimeras.com.do\/wp-content\/uploads\/2025\/12\/malecon.jpg?resize=700%2C400&ssl=1 2x"},"classes":[]},{"id":128066,"url":"https:\/\/lasprimeras.com.do\/index.php\/2026\/04\/19\/digesett-e-intrant-realizan-operativos-de-vehiculos-pesados-por-circular-en-carril-izquierdo\/","url_meta":{"origin":113650,"position":4},"title":"DIGESETT e INTRANT realizan operativos de veh\u00edculos pesados por circular en carril izquierdo","author":"Nelson Feliz","date":"19 de abril de 2026","format":false,"excerpt":"Un total de 213 veh\u00edculos pesados fueron fiscalizados esta semana por incumplir dicha disposici\u00f3n La Direcci\u00f3n General de Seguridad de Tr\u00e1nsito y Transporte Terrestre (DIGESETT), en coordinaci\u00f3n con el Instituto Nacional de Tr\u00e1nsito y Transporte Terrestre (INTRANT), se mantiene realizando operativos de fiscalizaci\u00f3n dirigido a veh\u00edculos pesados y de carga\u2026","rel":"","context":"En \u00abNACIONALES\u00bb","block_context":{"text":"NACIONALES","link":"https:\/\/lasprimeras.com.do\/index.php\/category\/nacionales\/"},"img":{"alt_text":"","src":"https:\/\/i0.wp.com\/lasprimeras.com.do\/wp-content\/uploads\/2026\/04\/VPC2.jpg?resize=350%2C200&ssl=1","width":350,"height":200,"srcset":"https:\/\/i0.wp.com\/lasprimeras.com.do\/wp-content\/uploads\/2026\/04\/VPC2.jpg?resize=350%2C200&ssl=1 1x, https:\/\/i0.wp.com\/lasprimeras.com.do\/wp-content\/uploads\/2026\/04\/VPC2.jpg?resize=525%2C300&ssl=1 1.5x, https:\/\/i0.wp.com\/lasprimeras.com.do\/wp-content\/uploads\/2026\/04\/VPC2.jpg?resize=700%2C400&ssl=1 2x"},"classes":[]},{"id":115019,"url":"https:\/\/lasprimeras.com.do\/index.php\/2025\/11\/18\/intrant-convertira-el-malecon-en-una-ruta-familiar-y-turistica\/","url_meta":{"origin":113650,"position":5},"title":"INTRANT convertir\u00e1 el malec\u00f3n en una ruta familiar y tur\u00edstica","author":"Nelson Feliz","date":"18 de noviembre de 2025","format":false,"excerpt":"La intervenci\u00f3n cuenta con el apoyo del Cl\u00faster Tur\u00edstico y la Asociaci\u00f3n de Hoteles de la ciudad, en un esfuerzo orientado a reducir riesgos y salvar vidas. En el marco de la 8va. Semana Nacional de la Seguridad Vial, el Instituto Nacional de Tr\u00e1nsito y Transporte Terrestre (INTRANT) present\u00f3 el\u2026","rel":"","context":"En \u00abNACIONALES\u00bb","block_context":{"text":"NACIONALES","link":"https:\/\/lasprimeras.com.do\/index.php\/category\/nacionales\/"},"img":{"alt_text":"","src":"https:\/\/i0.wp.com\/lasprimeras.com.do\/wp-content\/uploads\/2025\/11\/Milton-Morrison-1-1.jpg?resize=350%2C200&ssl=1","width":350,"height":200,"srcset":"https:\/\/i0.wp.com\/lasprimeras.com.do\/wp-content\/uploads\/2025\/11\/Milton-Morrison-1-1.jpg?resize=350%2C200&ssl=1 1x, https:\/\/i0.wp.com\/lasprimeras.com.do\/wp-content\/uploads\/2025\/11\/Milton-Morrison-1-1.jpg?resize=525%2C300&ssl=1 1.5x, https:\/\/i0.wp.com\/lasprimeras.com.do\/wp-content\/uploads\/2025\/11\/Milton-Morrison-1-1.jpg?resize=700%2C400&ssl=1 2x, https:\/\/i0.wp.com\/lasprimeras.com.do\/wp-content\/uploads\/2025\/11\/Milton-Morrison-1-1.jpg?resize=1050%2C600&ssl=1 3x"},"classes":[]}],"jetpack_sharing_enabled":true,"_links":{"self":[{"href":"https:\/\/lasprimeras.com.do\/index.php\/wp-json\/wp\/v2\/posts\/113650","targetHints":{"allow":["GET"]}}],"collection":[{"href":"https:\/\/lasprimeras.com.do\/index.php\/wp-json\/wp\/v2\/posts"}],"about":[{"href":"https:\/\/lasprimeras.com.do\/index.php\/wp-json\/wp\/v2\/types\/post"}],"author":[{"embeddable":true,"href":"https:\/\/lasprimeras.com.do\/index.php\/wp-json\/wp\/v2\/users\/10"}],"replies":[{"embeddable":true,"href":"https:\/\/lasprimeras.com.do\/index.php\/wp-json\/wp\/v2\/comments?post=113650"}],"version-history":[{"count":1,"href":"https:\/\/lasprimeras.com.do\/index.php\/wp-json\/wp\/v2\/posts\/113650\/revisions"}],"predecessor-version":[{"id":113652,"href":"https:\/\/lasprimeras.com.do\/index.php\/wp-json\/wp\/v2\/posts\/113650\/revisions\/113652"}],"wp:featuredmedia":[{"embeddable":true,"href":"https:\/\/lasprimeras.com.do\/index.php\/wp-json\/wp\/v2\/media\/113651"}],"wp:attachment":[{"href":"https:\/\/lasprimeras.com.do\/index.php\/wp-json\/wp\/v2\/media?parent=113650"}],"wp:term":[{"taxonomy":"category","embeddable":true,"href":"https:\/\/lasprimeras.com.do\/index.php\/wp-json\/wp\/v2\/categories?post=113650"},{"taxonomy":"post_tag","embeddable":true,"href":"https:\/\/lasprimeras.com.do\/index.php\/wp-json\/wp\/v2\/tags?post=113650"}],"curies":[{"name":"wp","href":"https:\/\/api.w.org\/{rel}","templated":true}]}}