{"id":114023,"date":"2025-11-09T21:18:17","date_gmt":"2025-11-10T01:18:17","guid":{"rendered":"https:\/\/lasprimeras.com.do\/?p=114023"},"modified":"2025-11-09T21:18:19","modified_gmt":"2025-11-10T01:18:19","slug":"gat-expo-2025-la-gran-cita-del-gaming-llega-a-santo-domingo","status":"publish","type":"post","link":"https:\/\/lasprimeras.com.do\/index.php\/2025\/11\/09\/gat-expo-2025-la-gran-cita-del-gaming-llega-a-santo-domingo\/","title":{"rendered":"GAT Expo 2025 la gran cita del gaming llega a Santo Domingo"},"content":{"rendered":"\n<p>GAT Expo Rep\u00fablica Dominicana 2025 se celebrar\u00e1 los d\u00edas 12 y 13 de noviembre en el Hotel Jaragua, convirtiendo a Santo Domingo en el punto de encuentro de los principales representantes del sector de juegos de azar, apuestas, tecnolog\u00eda y regulaci\u00f3n en la regi\u00f3n.<\/p>\n\n\n\n<p>Este evento promete fortalecer el desarrollo y la profesionalizaci\u00f3n de la industria del gaming en el Caribe.<\/p>\n\n\n\n<p>Organizada por GAT Gaming &amp; Technology Expo, la feria se consolida como una de las m\u00e1s importantes plataformas de negocios y conocimiento de Am\u00e9rica Latina, impulsando la innovaci\u00f3n, el cumplimiento normativo y las oportunidades de crecimiento del sector.<\/p>\n\n\n\n<p>El CEO de GAT Expo, Jos\u00e9 An\u00edbal Aguirre, destac\u00f3 que la elecci\u00f3n de Santo Domingo como sede \u201crepresenta un paso estrat\u00e9gico para acercar el ecosistema de gaming a un mercado en plena evoluci\u00f3n, con un entorno regulatorio cada vez m\u00e1s s\u00f3lido y moderno\u201d.<\/p>\n\n\n\n<p>Asimismo, Yamile Guti\u00e9rrez, representante de GAT Expo en Rep\u00fablica Dominicana, expres\u00f3 que esta edici\u00f3n \u201cabre un espacio clave para el di\u00e1logo entre reguladores, empresarios y expertos, fortaleciendo la visi\u00f3n de un sector transparente, innovador y sostenible\u201d.<\/p>\n\n\n\n<p>La GAT Expo Rep\u00fablica Dominicana 2025 incluir\u00e1 conferencias, paneles especializados y una zona de exhibici\u00f3n con las principales marcas y desarrolladores de la industria, creando un ambiente ideal para el networking, la actualizaci\u00f3n y las alianzas estrat\u00e9gicas.<\/p>\n","protected":false},"excerpt":{"rendered":"<p>GAT Expo Rep\u00fablica Dominicana 2025 se celebrar\u00e1 los d\u00edas 12 y 13 de noviembre en el Hotel Jaragua, convirtiendo a Santo Domingo en el punto de encuentro de los principales&hellip;<\/p>\n","protected":false},"author":10,"featured_media":114024,"comment_status":"open","ping_status":"open","sticky":false,"template":"","format":"standard","meta":{"content-type":"","jetpack_post_was_ever_published":false,"_jetpack_newsletter_access":"","_jetpack_dont_email_post_to_subs":false,"_jetpack_newsletter_tier_id":0,"_jetpack_memberships_contains_paywalled_content":false,"_jetpack_memberships_contains_paid_content":false,"footnotes":""},"categories":[23746],"tags":[26255,26920,26919,26921,14766,806,1275],"class_list":["post-114023","post","type-post","status-publish","format-standard","has-post-thumbnail","hentry","category-tecnologia","tag-apuestas","tag-gaming","tag-gat-expo-2025","tag-gran-cita","tag-juegos-de-azar","tag-santo-domingo","tag-tecnologia"],"jetpack_featured_media_url":"https:\/\/lasprimeras.com.do\/wp-content\/uploads\/2025\/11\/GAT-Gaming-Technology-Expo.jpg","jetpack-related-posts":[{"id":89114,"url":"https:\/\/lasprimeras.com.do\/index.php\/2024\/09\/18\/empresaria-circe-almanzar-plantea-la-urgencia-de-regular-juegos-de-azar-en-linea-en-rd\/","url_meta":{"origin":114023,"position":0},"title":"Empresaria Circe Alm\u00e1nzar plantea la urgencia de regular juegos de azar en l\u00ednea en RD","author":"Nelson Feliz","date":"18 de septiembre de 2024","format":false,"excerpt":"En el evento que se celebra hoy y ma\u00f1ana en Santo Domingo, la consultora empresarial destaca los retos y oportunidades tendr\u00eda el pa\u00eds. La l\u00edder empresarial Circe Alm\u00e1nzar abog\u00f3 este mi\u00e9rcoles por una regulaci\u00f3n efectiva de los juegos de azar en l\u00ednea en la Rep\u00fablica Dominicana, durante la jornada inaugural\u2026","rel":"","context":"En \u00abECONOM\u00cdA\u00bb","block_context":{"text":"ECONOM\u00cdA","link":"https:\/\/lasprimeras.com.do\/index.php\/category\/economia\/"},"img":{"alt_text":"Circe Alm\u00e1nzar","src":"https:\/\/i0.wp.com\/lasprimeras.com.do\/wp-content\/uploads\/2024\/09\/Circe-Almanzar.jpg?resize=350%2C200&ssl=1","width":350,"height":200,"srcset":"https:\/\/i0.wp.com\/lasprimeras.com.do\/wp-content\/uploads\/2024\/09\/Circe-Almanzar.jpg?resize=350%2C200&ssl=1 1x, https:\/\/i0.wp.com\/lasprimeras.com.do\/wp-content\/uploads\/2024\/09\/Circe-Almanzar.jpg?resize=525%2C300&ssl=1 1.5x, https:\/\/i0.wp.com\/lasprimeras.com.do\/wp-content\/uploads\/2024\/09\/Circe-Almanzar.jpg?resize=700%2C400&ssl=1 2x"},"classes":[]},{"id":107457,"url":"https:\/\/lasprimeras.com.do\/index.php\/2025\/08\/27\/prodominicana-celebra-el-dia-nacional-de-la-republica-dominicana-en-expo-osaka-2025\/","url_meta":{"origin":114023,"position":1},"title":"ProDominicana celebra el D\u00eda Nacional de la Rep\u00fablica Dominicana en Expo Osaka 2025","author":"Nelson Feliz","date":"27 de agosto de 2025","format":false,"excerpt":"Osaka, Jap\u00f3n.\u2013 La directora ejecutiva del Centro de Exportaci\u00f3n e Inversi\u00f3n de la Rep\u00fablica Dominicana (ProDominicana), Biviana Riveiro, particip\u00f3 el D\u00eda Nacional de la Rep\u00fablica Dominicana en Expo Osaka 2025, como parte de la misi\u00f3n a Asia, reafirmando el compromiso de posicionar al pa\u00eds como destino estrat\u00e9gico para la inversi\u00f3n\u2026","rel":"","context":"En \u00abECONOM\u00cdA\u00bb","block_context":{"text":"ECONOM\u00cdA","link":"https:\/\/lasprimeras.com.do\/index.php\/category\/economia\/"},"img":{"alt_text":"","src":"https:\/\/i0.wp.com\/lasprimeras.com.do\/wp-content\/uploads\/2025\/08\/Dia-Nacional-Dominicano-en-Osaka.jpg?resize=350%2C200&ssl=1","width":350,"height":200,"srcset":"https:\/\/i0.wp.com\/lasprimeras.com.do\/wp-content\/uploads\/2025\/08\/Dia-Nacional-Dominicano-en-Osaka.jpg?resize=350%2C200&ssl=1 1x, https:\/\/i0.wp.com\/lasprimeras.com.do\/wp-content\/uploads\/2025\/08\/Dia-Nacional-Dominicano-en-Osaka.jpg?resize=525%2C300&ssl=1 1.5x, https:\/\/i0.wp.com\/lasprimeras.com.do\/wp-content\/uploads\/2025\/08\/Dia-Nacional-Dominicano-en-Osaka.jpg?resize=700%2C400&ssl=1 2x"},"classes":[]},{"id":113610,"url":"https:\/\/lasprimeras.com.do\/index.php\/2025\/11\/04\/codopyme-anuncia-la-expo-feria-2025-luis-abinader-sera-invitado-de-honor\/","url_meta":{"origin":114023,"position":2},"title":"CODOPYME anuncia la Expo Feria 2025; Luis Abinader ser\u00e1 invitado de honor","author":"Nelson Feliz","date":"4 de noviembre de 2025","format":false,"excerpt":"El evento se realizar\u00e1 del 26 al 28 de noviembre en el Hotel Dominican Fiesta y reunir\u00e1 a m\u00e1s de 200 expositores, autoridades y l\u00edderes del sector MIPYMES. La Confederaci\u00f3n Dominicana de Micro, Peque\u00f1a y Mediana Empresa (CODOPYME) anunci\u00f3 la celebraci\u00f3n de la Expo Feria CODOPYME 2025, que tendr\u00e1 lugar\u2026","rel":"","context":"En \u00abECONOM\u00cdA\u00bb","block_context":{"text":"ECONOM\u00cdA","link":"https:\/\/lasprimeras.com.do\/index.php\/category\/economia\/"},"img":{"alt_text":"","src":"https:\/\/i0.wp.com\/lasprimeras.com.do\/wp-content\/uploads\/2025\/11\/Fernando-Pinales-presidente-de-CODOPYME.jpg?resize=350%2C200&ssl=1","width":350,"height":200,"srcset":"https:\/\/i0.wp.com\/lasprimeras.com.do\/wp-content\/uploads\/2025\/11\/Fernando-Pinales-presidente-de-CODOPYME.jpg?resize=350%2C200&ssl=1 1x, https:\/\/i0.wp.com\/lasprimeras.com.do\/wp-content\/uploads\/2025\/11\/Fernando-Pinales-presidente-de-CODOPYME.jpg?resize=525%2C300&ssl=1 1.5x, https:\/\/i0.wp.com\/lasprimeras.com.do\/wp-content\/uploads\/2025\/11\/Fernando-Pinales-presidente-de-CODOPYME.jpg?resize=700%2C400&ssl=1 2x"},"classes":[]},{"id":103589,"url":"https:\/\/lasprimeras.com.do\/index.php\/2025\/07\/16\/asomaprom-rechazan-reforma-laboral-sin-consenso-anuncian-la-33-a-edicion-de-la-feria-expo-moca-2025\/","url_meta":{"origin":114023,"position":3},"title":"Asomaprom rechazan reforma laboral sin consenso; anuncian la 33.\u00aa edici\u00f3n de la feria Expo Moca 2025","author":"Nelson Feliz","date":"16 de julio de 2025","format":false,"excerpt":"Al anunciar la 33.\u00aa edici\u00f3n de la feria Expo Moca 2025, el presidente de la Asociaci\u00f3n de Mayoristas en Provisiones de Moca (Asomaprom), Ysmael Rodr\u00edguez, llamo este mi\u00e9rcoles a todos los sectores involucrados a consensuar el proyecto de reforma laboral, al considerar que el aprobado en primera lectura en el\u2026","rel":"","context":"En \u00abECONOM\u00cdA\u00bb","block_context":{"text":"ECONOM\u00cdA","link":"https:\/\/lasprimeras.com.do\/index.php\/category\/economia\/"},"img":{"alt_text":"","src":"https:\/\/i0.wp.com\/lasprimeras.com.do\/wp-content\/uploads\/2025\/07\/Asomaprom-1.jpg?resize=350%2C200&ssl=1","width":350,"height":200,"srcset":"https:\/\/i0.wp.com\/lasprimeras.com.do\/wp-content\/uploads\/2025\/07\/Asomaprom-1.jpg?resize=350%2C200&ssl=1 1x, https:\/\/i0.wp.com\/lasprimeras.com.do\/wp-content\/uploads\/2025\/07\/Asomaprom-1.jpg?resize=525%2C300&ssl=1 1.5x, https:\/\/i0.wp.com\/lasprimeras.com.do\/wp-content\/uploads\/2025\/07\/Asomaprom-1.jpg?resize=700%2C400&ssl=1 2x"},"classes":[]},{"id":49469,"url":"https:\/\/lasprimeras.com.do\/index.php\/2023\/05\/11\/consejo-del-comercio-en-provisiones-anuncia-su-feria-expo-provisiones-2023\/","url_meta":{"origin":114023,"position":4},"title":"Consejo del Comercio en Provisiones anuncia su feria &#8220;Expo Provisiones 2023&#8221;","author":"prenxa100","date":"11 de mayo de 2023","format":false,"excerpt":"Bajo el tema : \u201cAportando valor junto a las Industrias y MiPymes\". Santo Domingo.-. El Consejo Nacional del Comercio en Provisiones (CNCP) anunci\u00f3 su feria Expo Provisiones 2023, a celebrarse desde el jueves 01 al domingo 4 de junio, de 10:00 a .m a 10:00 p .m en el Sal\u00f3n\u2026","rel":"","context":"En \u00abECONOM\u00cdA\u00bb","block_context":{"text":"ECONOM\u00cdA","link":"https:\/\/lasprimeras.com.do\/index.php\/category\/economia\/"},"img":{"alt_text":"","src":"","width":0,"height":0},"classes":[]},{"id":111192,"url":"https:\/\/lasprimeras.com.do\/index.php\/2025\/10\/06\/raquel-pena-apoya-emprendedores-locales-y-marcas-nacionales-en-la-feria-expo-cibao-2025\/","url_meta":{"origin":114023,"position":5},"title":"Raquel Pe\u00f1a apoya emprendedores locales y marcas nacionales en la feria Expo Cibao 2025","author":"Nelson Feliz","date":"6 de octubre de 2025","format":false,"excerpt":"La vicepresidenta reafirm\u00f3 el respaldo del Gobierno al dinamismo econ\u00f3mico del Cibao y destac\u00f3 la fuerza productiva de la regi\u00f3n como orgullo nacional. La vicepresidenta de la Rep\u00fablica, Raquel Pe\u00f1a, recorri\u00f3 la Expo Cibao 2025 en apoyo a los peque\u00f1os, medianos y grandes empresarios que exhiben sus productos, innovaciones y\u2026","rel":"","context":"En \u00abECONOM\u00cdA\u00bb","block_context":{"text":"ECONOM\u00cdA","link":"https:\/\/lasprimeras.com.do\/index.php\/category\/economia\/"},"img":{"alt_text":"","src":"https:\/\/i0.wp.com\/lasprimeras.com.do\/wp-content\/uploads\/2025\/10\/Raquel-Pena-2.jpg?resize=350%2C200&ssl=1","width":350,"height":200,"srcset":"https:\/\/i0.wp.com\/lasprimeras.com.do\/wp-content\/uploads\/2025\/10\/Raquel-Pena-2.jpg?resize=350%2C200&ssl=1 1x, https:\/\/i0.wp.com\/lasprimeras.com.do\/wp-content\/uploads\/2025\/10\/Raquel-Pena-2.jpg?resize=525%2C300&ssl=1 1.5x, https:\/\/i0.wp.com\/lasprimeras.com.do\/wp-content\/uploads\/2025\/10\/Raquel-Pena-2.jpg?resize=700%2C400&ssl=1 2x"},"classes":[]}],"jetpack_sharing_enabled":true,"_links":{"self":[{"href":"https:\/\/lasprimeras.com.do\/index.php\/wp-json\/wp\/v2\/posts\/114023","targetHints":{"allow":["GET"]}}],"collection":[{"href":"https:\/\/lasprimeras.com.do\/index.php\/wp-json\/wp\/v2\/posts"}],"about":[{"href":"https:\/\/lasprimeras.com.do\/index.php\/wp-json\/wp\/v2\/types\/post"}],"author":[{"embeddable":true,"href":"https:\/\/lasprimeras.com.do\/index.php\/wp-json\/wp\/v2\/users\/10"}],"replies":[{"embeddable":true,"href":"https:\/\/lasprimeras.com.do\/index.php\/wp-json\/wp\/v2\/comments?post=114023"}],"version-history":[{"count":1,"href":"https:\/\/lasprimeras.com.do\/index.php\/wp-json\/wp\/v2\/posts\/114023\/revisions"}],"predecessor-version":[{"id":114025,"href":"https:\/\/lasprimeras.com.do\/index.php\/wp-json\/wp\/v2\/posts\/114023\/revisions\/114025"}],"wp:featuredmedia":[{"embeddable":true,"href":"https:\/\/lasprimeras.com.do\/index.php\/wp-json\/wp\/v2\/media\/114024"}],"wp:attachment":[{"href":"https:\/\/lasprimeras.com.do\/index.php\/wp-json\/wp\/v2\/media?parent=114023"}],"wp:term":[{"taxonomy":"category","embeddable":true,"href":"https:\/\/lasprimeras.com.do\/index.php\/wp-json\/wp\/v2\/categories?post=114023"},{"taxonomy":"post_tag","embeddable":true,"href":"https:\/\/lasprimeras.com.do\/index.php\/wp-json\/wp\/v2\/tags?post=114023"}],"curies":[{"name":"wp","href":"https:\/\/api.w.org\/{rel}","templated":true}]}}