{"id":114373,"date":"2025-11-13T08:28:20","date_gmt":"2025-11-13T12:28:20","guid":{"rendered":"https:\/\/lasprimeras.com.do\/?p=114373"},"modified":"2025-11-13T08:28:22","modified_gmt":"2025-11-13T12:28:22","slug":"rapero-malasio-namewee-en-libertad-bajo-fianza-en-pesquisa-por-asesinato-de-influencer-taiwanesa","status":"publish","type":"post","link":"https:\/\/lasprimeras.com.do\/index.php\/2025\/11\/13\/rapero-malasio-namewee-en-libertad-bajo-fianza-en-pesquisa-por-asesinato-de-influencer-taiwanesa\/","title":{"rendered":"Rapero malasio Namewee, en libertad bajo fianza en pesquisa por asesinato de influencer taiwanesa"},"content":{"rendered":"\n<p>KUALA LUMPUR, Malasia (AP) \u2014 El popular rapero y cineasta chino-malayo Wee Meng Chee qued\u00f3 libre bajo fianza policial el jueves despu\u00e9s de pasar una semana detenido para colaborar en la investigaci\u00f3n del asesinato de una influencer taiwanesa de redes sociales.<\/p>\n\n\n\n<p>El rapero, de 42 a\u00f1os y conocido popularmente como Namewee, debe presentarse de nuevo ante la polic\u00eda el 26 de noviembre, dijo su abogado, Joshua Tay.<\/p>\n\n\n\n<p>La polic\u00eda se\u00f1al\u00f3 que Wee fue la \u00faltima persona vista con Hsieh Yu-hsin, una influencer taiwanesa que fue encontrada muerta en la ba\u00f1era de un hotel en Kuala Lumpur el 22 de octubre. La semana pasada, la polic\u00eda reclasific\u00f3 su muerte como asesinato.<\/p>\n\n\n\n<p>Hsieh, de 31 a\u00f1os, ten\u00eda medio mill\u00f3n de seguidores en Instagram y tambi\u00e9n operaba una cuenta de OnlyFans.<\/p>\n\n\n\n<p>Wee se entreg\u00f3 el mi\u00e9rcoles pasado. En el pasado hab\u00eda sido acusado de posesi\u00f3n y consumo de drogas, acusaciones que \u00e9l niega.<\/p>\n\n\n\n<p>El jefe de la polic\u00eda de Kuala Lumpur, Fadil Marsus, explic\u00f3 en un comunicado que la polic\u00eda estaba esperando el informe de la autopsia sobre la causa de la muerte de Hsieh.<\/p>\n\n\n\n<p>Una vez que est\u00e9 disponible, indic\u00f3 que presentar\u00e1n los resultados de su investigaci\u00f3n a la fiscal\u00eda general para que se tomen las medidas oportunas.<\/p>\n\n\n\n<p>Fadil declar\u00f3 a la prensa local que Wee y Hsieh ten\u00edan una \u201crelaci\u00f3n especial\u201d y eran \u201cm\u00e1s que simples amigos \u00edntimos\u201d, pero no ofreci\u00f3 m\u00e1s detalles.<\/p>\n\n\n\n<p>De acuerdo con los reportes de medios locales, el fiscal general, Dusuki Mokhtar, apunt\u00f3 que actualmente no hab\u00eda evidencia que vinculara a Wee con la muerte de Hsieh.<\/p>\n\n\n\n<p>Hsieh, antigua enfermera, era conocida por sus fans como la \u201cdiosa enfermera\u201d.<\/p>\n\n\n\n<p>La polic\u00eda dijo que lleg\u00f3 a Malasia el 20 de octubre y ten\u00eda previsto quedarse cuatro d\u00edas. Apareci\u00f3 en uno de los videos musicales de Wee en 2020.<\/p>\n\n\n\n<p>Wee afirm\u00f3 que estaba profundamente apenado por la muerte de Hsieh, pero neg\u00f3 haber cometido delito alguno. La semana pasada escribi\u00f3 en Instagram que cooperar\u00eda con la investigaci\u00f3n para proporcionar respuestas al p\u00fablico y a la familia de Hsieh.<\/p>\n\n\n\n<p>Conocido por sus provocadoras canciones, Wee atrajo los focos a nivel nacional por primera vez con su parodia del himno nacional de Malasia en 2007, que gener\u00f3 una controversia generalizada.<\/p>\n\n\n\n<p>Sus letras y pel\u00edculas directas a menudo desaf\u00edan tab\u00faes pol\u00edticos y culturales, lo que le supone tanto elogios como repetidos enfrentamientos con las autoridades.<\/p>\n","protected":false},"excerpt":{"rendered":"<p>KUALA LUMPUR, Malasia (AP) \u2014 El popular rapero y cineasta chino-malayo Wee Meng Chee qued\u00f3 libre bajo fianza policial el jueves despu\u00e9s de pasar una semana detenido para colaborar en&hellip;<\/p>\n","protected":false},"author":10,"featured_media":114374,"comment_status":"open","ping_status":"open","sticky":false,"template":"","format":"standard","meta":{"content-type":"","jetpack_post_was_ever_published":false,"_jetpack_newsletter_access":"","_jetpack_dont_email_post_to_subs":false,"_jetpack_newsletter_tier_id":0,"_jetpack_memberships_contains_paywalled_content":false,"_jetpack_memberships_contains_paid_content":false,"footnotes":""},"categories":[84],"tags":[771,27102,27099,27101,27100],"class_list":["post-114373","post","type-post","status-publish","format-standard","has-post-thumbnail","hentry","category-entretenimiento","tag-asesinato","tag-influencer-taiwanesa","tag-libertad-bajo-fianza","tag-pesquisa","tag-rapero-malasio-namewee"],"jetpack_featured_media_url":"https:\/\/lasprimeras.com.do\/wp-content\/uploads\/2025\/11\/Namewee.jpg","jetpack-related-posts":[{"id":48493,"url":"https:\/\/lasprimeras.com.do\/index.php\/2023\/05\/01\/jurado-de-florida-decidira-si-rapero-ynw-melly-es-culpable-de-doble-asesinato\/","url_meta":{"origin":114373,"position":0},"title":"Jurado de Florida decidir\u00e1 si rapero YNW Melly es culpable de doble asesinato","author":"prenxa100","date":"1 de mayo de 2023","format":false,"excerpt":"Miami, EFE.-. Un jurado popular de Florida decidir\u00e1 si el rapero YNM Melly es o no culpable del asesinato a tiros de dos amigos suyos en 2018, una acusaci\u00f3n por la que la Fiscal\u00eda pidi\u00f3 la pena de muerte para el m\u00fasico que precisamente salt\u00f3 a la fama ese a\u00f1o\u2026","rel":"","context":"En \u00abSin categor\u00eda\u00bb","block_context":{"text":"Sin categor\u00eda","link":"https:\/\/lasprimeras.com.do\/index.php\/category\/sin-categoria\/"},"img":{"alt_text":"","src":"","width":0,"height":0},"classes":[]},{"id":118297,"url":"https:\/\/lasprimeras.com.do\/index.php\/2025\/12\/26\/condenan-a-ex-primer-ministro-de-malasia-najib-razak-por-escandalo-de-corrupcion\/","url_meta":{"origin":114373,"position":1},"title":"Condenan a ex primer ministro de Malasia, Najib Razak, por esc\u00e1ndalo de corrupci\u00f3n","author":"Nelson Feliz","date":"26 de diciembre de 2025","format":false,"excerpt":"PUTRAJAYA, Malasia (AP) \u2014 El ex primer ministro de Malasia, Najib Razak, fue condenado el viernes despu\u00e9s de un juicio por corrupci\u00f3n relacionado con el multimillonario saqueo del fondo estatal de inversi\u00f3n 1MDB. El Tribunal Superior de la naci\u00f3n encontr\u00f3 a Najib, de 72 a\u00f1os, culpable de tres cargos de\u2026","rel":"","context":"En \u00abINTERNACIONALES\u00bb","block_context":{"text":"INTERNACIONALES","link":"https:\/\/lasprimeras.com.do\/index.php\/category\/sin-categoria\/internacionales\/"},"img":{"alt_text":"El ex primer ministro de Malasia, Najib Razak, al centro, es acompa\u00f1ado por agentes penitenciarios a su llegada al complejo judicial de Kuala Lumpur, el 30 de octubre de 2024, en Kuala Lumpur. (AP Foto\/Vincent Thian, Archivo)","src":"https:\/\/i0.wp.com\/lasprimeras.com.do\/wp-content\/uploads\/2025\/12\/Najib-Razak.jpg?resize=350%2C200&ssl=1","width":350,"height":200,"srcset":"https:\/\/i0.wp.com\/lasprimeras.com.do\/wp-content\/uploads\/2025\/12\/Najib-Razak.jpg?resize=350%2C200&ssl=1 1x, https:\/\/i0.wp.com\/lasprimeras.com.do\/wp-content\/uploads\/2025\/12\/Najib-Razak.jpg?resize=525%2C300&ssl=1 1.5x, https:\/\/i0.wp.com\/lasprimeras.com.do\/wp-content\/uploads\/2025\/12\/Najib-Razak.jpg?resize=700%2C400&ssl=1 2x"},"classes":[]},{"id":85586,"url":"https:\/\/lasprimeras.com.do\/index.php\/2024\/07\/03\/suben-fianza-de-mujer-de-texas-que-intento-ahogar-a-nina-tras-hacer-comentarios-racistas-a-su-madre\/","url_meta":{"origin":114373,"position":2},"title":"Suben fianza de mujer de Texas que intent\u00f3 ahogar a ni\u00f1a tras hacer comentarios racistas a su madre","author":"Nelson Feliz","date":"3 de julio de 2024","format":false,"excerpt":"EULESS, Texas, EE.UU. (AP) \u2014 Una mujer de Texas acusada de intentar ahogar a una ni\u00f1a de 3 a\u00f1os en la piscina de un complejo de apartamentos en los suburbios de Dallas despu\u00e9s de hacer comentarios racistas hacia la madre de la ni\u00f1a ha sido detenida de nuevo tras un\u2026","rel":"","context":"En \u00abSin categor\u00eda\u00bb","block_context":{"text":"Sin categor\u00eda","link":"https:\/\/lasprimeras.com.do\/index.php\/category\/sin-categoria\/"},"img":{"alt_text":"","src":"https:\/\/i0.wp.com\/lasprimeras.com.do\/wp-content\/uploads\/2024\/07\/Elizabeth-Wolf.jpg?resize=350%2C200&ssl=1","width":350,"height":200,"srcset":"https:\/\/i0.wp.com\/lasprimeras.com.do\/wp-content\/uploads\/2024\/07\/Elizabeth-Wolf.jpg?resize=350%2C200&ssl=1 1x, https:\/\/i0.wp.com\/lasprimeras.com.do\/wp-content\/uploads\/2024\/07\/Elizabeth-Wolf.jpg?resize=525%2C300&ssl=1 1.5x, https:\/\/i0.wp.com\/lasprimeras.com.do\/wp-content\/uploads\/2024\/07\/Elizabeth-Wolf.jpg?resize=700%2C400&ssl=1 2x"},"classes":[]},{"id":102946,"url":"https:\/\/lasprimeras.com.do\/index.php\/2025\/07\/10\/aranceles-de-trump-podrian-opacar-el-primer-viaje-oficial-de-rubio-a-asia\/","url_meta":{"origin":114373,"position":3},"title":"Aranceles de Trump podr\u00edan opacar el primer viaje oficial de Rubio a Asia","author":"Nelson Feliz","date":"10 de julio de 2025","format":false,"excerpt":"POR MATTHEW LEE WASHINGTON (AP) \u2014 Los amplios aranceles que el presidente Donald Trump planea imponer el pr\u00f3ximo mes podr\u00edan eclipsar el primer viaje oficial de su principal diplom\u00e1tico a Asia esta semana, justo cuando Estados Unidos busca fortalecer las relaciones con las naciones del Indo-Pac\u00edfico para contrarrestar la creciente\u2026","rel":"","context":"En \u00abINTERNACIONALES\u00bb","block_context":{"text":"INTERNACIONALES","link":"https:\/\/lasprimeras.com.do\/index.php\/category\/sin-categoria\/internacionales\/"},"img":{"alt_text":"","src":"https:\/\/i0.wp.com\/lasprimeras.com.do\/wp-content\/uploads\/2025\/07\/El-secretario-de-Estado-Marco-Rubio-d-con-el-ministro-de-exteriores-japones-Iwaya-Takeshi-en-Washington-el-1-de-julio-del-2025.jpg?resize=350%2C200&ssl=1","width":350,"height":200,"srcset":"https:\/\/i0.wp.com\/lasprimeras.com.do\/wp-content\/uploads\/2025\/07\/El-secretario-de-Estado-Marco-Rubio-d-con-el-ministro-de-exteriores-japones-Iwaya-Takeshi-en-Washington-el-1-de-julio-del-2025.jpg?resize=350%2C200&ssl=1 1x, https:\/\/i0.wp.com\/lasprimeras.com.do\/wp-content\/uploads\/2025\/07\/El-secretario-de-Estado-Marco-Rubio-d-con-el-ministro-de-exteriores-japones-Iwaya-Takeshi-en-Washington-el-1-de-julio-del-2025.jpg?resize=525%2C300&ssl=1 1.5x, https:\/\/i0.wp.com\/lasprimeras.com.do\/wp-content\/uploads\/2025\/07\/El-secretario-de-Estado-Marco-Rubio-d-con-el-ministro-de-exteriores-japones-Iwaya-Takeshi-en-Washington-el-1-de-julio-del-2025.jpg?resize=700%2C400&ssl=1 2x"},"classes":[]},{"id":74808,"url":"https:\/\/lasprimeras.com.do\/index.php\/2024\/01\/26\/acusan-al-rapero-luis-castilleja-de-formar-una-secta-con-menores-de-edad\/","url_meta":{"origin":114373,"position":4},"title":"Acusan al rapero Luis Castilleja de formar una secta con menores de edad","author":"Nelson Feliz","date":"26 de enero de 2024","format":false,"excerpt":"Castilleja acumula m\u00e1s de 6.5 millones de seguidores entre Instagram y TikTok y 1.6 millones de suscriptores en YouTube. El motivador, influencer y rapero mexicano Luis Castilleja, mejor conocido en redes sociales como El Temach, se encuentra una vez m\u00e1s en el ojo del hurac\u00e1n por protagonizar un retiro con\u2026","rel":"","context":"En \u00abENTRETENIMIENTO\u00bb","block_context":{"text":"ENTRETENIMIENTO","link":"https:\/\/lasprimeras.com.do\/index.php\/category\/entretenimiento\/"},"img":{"alt_text":"Luis Castilleja","src":"https:\/\/i0.wp.com\/lasprimeras.com.do\/wp-content\/uploads\/2024\/01\/Luis-Castilleja.jpg?resize=350%2C200&ssl=1","width":350,"height":200,"srcset":"https:\/\/i0.wp.com\/lasprimeras.com.do\/wp-content\/uploads\/2024\/01\/Luis-Castilleja.jpg?resize=350%2C200&ssl=1 1x, https:\/\/i0.wp.com\/lasprimeras.com.do\/wp-content\/uploads\/2024\/01\/Luis-Castilleja.jpg?resize=525%2C300&ssl=1 1.5x, https:\/\/i0.wp.com\/lasprimeras.com.do\/wp-content\/uploads\/2024\/01\/Luis-Castilleja.jpg?resize=700%2C400&ssl=1 2x"},"classes":[]},{"id":87409,"url":"https:\/\/lasprimeras.com.do\/index.php\/2024\/08\/11\/envenena-a-su-esposa-y-a-su-hija-y-trata-de-simular-su-propio-secuestro\/","url_meta":{"origin":114373,"position":5},"title":"Envenena a su esposa y a su hija y trata de simular su propio secuestro","author":"Nelson Feliz","date":"11 de agosto de 2024","format":false,"excerpt":"En el organismo de la menor hab\u00eda rastros de gotas para los ojos y de un antidepresivo no aprobado para ni\u00f1os. Un hombre de Carolina del Norte acusado anteriormente de matar a su esposa con gotas para los ojos recientemente fue se\u00f1alado de envenenar a su hija con esa misma\u2026","rel":"","context":"En \u00abSin categor\u00eda\u00bb","block_context":{"text":"Sin categor\u00eda","link":"https:\/\/lasprimeras.com.do\/index.php\/category\/sin-categoria\/"},"img":{"alt_text":"Joshua Lee Hunsucker","src":"https:\/\/i0.wp.com\/lasprimeras.com.do\/wp-content\/uploads\/2024\/08\/Joshua-Lee-Hunsucker.jpg?resize=350%2C200&ssl=1","width":350,"height":200,"srcset":"https:\/\/i0.wp.com\/lasprimeras.com.do\/wp-content\/uploads\/2024\/08\/Joshua-Lee-Hunsucker.jpg?resize=350%2C200&ssl=1 1x, https:\/\/i0.wp.com\/lasprimeras.com.do\/wp-content\/uploads\/2024\/08\/Joshua-Lee-Hunsucker.jpg?resize=525%2C300&ssl=1 1.5x, https:\/\/i0.wp.com\/lasprimeras.com.do\/wp-content\/uploads\/2024\/08\/Joshua-Lee-Hunsucker.jpg?resize=700%2C400&ssl=1 2x"},"classes":[]}],"jetpack_sharing_enabled":true,"_links":{"self":[{"href":"https:\/\/lasprimeras.com.do\/index.php\/wp-json\/wp\/v2\/posts\/114373","targetHints":{"allow":["GET"]}}],"collection":[{"href":"https:\/\/lasprimeras.com.do\/index.php\/wp-json\/wp\/v2\/posts"}],"about":[{"href":"https:\/\/lasprimeras.com.do\/index.php\/wp-json\/wp\/v2\/types\/post"}],"author":[{"embeddable":true,"href":"https:\/\/lasprimeras.com.do\/index.php\/wp-json\/wp\/v2\/users\/10"}],"replies":[{"embeddable":true,"href":"https:\/\/lasprimeras.com.do\/index.php\/wp-json\/wp\/v2\/comments?post=114373"}],"version-history":[{"count":1,"href":"https:\/\/lasprimeras.com.do\/index.php\/wp-json\/wp\/v2\/posts\/114373\/revisions"}],"predecessor-version":[{"id":114375,"href":"https:\/\/lasprimeras.com.do\/index.php\/wp-json\/wp\/v2\/posts\/114373\/revisions\/114375"}],"wp:featuredmedia":[{"embeddable":true,"href":"https:\/\/lasprimeras.com.do\/index.php\/wp-json\/wp\/v2\/media\/114374"}],"wp:attachment":[{"href":"https:\/\/lasprimeras.com.do\/index.php\/wp-json\/wp\/v2\/media?parent=114373"}],"wp:term":[{"taxonomy":"category","embeddable":true,"href":"https:\/\/lasprimeras.com.do\/index.php\/wp-json\/wp\/v2\/categories?post=114373"},{"taxonomy":"post_tag","embeddable":true,"href":"https:\/\/lasprimeras.com.do\/index.php\/wp-json\/wp\/v2\/tags?post=114373"}],"curies":[{"name":"wp","href":"https:\/\/api.w.org\/{rel}","templated":true}]}}