{"id":114455,"date":"2025-11-14T08:44:02","date_gmt":"2025-11-14T12:44:02","guid":{"rendered":"https:\/\/lasprimeras.com.do\/?p=114455"},"modified":"2025-11-14T08:44:03","modified_gmt":"2025-11-14T12:44:03","slug":"mas-de-150-palestinos-pasaron-12-horas-retenidos-en-un-avion-en-sudafrica","status":"publish","type":"post","link":"https:\/\/lasprimeras.com.do\/index.php\/2025\/11\/14\/mas-de-150-palestinos-pasaron-12-horas-retenidos-en-un-avion-en-sudafrica\/","title":{"rendered":"M\u00e1s de 150 palestinos pasaron 12 horas retenidos en un avi\u00f3n en Sud\u00e1frica"},"content":{"rendered":"\n<p>JOHANNESBURGO (AP) \u2014 Las autoridades sudafricanas recibieron fuertes cr\u00edticas el viernes despu\u00e9s de retener a m\u00e1s de 150 palestinos, incluyendo una mujer embarazada de nueve meses, en un avi\u00f3n durante alrededor de 12 horas debido a complicaciones con sus documentos de viaje.<\/p>\n\n\n\n<p>Un religioso que fue autorizado a reunirse con los pasajeros mientras a\u00fan estaban en el avi\u00f3n dijo que hac\u00eda mucho calor y que los ni\u00f1os gritaban y lloraban.<\/p>\n\n\n\n<p>Los palestinos aterrizaron en el Aeropuerto Internacional O.R. Tambo de Johannesburgo el jueves por la ma\u00f1ana a bordo de un vuelo ch\u00e1rter despu\u00e9s de una escala en Nairobi, Kenia, inform\u00f3 la Autoridad de Gesti\u00f3n Fronteriza de Sud\u00e1frica en un comunicado.<\/p>\n\n\n\n<p>Los pasajeros palestinos no ten\u00edan sellos de salida de las autoridades israel\u00edes, no indicaron cu\u00e1nto tiempo permanecer\u00edan en Sud\u00e1frica y no hab\u00edan facilitado una direcci\u00f3n en el pa\u00eds, lo que llev\u00f3 a las autoridades de inmigraci\u00f3n a negarles la entrada, explic\u00f3 la entrada.<\/p>\n\n\n\n<p>Los 153 pasajeros \u2014entre los que hab\u00eda familias y ni\u00f1os\u2014 pudieron salir del avi\u00f3n el jueves por la noche despu\u00e9s de la intervenci\u00f3n del Ministerio del Interior de Sud\u00e1frica y de que una organizaci\u00f3n no gubernamental local, Gift of the Givers, se ofreciera a alojarlos.<\/p>\n\n\n\n<p>La Autoridad de Gesti\u00f3n Fronteriza dijo que 23 de los pasajeros viajaron a otros pa\u00edses y 130 se quedaron en Sud\u00e1frica.<\/p>\n\n\n\n<p>El fundador de Gift of the Givers, Imtiaz Sooliman, indic\u00f3 que este era el segundo vuelo con palestinos que aterrizaba en Sud\u00e1frica en las \u00faltimas dos semanas y que los propios pasajeros no sab\u00edan a d\u00f3nde iban.<\/p>\n\n\n\n<p>Se cree que ambos aviones trasladaban a personas procedentes de la Franja de Gaza, devastada por la guerra, a\u00f1adi\u00f3.<\/p>\n\n\n\n<p>Por el momento no estaba claro qui\u00e9n hab\u00eda organizado el vuelo ch\u00e1rter.<\/p>\n\n\n\n<p>Un pastor sudafricano que tuvo acceso al avi\u00f3n mientras estaba en la pista dijo a la cadena nacional SABC que muchos de los palestinos ten\u00edan intenci\u00f3n de solicitar asilo en Sud\u00e1frica.<\/p>\n\n\n\n<p>Sud\u00e1frica ha sido durante mucho tiempo un defensor de la causa palestina y el trato a los viajeros ha provocado indignaci\u00f3n.<\/p>\n\n\n\n<p>\u201cEs grave\u201d, dijo Nigel Branken, el pastor, en una entrevista con SABC el jueves desde el avi\u00f3n mientras describ\u00eda las condiciones. \u201cCuando sub\u00ed al avi\u00f3n hac\u00eda un calor insoportable. Hab\u00eda muchos ni\u00f1os sudando, gritando y llorando\u201d.<\/p>\n\n\n\n<p>\u201cNo creo que esto sea lo que representa Sud\u00e1frica. Sud\u00e1frica deber\u00eda, como m\u00ednimo, permitir que estas personas entren al aeropuerto y que soliciten asilo. Este es su derecho fundamental b\u00e1sico garantizado en nuestra Constituci\u00f3n.\u201d<\/p>\n","protected":false},"excerpt":{"rendered":"<p>JOHANNESBURGO (AP) \u2014 Las autoridades sudafricanas recibieron fuertes cr\u00edticas el viernes despu\u00e9s de retener a m\u00e1s de 150 palestinos, incluyendo una mujer embarazada de nueve meses, en un avi\u00f3n durante&hellip;<\/p>\n","protected":false},"author":10,"featured_media":114456,"comment_status":"open","ping_status":"open","sticky":false,"template":"","format":"standard","meta":{"content-type":"","jetpack_post_was_ever_published":false,"_jetpack_newsletter_access":"","_jetpack_dont_email_post_to_subs":false,"_jetpack_newsletter_tier_id":0,"_jetpack_memberships_contains_paywalled_content":false,"_jetpack_memberships_contains_paid_content":false,"footnotes":""},"categories":[16289],"tags":[27146],"class_list":["post-114455","post","type-post","status-publish","format-standard","has-post-thumbnail","hentry","category-internacionales","tag-mas-de-150-palestinos-pasaron-12-horas-retenidos-en-un-avion-en-sudafrica"],"jetpack_featured_media_url":"https:\/\/lasprimeras.com.do\/wp-content\/uploads\/2025\/11\/rawImage.jpg","jetpack-related-posts":[{"id":73682,"url":"https:\/\/lasprimeras.com.do\/index.php\/2024\/01\/15\/el-numero-de-muertos-en-gaza-supera-los-24-000-mientras-israel-ataca-objetivos-en-el-norte-y-el-sur\/","url_meta":{"origin":114455,"position":0},"title":"El n\u00famero de muertos en Gaza supera los 24.000 mientras Israel ataca objetivos en el norte y el sur","author":"Nelson Feliz","date":"15 de enero de 2024","format":false,"excerpt":"POR LA PRENSA ASOCIADA Los ataques israel\u00edes alcanzaron la ciudad de Gaza y los soldados lucharon contra militantes en el sur de Gaza el lunes despu\u00e9s de que Estados Unidos, su principal aliado, dijera que era hora de reducir las operaciones. Las autoridades palestinas dijeron que el n\u00famero de muertos\u2026","rel":"","context":"En \u00abSin categor\u00eda\u00bb","block_context":{"text":"Sin categor\u00eda","link":"https:\/\/lasprimeras.com.do\/index.php\/category\/sin-categoria\/"},"img":{"alt_text":"Muertos","src":"https:\/\/i0.wp.com\/lasprimeras.com.do\/wp-content\/uploads\/2024\/01\/Muertos.jpg?resize=350%2C200&ssl=1","width":350,"height":200,"srcset":"https:\/\/i0.wp.com\/lasprimeras.com.do\/wp-content\/uploads\/2024\/01\/Muertos.jpg?resize=350%2C200&ssl=1 1x, https:\/\/i0.wp.com\/lasprimeras.com.do\/wp-content\/uploads\/2024\/01\/Muertos.jpg?resize=525%2C300&ssl=1 1.5x, https:\/\/i0.wp.com\/lasprimeras.com.do\/wp-content\/uploads\/2024\/01\/Muertos.jpg?resize=700%2C400&ssl=1 2x"},"classes":[]},{"id":69389,"url":"https:\/\/lasprimeras.com.do\/index.php\/2023\/12\/02\/aviones-de-combate-atacan-gaza-mientras-israel-reanuda-ofensiva\/","url_meta":{"origin":114455,"position":1},"title":"Aviones de combate atacan Gaza mientras Israel reanuda ofensiva","author":"BIMARY DE JES\u00daS Matos","date":"2 de diciembre de 2023","format":false,"excerpt":"Israel.-Los combates entre Ham\u00e1s e Israel se reanudaron en Gaza, dijeron este viernes las Fuerzas de Defensa de Israel, que alegaron que Ham\u00e1s viol\u00f3 la tregua temporal y lanz\u00f3 un ataque con cohetes contra Israel. Las FDI dijeron en la plataforma de redes sociales X que hab\u00edan \u00abinterceptado con \u00e9xito\u00bb\u2026","rel":"","context":"En \u00abSin categor\u00eda\u00bb","block_context":{"text":"Sin categor\u00eda","link":"https:\/\/lasprimeras.com.do\/index.php\/category\/sin-categoria\/"},"img":{"alt_text":"","src":"https:\/\/i0.wp.com\/lasprimeras.com.do\/wp-content\/uploads\/2023\/12\/Noticias-9-1.jpg?resize=350%2C200&ssl=1","width":350,"height":200,"srcset":"https:\/\/i0.wp.com\/lasprimeras.com.do\/wp-content\/uploads\/2023\/12\/Noticias-9-1.jpg?resize=350%2C200&ssl=1 1x, https:\/\/i0.wp.com\/lasprimeras.com.do\/wp-content\/uploads\/2023\/12\/Noticias-9-1.jpg?resize=525%2C300&ssl=1 1.5x"},"classes":[]},{"id":97585,"url":"https:\/\/lasprimeras.com.do\/index.php\/2025\/04\/24\/zelenskyy-de-ucrania-llega-a-sudafrica-para-visita-oficial-tras-nuevas-criticas-de-trump\/","url_meta":{"origin":114455,"position":2},"title":"Zelenskyy de Ucrania llega a Sud\u00e1frica para visita oficial tras nuevas cr\u00edticas de Trump","author":"Nelson Feliz","date":"24 de abril de 2025","format":false,"excerpt":"PRETORIA, Sud\u00e1frica (AP) \u2014 El presidente de Ucrania, Volodymyr Zelenskyy, lleg\u00f3 a Sud\u00e1frica el jueves para una visita de Estado tras las nuevas acusaciones de Donald Trump de que est\u00e1 prolongando la guerra contra Rusia al oponerse a cualquier plan que implique ceder territorio en un acuerdo de paz. Zelenskyy,\u2026","rel":"","context":"En \u00abINTERNACIONALES\u00bb","block_context":{"text":"INTERNACIONALES","link":"https:\/\/lasprimeras.com.do\/index.php\/category\/sin-categoria\/internacionales\/"},"img":{"alt_text":"Volodymyr Zelenskyy","src":"https:\/\/i0.wp.com\/lasprimeras.com.do\/wp-content\/uploads\/2025\/04\/Volodymyr-Zelenskyy.jpg?resize=350%2C200&ssl=1","width":350,"height":200,"srcset":"https:\/\/i0.wp.com\/lasprimeras.com.do\/wp-content\/uploads\/2025\/04\/Volodymyr-Zelenskyy.jpg?resize=350%2C200&ssl=1 1x, https:\/\/i0.wp.com\/lasprimeras.com.do\/wp-content\/uploads\/2025\/04\/Volodymyr-Zelenskyy.jpg?resize=525%2C300&ssl=1 1.5x, https:\/\/i0.wp.com\/lasprimeras.com.do\/wp-content\/uploads\/2025\/04\/Volodymyr-Zelenskyy.jpg?resize=700%2C400&ssl=1 2x"},"classes":[]},{"id":74838,"url":"https:\/\/lasprimeras.com.do\/index.php\/2024\/01\/26\/las-6-medidas-que-la-corte-de-la-onu-exige-cumplir-a-israel-en-gaza-y-que-pasa-ahora\/","url_meta":{"origin":114455,"position":3},"title":"Las 6 medidas que la corte de la ONU exige cumplir a Israel en Gaza (y qu\u00e9 pasa ahora)","author":"Nelson Feliz","date":"26 de enero de 2024","format":false,"excerpt":"BBC News Mundo Son medidas temporales que tienen el objetivo de evitar que la crisis en Gaza empeore. El m\u00e1ximo tribunal de la ONU, la Corte Internacional de Justicia (CIJ), orden\u00f3 el viernes una serie de \u201cmedidas provisionales\u201d que Israel debe tomar para impedir la matanza de m\u00e1s civiles en\u2026","rel":"","context":"En \u00abSin categor\u00eda\u00bb","block_context":{"text":"Sin categor\u00eda","link":"https:\/\/lasprimeras.com.do\/index.php\/category\/sin-categoria\/"},"img":{"alt_text":"La jueza Joan Donohue, presidenta de CIJ, ley\u00f3 el fallo.","src":"https:\/\/i0.wp.com\/lasprimeras.com.do\/wp-content\/uploads\/2024\/01\/Joan-Donohue.jpg?resize=350%2C200&ssl=1","width":350,"height":200,"srcset":"https:\/\/i0.wp.com\/lasprimeras.com.do\/wp-content\/uploads\/2024\/01\/Joan-Donohue.jpg?resize=350%2C200&ssl=1 1x, https:\/\/i0.wp.com\/lasprimeras.com.do\/wp-content\/uploads\/2024\/01\/Joan-Donohue.jpg?resize=525%2C300&ssl=1 1.5x, https:\/\/i0.wp.com\/lasprimeras.com.do\/wp-content\/uploads\/2024\/01\/Joan-Donohue.jpg?resize=700%2C400&ssl=1 2x"},"classes":[]},{"id":64753,"url":"https:\/\/lasprimeras.com.do\/index.php\/2023\/10\/23\/israel-ataca-gaza-despues-de-permitir-la-entrada-de-otro-pequeno-convoy-de-ayuda-al-enclave-asediado\/","url_meta":{"origin":114455,"position":4},"title":"Israel ataca Gaza despu\u00e9s de permitir la entrada de otro peque\u00f1o convoy de ayuda al enclave asediado","author":"Nelson Feliz","date":"23 de octubre de 2023","format":false,"excerpt":"POR WAFAA SHURAFA, SAMY MAGDY Y JOSEPH KRAUSS DEIR AL-BALAH, Franja de Gaza (AP) \u2014 Aviones de combate israel\u00edes atacaron objetivos en toda Gaza el lunes, incluso en \u00e1reas donde a los civiles palestinos se les ha dicho que busquen refugio, despu\u00e9s de que se permiti\u00f3 la entrada de otro\u2026","rel":"","context":"En \u00abSin categor\u00eda\u00bb","block_context":{"text":"Sin categor\u00eda","link":"https:\/\/lasprimeras.com.do\/index.php\/category\/sin-categoria\/"},"img":{"alt_text":"bombarde\u00f3","src":"https:\/\/i0.wp.com\/lasprimeras.com.do\/wp-content\/uploads\/2023\/10\/ataques.jpg?resize=350%2C200&ssl=1","width":350,"height":200,"srcset":"https:\/\/i0.wp.com\/lasprimeras.com.do\/wp-content\/uploads\/2023\/10\/ataques.jpg?resize=350%2C200&ssl=1 1x, https:\/\/i0.wp.com\/lasprimeras.com.do\/wp-content\/uploads\/2023\/10\/ataques.jpg?resize=525%2C300&ssl=1 1.5x"},"classes":[]},{"id":72033,"url":"https:\/\/lasprimeras.com.do\/index.php\/2023\/12\/26\/fuerzas-israelies-bombardean-centro-de-gaza\/","url_meta":{"origin":114455,"position":5},"title":"Fuerzas israel\u00edes bombardean centro de Gaza","author":"Nelson Feliz","date":"26 de diciembre de 2023","format":false,"excerpt":"POR NAJIB JOBAIN, WAFAA SHURAFA Y SAMY MAGDY RAFAH, Franja de Gaza (AP) \u2014 Las fuerzas israel\u00edes bombardearon el martes campamentos de refugiados palestinos en el centro de Gaza, dijeron residentes, en aparente preparaci\u00f3n para expandir su ofensiva terrestre a una tercera secci\u00f3n del territorio asediado. La apertura de una\u2026","rel":"","context":"En \u00abSin categor\u00eda\u00bb","block_context":{"text":"Sin categor\u00eda","link":"https:\/\/lasprimeras.com.do\/index.php\/category\/sin-categoria\/"},"img":{"alt_text":"BOMBARDEOS","src":"https:\/\/i0.wp.com\/lasprimeras.com.do\/wp-content\/uploads\/2023\/12\/BOMBARDEOS-1.jpg?resize=350%2C200&ssl=1","width":350,"height":200,"srcset":"https:\/\/i0.wp.com\/lasprimeras.com.do\/wp-content\/uploads\/2023\/12\/BOMBARDEOS-1.jpg?resize=350%2C200&ssl=1 1x, https:\/\/i0.wp.com\/lasprimeras.com.do\/wp-content\/uploads\/2023\/12\/BOMBARDEOS-1.jpg?resize=525%2C300&ssl=1 1.5x, https:\/\/i0.wp.com\/lasprimeras.com.do\/wp-content\/uploads\/2023\/12\/BOMBARDEOS-1.jpg?resize=700%2C400&ssl=1 2x"},"classes":[]}],"jetpack_sharing_enabled":true,"_links":{"self":[{"href":"https:\/\/lasprimeras.com.do\/index.php\/wp-json\/wp\/v2\/posts\/114455","targetHints":{"allow":["GET"]}}],"collection":[{"href":"https:\/\/lasprimeras.com.do\/index.php\/wp-json\/wp\/v2\/posts"}],"about":[{"href":"https:\/\/lasprimeras.com.do\/index.php\/wp-json\/wp\/v2\/types\/post"}],"author":[{"embeddable":true,"href":"https:\/\/lasprimeras.com.do\/index.php\/wp-json\/wp\/v2\/users\/10"}],"replies":[{"embeddable":true,"href":"https:\/\/lasprimeras.com.do\/index.php\/wp-json\/wp\/v2\/comments?post=114455"}],"version-history":[{"count":1,"href":"https:\/\/lasprimeras.com.do\/index.php\/wp-json\/wp\/v2\/posts\/114455\/revisions"}],"predecessor-version":[{"id":114457,"href":"https:\/\/lasprimeras.com.do\/index.php\/wp-json\/wp\/v2\/posts\/114455\/revisions\/114457"}],"wp:featuredmedia":[{"embeddable":true,"href":"https:\/\/lasprimeras.com.do\/index.php\/wp-json\/wp\/v2\/media\/114456"}],"wp:attachment":[{"href":"https:\/\/lasprimeras.com.do\/index.php\/wp-json\/wp\/v2\/media?parent=114455"}],"wp:term":[{"taxonomy":"category","embeddable":true,"href":"https:\/\/lasprimeras.com.do\/index.php\/wp-json\/wp\/v2\/categories?post=114455"},{"taxonomy":"post_tag","embeddable":true,"href":"https:\/\/lasprimeras.com.do\/index.php\/wp-json\/wp\/v2\/tags?post=114455"}],"curies":[{"name":"wp","href":"https:\/\/api.w.org\/{rel}","templated":true}]}}