{"id":114480,"date":"2025-11-14T09:55:45","date_gmt":"2025-11-14T13:55:45","guid":{"rendered":"https:\/\/lasprimeras.com.do\/?p=114480"},"modified":"2025-11-14T09:55:46","modified_gmt":"2025-11-14T13:55:46","slug":"en-ny-senalan-a-javier-garcia-como-preferido-candidato-presidencial-pld","status":"publish","type":"post","link":"https:\/\/lasprimeras.com.do\/index.php\/2025\/11\/14\/en-ny-senalan-a-javier-garcia-como-preferido-candidato-presidencial-pld\/","title":{"rendered":"En NY se\u00f1alan a Javier Garc\u00eda como preferido candidato presidencial PLD"},"content":{"rendered":"\n<p>Por Ram\u00f3n Mercedes<\/p>\n\n\n\n<p>NUEVA YORK.- La mayor\u00eda de los dominicanos residentes en la Gran Manzana prefieren a Francisco Javier Garc\u00eda como el candidato presidencial del PLD para el 2028, seg\u00fan refleja un sondeo realizado los d\u00edas 10, 11 y 12 del presente mes en los condados de El Bronx y Manhattan, lugares donde reside el 75 % de los quisqueyanos en la gran urbe.<\/p>\n\n\n\n<p>Dicho sondeo realizado por el \u00abEquipo Los 6\u00bb, que efect\u00faa los mismos desde hace a\u00f1os en esta ciudad sobre acontecimientos que ata\u00f1en a los dominicanos y lo dirige el autor de esta cr\u00f3nica, se encuestaron 407 quisqueyanos al azar.<\/p>\n\n\n\n<p>Asimismo, tomando en cuenta el perfil, acento al hablar, zonas m\u00e1s altamente pobladas por los quisqueyanos, sin importar sexo, afiliaci\u00f3n pol\u00edtica, edad, nivel acad\u00e9mico, color, religi\u00f3n, ni regi\u00f3n de donde procedan del pa\u00eds caribe\u00f1o.<\/p>\n\n\n\n<p>Se formul\u00f3 la siguiente pregunta: \u00bfUsted como dominicano vota en las elecciones de su pa\u00eds? \u00abSi contestaba s\u00ed\u00bb \u00bfCu\u00e1l de los aspirantes a la presidencia de la RD para el 2028 por el PLD; Abel Mart\u00ednez, Francisco Dom\u00ednguez Brito, Charles Mariotti, Francisco Javier Garc\u00eda, Margarita Cede\u00f1o o Juan Ariel Jim\u00e9nez; usted prefiere? \u00bfY por qu\u00e9?<\/p>\n\n\n\n<p>La suma de 236 respondi\u00f3 positivamente; 103 de manera negativa; y 68 se abstuvieron.<\/p>\n\n\n\n<p>La cantidad de 122 (51.69%) dominicanos dijeron preferir a Javier Garc\u00eda y 9 (8.74%) respondi\u00f3 que no; 34 (14.41%) por Dom\u00ednguez Brito y 14 (13.59%) contest\u00f3 que no; 31 (13.14%) por Mart\u00ednez y 23 (22.33%) lo rechaza; 23 (9.75%) por Cede\u00f1o y 17 (16.50%) dijo no preferirla; 18 (7.62%) por Mariotti y 21 (20.39%) respondi\u00f3 negativamente; y 8 (3.39%) por Jim\u00e9nez, pero 19 (18.45%) no lo prefiere.<\/p>\n\n\n\n<p>La cantidad de 68 sondeados se negaron a contestar.<\/p>\n\n\n\n<p>En El Bronx, 189 quisqueyanos fueron sondeados. 102 (53.97%) contest\u00f3 positivamente. 55 (29.10%) respondi\u00f3 negativamente; y 32 (16.93) no quiso contestar.<\/p>\n\n\n\n<p>Los lugares de preguntas fueron la calle 233 con Broadway; Fordham RD con la avenida Webster, Grand Concourse con la calle 181; avenida University con la avenida Burnside, avenida Jerome con la calle 176; y avenida Eduard L. Grand con la calle 170.<\/p>\n\n\n\n<p>En el Alto Manhattan fueron sondeados 218 quisqueyanos. La cantidad de 134 (61.47%) respondi\u00f3 de manera positiva. 48 (22.02%) contest\u00f3 negativamente; y 36 (16.51%) no contest\u00f3.<\/p>\n\n\n\n<p>Los lugares de preguntas fueron las avenidas Saint Nicholas con la calle 192; Broadway con la calle 181; la calle Dyckman con Broadway; la avenida Sherman con la calle 204; y la avenida Post con la calle 207.<\/p>\n\n\n\n<p>La mayor\u00eda de los encuestados dijo que votar\u00eda por Javier Garc\u00eda por haber desempe\u00f1ado m\u00faltiples altas funciones p\u00fablicas, todas con eficiencias y transparencia; por tener visi\u00f3n de futuro e hizo ganar cuatro candidatos a la presidencia de su partido, siendo jefe de campa\u00f1a; adem\u00e1s, por siempre mantenerse en contacto directo con la dirigencia y militancia del partido y los diferentes sectores del pa\u00eds.<\/p>\n","protected":false},"excerpt":{"rendered":"<p>Por Ram\u00f3n Mercedes NUEVA YORK.- La mayor\u00eda de los dominicanos residentes en la Gran Manzana prefieren a Francisco Javier Garc\u00eda como el candidato presidencial del PLD para el 2028, seg\u00fan&hellip;<\/p>\n","protected":false},"author":10,"featured_media":114481,"comment_status":"open","ping_status":"open","sticky":false,"template":"","format":"standard","meta":{"content-type":"","jetpack_post_was_ever_published":false,"_jetpack_newsletter_access":"","_jetpack_dont_email_post_to_subs":false,"_jetpack_newsletter_tier_id":0,"_jetpack_memberships_contains_paywalled_content":false,"_jetpack_memberships_contains_paid_content":false,"footnotes":""},"categories":[16559],"tags":[1526,18360,104,269,2588],"class_list":["post-114480","post","type-post","status-publish","format-standard","has-post-thumbnail","hentry","category-politica","tag-candidato","tag-javier-garcia","tag-nueva-york","tag-pld","tag-presidencial"],"jetpack_featured_media_url":"https:\/\/lasprimeras.com.do\/wp-content\/uploads\/2025\/11\/WhatsApp-Image-2025-11-14-at-8.14.06-AM-2.jpeg","jetpack-related-posts":[{"id":118478,"url":"https:\/\/lasprimeras.com.do\/index.php\/2025\/12\/30\/peledeistas-ny-despediran-2025-con-esperanza-en-2026-partido-seleccione-a-javier-garcia-como-su-candidato-presidencial\/","url_meta":{"origin":114480,"position":0},"title":"Pelede\u00edstas NY despedir\u00e1n 2025 con esperanza en 2026 partido seleccione a Javier Garc\u00eda como su candidato presidencial","author":"Nelson Feliz","date":"30 de diciembre de 2025","format":false,"excerpt":"Por Ram\u00f3n Mercedes NUEVA YORK.- M\u00faltiples dirigentes y militantes del Partido de la Liberaci\u00f3n Dominicana (PLD) en esta ciudad, lugar de mayor concentraci\u00f3n de votantes dominicanos en todo el exterior, despedir\u00e1n el 2025 con la esperanza de que a inicio del 2026 la entidad \u00abseleccione\u00bb a Francisco Javier Garc\u00eda como\u2026","rel":"","context":"En \u00abPOLITICA\u00bb","block_context":{"text":"POLITICA","link":"https:\/\/lasprimeras.com.do\/index.php\/category\/politica\/"},"img":{"alt_text":"","src":"https:\/\/i0.wp.com\/lasprimeras.com.do\/wp-content\/uploads\/2025\/12\/IMG-20251229-WA0079.jpg?resize=350%2C200&ssl=1","width":350,"height":200,"srcset":"https:\/\/i0.wp.com\/lasprimeras.com.do\/wp-content\/uploads\/2025\/12\/IMG-20251229-WA0079.jpg?resize=350%2C200&ssl=1 1x, https:\/\/i0.wp.com\/lasprimeras.com.do\/wp-content\/uploads\/2025\/12\/IMG-20251229-WA0079.jpg?resize=525%2C300&ssl=1 1.5x, https:\/\/i0.wp.com\/lasprimeras.com.do\/wp-content\/uploads\/2025\/12\/IMG-20251229-WA0079.jpg?resize=700%2C400&ssl=1 2x"},"classes":[]},{"id":124947,"url":"https:\/\/lasprimeras.com.do\/index.php\/2026\/03\/18\/dominicanos-ny-avalan-propuesta-javier-garcia-de-crear-fondo-garantia-inversion-en-la-rd\/","url_meta":{"origin":114480,"position":1},"title":"Dominicanos NY avalan propuesta Javier Garc\u00eda de crear fondo garant\u00eda inversi\u00f3n en la RD","author":"Nelson Feliz","date":"18 de marzo de 2026","format":false,"excerpt":"https:\/\/www.youtube.com\/watch?v=Tr1xC1quxQw Por Ram\u00f3n Mercedes NUEVA YORK.- Dominicanos de diferentes sectores en esta ciudad ofrecieron sus opiniones avalando la propuesta de Francisco Javier Garc\u00eda, aspirante presidencial del Partido de la Liberaci\u00f3n Dominicana (PLD), que, de llegar a la presidencia crear\u00eda un fondo de garant\u00eda para la inversi\u00f3n que realicen los dominicanos\u2026","rel":"","context":"En \u00abPOLITICA\u00bb","block_context":{"text":"POLITICA","link":"https:\/\/lasprimeras.com.do\/index.php\/category\/politica\/"},"img":{"alt_text":"","src":"https:\/\/i0.wp.com\/lasprimeras.com.do\/wp-content\/uploads\/2026\/03\/IMG-20260318-WA0083.jpg?resize=350%2C200&ssl=1","width":350,"height":200},"classes":[]},{"id":106077,"url":"https:\/\/lasprimeras.com.do\/index.php\/2025\/08\/10\/francisco-javier-garcia-el-pld-sera-el-eje-de-las-alianzas-en-2028\/","url_meta":{"origin":114480,"position":2},"title":"Francisco Javier Garc\u00eda: \u201cEl PLD ser\u00e1 el eje de las alianzas en 2028\u201d","author":"Nelson Feliz","date":"10 de agosto de 2025","format":false,"excerpt":"El dirigente pol\u00edtico y aspirante presidencial del Partido de la Liberaci\u00f3n Dominicana (PLD), Francisco Javier Garc\u00eda, afirm\u00f3 que de cara a las elecciones de 2028, las alianzas electorales girar\u00e1n en torno a la candidatura presidencial de esa organizaci\u00f3n, la cual, asegur\u00f3, es la segunda fuerza pol\u00edtica de oposici\u00f3n en el\u2026","rel":"","context":"En \u00abPOLITICA\u00bb","block_context":{"text":"POLITICA","link":"https:\/\/lasprimeras.com.do\/index.php\/category\/politica\/"},"img":{"alt_text":"","src":"https:\/\/i0.wp.com\/lasprimeras.com.do\/wp-content\/uploads\/2025\/08\/FRANCISCO-JAVIER-GARCIA.jpg?resize=350%2C200&ssl=1","width":350,"height":200,"srcset":"https:\/\/i0.wp.com\/lasprimeras.com.do\/wp-content\/uploads\/2025\/08\/FRANCISCO-JAVIER-GARCIA.jpg?resize=350%2C200&ssl=1 1x, https:\/\/i0.wp.com\/lasprimeras.com.do\/wp-content\/uploads\/2025\/08\/FRANCISCO-JAVIER-GARCIA.jpg?resize=525%2C300&ssl=1 1.5x, https:\/\/i0.wp.com\/lasprimeras.com.do\/wp-content\/uploads\/2025\/08\/FRANCISCO-JAVIER-GARCIA.jpg?resize=700%2C400&ssl=1 2x"},"classes":[]},{"id":100588,"url":"https:\/\/lasprimeras.com.do\/index.php\/2025\/06\/09\/javier-garcia-condena-atentado-contra-candidato-colombiano\/","url_meta":{"origin":114480,"position":3},"title":"Javier Garc\u00eda condena atentado contra candidato colombiano","author":"Nelson Feliz","date":"9 de junio de 2025","format":false,"excerpt":"El aspirante presidencial del Partido de la Liberaci\u00f3n Dominicana (PLD), Francisco Javier Garc\u00eda, opin\u00f3 que el atentado contra el aspirante presidencial de Colombia Miguel Uribe Turbay merece el repudio de todos los pa\u00edses democr\u00e1ticos. \u00abEste es un hecho abominable, cobarde y cruel, que condenamos y rechazamos de manera rotunda\u201d, dijo\u2026","rel":"","context":"En \u00abPOLITICA\u00bb","block_context":{"text":"POLITICA","link":"https:\/\/lasprimeras.com.do\/index.php\/category\/politica\/"},"img":{"alt_text":"Francisco Javier garcia","src":"https:\/\/i0.wp.com\/lasprimeras.com.do\/wp-content\/uploads\/2023\/10\/Francisco-Javier-garcia.jpg?resize=350%2C200&ssl=1","width":350,"height":200,"srcset":"https:\/\/i0.wp.com\/lasprimeras.com.do\/wp-content\/uploads\/2023\/10\/Francisco-Javier-garcia.jpg?resize=350%2C200&ssl=1 1x, https:\/\/i0.wp.com\/lasprimeras.com.do\/wp-content\/uploads\/2023\/10\/Francisco-Javier-garcia.jpg?resize=525%2C300&ssl=1 1.5x, https:\/\/i0.wp.com\/lasprimeras.com.do\/wp-content\/uploads\/2023\/10\/Francisco-Javier-garcia.jpg?resize=700%2C400&ssl=1 2x"},"classes":[]},{"id":115762,"url":"https:\/\/lasprimeras.com.do\/index.php\/2025\/11\/25\/destaca-y-valora-en-ny-aspiracion-presidencial-javier-garcia-en-el-pld\/","url_meta":{"origin":114480,"position":4},"title":"Destaca y valora en NY aspiraci\u00f3n presidencial Javier Garc\u00eda en el PLD","author":"Nelson Feliz","date":"25 de noviembre de 2025","format":false,"excerpt":"Por Ram\u00f3n Mercedes NUEVA YORK.- El miembro del Comit\u00e9 Central (CC) del Partido de la Liberaci\u00f3n Dominicana en esta ciudad, Miguel Suriel, valora y destaca la importancia de las aspiraciones presidenciales de Francisco Javier Garc\u00eda dentro de las filas de la organizaci\u00f3n. Suriel, sostiene que Javier Garc\u00eda representa el \u00abrenacer\u2026","rel":"","context":"En \u00abLA VOZ DE LA DIASPORA\u00bb","block_context":{"text":"LA VOZ DE LA DIASPORA","link":"https:\/\/lasprimeras.com.do\/index.php\/category\/la-voz-de-la-diaspora\/"},"img":{"alt_text":"","src":"https:\/\/i0.wp.com\/lasprimeras.com.do\/wp-content\/uploads\/2025\/11\/Destaca-y-valora-en-NY-aspiracion-presidencial-Javier-Garcia-en-el-PLD.jpeg?resize=350%2C200&ssl=1","width":350,"height":200,"srcset":"https:\/\/i0.wp.com\/lasprimeras.com.do\/wp-content\/uploads\/2025\/11\/Destaca-y-valora-en-NY-aspiracion-presidencial-Javier-Garcia-en-el-PLD.jpeg?resize=350%2C200&ssl=1 1x, https:\/\/i0.wp.com\/lasprimeras.com.do\/wp-content\/uploads\/2025\/11\/Destaca-y-valora-en-NY-aspiracion-presidencial-Javier-Garcia-en-el-PLD.jpeg?resize=525%2C300&ssl=1 1.5x"},"classes":[]},{"id":119961,"url":"https:\/\/lasprimeras.com.do\/index.php\/2026\/01\/19\/javier-garcia-si-pierdo-nominacion-presidencial-en-pld-ahi-mismo-apoyo-al-ganador\/","url_meta":{"origin":114480,"position":5},"title":"Javier Garc\u00eda: Si pierdo nominaci\u00f3n presidencial en PLD ah\u00ed mismo apoyo al ganador","author":"Nelson Feliz","date":"19 de enero de 2026","format":false,"excerpt":"Video: www.youtube.com\/watch?v=OSX_MXP1rio Por Ram\u00f3n Mercedes SANTO DOMINGO.- El aspirante presidencial del Partido de la Liberaci\u00f3n Dominicana (PLD), Francisco Javier Garc\u00eda, declar\u00f3 este fin de semana que si pierde la nominaci\u00f3n presidencial durante el pr\u00f3ximo proceso interno en la entidad pol\u00edtica apoyar\u00e1 ah\u00ed mismo al ganador. Precis\u00f3 que ha visto a\u2026","rel":"","context":"En \u00abPOLITICA\u00bb","block_context":{"text":"POLITICA","link":"https:\/\/lasprimeras.com.do\/index.php\/category\/politica\/"},"img":{"alt_text":"","src":"https:\/\/i0.wp.com\/lasprimeras.com.do\/wp-content\/uploads\/2025\/10\/Francisco-Javier-Garcia.jpg?resize=350%2C200&ssl=1","width":350,"height":200,"srcset":"https:\/\/i0.wp.com\/lasprimeras.com.do\/wp-content\/uploads\/2025\/10\/Francisco-Javier-Garcia.jpg?resize=350%2C200&ssl=1 1x, https:\/\/i0.wp.com\/lasprimeras.com.do\/wp-content\/uploads\/2025\/10\/Francisco-Javier-Garcia.jpg?resize=525%2C300&ssl=1 1.5x"},"classes":[]}],"jetpack_sharing_enabled":true,"_links":{"self":[{"href":"https:\/\/lasprimeras.com.do\/index.php\/wp-json\/wp\/v2\/posts\/114480","targetHints":{"allow":["GET"]}}],"collection":[{"href":"https:\/\/lasprimeras.com.do\/index.php\/wp-json\/wp\/v2\/posts"}],"about":[{"href":"https:\/\/lasprimeras.com.do\/index.php\/wp-json\/wp\/v2\/types\/post"}],"author":[{"embeddable":true,"href":"https:\/\/lasprimeras.com.do\/index.php\/wp-json\/wp\/v2\/users\/10"}],"replies":[{"embeddable":true,"href":"https:\/\/lasprimeras.com.do\/index.php\/wp-json\/wp\/v2\/comments?post=114480"}],"version-history":[{"count":1,"href":"https:\/\/lasprimeras.com.do\/index.php\/wp-json\/wp\/v2\/posts\/114480\/revisions"}],"predecessor-version":[{"id":114482,"href":"https:\/\/lasprimeras.com.do\/index.php\/wp-json\/wp\/v2\/posts\/114480\/revisions\/114482"}],"wp:featuredmedia":[{"embeddable":true,"href":"https:\/\/lasprimeras.com.do\/index.php\/wp-json\/wp\/v2\/media\/114481"}],"wp:attachment":[{"href":"https:\/\/lasprimeras.com.do\/index.php\/wp-json\/wp\/v2\/media?parent=114480"}],"wp:term":[{"taxonomy":"category","embeddable":true,"href":"https:\/\/lasprimeras.com.do\/index.php\/wp-json\/wp\/v2\/categories?post=114480"},{"taxonomy":"post_tag","embeddable":true,"href":"https:\/\/lasprimeras.com.do\/index.php\/wp-json\/wp\/v2\/tags?post=114480"}],"curies":[{"name":"wp","href":"https:\/\/api.w.org\/{rel}","templated":true}]}}