{"id":114509,"date":"2025-11-14T16:17:09","date_gmt":"2025-11-14T20:17:09","guid":{"rendered":"https:\/\/lasprimeras.com.do\/?p=114509"},"modified":"2025-11-15T16:18:50","modified_gmt":"2025-11-15T20:18:50","slug":"celines-toribio-regresa-a-nyc-con-su-5ta-edicion-conferencia-femenina-la-nueva-yo","status":"publish","type":"post","link":"https:\/\/lasprimeras.com.do\/index.php\/2025\/11\/14\/celines-toribio-regresa-a-nyc-con-su-5ta-edicion-conferencia-femenina-la-nueva-yo\/","title":{"rendered":"Celin\u00e9s Toribio regresa a NYC con su 5ta edici\u00f3n conferencia femenina \u00abLa Nueva Yo\u00bb"},"content":{"rendered":"\n<p>Por Ram\u00f3n Mercedes<\/p>\n\n\n\n<p>NUEVA YORK.- La reconocida comunicadora y productora dominicana, Celin\u00e9s Toribio, a trav\u00e9s de su plataforma \u00abLa Nueva Yo\u00bb, que este a\u00f1o lleva por lema \u00abSe Atreve\u00bb, dio inicio en esta ciudad a la ruta promocional con sonoridad y entusiasmo femenino al acto de reconocimiento \u00abMujeres de Impacto\u00bb.<\/p>\n\n\n\n<p>El evento dedicado a reconocer, inspirar y conectar a mujeres que est\u00e1n transformando sus comunidades, se desarrollo en presencia de l\u00edderes comunitarios, emprendedoras y aliadas del movimiento, que se reunieron para destacar la importancia de continuar promoviendo espacios de crecimiento, liderazgo y empoderamiento femenino.<\/p>\n\n\n\n<p>El encuentro se desarroll\u00f3 en un ambiente elegante y cercano, reflejando el esp\u00edritu de colaboraci\u00f3n que caracteriza a \u00abMujeres de Impacto\u00bb.<\/p>\n\n\n\n<p>Durante su discurso, Toribio comparti\u00f3 un mensaje profundo y personal sobre el origen de \u00abLa Nueva Yo\u00bb, explicando que esta iniciativa naci\u00f3 en momentos dif\u00edciles de su vida, marcados por situaciones que la llevaron a una depresi\u00f3n que no hab\u00eda identificado.<\/p>\n\n\n\n<p>A\u00f1adi\u00f3 que decidi\u00f3 enfrentar sus miedos, reconocer su dolor y transformarlo en amor propio, comprendiendo que muchas mujeres atraviesan procesos similares sin contar con las mismas herramientas. \u00abEl darme cuenta a tiempo, dio el paso a una nueva versi\u00f3n de ella, y de ah\u00ed naci\u00f3 \u00abLa Nueva Yo\u00bb, precis\u00f3.<\/p>\n\n\n\n<p>Destac\u00f3 que este no es un evento t\u00edpico de motivaci\u00f3n, sino una experiencia inmersiva dise\u00f1ada para mujeres reales que est\u00e1n listas para dejar atr\u00e1s el miedo, la duda y las historias que ya no les sirven.<\/p>\n\n\n\n<p>La tercera edici\u00f3n en NYC de \u00abLa Nueva Yo\u00bb \u00abSe Atreve 2025\u00bb, incluir\u00e1 charlas transformadoras, workshops pr\u00e1cticos, din\u00e1micas de introspecci\u00f3n y un panel VIP con testimonios honestos de mujeres que han vivido procesos significativos de cambio y crecimiento.<\/p>\n\n\n\n<p>Toribio explic\u00f3 que la conferencia abordar\u00e1 temas esenciales como finanzas personales, establecimiento de l\u00edmites, amor propio, bienestar emocional y creaci\u00f3n de planes de vida accionables, porque \u00abel objetivo es que cada asistente salga con claridad, herramientas concretas y una red de apoyo genuina que impulse su desarrollo personal y profesional\u00bb.<\/p>\n\n\n\n<p>La edici\u00f3n 2025 contar\u00e1 con la participaci\u00f3n de invitadas especiales como Jatnna Tav\u00e1rez, Haidy Cruz, M\u00f3nica B\u00e1ez, Excarlet Molina, Rose Amador, Yamilet La Gonz\u00e1lez, Gina Ulmos, Laura Sgroi, Laura Carvajal y Pamela Sued, quienes aportar\u00e1n su visi\u00f3n, experiencia y liderazgo a esta jornada transformadora.<\/p>\n\n\n\n<p>Durante el acto, fueron reconocidas las l\u00edderes Ana Russell, Seny Tav\u00e1rez, G\u00e9nesis Suero, Evangelina Ferm\u00edn, Emelyn Stuart, Mary J. King y Elisa \u00c1lvarez, por su trayectoria, contribuciones comunitarias y compromiso con el avance de la mujer latina en diversos \u00e1mbitos profesionales.<\/p>\n\n\n\n<p>Como \u00abEmbajadoras de La Nueva Yo\u00bb se reconoci\u00f3 a: Yaneli Sosa, Bernarda Rodr\u00edguez, Jasmin Clavasqu\u00edn, Sandra Freire y Matibel P\u00e9rez, por su trabajo, dedicaci\u00f3n y esp\u00edritu colaborativo que fortalecen de manera invaluable el movimiento y su misi\u00f3n de acompa\u00f1ar a otras mujeres en procesos de crecimiento y transformaci\u00f3n.<\/p>\n\n\n\n<p>\u00abMujeres de Impacto\u00bb forma parte de un movimiento que Celin\u00e9s ha consolidado a trav\u00e9s de cinco conferencias anteriores, reuniendo entre 500 y 800 mujeres tanto en RD como en EE. UU.; y con esta nueva edici\u00f3n reafirma su relevancia entre las comunidades latinas del exterior.<\/p>\n\n\n\n<p>La producci\u00f3n general del evento est\u00e1 a cargo de Susibel Espaillat, quien ha consolidado un trabajo impecable que garantiza una experiencia de alta calidad para todas las asistentes, elevando el est\u00e1ndar de este encuentro anual que ya se ha convertido en referencia de empoderamiento femenino en la Gran Manzana.<\/p>\n\n\n\n<p>La actividad se celebr\u00f3 la noche de este jueves en DRAMMA Times Square, ubicado en el 1604 de Broadway, en Midtown Manhattan, a partir de las 7:00 p.m.<\/p>\n","protected":false},"excerpt":{"rendered":"<p>Por Ram\u00f3n Mercedes NUEVA YORK.- La reconocida comunicadora y productora dominicana, Celin\u00e9s Toribio, a trav\u00e9s de su plataforma \u00abLa Nueva Yo\u00bb, que este a\u00f1o lleva por lema \u00abSe Atreve\u00bb, dio&hellip;<\/p>\n","protected":false},"author":10,"featured_media":114510,"comment_status":"open","ping_status":"open","sticky":false,"template":"","format":"standard","meta":{"content-type":"","jetpack_post_was_ever_published":false,"_jetpack_newsletter_access":"","_jetpack_dont_email_post_to_subs":false,"_jetpack_newsletter_tier_id":0,"_jetpack_memberships_contains_paywalled_content":false,"_jetpack_memberships_contains_paid_content":false,"footnotes":""},"categories":[84],"tags":[27170,27172,27171,27173],"class_list":["post-114509","post","type-post","status-publish","format-standard","has-post-thumbnail","hentry","category-entretenimiento","tag-5ta-edicion","tag-celines-toribio-regresa-a-nyc","tag-conferencia-femenina","tag-la-nueva-yo"],"jetpack_featured_media_url":"https:\/\/lasprimeras.com.do\/wp-content\/uploads\/2025\/11\/Celines-Toribio-regresa-a-NYC-con-su-5ta-edicion-conferencia-femenina-La-Nueva-Yo.jpg","jetpack-related-posts":[{"id":106876,"url":"https:\/\/lasprimeras.com.do\/index.php\/2025\/08\/20\/parlacen-reconoce-a-celines-toribio-como-mujer-migrante-destacada-en-el-exterior\/","url_meta":{"origin":114509,"position":0},"title":"PARLACEN reconoce a Celin\u00e9s Toribio como Mujer Migrante Destacada en el Exterior","author":"Nelson Feliz","date":"20 de agosto de 2025","format":false,"excerpt":"\u201cLa migraci\u00f3n tiene rostro femenino y la participaci\u00f3n de las mujeres es clave para una democracia justa\". La Comisi\u00f3n de Mujer, Ni\u00f1ez y Familia (COMFAM) del Parlamento Centroamericano (PARLACEN), inaugur\u00f3 el XXII Encuentro Nacional de Mujeres de Partidos Pol\u00edticos, donde entreg\u00f3 un reconocimiento a la embajadora y viceministra para las\u2026","rel":"","context":"En \u00abNACIONALES\u00bb","block_context":{"text":"NACIONALES","link":"https:\/\/lasprimeras.com.do\/index.php\/category\/nacionales\/"},"img":{"alt_text":"","src":"https:\/\/i0.wp.com\/lasprimeras.com.do\/wp-content\/uploads\/2025\/08\/PARLACEN.jpg?resize=350%2C200&ssl=1","width":350,"height":200,"srcset":"https:\/\/i0.wp.com\/lasprimeras.com.do\/wp-content\/uploads\/2025\/08\/PARLACEN.jpg?resize=350%2C200&ssl=1 1x, https:\/\/i0.wp.com\/lasprimeras.com.do\/wp-content\/uploads\/2025\/08\/PARLACEN.jpg?resize=525%2C300&ssl=1 1.5x, https:\/\/i0.wp.com\/lasprimeras.com.do\/wp-content\/uploads\/2025\/08\/PARLACEN.jpg?resize=700%2C400&ssl=1 2x"},"classes":[]},{"id":101664,"url":"https:\/\/lasprimeras.com.do\/index.php\/2025\/06\/24\/senado-reconoce-actriz-y-presentadora-celines-toribio-por-sus-30-anos-de-trayectoria\/","url_meta":{"origin":114509,"position":1},"title":"Senado reconoce actriz y presentadora Celin\u00e9s Toribio por sus 30 a\u00f1os de trayectoria","author":"Nelson Feliz","date":"24 de junio de 2025","format":false,"excerpt":"Por Elvis Castro Hern\u00e1ndez El Senado de la Rep\u00fablica reconoci\u00f3 a la actriz y presentadora, Celin\u00e9s Toribio, por sus m\u00e1s de 30 a\u00f1os de trayectoria art\u00edstica a nivel nacional e internacional. El acto donde se rindi\u00f3 tributo a la destacada comunicadora, se llev\u00f3 a cabo en el Sal\u00f3n Polivalente del\u2026","rel":"","context":"En \u00abENTRETENIMIENTO\u00bb","block_context":{"text":"ENTRETENIMIENTO","link":"https:\/\/lasprimeras.com.do\/index.php\/category\/entretenimiento\/"},"img":{"alt_text":"","src":"https:\/\/i0.wp.com\/lasprimeras.com.do\/wp-content\/uploads\/2025\/06\/Celines-Toribio-2.jpg?resize=350%2C200&ssl=1","width":350,"height":200,"srcset":"https:\/\/i0.wp.com\/lasprimeras.com.do\/wp-content\/uploads\/2025\/06\/Celines-Toribio-2.jpg?resize=350%2C200&ssl=1 1x, https:\/\/i0.wp.com\/lasprimeras.com.do\/wp-content\/uploads\/2025\/06\/Celines-Toribio-2.jpg?resize=525%2C300&ssl=1 1.5x, https:\/\/i0.wp.com\/lasprimeras.com.do\/wp-content\/uploads\/2025\/06\/Celines-Toribio-2.jpg?resize=700%2C400&ssl=1 2x"},"classes":[]},{"id":95862,"url":"https:\/\/lasprimeras.com.do\/index.php\/2025\/03\/21\/nueva-directora-index-sostiene-masivo-encuentro-con-organizaciones-comunitarias-nyc\/","url_meta":{"origin":114509,"position":2},"title":"Nueva directora INDEX sostiene masivo encuentro con organizaciones comunitarias NYC","author":"Nelson Feliz","date":"21 de marzo de 2025","format":false,"excerpt":"https:\/\/www.youtube.com\/watch?v=AkRKT2jXdeA Por Ram\u00f3n Mercedes NUEVA YORK.- La nueva directora del Instituto del Dominicanos(as) en el Exterior (INDEX), Celin\u00e9s Toribio, sostuvo un encuentro en el Alto Manhattan con decenas de organizaciones comunitarias establecidas en los diferentes condados de esta ciudad, para dar a conocer la agenda de la instituci\u00f3n y escuchar\u2026","rel":"","context":"En \u00abINTERNACIONALES\u00bb","block_context":{"text":"INTERNACIONALES","link":"https:\/\/lasprimeras.com.do\/index.php\/category\/sin-categoria\/internacionales\/"},"img":{"alt_text":"Celin\u00e9s Toribio","src":"https:\/\/i0.wp.com\/lasprimeras.com.do\/wp-content\/uploads\/2025\/03\/WhatsApp-Image-2025-03-21-at-5.30.09-AM.jpeg?resize=350%2C200&ssl=1","width":350,"height":200,"srcset":"https:\/\/i0.wp.com\/lasprimeras.com.do\/wp-content\/uploads\/2025\/03\/WhatsApp-Image-2025-03-21-at-5.30.09-AM.jpeg?resize=350%2C200&ssl=1 1x, https:\/\/i0.wp.com\/lasprimeras.com.do\/wp-content\/uploads\/2025\/03\/WhatsApp-Image-2025-03-21-at-5.30.09-AM.jpeg?resize=525%2C300&ssl=1 1.5x"},"classes":[]},{"id":70042,"url":"https:\/\/lasprimeras.com.do\/index.php\/2023\/12\/07\/celines-toribio-mi-exmarido-es-mi-mejor-amigo\/","url_meta":{"origin":114509,"position":3},"title":"Celin\u00e9s Toribio: \u201cMi exmarido es mi mejor amigo\u201d","author":"BIMARY DE JES\u00daS Matos","date":"7 de diciembre de 2023","format":false,"excerpt":"Santo Domingo.-Hace seis a\u00f1os que Celin\u00e9s Toribio se divorci\u00f3 de Giancarlo Chersich, pero al contrario que muchas parejas, la actriz y su exesposo llevan una excelente relaci\u00f3n tanto que son mejores amigos y se consultan todo. \u201cGiancarlo Chersich, mi exmarido, es mi mejor amigo. Yo no me compro un celular\u2026","rel":"","context":"En \u00abENTRETENIMIENTO\u00bb","block_context":{"text":"ENTRETENIMIENTO","link":"https:\/\/lasprimeras.com.do\/index.php\/category\/entretenimiento\/"},"img":{"alt_text":"","src":"https:\/\/i0.wp.com\/lasprimeras.com.do\/wp-content\/uploads\/2023\/12\/WhatsApp-Image-2023-12-07-at-1.25.36-PM-4.jpeg?resize=350%2C200&ssl=1","width":350,"height":200,"srcset":"https:\/\/i0.wp.com\/lasprimeras.com.do\/wp-content\/uploads\/2023\/12\/WhatsApp-Image-2023-12-07-at-1.25.36-PM-4.jpeg?resize=350%2C200&ssl=1 1x, https:\/\/i0.wp.com\/lasprimeras.com.do\/wp-content\/uploads\/2023\/12\/WhatsApp-Image-2023-12-07-at-1.25.36-PM-4.jpeg?resize=525%2C300&ssl=1 1.5x"},"classes":[]},{"id":105755,"url":"https:\/\/lasprimeras.com.do\/index.php\/2025\/08\/06\/directora-del-index-realiza-encuentra-con-decenas-de-representantes-de-asociaciones-dominicanas-en-italia\/","url_meta":{"origin":114509,"position":4},"title":"Directora del INDEX realiza encuentra con decenas de representantes de asociaciones dominicanas en Italia","author":"Nelson Feliz","date":"6 de agosto de 2025","format":false,"excerpt":"Responsable del INDEX-Italia, C\u00e9sar Garden Regalado dice evento sirvi\u00f3 como un espacio para reafirmar el compromiso del Gobierno dominicano con la di\u00e1spora.\u00a0 Arezzo,Italia .-\u00a0La viceministra de Relaciones Exteriores de la Rep\u00fablica Dominicana y directora ejecutivo del Instituto de Dominicanos y Dominicanas en el Exterior (INDEX), Celin\u00e9s Toribio, encabez\u00f3 un encuentro\u2026","rel":"","context":"En \u00abNACIONALES\u00bb","block_context":{"text":"NACIONALES","link":"https:\/\/lasprimeras.com.do\/index.php\/category\/nacionales\/"},"img":{"alt_text":"","src":"https:\/\/i0.wp.com\/lasprimeras.com.do\/wp-content\/uploads\/2025\/08\/WhatsApp-Image-2025-08-06-at-9.55.01-AM-1.jpeg?resize=350%2C200&ssl=1","width":350,"height":200,"srcset":"https:\/\/i0.wp.com\/lasprimeras.com.do\/wp-content\/uploads\/2025\/08\/WhatsApp-Image-2025-08-06-at-9.55.01-AM-1.jpeg?resize=350%2C200&ssl=1 1x, https:\/\/i0.wp.com\/lasprimeras.com.do\/wp-content\/uploads\/2025\/08\/WhatsApp-Image-2025-08-06-at-9.55.01-AM-1.jpeg?resize=525%2C300&ssl=1 1.5x, https:\/\/i0.wp.com\/lasprimeras.com.do\/wp-content\/uploads\/2025\/08\/WhatsApp-Image-2025-08-06-at-9.55.01-AM-1.jpeg?resize=700%2C400&ssl=1 2x, https:\/\/i0.wp.com\/lasprimeras.com.do\/wp-content\/uploads\/2025\/08\/WhatsApp-Image-2025-08-06-at-9.55.01-AM-1.jpeg?resize=1050%2C600&ssl=1 3x"},"classes":[]},{"id":121851,"url":"https:\/\/lasprimeras.com.do\/index.php\/2026\/02\/11\/celines-toribio-afirma-en-el-index-han-triplicado-trabajos-a-favor-dominicanos-exterior\/","url_meta":{"origin":114509,"position":5},"title":"Celin\u00e9s Toribio afirma en el INDEX han triplicado trabajos a favor dominicanos exterior","author":"Nelson Feliz","date":"11 de febrero de 2026","format":false,"excerpt":"Por Ram\u00f3n Mercedes NUEVA YORK.- La directora ejecutiva del Instituto de Dominicanos(as) en el Exterior (INDEX), embajadora Celin\u00e9s Toribio, afirma que los trabajos comunitarios a favor de los quisqueyanos residentes en el exterior se han triplicado en su primer a\u00f1o de gesti\u00f3n. \u201cA\u00fan queda mucho por hacer, esto es solo\u2026","rel":"","context":"En \u00abINTERNACIONALES\u00bb","block_context":{"text":"INTERNACIONALES","link":"https:\/\/lasprimeras.com.do\/index.php\/category\/sin-categoria\/internacionales\/"},"img":{"alt_text":"","src":"https:\/\/i0.wp.com\/lasprimeras.com.do\/wp-content\/uploads\/2026\/02\/Celines-Toribio-afirma-en-el-INDEX-han-triplicado-trabajos-a-favor-dominicanos-exterior.jpg?resize=350%2C200&ssl=1","width":350,"height":200,"srcset":"https:\/\/i0.wp.com\/lasprimeras.com.do\/wp-content\/uploads\/2026\/02\/Celines-Toribio-afirma-en-el-INDEX-han-triplicado-trabajos-a-favor-dominicanos-exterior.jpg?resize=350%2C200&ssl=1 1x, https:\/\/i0.wp.com\/lasprimeras.com.do\/wp-content\/uploads\/2026\/02\/Celines-Toribio-afirma-en-el-INDEX-han-triplicado-trabajos-a-favor-dominicanos-exterior.jpg?resize=525%2C300&ssl=1 1.5x"},"classes":[]}],"jetpack_sharing_enabled":true,"_links":{"self":[{"href":"https:\/\/lasprimeras.com.do\/index.php\/wp-json\/wp\/v2\/posts\/114509","targetHints":{"allow":["GET"]}}],"collection":[{"href":"https:\/\/lasprimeras.com.do\/index.php\/wp-json\/wp\/v2\/posts"}],"about":[{"href":"https:\/\/lasprimeras.com.do\/index.php\/wp-json\/wp\/v2\/types\/post"}],"author":[{"embeddable":true,"href":"https:\/\/lasprimeras.com.do\/index.php\/wp-json\/wp\/v2\/users\/10"}],"replies":[{"embeddable":true,"href":"https:\/\/lasprimeras.com.do\/index.php\/wp-json\/wp\/v2\/comments?post=114509"}],"version-history":[{"count":1,"href":"https:\/\/lasprimeras.com.do\/index.php\/wp-json\/wp\/v2\/posts\/114509\/revisions"}],"predecessor-version":[{"id":114511,"href":"https:\/\/lasprimeras.com.do\/index.php\/wp-json\/wp\/v2\/posts\/114509\/revisions\/114511"}],"wp:featuredmedia":[{"embeddable":true,"href":"https:\/\/lasprimeras.com.do\/index.php\/wp-json\/wp\/v2\/media\/114510"}],"wp:attachment":[{"href":"https:\/\/lasprimeras.com.do\/index.php\/wp-json\/wp\/v2\/media?parent=114509"}],"wp:term":[{"taxonomy":"category","embeddable":true,"href":"https:\/\/lasprimeras.com.do\/index.php\/wp-json\/wp\/v2\/categories?post=114509"},{"taxonomy":"post_tag","embeddable":true,"href":"https:\/\/lasprimeras.com.do\/index.php\/wp-json\/wp\/v2\/tags?post=114509"}],"curies":[{"name":"wp","href":"https:\/\/api.w.org\/{rel}","templated":true}]}}