{"id":114521,"date":"2025-11-15T17:26:55","date_gmt":"2025-11-15T21:26:55","guid":{"rendered":"https:\/\/lasprimeras.com.do\/?p=114521"},"modified":"2025-11-15T17:26:57","modified_gmt":"2025-11-15T21:26:57","slug":"observatorio-anuncia-nominados-premio-periodismo-digital-2025","status":"publish","type":"post","link":"https:\/\/lasprimeras.com.do\/index.php\/2025\/11\/15\/observatorio-anuncia-nominados-premio-periodismo-digital-2025\/","title":{"rendered":"Observatorio anuncia nominados Premio Periodismo Digital 2025"},"content":{"rendered":"\n<p>El Observatorio de Medios Digitales Dominicanos anunci\u00f3 este s\u00e1bado los nominados de la octava versi\u00f3n del Premio Nacional de Periodismo Digital 2025, una iniciativa respaldada por el Banco Popular y el Instituto Dominicano de las Telecomunicaciones (INDOTEL).<\/p>\n\n\n\n<p>La ceremonia de celebraci\u00f3n ser\u00e1 realizada en el Centro Indotel de la Zona Colonial, el martes 25 de noviembre, a las 6:30 de la tarde, actividad para la que est\u00e1n convocados a participar periodistas, locutores y due\u00f1os de medios digitales de todo el pa\u00eds.<\/p>\n\n\n\n<p>As\u00ed lo inform\u00f3 la fundadora y presidenta del Observatorio, periodista y maestra, Cristal Acevedo, quien explic\u00f3 que este a\u00f1o ser\u00e1n premiadas 19 categor\u00edas y se entregar\u00e1n tres reconocimientos especiales, adem\u00e1s del Gran Premio Nacional de Periodismo Digital 2025, que se otorga a un periodista que, con su ejercicio profesional, ha mejorado el periodismo digital.<\/p>\n\n\n\n<p>Esta es la octava ocasi\u00f3n en que el Observatorio entrega el Premio Nacional de Periodismo Digital, iniciativa que este a\u00f1o tambi\u00e9n cuenta con el patrocinio de Farmacias GBC, y busca reconocer lo mejor del periodismo digital local, al tiempo en que inspira a seguir mejorando la calidad del contenido que se produce en Internet.<\/p>\n\n\n\n<p>A continuaci\u00f3n, la lista de nominados del Premio Nacional de Periodismo Digital 2025:<\/p>\n\n\n\n<p><em>Mejor periodista en redes sociales<\/em><\/p>\n\n\n\n<p>*Kelvin Ortiz Fa\u00f1a<br>*Lisandro Torres<br>*Ram\u00f3n Tolentino<br>*Roberto Cavada<\/p>\n\n\n\n<p><em>Periodista digital del a\u00f1o<\/em><\/p>\n\n\n\n<p>*Edgar Heredia<br>*Mario Lara<br>*Sandy Familia<br>*Wal Polanco<\/p>\n\n\n\n<p><em>Mejor nuevo medio digital<\/em><\/p>\n\n\n\n<p>*actualidad24horas.com.do<br>*banipordentro.com<br>*informaloreal.com<br>*lavueltanews.com<br>*revistaregionarios.com<\/p>\n\n\n\n<p><em>Mejor podcast<\/em><\/p>\n\n\n\n<p>*Azul Podcast<br>*Cu\u00e9ntame m\u00e1s<br>*Almuerzo de negocios<br>*Pesos pesados<br>*Tandem D7A8<\/p>\n\n\n\n<p><em>Mejor reportaje en digital<\/em><\/p>\n\n\n\n<p>Olga P\u00e9rez: La periodista que conecta sue\u00f1os con soluciones y los cielos a trav\u00e9s de Quiero Ser Piloto, de la Mar\u00eda Jim\u00e9nez para elnuevodiario.com.do<\/p>\n\n\n\n<p>&#8220;Salud Mental en Crisis en las C\u00e1rceles del pa\u00eds&#8221;, de la periodista Aris Beltr\u00e9 para noticiassin.com<\/p>\n\n\n\n<p>\u201cEl Estado: el principal violador de la dignidad humana en las c\u00e1rceles\u201d, del periodista Frankelvin S\u00e1nchez para elcaribe.com.do<\/p>\n\n\n\n<p>\u201cBaja pobreza monetaria en RD, pero persisten desaf\u00edos\u201d, Joaqu\u00edn Caraballo para diariolibre.com<\/p>\n\n\n\n<p><em>Mejor peri\u00f3dico digital de espect\u00e1culos<\/em><\/p>\n\n\n\n<p>*cineculturaymas.com<br>*herrerafarandula.net<br>*luminariastv.com<br>*masvip.com.do<\/p>\n\n\n\n<p><em>Mejor proyecto de innovaci\u00f3n en medios digitales<\/em><\/p>\n\n\n\n<p>*hessocial, red social de hackeandoelsistema.net<\/p>\n\n\n\n<p>*raizclimatica.com<\/p>\n\n\n\n<p>*publicaci\u00f3n biling\u00fce de deultimominuto.net<\/p>\n\n\n\n<p><em>Mejor peri\u00f3dico digital de Salud<\/em><\/p>\n\n\n\n<p>*actualidadmedica.com.do<br>*diariodesalud.com.do<br>*diariosalud.com.do<br>*resumendesalud.net<br>*saludnews.net<\/p>\n\n\n\n<p><em>Mejor peri\u00f3dico digital de Turismo<\/em><\/p>\n\n\n\n<p>*infoturdominicano.com<br>*recorriendoconsalvador.com<br>*resumenturismo.com<br>*suelocaribe.com<br>*visitantes.do<br>*vivedominicana.com<\/p>\n\n\n\n<p><em>Mejor versi\u00f3n digital de un medio impreso<\/em><\/p>\n\n\n\n<p>*diariolibre.com<br>*listindiario.com<br>*elcaribe.com.do<br>*elnuevodiario.com.do<br>*hoy.com.do<\/p>\n\n\n\n<p><em>Mejor peri\u00f3dico nativo digital<\/em><\/p>\n\n\n\n<p>*deultimominuto.net<br>*elpregonerord.com<br>*hackeandoelsistema.net<br>*revistaregionarios.com<br>*altanto.com.do<\/p>\n\n\n\n<p><em>Mejor peri\u00f3dico digital de econom\u00eda<\/em><\/p>\n\n\n\n<p>*eldinero.com.do<br>*ritmoeconomico.com<\/p>\n\n\n\n<p><em>Mejor peri\u00f3dico digital del Sur<\/em><\/p>\n\n\n\n<p>*diarioazua.com<br>*diariovision.com<br>*ecosdelsur.com<br>*elocoe\u00f1o.com<br>*lascalientesdelsur.com<\/p>\n\n\n\n<p><em>Mejor peri\u00f3dico digital del Cibao<\/em><\/p>\n\n\n\n<p>*elcentineladigital.com.do<br>*eljacaguero.com.do<br>*elsoldesantiago.com<br>*tuvozrd.com<\/p>\n\n\n\n<p><em>Mejor peri\u00f3dico digital del Este<\/em><\/p>\n\n\n\n<p>*bavarodigital.net<br>*elmunicipe.com<br>*juniornoticias.com<br>*mdigitalrd.com<\/p>\n\n\n\n<p><em>Mejor peri\u00f3dico digital de deportes<\/em><\/p>\n\n\n\n<p>*cdndeportes.com.do<br>*impactodeportivord.com<br>*momentodeportivord.com<br>*piodeportes.com<\/p>\n\n\n\n<p><em>Mejor programa de digital de opini\u00f3n<\/em><\/p>\n\n\n\n<p>*La quinta pata<br>*Despertar pol\u00edtico<br>*Somos Pueblo<br>*Impol\u00edticamente correcto<\/p>\n\n\n\n<p><em>Mejor contenido difundido en digital<\/em><\/p>\n\n\n\n<p>*Ana Sim\u00f3<br>*Juan Musa<br>*Timoteo Estevez<br>*Valerie D\u00edaz<\/p>\n\n\n\n<p><em>Mejor canal de YouTube<\/em><\/p>\n\n\n\n<p>*Al tanto TV de Colombia Alc\u00e1ntara<br>*De \u00faltimo minuto TV<br>*Las exclusivas de Jos\u00e9 Peguero<br>*Impol\u00edticamente correcto de Aneudy Santos<\/p>\n\n\n\n<p>Los comunicadores, locutores, periodistas y due\u00f1os de medios digitales que deseen asistir a la ceremonia de entrega del Premio Nacional de Periodismo Digital 2025, pueden registrarse en:<\/p>\n\n\n\n<figure class=\"wp-block-image size-large\"><img decoding=\"async\" width=\"819\" height=\"1024\" src=\"https:\/\/lasprimeras.com.do\/wp-content\/uploads\/2025\/11\/WhatsApp-Image-2025-11-15-at-2.09.02-PM-819x1024.jpeg\" alt=\"\" class=\"wp-image-114523\" srcset=\"https:\/\/lasprimeras.com.do\/wp-content\/uploads\/2025\/11\/WhatsApp-Image-2025-11-15-at-2.09.02-PM-819x1024.jpeg 819w, https:\/\/lasprimeras.com.do\/wp-content\/uploads\/2025\/11\/WhatsApp-Image-2025-11-15-at-2.09.02-PM-240x300.jpeg 240w, https:\/\/lasprimeras.com.do\/wp-content\/uploads\/2025\/11\/WhatsApp-Image-2025-11-15-at-2.09.02-PM-768x960.jpeg 768w, https:\/\/lasprimeras.com.do\/wp-content\/uploads\/2025\/11\/WhatsApp-Image-2025-11-15-at-2.09.02-PM.jpeg 1080w\" sizes=\"(max-width: 819px) 100vw, 819px\" \/><\/figure>\n\n\n<div id=\"eventbrite-widget-1\" class=\"wp-block-jetpack-eventbrite wp-block-jetpack-eventbrite--embed\"><a href=\"https:\/\/www.eventbrite.es\/e\/premio-nacional-de-periodismo-digital-2025-tickets-1971325393318?aff=oddtdtcreator\" rel=\"noopener noreferrer\" target=\"_blank\" class=\"eventbrite__direct-link\" >Reg\u00edstrate en Eventbrite<\/a><\/div>","protected":false},"excerpt":{"rendered":"<p>El Observatorio de Medios Digitales Dominicanos anunci\u00f3 este s\u00e1bado los nominados de la octava versi\u00f3n del Premio Nacional de Periodismo Digital 2025, una iniciativa respaldada por el Banco Popular y&hellip;<\/p>\n","protected":false},"author":10,"featured_media":114522,"comment_status":"open","ping_status":"open","sticky":false,"template":"","format":"standard","meta":{"content-type":"","jetpack_post_was_ever_published":false,"_jetpack_newsletter_access":"","_jetpack_dont_email_post_to_subs":false,"_jetpack_newsletter_tier_id":0,"_jetpack_memberships_contains_paywalled_content":false,"_jetpack_memberships_contains_paid_content":false,"footnotes":""},"categories":[84],"tags":[27178],"class_list":["post-114521","post","type-post","status-publish","format-standard","has-post-thumbnail","hentry","category-entretenimiento","tag-premio-periodismo-digital-2025"],"jetpack_featured_media_url":"https:\/\/lasprimeras.com.do\/wp-content\/uploads\/2025\/11\/WhatsApp-Image-2025-11-15-at-2.09.03-PM.jpeg","jetpack-related-posts":[{"id":63172,"url":"https:\/\/lasprimeras.com.do\/index.php\/2023\/10\/10\/observatorio-de-medios-digitales-anuncia-premio-nacional-de-periodismo-digital-2023\/","url_meta":{"origin":114521,"position":0},"title":"Observatorio de Medios Digitales anuncia Premio Nacional de Periodismo Digital 2023","author":"Nelson Feliz","date":"10 de octubre de 2023","format":false,"excerpt":"La ceremonia de entrega ser\u00e1 el martes 28 de noviembre, en el Centro Indotel de la Zona Colonial. Con el respaldo del Banco Popular y el Consorcio Energ\u00e9tico Punta Cana-Macao, el Observatorio de Medios Digitales anunci\u00f3 la sexta versi\u00f3n del Premio Nacional de Periodismo Digital de la Rep\u00fablica Dominicana, iniciativa\u2026","rel":"","context":"En \u00abENTRETENIMIENTO\u00bb","block_context":{"text":"ENTRETENIMIENTO","link":"https:\/\/lasprimeras.com.do\/index.php\/category\/entretenimiento\/"},"img":{"alt_text":"observatorio","src":"https:\/\/i0.wp.com\/lasprimeras.com.do\/wp-content\/uploads\/2023\/10\/observatorio-1.jpg?resize=350%2C200&ssl=1","width":350,"height":200,"srcset":"https:\/\/i0.wp.com\/lasprimeras.com.do\/wp-content\/uploads\/2023\/10\/observatorio-1.jpg?resize=350%2C200&ssl=1 1x, https:\/\/i0.wp.com\/lasprimeras.com.do\/wp-content\/uploads\/2023\/10\/observatorio-1.jpg?resize=525%2C300&ssl=1 1.5x, https:\/\/i0.wp.com\/lasprimeras.com.do\/wp-content\/uploads\/2023\/10\/observatorio-1.jpg?resize=700%2C400&ssl=1 2x"},"classes":[]},{"id":66865,"url":"https:\/\/lasprimeras.com.do\/index.php\/2023\/11\/10\/observatorio-anuncia-nominados-a-premio-nacional-de-periodismo-digital-2023\/","url_meta":{"origin":114521,"position":1},"title":"Observatorio anuncia nominados a Premio Nacional de Periodismo Digital 2023","author":"Nelson Feliz","date":"10 de noviembre de 2023","format":false,"excerpt":"El Observatorio de Medios Digitales Dominicanos anunci\u00f3 este jueves los nominados al Premio Nacional de Periodismo Digital 2023, iniciativa respaldada por el Banco Popular y el Consorcio Energ\u00e9tico Punta Cana-Macao (CEPM). El anuncio lo hizo la periodista Cristal Acevedo, presidenta del Observatorio, quien inform\u00f3 que este a\u00f1o la ceremonia de\u2026","rel":"","context":"En \u00abENTRETENIMIENTO\u00bb","block_context":{"text":"ENTRETENIMIENTO","link":"https:\/\/lasprimeras.com.do\/index.php\/category\/entretenimiento\/"},"img":{"alt_text":"Observatorio de Medios Digitales Dominicanos","src":"https:\/\/i0.wp.com\/lasprimeras.com.do\/wp-content\/uploads\/2023\/11\/Observatorio-de-Medios-Digitales-Dominicanos.jpg?resize=350%2C200&ssl=1","width":350,"height":200},"classes":[]},{"id":111662,"url":"https:\/\/lasprimeras.com.do\/index.php\/2025\/10\/12\/observatorio-de-medios-digitales-abre-convocatoria-para-premio-nacional-de-periodismo-digital-2025\/","url_meta":{"origin":114521,"position":2},"title":"Observatorio de Medios Digitales abre convocatoria para Premio Nacional de Periodismo Digital 2025","author":"Nelson Feliz","date":"12 de octubre de 2025","format":false,"excerpt":"El Observatorio de Medios Digitales Dominicanos inform\u00f3 este martes que est\u00e1n abiertas las postulaciones y el proceso de evaluaci\u00f3n para el Premio Nacional de Periodismo Digital de la Rep\u00fablica Dominicana 2025, iniciativa auspiciada por el Banco Popular. As\u00ed lo inform\u00f3 la periodista y maestra, Cristal Acevedo, quien precis\u00f3 que las\u2026","rel":"","context":"En \u00abTECNOL\u00d3GIA\u00bb","block_context":{"text":"TECNOL\u00d3GIA","link":"https:\/\/lasprimeras.com.do\/index.php\/category\/tecnologia\/"},"img":{"alt_text":"","src":"https:\/\/i0.wp.com\/lasprimeras.com.do\/wp-content\/uploads\/2025\/10\/WhatsApp-Image-2025-10-08-at-10.47.54-AM.jpeg?resize=350%2C200&ssl=1","width":350,"height":200,"srcset":"https:\/\/i0.wp.com\/lasprimeras.com.do\/wp-content\/uploads\/2025\/10\/WhatsApp-Image-2025-10-08-at-10.47.54-AM.jpeg?resize=350%2C200&ssl=1 1x, https:\/\/i0.wp.com\/lasprimeras.com.do\/wp-content\/uploads\/2025\/10\/WhatsApp-Image-2025-10-08-at-10.47.54-AM.jpeg?resize=525%2C300&ssl=1 1.5x, https:\/\/i0.wp.com\/lasprimeras.com.do\/wp-content\/uploads\/2025\/10\/WhatsApp-Image-2025-10-08-at-10.47.54-AM.jpeg?resize=700%2C400&ssl=1 2x, https:\/\/i0.wp.com\/lasprimeras.com.do\/wp-content\/uploads\/2025\/10\/WhatsApp-Image-2025-10-08-at-10.47.54-AM.jpeg?resize=1050%2C600&ssl=1 3x"},"classes":[]},{"id":90005,"url":"https:\/\/lasprimeras.com.do\/index.php\/2024\/10\/12\/observatorio-de-medios-digitales-abre-convocatoria-a-premio-nacional-de-periodismo-digital-2024\/","url_meta":{"origin":114521,"position":3},"title":"Observatorio de Medios Digitales abre convocatoria a Premio Nacional de Periodismo Digital 2024","author":"Nelson Feliz","date":"12 de octubre de 2024","format":false,"excerpt":"El Observatorio de Medios Digitales Dominicanos anunci\u00f3 este jueves la s\u00e9ptima versi\u00f3n del Premio Nacional de Periodismo Digital de la Rep\u00fablica Dominicana, iniciativa que reconoce la labor de periodistas, comunicadores y due\u00f1os de medios digitales. El anuncio lo hizo la periodista y maestra, Cristal Acevedo, quien explic\u00f3 que el evento\u2026","rel":"","context":"En \u00abNACIONALES\u00bb","block_context":{"text":"NACIONALES","link":"https:\/\/lasprimeras.com.do\/index.php\/category\/nacionales\/"},"img":{"alt_text":"","src":"https:\/\/i0.wp.com\/lasprimeras.com.do\/wp-content\/uploads\/2024\/10\/OBSE.jpg?resize=350%2C200&ssl=1","width":350,"height":200,"srcset":"https:\/\/i0.wp.com\/lasprimeras.com.do\/wp-content\/uploads\/2024\/10\/OBSE.jpg?resize=350%2C200&ssl=1 1x, https:\/\/i0.wp.com\/lasprimeras.com.do\/wp-content\/uploads\/2024\/10\/OBSE.jpg?resize=525%2C300&ssl=1 1.5x, https:\/\/i0.wp.com\/lasprimeras.com.do\/wp-content\/uploads\/2024\/10\/OBSE.jpg?resize=700%2C400&ssl=1 2x"},"classes":[]},{"id":115970,"url":"https:\/\/lasprimeras.com.do\/index.php\/2025\/11\/26\/reconocen-a-colombia-alcantara-por-su-trayectoria-y-altanto-tv-gana-el-premio-nacional-de-periodismo-digital\/","url_meta":{"origin":114521,"position":4},"title":"Reconocen a Colombia Alc\u00e1ntara por su trayectoria y Altanto TV gana el Premio Nacional de Periodismo Digital","author":"Nelson Feliz","date":"26 de noviembre de 2025","format":false,"excerpt":"La periodista y comunicadora Colombia Alc\u00e1ntara fue homenajeada durante la Octava Entrega del Premio Nacional de Periodismo Digital, un evento celebrado en el Centro Indotel de la Zona Colonial que reconoce la excelencia en los medios digitales de la Rep\u00fablica Dominicana. Alc\u00e1ntara recibi\u00f3 una distinci\u00f3n especial del Observatorio de Medios\u2026","rel":"","context":"En \u00abENTRETENIMIENTO\u00bb","block_context":{"text":"ENTRETENIMIENTO","link":"https:\/\/lasprimeras.com.do\/index.php\/category\/entretenimiento\/"},"img":{"alt_text":"Colombia Alc\u00e1ntara","src":"https:\/\/i0.wp.com\/lasprimeras.com.do\/wp-content\/uploads\/2025\/11\/Colombia-Alcantara.jpg?resize=350%2C200&ssl=1","width":350,"height":200,"srcset":"https:\/\/i0.wp.com\/lasprimeras.com.do\/wp-content\/uploads\/2025\/11\/Colombia-Alcantara.jpg?resize=350%2C200&ssl=1 1x, https:\/\/i0.wp.com\/lasprimeras.com.do\/wp-content\/uploads\/2025\/11\/Colombia-Alcantara.jpg?resize=525%2C300&ssl=1 1.5x, https:\/\/i0.wp.com\/lasprimeras.com.do\/wp-content\/uploads\/2025\/11\/Colombia-Alcantara.jpg?resize=700%2C400&ssl=1 2x"},"classes":[]},{"id":88636,"url":"https:\/\/lasprimeras.com.do\/index.php\/2024\/09\/01\/cristal-acevedo-es-designada-como-gerente-de-medios-en-indotel\/","url_meta":{"origin":114521,"position":5},"title":"Cristal Acevedo es designada como gerente de Medios en Indotel","author":"Nelson Feliz","date":"1 de septiembre de 2024","format":false,"excerpt":"La periodista Cristal Acevedo fue designada como gerente de Medios en el Instituto Dominicano de las Telecomunicaciones (Indotel). Su designaci\u00f3n fue hecha por Guido G\u00f3mez Mazara, quien es el nuevo director ejecutivo del Indotel. Acevedo, adem\u00e1s de periodista es escritora y catedr\u00e1tica universitaria. Ha desarrollado una extensa carrera en medios\u2026","rel":"","context":"En \u00abNACIONALES\u00bb","block_context":{"text":"NACIONALES","link":"https:\/\/lasprimeras.com.do\/index.php\/category\/nacionales\/"},"img":{"alt_text":"Cristal Acevedo","src":"https:\/\/i0.wp.com\/lasprimeras.com.do\/wp-content\/uploads\/2024\/01\/Cristal-Acevedo.jpg?resize=350%2C200&ssl=1","width":350,"height":200,"srcset":"https:\/\/i0.wp.com\/lasprimeras.com.do\/wp-content\/uploads\/2024\/01\/Cristal-Acevedo.jpg?resize=350%2C200&ssl=1 1x, https:\/\/i0.wp.com\/lasprimeras.com.do\/wp-content\/uploads\/2024\/01\/Cristal-Acevedo.jpg?resize=525%2C300&ssl=1 1.5x, https:\/\/i0.wp.com\/lasprimeras.com.do\/wp-content\/uploads\/2024\/01\/Cristal-Acevedo.jpg?resize=700%2C400&ssl=1 2x"},"classes":[]}],"jetpack_sharing_enabled":true,"_links":{"self":[{"href":"https:\/\/lasprimeras.com.do\/index.php\/wp-json\/wp\/v2\/posts\/114521","targetHints":{"allow":["GET"]}}],"collection":[{"href":"https:\/\/lasprimeras.com.do\/index.php\/wp-json\/wp\/v2\/posts"}],"about":[{"href":"https:\/\/lasprimeras.com.do\/index.php\/wp-json\/wp\/v2\/types\/post"}],"author":[{"embeddable":true,"href":"https:\/\/lasprimeras.com.do\/index.php\/wp-json\/wp\/v2\/users\/10"}],"replies":[{"embeddable":true,"href":"https:\/\/lasprimeras.com.do\/index.php\/wp-json\/wp\/v2\/comments?post=114521"}],"version-history":[{"count":1,"href":"https:\/\/lasprimeras.com.do\/index.php\/wp-json\/wp\/v2\/posts\/114521\/revisions"}],"predecessor-version":[{"id":114524,"href":"https:\/\/lasprimeras.com.do\/index.php\/wp-json\/wp\/v2\/posts\/114521\/revisions\/114524"}],"wp:featuredmedia":[{"embeddable":true,"href":"https:\/\/lasprimeras.com.do\/index.php\/wp-json\/wp\/v2\/media\/114522"}],"wp:attachment":[{"href":"https:\/\/lasprimeras.com.do\/index.php\/wp-json\/wp\/v2\/media?parent=114521"}],"wp:term":[{"taxonomy":"category","embeddable":true,"href":"https:\/\/lasprimeras.com.do\/index.php\/wp-json\/wp\/v2\/categories?post=114521"},{"taxonomy":"post_tag","embeddable":true,"href":"https:\/\/lasprimeras.com.do\/index.php\/wp-json\/wp\/v2\/tags?post=114521"}],"curies":[{"name":"wp","href":"https:\/\/api.w.org\/{rel}","templated":true}]}}