{"id":114560,"date":"2025-07-04T20:47:00","date_gmt":"2025-07-05T00:47:00","guid":{"rendered":"https:\/\/lasprimeras.com.do\/?p=114560"},"modified":"2025-11-15T21:19:18","modified_gmt":"2025-11-16T01:19:18","slug":"vicepresidenta-raquel-pena-entrega-unidad-de-pie-diabetico-en-hospital-municipal-de-imbert","status":"publish","type":"post","link":"https:\/\/lasprimeras.com.do\/index.php\/2025\/07\/04\/vicepresidenta-raquel-pena-entrega-unidad-de-pie-diabetico-en-hospital-municipal-de-imbert\/","title":{"rendered":"Vicepresidenta Raquel Pe\u00f1a entrega Unidad de Pie Diab\u00e9tico en Hospital Municipal de Imbert"},"content":{"rendered":"\n<p><strong>Segunda, de diez que construye el Gobierno en distintos puntos del pa\u00eds.<\/strong><\/p>\n\n\n\n<p>La vicepresidenta de la Rep\u00fablica, Raquel Pe\u00f1a, junto al director del Servicio Nacional de Salud (SNS), Mario Lama, entreg\u00f3 este viernes la segunda Unidad de Pie Diab\u00e9tico, en el Hospital Municipal de Imbert, provincia Puerto Plata, como parte de una estrategia nacional que contempla la instalaci\u00f3n de diez nuevas unidades en distintos puntos del pa\u00eds.<\/p>\n\n\n\n<p>\u201cCon la inauguraci\u00f3n de esta nueva Unidad de Pie Diab\u00e9tico, reafirmamos nuestro compromiso con un principio fundamental: que la salud debe ser un derecho, no un privilegio, y que cada dominicano y dominicana, sin importar d\u00f3nde viva, debe tener acceso a atenci\u00f3n m\u00e9dica digna y oportuna\u201d, extern\u00f3 Pe\u00f1a.<\/p>\n\n\n\n<p>La vicemandataria explic\u00f3 que la diabetes es una de las principales amenazas a la salud y que gracias a esta unidad, se podr\u00e1 detectar de forma m\u00e1s temprana los riesgos y realizar intervenciones antes de que las complicaciones avancen, adem\u00e1s de reducir dr\u00e1sticamente las amputaciones.<\/p>\n\n\n\n<p>\u201cEsta unidad se suma a la que ya funciona en el Hospital Marcelino V\u00e9lez Santana, como parte de una estrategia nacional dise\u00f1ada y ejecutada bajo el liderazgo del presidente Luis Abinader, para acercar servicios especializados a nuestras localidades\u201d, dijo la vicemandataria.<\/p>\n\n\n\n<p>El director ejecutivo del SNS, doctor Mario Lama, afirm\u00f3 que \u201ccon el respaldo firme del presidente Luis Abinader, \u201cHemos logrado avances sin precedentes en la Red P\u00fablica de Servicios de Salud, con 75 hospitales remozados y equipados en todas las provincias del pa\u00eds.<\/p>\n\n\n\n<p>Hoy entregamos esta moderna Unidad de Pie Diab\u00e9tico en el municipio de Imbert, que beneficiar\u00e1 directamente a m\u00e1s de 22 mil habitantes, al tiempo que descongestionar\u00e1 al hospital Ricardo Limardo y acercar\u00e1 servicios especializados a comunidades que antes deb\u00edan recorrer largas distancias para recibir atenci\u00f3n\u201d.<\/p>\n\n\n\n<p>El titular del SNS agreg\u00f3 que \u201cEsta unidad es la segunda de una red nacional de diez que estamos habilitando para brindar atenci\u00f3n digna, continua y oportuna a pacientes con diabetes.<\/p>\n\n\n\n<p>Adem\u00e1s, avanzamos en la entrega de nueve unidades oncol\u00f3gicas, ocho de hemodi\u00e1lisis y nuevos hospitales traumatol\u00f3gicos, lo que elevar\u00e1 a 28 las unidades especializadas creadas durante esta gesti\u00f3n. Con hechos concretos seguimos transformando el acceso a una salud p\u00fablica moderna y eficiente\u201d.<\/p>\n\n\n\n<p>Explic\u00f3 que el moderno espacio implic\u00f3 una inversi\u00f3n total de RD$34,847,433.87, de los cuales RD$30,863,818.06 fueron destinados a obras de infraestructura y RD$3,983,615.81 a equipamiento m\u00e9dico.<\/p>\n\n\n\n<p>Cuenta con dos consultorios, \u00e1rea de curas limpias con cuatro cub\u00edculos, ba\u00f1o, estaci\u00f3n de Enfermer\u00eda, dos salas de curas sucias, quir\u00f3fano menor, cuarto de esterilizaci\u00f3n y sala de observaci\u00f3n con dos cub\u00edculos.<\/p>\n\n\n\n<p>Adem\u00e1s, incluye \u00e1reas de apoyo como sala de espera, ba\u00f1o com\u00fan, registro de pacientes, cuarto el\u00e9ctrico y oficina administrativa.<\/p>\n\n\n\n<p>Con esta segunda entrega, el SNS avanza en la conformaci\u00f3n de una Red P\u00fablica m\u00e1s resolutiva, equitativa y centrada en la atenci\u00f3n de condiciones dignas, como parte del compromiso del Gobierno de llevar servicios especializados a todos los rincones del pa\u00eds.<\/p>\n\n\n\n<p>En la inauguraci\u00f3n estuvieron presentes la senadora de Puerto Plata, Ginette Bournigal; el director del Instituto Dominicano de Aviaci\u00f3n Civil (IDAC), Igor Rodr\u00edguez; la alcaldesa de Imbert, Mar\u00eda Elena Ramos; el director regional de Salud, doctor Bernardo Hilario; la directora del Hospital Municipal de Imbert, doctora Mar\u00eda Flores; el director provincial de Salud, Junior Hern\u00e1ndez y personal m\u00e9dico, de enfermer\u00eda, bioan\u00e1lisis e im\u00e1genes del centro de salud.<\/p>\n","protected":false},"excerpt":{"rendered":"<p>Segunda, de diez que construye el Gobierno en distintos puntos del pa\u00eds. La vicepresidenta de la Rep\u00fablica, Raquel Pe\u00f1a, junto al director del Servicio Nacional de Salud (SNS), Mario Lama,&hellip;<\/p>\n","protected":false},"author":10,"featured_media":114561,"comment_status":"open","ping_status":"open","sticky":false,"template":"","format":"standard","meta":{"content-type":"","jetpack_post_was_ever_published":false,"_jetpack_newsletter_access":"","_jetpack_dont_email_post_to_subs":false,"_jetpack_newsletter_tier_id":0,"_jetpack_memberships_contains_paywalled_content":false,"_jetpack_memberships_contains_paid_content":false,"footnotes":""},"categories":[25,16558],"tags":[27193,2873,21063,2874],"class_list":["post-114560","post","type-post","status-publish","format-standard","has-post-thumbnail","hentry","category-portada","category-salud","tag-hospital-municipal-de-imbert","tag-raquel-pena","tag-unidad-de-pie-diabetico","tag-vicepresidenta"],"jetpack_featured_media_url":"https:\/\/lasprimeras.com.do\/wp-content\/uploads\/2025\/11\/Raquel-Pena-2.jpg","jetpack-related-posts":[{"id":107892,"url":"https:\/\/lasprimeras.com.do\/index.php\/2025\/08\/28\/vicepresidenta-inaugura-emergencia-hospital-de-cenovi-entrega-unidades-de-oncologia-y-pie-diabetico-en-cotui\/","url_meta":{"origin":114560,"position":0},"title":"Vicepresidenta inaugura Emergencia hospital de Cenov\u00ed; entrega unidades de Oncolog\u00eda y Pie Diab\u00e9tico en Cotu\u00ed","author":"Nelson Feliz","date":"28 de agosto de 2025","format":false,"excerpt":"Implica una inversi\u00f3n superior a RD$152 millones La vicepresidenta de la Rep\u00fablica, Raquel Pe\u00f1a y el director del Servicio Nacional de Salud (SNS), doctor Mario Lama, encabezaron la inauguraci\u00f3n de nuevas \u00e1reas de atenci\u00f3n en los hospitales Inmaculada Concepci\u00f3n, en S\u00e1nchez Ram\u00edrez y Doctor Mario Fern\u00e1ndez Mena, en Duarte, con\u2026","rel":"","context":"En \u00abSALUD\u00bb","block_context":{"text":"SALUD","link":"https:\/\/lasprimeras.com.do\/index.php\/category\/salud\/"},"img":{"alt_text":"","src":"https:\/\/i0.wp.com\/lasprimeras.com.do\/wp-content\/uploads\/2025\/09\/Portada-Cenovi-2048x1365-1.jpg?resize=350%2C200&ssl=1","width":350,"height":200,"srcset":"https:\/\/i0.wp.com\/lasprimeras.com.do\/wp-content\/uploads\/2025\/09\/Portada-Cenovi-2048x1365-1.jpg?resize=350%2C200&ssl=1 1x, https:\/\/i0.wp.com\/lasprimeras.com.do\/wp-content\/uploads\/2025\/09\/Portada-Cenovi-2048x1365-1.jpg?resize=525%2C300&ssl=1 1.5x, https:\/\/i0.wp.com\/lasprimeras.com.do\/wp-content\/uploads\/2025\/09\/Portada-Cenovi-2048x1365-1.jpg?resize=700%2C400&ssl=1 2x"},"classes":[]},{"id":107580,"url":"https:\/\/lasprimeras.com.do\/index.php\/2025\/08\/28\/la-vicepresidenta-raquel-pena-junto-al-senador-ricardo-de-los-santos-entregan-obras-en-sanchez-ramirez\/","url_meta":{"origin":114560,"position":1},"title":"La vicepresidenta Raquel Pe\u00f1a junto al senador Ricardo de los Santos entregan obras en S\u00e1nchez Ram\u00edrez","author":"Nelson Feliz","date":"28 de agosto de 2025","format":false,"excerpt":"Entre las obras inauguradas se destaca una nueva Unidad de Pie Diab\u00e9tico y Oncolog\u00eda en el Hospital Inmaculada Concepci\u00f3n, as\u00ed como varias carreteras en distintos municipios de la provincia. El Senador por la provincia S\u00e1nchez Ram\u00edrez, Ricardo de los Santos, y la vicepresidenta Raquel Pe\u00f1a encabezaron la entrega de varias\u2026","rel":"","context":"En \u00abNACIONALES\u00bb","block_context":{"text":"NACIONALES","link":"https:\/\/lasprimeras.com.do\/index.php\/category\/nacionales\/"},"img":{"alt_text":"","src":"https:\/\/i0.wp.com\/lasprimeras.com.do\/wp-content\/uploads\/2025\/08\/Raquel-Pena-1.jpg?resize=350%2C200&ssl=1","width":350,"height":200,"srcset":"https:\/\/i0.wp.com\/lasprimeras.com.do\/wp-content\/uploads\/2025\/08\/Raquel-Pena-1.jpg?resize=350%2C200&ssl=1 1x, https:\/\/i0.wp.com\/lasprimeras.com.do\/wp-content\/uploads\/2025\/08\/Raquel-Pena-1.jpg?resize=525%2C300&ssl=1 1.5x, https:\/\/i0.wp.com\/lasprimeras.com.do\/wp-content\/uploads\/2025\/08\/Raquel-Pena-1.jpg?resize=700%2C400&ssl=1 2x"},"classes":[]},{"id":85119,"url":"https:\/\/lasprimeras.com.do\/index.php\/2024\/06\/22\/hospital-taiwan-inaugura-su-nueva-unidad-de-pie-diabetico-dr-jose-bayohan-martinez-perez\/","url_meta":{"origin":114560,"position":2},"title":"Hospital Taiw\u00e1n inaugura su nueva unidad de Pie Diab\u00e9tico Dr. Jos\u00e9 Bayohan Mart\u00ednez P\u00e9rez","author":"Nelson Feliz","date":"22 de junio de 2024","format":false,"excerpt":"Por Felix Julio Ramirez El Hospital Regional Taiw\u00e1n celebr\u00f3 la inauguraci\u00f3n de su nueva Unidad de Pie Diab\u00e9tico, dedicada en honor al Dr. Jos\u00e9 Bayohan Mart\u00ednez P\u00e9rez. Las palabras de bienvenida estuvieron a cargo del Dr. Luis Edward P\u00e9rez, director del centro de salud, quien destac\u00f3 la importancia de esta\u2026","rel":"","context":"En \u00abPORTADA\u00bb","block_context":{"text":"PORTADA","link":"https:\/\/lasprimeras.com.do\/index.php\/category\/portada\/"},"img":{"alt_text":"Dr. Jos\u00e9 Bayohan Mart\u00ednez P\u00e9rez","src":"https:\/\/i0.wp.com\/lasprimeras.com.do\/wp-content\/uploads\/2024\/06\/Dr.-Jose-Bayohan-Martinez-Perez.jpg?resize=350%2C200&ssl=1","width":350,"height":200,"srcset":"https:\/\/i0.wp.com\/lasprimeras.com.do\/wp-content\/uploads\/2024\/06\/Dr.-Jose-Bayohan-Martinez-Perez.jpg?resize=350%2C200&ssl=1 1x, https:\/\/i0.wp.com\/lasprimeras.com.do\/wp-content\/uploads\/2024\/06\/Dr.-Jose-Bayohan-Martinez-Perez.jpg?resize=525%2C300&ssl=1 1.5x"},"classes":[]},{"id":114557,"url":"https:\/\/lasprimeras.com.do\/index.php\/2025\/07\/01\/abinader-inaugura-unidad-de-pie-diabetico-en-hospital-de-herrera-marcelino-velez-santana\/","url_meta":{"origin":114560,"position":3},"title":"Abinader inaugura unidad de pie diab\u00e9tico en Hospital de Herrera, Marcelino V\u00e9lez Santana","author":"Nelson Feliz","date":"1 de julio de 2025","format":false,"excerpt":"Gobierno tiene previsto instalar diez unidades de Pie Diab\u00e9tico en distintos puntos del pa\u00eds para fortalecer la atenci\u00f3n a pacientes diab\u00e9ticos y reducir complicaciones que deriven en amputaciones. El presidente Luis Abinader dej\u00f3 inaugurada este martes la primera Unidad de Pie Diab\u00e9tico en el Hospital General Dr. Marcelino V\u00e9lez Santana,\u2026","rel":"","context":"En \u00abPORTADA\u00bb","block_context":{"text":"PORTADA","link":"https:\/\/lasprimeras.com.do\/index.php\/category\/portada\/"},"img":{"alt_text":"","src":"https:\/\/i0.wp.com\/lasprimeras.com.do\/wp-content\/uploads\/2025\/11\/Hospital-General-Dr.-Marcelino-Velez-Santana.jpg?resize=350%2C200&ssl=1","width":350,"height":200,"srcset":"https:\/\/i0.wp.com\/lasprimeras.com.do\/wp-content\/uploads\/2025\/11\/Hospital-General-Dr.-Marcelino-Velez-Santana.jpg?resize=350%2C200&ssl=1 1x, https:\/\/i0.wp.com\/lasprimeras.com.do\/wp-content\/uploads\/2025\/11\/Hospital-General-Dr.-Marcelino-Velez-Santana.jpg?resize=525%2C300&ssl=1 1.5x, https:\/\/i0.wp.com\/lasprimeras.com.do\/wp-content\/uploads\/2025\/11\/Hospital-General-Dr.-Marcelino-Velez-Santana.jpg?resize=700%2C400&ssl=1 2x"},"classes":[]},{"id":102139,"url":"https:\/\/lasprimeras.com.do\/index.php\/2025\/07\/01\/abinader-deja-inaugurada-unidad-de-pie-diabetico-en-hospital-marcelino-velez-santana-de-herrera\/","url_meta":{"origin":114560,"position":4},"title":"Abinader deja inaugurada unidad de pie diab\u00e9tico en Hospital Marcelino V\u00e9lez Santana de Herrera","author":"Nelson Feliz","date":"1 de julio de 2025","format":false,"excerpt":"Gobierno tiene previsto instalar diez unidades de Pie Diab\u00e9tico en distintos puntos del pa\u00eds para fortalecer la atenci\u00f3n a pacientes diab\u00e9ticos y reducir complicaciones que deriven en amputaciones. El presidente Luis Abinader dej\u00f3 inaugurada este martes la primera Unidad de Pie Diab\u00e9tico en el Hospital General Dr. Marcelino V\u00e9lez Santana,\u2026","rel":"","context":"En \u00abPORTADA\u00bb","block_context":{"text":"PORTADA","link":"https:\/\/lasprimeras.com.do\/index.php\/category\/portada\/"},"img":{"alt_text":"","src":"https:\/\/i0.wp.com\/lasprimeras.com.do\/wp-content\/uploads\/2025\/07\/Luis-Abinader-C.jpg?resize=350%2C200&ssl=1","width":350,"height":200,"srcset":"https:\/\/i0.wp.com\/lasprimeras.com.do\/wp-content\/uploads\/2025\/07\/Luis-Abinader-C.jpg?resize=350%2C200&ssl=1 1x, https:\/\/i0.wp.com\/lasprimeras.com.do\/wp-content\/uploads\/2025\/07\/Luis-Abinader-C.jpg?resize=525%2C300&ssl=1 1.5x, https:\/\/i0.wp.com\/lasprimeras.com.do\/wp-content\/uploads\/2025\/07\/Luis-Abinader-C.jpg?resize=700%2C400&ssl=1 2x"},"classes":[]},{"id":99731,"url":"https:\/\/lasprimeras.com.do\/index.php\/2025\/05\/26\/alarma-a-dominicanos-cada-30-segundos-amputan-una-extremidad-por-diabetes-en-el-mundo\/","url_meta":{"origin":114560,"position":5},"title":"Alarma a dominicanos cada 30 segundos amputan una extremidad por diabetes en el mundo","author":"Nelson Feliz","date":"26 de mayo de 2025","format":false,"excerpt":"El Bronx entre lugares USA con m\u00e1s casos. Por Ram\u00f3n Mercedes NUEVA YORK.- Dominicanos residentes en El Bronx se muestran alarmados por los datos que muestran que cada 30 segundos se produce la amputaci\u00f3n de una extremidad a una persona por pie diab\u00e9tico en el mundo. As\u00ed lo expresan Manuel\u2026","rel":"","context":"En \u00abSALUD\u00bb","block_context":{"text":"SALUD","link":"https:\/\/lasprimeras.com.do\/index.php\/category\/salud\/"},"img":{"alt_text":"","src":"https:\/\/i0.wp.com\/lasprimeras.com.do\/wp-content\/uploads\/2025\/05\/WhatsApp-Image-2025-05-26-at-6.09.01-AM-2.jpeg?resize=350%2C200&ssl=1","width":350,"height":200,"srcset":"https:\/\/i0.wp.com\/lasprimeras.com.do\/wp-content\/uploads\/2025\/05\/WhatsApp-Image-2025-05-26-at-6.09.01-AM-2.jpeg?resize=350%2C200&ssl=1 1x, https:\/\/i0.wp.com\/lasprimeras.com.do\/wp-content\/uploads\/2025\/05\/WhatsApp-Image-2025-05-26-at-6.09.01-AM-2.jpeg?resize=525%2C300&ssl=1 1.5x, https:\/\/i0.wp.com\/lasprimeras.com.do\/wp-content\/uploads\/2025\/05\/WhatsApp-Image-2025-05-26-at-6.09.01-AM-2.jpeg?resize=700%2C400&ssl=1 2x"},"classes":[]}],"jetpack_sharing_enabled":true,"_links":{"self":[{"href":"https:\/\/lasprimeras.com.do\/index.php\/wp-json\/wp\/v2\/posts\/114560","targetHints":{"allow":["GET"]}}],"collection":[{"href":"https:\/\/lasprimeras.com.do\/index.php\/wp-json\/wp\/v2\/posts"}],"about":[{"href":"https:\/\/lasprimeras.com.do\/index.php\/wp-json\/wp\/v2\/types\/post"}],"author":[{"embeddable":true,"href":"https:\/\/lasprimeras.com.do\/index.php\/wp-json\/wp\/v2\/users\/10"}],"replies":[{"embeddable":true,"href":"https:\/\/lasprimeras.com.do\/index.php\/wp-json\/wp\/v2\/comments?post=114560"}],"version-history":[{"count":1,"href":"https:\/\/lasprimeras.com.do\/index.php\/wp-json\/wp\/v2\/posts\/114560\/revisions"}],"predecessor-version":[{"id":114562,"href":"https:\/\/lasprimeras.com.do\/index.php\/wp-json\/wp\/v2\/posts\/114560\/revisions\/114562"}],"wp:featuredmedia":[{"embeddable":true,"href":"https:\/\/lasprimeras.com.do\/index.php\/wp-json\/wp\/v2\/media\/114561"}],"wp:attachment":[{"href":"https:\/\/lasprimeras.com.do\/index.php\/wp-json\/wp\/v2\/media?parent=114560"}],"wp:term":[{"taxonomy":"category","embeddable":true,"href":"https:\/\/lasprimeras.com.do\/index.php\/wp-json\/wp\/v2\/categories?post=114560"},{"taxonomy":"post_tag","embeddable":true,"href":"https:\/\/lasprimeras.com.do\/index.php\/wp-json\/wp\/v2\/tags?post=114560"}],"curies":[{"name":"wp","href":"https:\/\/api.w.org\/{rel}","templated":true}]}}