{"id":114607,"date":"2025-08-10T10:08:00","date_gmt":"2025-08-10T14:08:00","guid":{"rendered":"https:\/\/lasprimeras.com.do\/?p=114607"},"modified":"2025-11-16T10:11:17","modified_gmt":"2025-11-16T14:11:17","slug":"sns-amplia-servicios-de-laboratorio-clinico-y-diagnostico-en-la-red-publica-en-beneficio-de-mas-de-un-millon-de-personas","status":"publish","type":"post","link":"https:\/\/lasprimeras.com.do\/index.php\/2025\/08\/10\/sns-amplia-servicios-de-laboratorio-clinico-y-diagnostico-en-la-red-publica-en-beneficio-de-mas-de-un-millon-de-personas\/","title":{"rendered":"SNS ampl\u00eda servicios de laboratorio cl\u00ednico y diagn\u00f3stico en la Red P\u00fablica en beneficio de m\u00e1s de un mill\u00f3n de personas"},"content":{"rendered":"\n<p>M\u00e1s de un mill\u00f3n de personas se benefician de los nuevos servicios de laboratorio cl\u00ednico e im\u00e1genes diagn\u00f3sticas habilitados por el Servicio Nacional de Salud (SNS) en centros de la Red P\u00fablica en distintas regiones del pa\u00eds. Estas acciones forman parte del compromiso institucional de garantizar diagn\u00f3sticos oportunos en infraestructuras modernas, dignas y accesibles.<\/p>\n\n\n\n<p>En febrero de 2024, fue puesto en funcionamiento el laboratorio cl\u00ednico del Hospital Municipal Dr. Pedro Heredia Rojas, en Sabana Grande de Boy\u00e1, que tambi\u00e9n cuenta con rayos X, electrocardiograma y sonograf\u00eda. La intervenci\u00f3n benefici\u00f3 a m\u00e1s de 30 mil habitantes, con una inversi\u00f3n de RD$49,041,684.78.<\/p>\n\n\n\n<p>Durante marzo de 2024, se realizaron importantes avances en el fortalecimiento de la Red. Fue remozado el Hospital Infantil Dr. Jos\u00e9 Manuel Rodr\u00edguez Jim\u00e9nez (antiguo Santo Socorro), permitiendo su elevaci\u00f3n de segundo a tercer nivel de atenci\u00f3n, con una inversi\u00f3n superior a RD$126 millones. <\/p>\n\n\n\n<p>La intervenci\u00f3n incluy\u00f3 la rehabilitaci\u00f3n del laboratorio cl\u00ednico, \u00e1rea de toma de muestras, Banco de Sangre, servicios de Rayos X y Sonograf\u00eda, as\u00ed como la adecuaci\u00f3n de dos consultorios para adolescentes y espacios para programas especiales como Tuberculosis y VIH. Esta mejora impacta positivamente a sectores como Ensanche La Fe, Cristo Rey y La Agustina.<\/p>\n\n\n\n<p>Ese mismo mes, fueron habilitados nuevos servicios de laboratorio cl\u00ednico en la Unidad Modelo de Atenci\u00f3n Primaria Santa Fe y en el Centro de Atenci\u00f3n Primaria Guayacanes, con una inversi\u00f3n conjunta de RD$19,259,432.14, impactando a m\u00e1s de 20 mil personas en la regi\u00f3n Este.<\/p>\n\n\n\n<p>En junio de 2024, fue inaugurado el Laboratorio Cl\u00ednico de la Ciudad Sanitaria Dr. Luis Eduardo Aybar, ubicado en el Centro Especializado de Atenci\u00f3n Ambulatoria Dr. Nelson Astacio. Este moderno espacio ofrece pruebas de hematolog\u00eda, qu\u00edmica cl\u00ednica, serolog\u00eda y uroan\u00e1lisis, y pr\u00f3ximamente integrar\u00e1 estudios de histocompatibilidad.<\/p>\n\n\n\n<p>Tambi\u00e9n en junio, fue habilitado un laboratorio cl\u00ednico en el CPN El Caliche de Los R\u00edos, en el Distrito Nacional, beneficiando a m\u00e1s de 2,500 personas.<\/p>\n\n\n\n<p>Adem\u00e1s, entr\u00f3 en funcionamiento el Hospital Municipal Galv\u00e1n, en Bahoruco, con servicios de laboratorio e im\u00e1genes diagn\u00f3sticas, para una poblaci\u00f3n estimada de 108 mil personas. En esa misma fecha se habilitaron servicios de im\u00e1genes en el Hospital Julia Santana.<\/p>\n\n\n\n<p>Durante agosto de 2024, en la provincia Valverde, fueron inaugurados los servicios del Centro de Primer Nivel Laguna Salada y del Hospital Municipal Julio Moronta, este \u00faltimo remozado con una inversi\u00f3n de RD$79,136,411.47. Ambos centros disponen de laboratorio, banco de sangre e im\u00e1genes diagn\u00f3sticas, beneficiando a m\u00e1s de 30 mil habitantes.<\/p>\n\n\n\n<p>En septiembre de 2024, se fortalecieron los laboratorios de anatom\u00eda patol\u00f3gica en once hospitales con la entrega de 19 microtomos, dos procesadores de tejidos y un dispensador de parafina. Los centros beneficiados fueron: Francisco Moscoso Puello, Francisco Vicente Castro (Boca Chica), Dra. Evangelina Rodr\u00edguez Perozo, Instituto Nacional del C\u00e1ncer Rosa Emilia Tavares (INCART), Juan Pablo Pina, San Vicente de Pa\u00fal, presidente Estrella Ure\u00f1a, Dr. Jaime Mota, Hospital Taiw\u00e1n 19 de marzo, Francisco Gonzalvo y Luis Morillo King.<\/p>\n\n\n\n<p>Asimismo, se inaugur\u00f3 el laboratorio cl\u00ednico y el servicio de im\u00e1genes del Hospital Municipal Doctora Armida Garc\u00eda, con una inversi\u00f3n de RD$149,864,062.47, impactando a m\u00e1s de 420 mil personas.<\/p>\n\n\n\n<p>Tambi\u00e9n inici\u00f3 operaciones el Centro Cl\u00ednico y Diagn\u00f3stico Palmarito, en La Vega, con servicios de laboratorio, rayos X, mamograf\u00eda y sonograf\u00eda, gracias a una inversi\u00f3n de RD$26,237,577.19, en beneficio de m\u00e1s de 221 mil personas.<\/p>\n\n\n\n<p>En enero de 2025, fue incorporado un tom\u00f3grafo de 128 cortes en el Hospital Traumatol\u00f3gico Dr. Dar\u00edo Contreras, ampliando significativamente su capacidad diagn\u00f3stica.<\/p>\n\n\n\n<p>En mayo de 2025, fue intervenido el Hospital Municipal Guananico, en la provincia Puerto Plata, con una inversi\u00f3n total de RD$68,780,877.63. Esta renovaci\u00f3n permiti\u00f3 adecuar \u00e1reas clave como Emergencia, Internamiento, Quir\u00f3fano, Unidad Neonatal, Laboratorio e Im\u00e1genes Diagn\u00f3sticas.<\/p>\n\n\n\n<p>En julio de 2025, fueron entregados modernos son\u00f3grafos a nueve centros de salud de la regi\u00f3n Ozama, con una inversi\u00f3n total de RD$7,353,128.61. Los beneficiarios incluyen cinco Centros Cl\u00ednicos y Diagn\u00f3sticos (Guanuma, Barney Morgan, Las Caobas, Mam\u00e1 Ting\u00f3 e Ingenio Ozama) y cuatro Centros de Primer Nivel.<\/p>\n\n\n\n<p>En el municipio de Villa Riva, provincia Duarte, el Hospital Municipal Alicia de Legendre tambi\u00e9n fue beneficiado con una intervenci\u00f3n integral por parte del SNS, que incluy\u00f3 remozamiento, adecuaci\u00f3n y ampliaci\u00f3n del \u00e1rea de emergencia, as\u00ed como equipamiento m\u00e9dico, con una inversi\u00f3n total de RD$67,976,418.80.<\/p>\n\n\n\n<p>Este centro cuenta con laboratorio cl\u00ednico, servicios de rayos X, sonograf\u00eda, \u00e1rea de cura, triaje, vacunaci\u00f3n, consultorios especializados, entre otros espacios que permitir\u00e1n ofrecer atenciones oportunas y dignas a los m\u00e1s de 33,000 habitantes del municipio.<\/p>\n\n\n\n<p>El SNS reitera su compromiso con el fortalecimiento de la Red P\u00fablica, garantizando servicios diagn\u00f3sticos de calidad en infraestructuras equipadas y accesibles para toda la poblaci\u00f3n.<\/p>\n","protected":false},"excerpt":{"rendered":"<p>M\u00e1s de un mill\u00f3n de personas se benefician de los nuevos servicios de laboratorio cl\u00ednico e im\u00e1genes diagn\u00f3sticas habilitados por el Servicio Nacional de Salud (SNS) en centros de la&hellip;<\/p>\n","protected":false},"author":10,"featured_media":114608,"comment_status":"open","ping_status":"open","sticky":false,"template":"","format":"standard","meta":{"content-type":"","jetpack_post_was_ever_published":false,"_jetpack_newsletter_access":"","_jetpack_dont_email_post_to_subs":false,"_jetpack_newsletter_tier_id":0,"_jetpack_memberships_contains_paywalled_content":false,"_jetpack_memberships_contains_paid_content":false,"footnotes":""},"categories":[25,16558],"tags":[14856,706,27212,10320,994,2756],"class_list":["post-114607","post","type-post","status-publish","format-standard","has-post-thumbnail","hentry","category-portada","category-salud","tag-beneficio","tag-diagnostico","tag-laboratorio-clinico","tag-red-publica","tag-servicios","tag-sns"],"jetpack_featured_media_url":"https:\/\/lasprimeras.com.do\/wp-content\/uploads\/2025\/11\/laboratorio-clinico.jpg","jetpack-related-posts":[{"id":114273,"url":"https:\/\/lasprimeras.com.do\/index.php\/2025\/11\/05\/sns-impulsa-actualizacion-tecnica-personal-de-laboratorios-e-imagenes-en-la-red-publica-de-salud\/","url_meta":{"origin":114607,"position":0},"title":"SNS impulsa actualizaci\u00f3n t\u00e9cnica personal de laboratorios e im\u00e1genes en la Red P\u00fablica de Salud","author":"Nelson Feliz","date":"5 de noviembre de 2025","format":false,"excerpt":"La Direcci\u00f3n de Laboratorios Cl\u00ednicos e Im\u00e1genes del Servicio Nacional de Salud (SNS) desarrolla esta semana un programa de capacitaci\u00f3n dirigido al personal t\u00e9cnico y profesional de la Red P\u00fablica de Salud, con el objetivo de fortalecer competencias, estandarizar procesos y promover buenas pr\u00e1cticas en los servicios de diagn\u00f3stico. El\u2026","rel":"","context":"En \u00abPORTADA\u00bb","block_context":{"text":"PORTADA","link":"https:\/\/lasprimeras.com.do\/index.php\/category\/portada\/"},"img":{"alt_text":"","src":"https:\/\/i0.wp.com\/lasprimeras.com.do\/wp-content\/uploads\/2025\/11\/sns.jpg?resize=350%2C200&ssl=1","width":350,"height":200,"srcset":"https:\/\/i0.wp.com\/lasprimeras.com.do\/wp-content\/uploads\/2025\/11\/sns.jpg?resize=350%2C200&ssl=1 1x, https:\/\/i0.wp.com\/lasprimeras.com.do\/wp-content\/uploads\/2025\/11\/sns.jpg?resize=525%2C300&ssl=1 1.5x, https:\/\/i0.wp.com\/lasprimeras.com.do\/wp-content\/uploads\/2025\/11\/sns.jpg?resize=700%2C400&ssl=1 2x"},"classes":[]},{"id":70407,"url":"https:\/\/lasprimeras.com.do\/index.php\/2023\/12\/11\/sns-exhibe-tres-anos-de-logros-y-avances-en-la-red-publica-de-servicios-de-salud\/","url_meta":{"origin":114607,"position":1},"title":"SNS exhibe tres a\u00f1os de logros y avances en la Red P\u00fablica de Servicios de Salud","author":"Nelson Feliz","date":"11 de diciembre de 2023","format":false,"excerpt":"45 hospitales construidos y remozados Por Mart\u00edn Restituyo El titular del Servicio Nacional de Salud (SNS), doctor Mario Lama, present\u00f3 este lunes los logros y avances de la Red P\u00fablica en tres a\u00f1os de gesti\u00f3n, entre los que destac\u00f3 el fortalecimiento de infraestructuras, dotaci\u00f3n de equipos y aumento en la\u2026","rel":"","context":"En \u00abECONOM\u00cdA\u00bb","block_context":{"text":"ECONOM\u00cdA","link":"https:\/\/lasprimeras.com.do\/index.php\/category\/economia\/"},"img":{"alt_text":"Mario Lama","src":"https:\/\/i0.wp.com\/lasprimeras.com.do\/wp-content\/uploads\/2023\/12\/Mario-Lama-1.jpg?resize=350%2C200&ssl=1","width":350,"height":200,"srcset":"https:\/\/i0.wp.com\/lasprimeras.com.do\/wp-content\/uploads\/2023\/12\/Mario-Lama-1.jpg?resize=350%2C200&ssl=1 1x, https:\/\/i0.wp.com\/lasprimeras.com.do\/wp-content\/uploads\/2023\/12\/Mario-Lama-1.jpg?resize=525%2C300&ssl=1 1.5x, https:\/\/i0.wp.com\/lasprimeras.com.do\/wp-content\/uploads\/2023\/12\/Mario-Lama-1.jpg?resize=700%2C400&ssl=1 2x"},"classes":[]},{"id":93427,"url":"https:\/\/lasprimeras.com.do\/index.php\/2025\/02\/09\/abinader-supervisa-avances-centro-clinico-y-diagnostico-en-sabana-perdida\/","url_meta":{"origin":114607,"position":2},"title":"Abinader supervisa avances Centro Cl\u00ednico y Diagn\u00f3stico en Sabana Perdida","author":"Nelson Feliz","date":"9 de febrero de 2025","format":false,"excerpt":"El presidente de la Rep\u00fablica, Luis Abinader, acompa\u00f1ado por el director del Servicio Nacional de Salud (SNS), Mario Lama, visit\u00f3 las instalaciones en construcci\u00f3n del Centro Cl\u00ednico y Diagn\u00f3stico Lotes y Servicios en Sabana P\u00e9rdida, proyecto que promete transformar la atenci\u00f3n m\u00e9dica en la zona. Durante el recorrido, Lama inform\u00f3\u2026","rel":"","context":"En \u00abPORTADA\u00bb","block_context":{"text":"PORTADA","link":"https:\/\/lasprimeras.com.do\/index.php\/category\/portada\/"},"img":{"alt_text":"","src":"https:\/\/i0.wp.com\/lasprimeras.com.do\/wp-content\/uploads\/2025\/02\/Luis-Abinader.jpg?resize=350%2C200&ssl=1","width":350,"height":200,"srcset":"https:\/\/i0.wp.com\/lasprimeras.com.do\/wp-content\/uploads\/2025\/02\/Luis-Abinader.jpg?resize=350%2C200&ssl=1 1x, https:\/\/i0.wp.com\/lasprimeras.com.do\/wp-content\/uploads\/2025\/02\/Luis-Abinader.jpg?resize=525%2C300&ssl=1 1.5x, https:\/\/i0.wp.com\/lasprimeras.com.do\/wp-content\/uploads\/2025\/02\/Luis-Abinader.jpg?resize=700%2C400&ssl=1 2x"},"classes":[]},{"id":114585,"url":"https:\/\/lasprimeras.com.do\/index.php\/2025\/09\/01\/director-sns-resalta-avances-en-diagnostico-oportuno-de-tuberculosis\/","url_meta":{"origin":114607,"position":3},"title":"Director SNS resalta avances en diagn\u00f3stico oportuno de Tuberculosis","author":"Nelson Feliz","date":"1 de septiembre de 2025","format":false,"excerpt":"El director del Servicio Nacional de Salud (SNS), doctor Mario Lama, destac\u00f3 este lunes los avances alcanzados por la Rep\u00fablica Dominicana en el fortalecimiento del diagn\u00f3stico oportuno y tratamiento de la tuberculosis. Al participar en la quinta edici\u00f3n del Encuentro Anual de Comunidades Epist\u00e9micas (EPISTHEME-2025), que se desarroll\u00f3 bajo el\u2026","rel":"","context":"En \u00abPORTADA\u00bb","block_context":{"text":"PORTADA","link":"https:\/\/lasprimeras.com.do\/index.php\/category\/portada\/"},"img":{"alt_text":"","src":"https:\/\/i0.wp.com\/lasprimeras.com.do\/wp-content\/uploads\/2025\/11\/Mario-Lama-sns.jpg?resize=350%2C200&ssl=1","width":350,"height":200,"srcset":"https:\/\/i0.wp.com\/lasprimeras.com.do\/wp-content\/uploads\/2025\/11\/Mario-Lama-sns.jpg?resize=350%2C200&ssl=1 1x, https:\/\/i0.wp.com\/lasprimeras.com.do\/wp-content\/uploads\/2025\/11\/Mario-Lama-sns.jpg?resize=525%2C300&ssl=1 1.5x, https:\/\/i0.wp.com\/lasprimeras.com.do\/wp-content\/uploads\/2025\/11\/Mario-Lama-sns.jpg?resize=700%2C400&ssl=1 2x"},"classes":[]},{"id":114566,"url":"https:\/\/lasprimeras.com.do\/index.php\/2025\/07\/09\/sns-anuncia-gala-quinta-edicion-programa-de-desempeno\/","url_meta":{"origin":114607,"position":4},"title":"SNS anuncia gala quinta edici\u00f3n Programa de Desempe\u00f1o","author":"Nelson Feliz","date":"9 de julio de 2025","format":false,"excerpt":"El Servicio Nacional de Salud (SNS) celebrar\u00e1 la quinta edici\u00f3n del reconocimiento Programa de Desempe\u00f1o SNS, el pr\u00f3ximo martes 15 de julio, con la presencia del presidente de la Rep\u00fablica, Luis Abinader. La premiaci\u00f3n se enmarca en la conmemoraci\u00f3n del d\u00e9cimo aniversario del SNS y reconoce la excelencia en la\u2026","rel":"","context":"En \u00abPORTADA\u00bb","block_context":{"text":"PORTADA","link":"https:\/\/lasprimeras.com.do\/index.php\/category\/portada\/"},"img":{"alt_text":"","src":"https:\/\/i0.wp.com\/lasprimeras.com.do\/wp-content\/uploads\/2025\/11\/SNS-1.jpg?resize=350%2C200&ssl=1","width":350,"height":200,"srcset":"https:\/\/i0.wp.com\/lasprimeras.com.do\/wp-content\/uploads\/2025\/11\/SNS-1.jpg?resize=350%2C200&ssl=1 1x, https:\/\/i0.wp.com\/lasprimeras.com.do\/wp-content\/uploads\/2025\/11\/SNS-1.jpg?resize=525%2C300&ssl=1 1.5x, https:\/\/i0.wp.com\/lasprimeras.com.do\/wp-content\/uploads\/2025\/11\/SNS-1.jpg?resize=700%2C400&ssl=1 2x"},"classes":[]},{"id":114572,"url":"https:\/\/lasprimeras.com.do\/index.php\/2025\/07\/15\/presidente-abinader-encabeza-premiacion-programa-desempeno-sns\/","url_meta":{"origin":114607,"position":5},"title":"Presidente Abinader encabeza premiaci\u00f3n Programa Desempe\u00f1o SNS","author":"Nelson Feliz","date":"15 de julio de 2025","format":false,"excerpt":"En un acto encabezado por el presidente Luis Abinader, el Servicio Nacional de Salud celebr\u00f3 este martes la quinta edici\u00f3n del Programa de Desempe\u00f1o SNS, donde premi\u00f3 la gesti\u00f3n de once hospitales, tres centros cl\u00ednicos y diagn\u00f3sticos, tres regionales y tres direcciones del nivel central. En la gala, realizada en\u2026","rel":"","context":"En \u00abPORTADA\u00bb","block_context":{"text":"PORTADA","link":"https:\/\/lasprimeras.com.do\/index.php\/category\/portada\/"},"img":{"alt_text":"","src":"https:\/\/i0.wp.com\/lasprimeras.com.do\/wp-content\/uploads\/2025\/11\/Programa-Desempeno-SNS.jpg?resize=350%2C200&ssl=1","width":350,"height":200,"srcset":"https:\/\/i0.wp.com\/lasprimeras.com.do\/wp-content\/uploads\/2025\/11\/Programa-Desempeno-SNS.jpg?resize=350%2C200&ssl=1 1x, https:\/\/i0.wp.com\/lasprimeras.com.do\/wp-content\/uploads\/2025\/11\/Programa-Desempeno-SNS.jpg?resize=525%2C300&ssl=1 1.5x, https:\/\/i0.wp.com\/lasprimeras.com.do\/wp-content\/uploads\/2025\/11\/Programa-Desempeno-SNS.jpg?resize=700%2C400&ssl=1 2x"},"classes":[]}],"jetpack_sharing_enabled":true,"_links":{"self":[{"href":"https:\/\/lasprimeras.com.do\/index.php\/wp-json\/wp\/v2\/posts\/114607","targetHints":{"allow":["GET"]}}],"collection":[{"href":"https:\/\/lasprimeras.com.do\/index.php\/wp-json\/wp\/v2\/posts"}],"about":[{"href":"https:\/\/lasprimeras.com.do\/index.php\/wp-json\/wp\/v2\/types\/post"}],"author":[{"embeddable":true,"href":"https:\/\/lasprimeras.com.do\/index.php\/wp-json\/wp\/v2\/users\/10"}],"replies":[{"embeddable":true,"href":"https:\/\/lasprimeras.com.do\/index.php\/wp-json\/wp\/v2\/comments?post=114607"}],"version-history":[{"count":1,"href":"https:\/\/lasprimeras.com.do\/index.php\/wp-json\/wp\/v2\/posts\/114607\/revisions"}],"predecessor-version":[{"id":114609,"href":"https:\/\/lasprimeras.com.do\/index.php\/wp-json\/wp\/v2\/posts\/114607\/revisions\/114609"}],"wp:featuredmedia":[{"embeddable":true,"href":"https:\/\/lasprimeras.com.do\/index.php\/wp-json\/wp\/v2\/media\/114608"}],"wp:attachment":[{"href":"https:\/\/lasprimeras.com.do\/index.php\/wp-json\/wp\/v2\/media?parent=114607"}],"wp:term":[{"taxonomy":"category","embeddable":true,"href":"https:\/\/lasprimeras.com.do\/index.php\/wp-json\/wp\/v2\/categories?post=114607"},{"taxonomy":"post_tag","embeddable":true,"href":"https:\/\/lasprimeras.com.do\/index.php\/wp-json\/wp\/v2\/tags?post=114607"}],"curies":[{"name":"wp","href":"https:\/\/api.w.org\/{rel}","templated":true}]}}