{"id":114819,"date":"2025-11-17T11:11:41","date_gmt":"2025-11-17T15:11:41","guid":{"rendered":"https:\/\/lasprimeras.com.do\/?p=114819"},"modified":"2025-11-17T11:11:43","modified_gmt":"2025-11-17T15:11:43","slug":"tom-cruise-finalmente-recibe-su-merecido-premio-oscar-con-un-galardon-a-la-trayectoria-en-los-premios-governors","status":"publish","type":"post","link":"https:\/\/lasprimeras.com.do\/index.php\/2025\/11\/17\/tom-cruise-finalmente-recibe-su-merecido-premio-oscar-con-un-galardon-a-la-trayectoria-en-los-premios-governors\/","title":{"rendered":"Tom Cruise finalmente recibe su merecido premio Oscar con un galard\u00f3n a la trayectoria en los Premios Governors."},"content":{"rendered":"\n<p>LOS \u00c1NGELES (AP) \u2014 Tom Cruise , a sus 63 a\u00f1os todav\u00eda la mayor estrella de cine en una sala llena de ellas, finalmente pudo sostener su propio Oscar en un escenario de Hollywood el domingo por la noche.<\/p>\n\n\n\n<p>\u201cHacer pel\u00edculas no es lo que hago, es lo que soy\u201d, dijo Cruise. Se mostr\u00f3 sereno como siempre, pero por momentos pareci\u00f3 a punto de llorar mientras hablaba, sosteniendo la estatuilla dorada honor\u00edfica que celebraba sus m\u00e1s de 40 a\u00f1os en la cima de la industria en la ceremonia anual de los Premios de los Gobernadores de la Academia de Cine .<\/p>\n\n\n\n<p>\u201cEn ese teatro re\u00edmos juntos, sentimos juntos, esperamos juntos\u201d, dijo tras una ovaci\u00f3n de dos minutos.<\/p>\n\n\n\n<p>El dise\u00f1ador de producci\u00f3n Wynn Thomas y la core\u00f3grafa y actriz Debbie Allen tambi\u00e9n fueron seleccionados por la junta de gobernadores de la academia para ser homenajeados por sus destacadas carreras, y Dolly Parton, que no pudo asistir, fue homenajeada por su trayectoria filantr\u00f3pica en la ceremonia celebrada en el sal\u00f3n de baile Ray Dolby de Los \u00c1ngeles.<\/p>\n\n\n\n<p>Cruise ha sido nominado cuatro veces a un Oscar competitivo: como actor por \u201cNacido el cuatro de julio\u201d (1989), \u201cJerry Maguire\u201d (1996) y \u201cMagnolia\u201d (1999), y como productor por \u201cTop Gun: Maverick\u201d (2022).<\/p>\n\n\n\n<p>Antes de que subiera al escenario, el p\u00fablico vio un largo montaje de fragmentos de esas y otras pel\u00edculas suyas \u2014repletas de acrobacias temerarias que a menudo realizaba \u00e9l mismo\u2014 desde \u201cTaps\u201d de 1981 hasta \u201cMisi\u00f3n: Imposible &#8211; El ajuste de cuentas final\u201d de este a\u00f1o.<\/p>\n\n\n\n<p>Era l\u00f3gico que los Premios de los Gobernadores no se transmitieran por televisi\u00f3n. Tom Cruise no trabaja en televisi\u00f3n y ha sido uno de los mayores defensores de la experiencia de ir al cine frente al streaming.<\/p>\n\n\n\n<p>\u00abSiempre har\u00e9 todo lo posible por ayudar a este arte\u00bb, dijo Cruise. \u00abPara apoyar y defender nuevas voces, para proteger lo que hace poderoso al cine. Ojal\u00e1 sin que haya demasiados huesos rotos\u00bb.<\/p>\n\n\n\n<p>El director ganador del \u00d3scar, Alejandro Gonz\u00e1lez I\u00f1\u00e1rritu, entreg\u00f3 el premio a Cruise. Ambos pasaron varios meses rodando una pel\u00edcula en Londres, cuyo estreno est\u00e1 previsto para 2026.<\/p>\n\n\n\n<p>Esta colaboraci\u00f3n sugiere que Cruise, quien en los \u00faltimos a\u00f1os se ha centrado en grandes franquicias, podr\u00eda no haber renunciado a intentar ganar un \u00d3scar a la antigua usanza.<\/p>\n\n\n\n<p>\u201cPuede que este sea su primer Oscar\u201d, dijo I\u00f1\u00e1rritu, \u201cpero por lo que he visto y experimentado, no ser\u00e1 el \u00faltimo\u201d.<\/p>\n\n\n\n<p>La lista de estrellas asistentes sugiere que la campa\u00f1a para los pr\u00f3ximos \u00d3scar, que ser\u00e1n muy competitivos, ya est\u00e1 en marcha discretamente.<\/p>\n\n\n\n<p>Las mesas del banquete estaban repletas de posibles nominados, entre ellos Leonardo DiCaprio, Michael B. Jordan, Sydney Sweeney, Dwayne Johnson, Ariana Grande y Jacob Elordi.<\/p>\n\n\n\n<p>Aqu\u00ed ten\u00e9is un vistazo a los dem\u00e1s homenajeados de la noche del domingo:<\/p>\n\n\n\n<p>Debbie Allen<\/p>\n\n\n\n<p>Allen, de 75 a\u00f1os, nunca ha sido nominado a un Oscar. Pero este artista polifac\u00e9tico ha desempe\u00f1ado un papel fundamental en la gala de los Oscar, habiendo coreografiado siete ceremonias a lo largo de los a\u00f1os, cuatro de ellas nominadas a los Emmy.<\/p>\n\n\n\n<p>Como actriz, particip\u00f3 en \u201cRagtime\u201d y en la pel\u00edcula y serie de televisi\u00f3n \u201cFama\u201d. Tambi\u00e9n fue productora de la pel\u00edcula \u201cAmistad\u201d, cuyo director, Steven Spielberg, la abraz\u00f3 cuando subi\u00f3 al escenario.<\/p>\n\n\n\n<p>Allen, entre l\u00e1grimas, agradeci\u00f3 a los presentes por \u201ceste glorioso momento dorado bajo el sol\u201d.<\/p>\n\n\n\n<p>Cynthia Erivo entreg\u00f3 el premio a Allen, a quien considera una \u201ct\u00eda\u201d, y la elogi\u00f3 por impulsar a sus compa\u00f1eros artistas negros.<\/p>\n\n\n\n<p>\u201cDebbie, no solo nos has demostrado las grandes alturas a las que puede llevarnos la dedicaci\u00f3n a las artes, sino que has luchado para que todos te acompa\u00f1emos\u201d, dijo Erivo.<\/p>\n\n\n\n<p>Allen agradeci\u00f3 a su hermana, la actriz Phylicia Rashad, y a su esposo de 40 a\u00f1os, el ex All-Star de la NBA y jugador de los LA Laker, Norm Nixon, quienes estaban sentados en su mesa.<\/p>\n\n\n\n<p>Al mirar su estatuilla, dijo que sent\u00eda como si ella y Oscar \u201cse hubieran casado. \u00a1Lo siento, Norman!\u201d.<\/p>\n\n\n\n<p>Wynn Thomas<\/p>\n\n\n\n<p>Thomas fue homenajeado por las d\u00e9cadas de imaginaci\u00f3n visual que aport\u00f3 al cine como uno de los primeros dise\u00f1adores de producci\u00f3n y directores de arte negros de las pel\u00edculas de Hollywood.<\/p>\n\n\n\n<p>Entre sus pel\u00edculas se incluyen la ganadora del \u00d3scar a la mejor pel\u00edcula &#8220;Una mente maravillosa&#8221; del director Ron Howard y la farsa de ciencia ficci\u00f3n &#8220;Mars Attacks&#8221; del director Tim Burton.<\/p>\n\n\n\n<p>Pero es m\u00e1s conocido por sus d\u00e9cadas de colaboraci\u00f3n con el director Spike Lee en pel\u00edculas como \u201cHaz lo correcto\u201d, \u201cMalcolm X\u201d y \u201cDa 5 Bloods\u201d.<\/p>\n\n\n\n<p>\u201cMi trayectoria como narrador comenz\u00f3 cuando era un ni\u00f1o negro y pobre en uno de los barrios m\u00e1s marginales de Filadelfia\u201d, dijo Thomas tras recibir su estatuilla de manos de Octavia Spencer.<\/p>\n\n\n\n<p>\u201cLas pandillas locales me despreciaban y me llamaban afeminado. Pero ese afeminado creci\u00f3 hasta trabajar con grandes cineastas\u201d.<\/p>\n\n\n\n<p>Dolly Parton<\/p>\n\n\n\n<p>Parton recibi\u00f3 el Premio Humanitario Jean Hersholt por su labor ben\u00e9fica de d\u00e9cadas en el \u00e1mbito de la alfabetizaci\u00f3n y la educaci\u00f3n.<\/p>\n\n\n\n<p>La gigante de la m\u00fasica country tuvo que ausentarse del espect\u00e1culo, seg\u00fan dijeron sus representantes, debido a un conflicto de agenda de larga data, y no a problemas de salud que la llevaron a cancelar varios conciertos recientes.<\/p>\n\n\n\n<p>Parton ha sido nominada dos veces al Oscar a la mejor canci\u00f3n original, incluyendo por \u201c9 to 5\u201d, la canci\u00f3n principal de su primera pel\u00edcula como actriz, en la que tambi\u00e9n particip\u00f3 en \u201cMagnolias de acero\u201d.<\/p>\n\n\n\n<p>Su compa\u00f1era de reparto en &#8220;9 to 5&#8221;, Lily Tomlin, le entreg\u00f3 el premio, convirtiendo sus dificultades para leer el teleprompter en una improvisaci\u00f3n c\u00f3mica.<\/p>\n\n\n\n<p>Record\u00f3 con cari\u00f1o el pijama de mu\u00f1eca que Parton usaba en las fiestas de pijamas improvisadas que organizaba con su compa\u00f1era de reparto Jane Fonda.<\/p>\n\n\n\n<p>Tomlin dijo que la canci\u00f3n \u201c9 to 5\u201d se convirti\u00f3 en \u201cun himno de nuestra \u00e9poca\u201d y que en s\u00ed misma fue un ejemplo de la filantrop\u00eda de Parton por su \u00e9nfasis en las luchas de los trabajadores.<\/p>\n\n\n\n<p>Dijo que es ir\u00f3nico que haya tanto artificio en la apariencia de Parton, porque \u201cella es la persona m\u00e1s aut\u00e9ntica que he conocido\u201d.<\/p>\n\n\n\n<p>Cruise elogia a sus compa\u00f1eros ganadores.<\/p>\n\n\n\n<p>Cruise, con su habitual meticulosidad, no se limit\u00f3 a mencionar a sus compa\u00f1eros nominados desde el escenario, sino que les dedic\u00f3 a cada uno un homenaje detallado.<\/p>\n\n\n\n<p>Le revel\u00f3 a Thomas la fecha exacta y el cine donde vio por primera vez una de sus pel\u00edculas, &#8220;She&#8217;s Gotta Have It&#8221; de Spike Lee. Elogi\u00f3 a Parton por demostrar que &#8220;la compasi\u00f3n y la creatividad no est\u00e1n separadas&#8221;.<\/p>\n\n\n\n<p>Y a Allen le dedic\u00f3 unas palabras de la obra de su madre, la poeta y dramaturga Vivian Ayers Allen.<\/p>\n\n\n\n<p>Allen rindi\u00f3 su propio homenaje a Cruise, recordando el momento m\u00e1s emblem\u00e1tico de sus inicios cuando bail\u00f3 e hizo playback en ropa interior en \u201cRisky Business\u201d.<\/p>\n\n\n\n<p>\u201cCari\u00f1o, nos encantaba cuando sal\u00edas con esos calzoncillos blancos ajustados\u201d, dijo.<\/p>\n","protected":false},"excerpt":{"rendered":"<p>LOS \u00c1NGELES (AP) \u2014 Tom Cruise , a sus 63 a\u00f1os todav\u00eda la mayor estrella de cine en una sala llena de ellas, finalmente pudo sostener su propio Oscar en&hellip;<\/p>\n","protected":false},"author":10,"featured_media":114820,"comment_status":"open","ping_status":"open","sticky":false,"template":"","format":"standard","meta":{"content-type":"","jetpack_post_was_ever_published":false,"_jetpack_newsletter_access":"","_jetpack_dont_email_post_to_subs":false,"_jetpack_newsletter_tier_id":0,"_jetpack_memberships_contains_paywalled_content":false,"_jetpack_memberships_contains_paid_content":false,"footnotes":""},"categories":[84],"tags":[13760,27328,27327,2948],"class_list":["post-114819","post","type-post","status-publish","format-standard","has-post-thumbnail","hentry","category-entretenimiento","tag-galardon","tag-premios-governors","tag-tom-cruise-finalmente-recibe-su-merecido-premio-oscar","tag-trayectoria"],"jetpack_featured_media_url":"https:\/\/lasprimeras.com.do\/wp-content\/uploads\/2025\/11\/Tom-Cruise.jpg","jetpack-related-posts":[{"id":53268,"url":"https:\/\/lasprimeras.com.do\/index.php\/2023\/06\/24\/tom-cruise-habla-de-shakira-y-afirma-que-sus-caderas-no-mienten\/","url_meta":{"origin":114819,"position":0},"title":"Tom Cruise habla de Shakira y afirma que \u2018sus caderas no mienten\u2019","author":"Nelson Feliz","date":"24 de junio de 2023","format":false,"excerpt":"Tom Cruise fue entrevistado en 'Despierta Am\u00e9rica' y no perdieron la oportunidad de preguntarle por Shakira, con quien se le vio compartiendo hace semanas en Miami. Por: Mar\u00eda Fernanda Gonz\u00e1lez Jessica Rodr\u00edguez de \u2018Despierta Am\u00e9rica\u2019 tuvo la oportunidad de entrevistar al famoso actor Tom Cruise a prop\u00f3sito de la nueva\u2026","rel":"","context":"En \u00abENTRETENIMIENTO\u00bb","block_context":{"text":"ENTRETENIMIENTO","link":"https:\/\/lasprimeras.com.do\/index.php\/category\/entretenimiento\/"},"img":{"alt_text":"Tom Cruise habr\u00eda manifestado su inter\u00e9s rom\u00e1ntico en Shakira.","src":"https:\/\/i0.wp.com\/lasprimeras.com.do\/wp-content\/uploads\/2023\/06\/Shakira-y-Tom-Cruise.jpg?resize=350%2C200&ssl=1","width":350,"height":200,"srcset":"https:\/\/i0.wp.com\/lasprimeras.com.do\/wp-content\/uploads\/2023\/06\/Shakira-y-Tom-Cruise.jpg?resize=350%2C200&ssl=1 1x, https:\/\/i0.wp.com\/lasprimeras.com.do\/wp-content\/uploads\/2023\/06\/Shakira-y-Tom-Cruise.jpg?resize=525%2C300&ssl=1 1.5x, https:\/\/i0.wp.com\/lasprimeras.com.do\/wp-content\/uploads\/2023\/06\/Shakira-y-Tom-Cruise.jpg?resize=700%2C400&ssl=1 2x"},"classes":[]},{"id":94580,"url":"https:\/\/lasprimeras.com.do\/index.php\/2025\/03\/03\/zoe-saldana-se-alza-con-su-primer-oscar-a-mejor-actriz-de-reparto\/","url_meta":{"origin":114819,"position":1},"title":"Zoe Salda\u00f1a se alza con su primer \u00d3scar a mejor actriz de reparto","author":"Nelson Feliz","date":"3 de marzo de 2025","format":false,"excerpt":"Es la primera dominicana en ganar una estatuilla; \u2018Anora\u2019 se impone con cinco premios de la Academia Los \u00c1ngeles.- La actriz de origen dominicano Zoe Salda\u00f1a gan\u00f3 este domingo el premio \u00d3scar por su papel en la pel\u00edcula \u201cEmilia P\u00e9rez\u201d. Es la primera dominicana en ganar este galard\u00f3n. Durante la\u2026","rel":"","context":"En \u00abENTRETENIMIENTO\u00bb","block_context":{"text":"ENTRETENIMIENTO","link":"https:\/\/lasprimeras.com.do\/index.php\/category\/entretenimiento\/"},"img":{"alt_text":"Zoe Salda\u00f1a","src":"https:\/\/i0.wp.com\/lasprimeras.com.do\/wp-content\/uploads\/2025\/03\/Zoe-Saldana.png?resize=350%2C200&ssl=1","width":350,"height":200,"srcset":"https:\/\/i0.wp.com\/lasprimeras.com.do\/wp-content\/uploads\/2025\/03\/Zoe-Saldana.png?resize=350%2C200&ssl=1 1x, https:\/\/i0.wp.com\/lasprimeras.com.do\/wp-content\/uploads\/2025\/03\/Zoe-Saldana.png?resize=525%2C300&ssl=1 1.5x, https:\/\/i0.wp.com\/lasprimeras.com.do\/wp-content\/uploads\/2025\/03\/Zoe-Saldana.png?resize=700%2C400&ssl=1 2x"},"classes":[]},{"id":112571,"url":"https:\/\/lasprimeras.com.do\/index.php\/2025\/10\/24\/bad-bunny-no-se-pierde-los-premios-billboard-de-la-musica-latina\/","url_meta":{"origin":114819,"position":2},"title":"Bad Bunny no se pierde los Premios Billboard de la M\u00fasica Latina","author":"Nelson Feliz","date":"24 de octubre de 2025","format":false,"excerpt":"MIAMI (AP) \u2014 Se hab\u00eda mantenido como un misterio, pero Bad Bunny estuvo ah\u00ed en persona el jueves en la noche para recibir todos los Premios Billboard de la M\u00fasica Latina 2025 que le fueron concedidos, incluyendo el especial Premio Billboard Artista Latino del Siglo 21. La estrella puertorrique\u00f1a Rita\u2026","rel":"","context":"En \u00abENTRETENIMIENTO\u00bb","block_context":{"text":"ENTRETENIMIENTO","link":"https:\/\/lasprimeras.com.do\/index.php\/category\/entretenimiento\/"},"img":{"alt_text":"","src":"https:\/\/i0.wp.com\/lasprimeras.com.do\/wp-content\/uploads\/2025\/10\/Bad-Bunny.jpg?resize=350%2C200&ssl=1","width":350,"height":200,"srcset":"https:\/\/i0.wp.com\/lasprimeras.com.do\/wp-content\/uploads\/2025\/10\/Bad-Bunny.jpg?resize=350%2C200&ssl=1 1x, https:\/\/i0.wp.com\/lasprimeras.com.do\/wp-content\/uploads\/2025\/10\/Bad-Bunny.jpg?resize=525%2C300&ssl=1 1.5x, https:\/\/i0.wp.com\/lasprimeras.com.do\/wp-content\/uploads\/2025\/10\/Bad-Bunny.jpg?resize=700%2C400&ssl=1 2x, https:\/\/i0.wp.com\/lasprimeras.com.do\/wp-content\/uploads\/2025\/10\/Bad-Bunny.jpg?resize=1050%2C600&ssl=1 3x, https:\/\/i0.wp.com\/lasprimeras.com.do\/wp-content\/uploads\/2025\/10\/Bad-Bunny.jpg?resize=1400%2C800&ssl=1 4x"},"classes":[]},{"id":95038,"url":"https:\/\/lasprimeras.com.do\/index.php\/2025\/03\/09\/zoe-saldana-confirma-participacion-especial-en-los-premios-soberano-2025\/","url_meta":{"origin":114819,"position":3},"title":"Zo\u00e9 Salda\u00f1a confirma participaci\u00f3n especial en los Premios Soberano 2025","author":"Nelson Feliz","date":"9 de marzo de 2025","format":false,"excerpt":"La actriz estadounidense de origen dominicano, Zo\u00e9 Salda\u00f1a, participar\u00e1 en la pr\u00f3xima entrega de Premios Soberano y ser\u00e1 una de las grandes estrellas invitadas en la noche de celebraci\u00f3n del 40 aniversario de este certamen. Galardonada este a\u00f1o con un premio \u00d3scar por su actuaci\u00f3n en el drama musical \"Emilia\u2026","rel":"","context":"En \u00abENTRETENIMIENTO\u00bb","block_context":{"text":"ENTRETENIMIENTO","link":"https:\/\/lasprimeras.com.do\/index.php\/category\/entretenimiento\/"},"img":{"alt_text":"","src":"https:\/\/i0.wp.com\/lasprimeras.com.do\/wp-content\/uploads\/2025\/03\/zoe-saldana.jpeg?resize=350%2C200&ssl=1","width":350,"height":200},"classes":[]},{"id":94583,"url":"https:\/\/lasprimeras.com.do\/index.php\/2025\/03\/03\/zoe-saldana-gana-el-oscar-como-mejor-actriz-de-reparto\/","url_meta":{"origin":114819,"position":4},"title":"Zoe Salda\u00f1a gana el Oscar como Mejor Actriz de Reparto por \u201cEmilia P\u00e9rez\u201d","author":"Nelson Feliz","date":"3 de marzo de 2025","format":false,"excerpt":"Zoe Salda\u00f1a gana el Oscar como Mejor Actriz de Reparto por \u201cEmilia P\u00e9rez\u201d. Es la primera dominicana en conseguir un premio de la Academia. La dominicana Zoe Salda\u00f1a gana el Oscar como Mejor Actriz de Reparto por su participaci\u00f3n en \u201cEmilia P\u00e9rez\u201c. Salda\u00f1a marca un hito en la industria cinematogr\u00e1fica\u2026","rel":"","context":"En \u00abENTRETENIMIENTO\u00bb","block_context":{"text":"ENTRETENIMIENTO","link":"https:\/\/lasprimeras.com.do\/index.php\/category\/entretenimiento\/"},"img":{"alt_text":"","src":"https:\/\/i0.wp.com\/lasprimeras.com.do\/wp-content\/uploads\/2025\/03\/Zoe-Saldana-2.png?resize=350%2C200&ssl=1","width":350,"height":200,"srcset":"https:\/\/i0.wp.com\/lasprimeras.com.do\/wp-content\/uploads\/2025\/03\/Zoe-Saldana-2.png?resize=350%2C200&ssl=1 1x, https:\/\/i0.wp.com\/lasprimeras.com.do\/wp-content\/uploads\/2025\/03\/Zoe-Saldana-2.png?resize=525%2C300&ssl=1 1.5x, https:\/\/i0.wp.com\/lasprimeras.com.do\/wp-content\/uploads\/2025\/03\/Zoe-Saldana-2.png?resize=700%2C400&ssl=1 2x"},"classes":[]},{"id":111579,"url":"https:\/\/lasprimeras.com.do\/index.php\/2025\/10\/10\/mirex-entrega-premio-al-emigrante-dominicano-sr-oscar-de-la-renta-al-lider-comunitario-augusto-taveras\/","url_meta":{"origin":114819,"position":5},"title":"Mirex entrega &#8220;Premio al Emigrante Dominicano Sr. Oscar de la Renta&#8221; al l\u00edder comunitario Augusto Taveras","author":"Nelson Feliz","date":"10 de octubre de 2025","format":false,"excerpt":"El galard\u00f3n fue creado mediante el Decreto n\u00famero 242-17, para reconocer los m\u00e9ritos la comunidad dominicana en el exterior, la cual pone en alto el nombre del pa\u00eds en otras latitudes. El Ministerio de Relaciones Exteriores (Mirex) entreg\u00f3 la s\u00e9ptima edici\u00f3n del Premio al Emigrante Dominicano Sr. Oscar de la\u2026","rel":"","context":"En \u00abNACIONALES\u00bb","block_context":{"text":"NACIONALES","link":"https:\/\/lasprimeras.com.do\/index.php\/category\/nacionales\/"},"img":{"alt_text":"","src":"https:\/\/i0.wp.com\/lasprimeras.com.do\/wp-content\/uploads\/2025\/10\/Augusto-Taveras.jpg?resize=350%2C200&ssl=1","width":350,"height":200,"srcset":"https:\/\/i0.wp.com\/lasprimeras.com.do\/wp-content\/uploads\/2025\/10\/Augusto-Taveras.jpg?resize=350%2C200&ssl=1 1x, https:\/\/i0.wp.com\/lasprimeras.com.do\/wp-content\/uploads\/2025\/10\/Augusto-Taveras.jpg?resize=525%2C300&ssl=1 1.5x, https:\/\/i0.wp.com\/lasprimeras.com.do\/wp-content\/uploads\/2025\/10\/Augusto-Taveras.jpg?resize=700%2C400&ssl=1 2x"},"classes":[]}],"jetpack_sharing_enabled":true,"_links":{"self":[{"href":"https:\/\/lasprimeras.com.do\/index.php\/wp-json\/wp\/v2\/posts\/114819","targetHints":{"allow":["GET"]}}],"collection":[{"href":"https:\/\/lasprimeras.com.do\/index.php\/wp-json\/wp\/v2\/posts"}],"about":[{"href":"https:\/\/lasprimeras.com.do\/index.php\/wp-json\/wp\/v2\/types\/post"}],"author":[{"embeddable":true,"href":"https:\/\/lasprimeras.com.do\/index.php\/wp-json\/wp\/v2\/users\/10"}],"replies":[{"embeddable":true,"href":"https:\/\/lasprimeras.com.do\/index.php\/wp-json\/wp\/v2\/comments?post=114819"}],"version-history":[{"count":1,"href":"https:\/\/lasprimeras.com.do\/index.php\/wp-json\/wp\/v2\/posts\/114819\/revisions"}],"predecessor-version":[{"id":114821,"href":"https:\/\/lasprimeras.com.do\/index.php\/wp-json\/wp\/v2\/posts\/114819\/revisions\/114821"}],"wp:featuredmedia":[{"embeddable":true,"href":"https:\/\/lasprimeras.com.do\/index.php\/wp-json\/wp\/v2\/media\/114820"}],"wp:attachment":[{"href":"https:\/\/lasprimeras.com.do\/index.php\/wp-json\/wp\/v2\/media?parent=114819"}],"wp:term":[{"taxonomy":"category","embeddable":true,"href":"https:\/\/lasprimeras.com.do\/index.php\/wp-json\/wp\/v2\/categories?post=114819"},{"taxonomy":"post_tag","embeddable":true,"href":"https:\/\/lasprimeras.com.do\/index.php\/wp-json\/wp\/v2\/tags?post=114819"}],"curies":[{"name":"wp","href":"https:\/\/api.w.org\/{rel}","templated":true}]}}