{"id":114890,"date":"2025-11-17T20:02:39","date_gmt":"2025-11-18T00:02:39","guid":{"rendered":"https:\/\/lasprimeras.com.do\/?p=114890"},"modified":"2025-11-17T20:02:41","modified_gmt":"2025-11-18T00:02:41","slug":"cientos-de-soldados-de-la-guardia-nacional-desplegados-en-portland-y-chicago-regresaran-a-casa","status":"publish","type":"post","link":"https:\/\/lasprimeras.com.do\/index.php\/2025\/11\/17\/cientos-de-soldados-de-la-guardia-nacional-desplegados-en-portland-y-chicago-regresaran-a-casa\/","title":{"rendered":"Cientos de soldados de la Guardia Nacional desplegados en Portland y Chicago regresar\u00e1n a casa"},"content":{"rendered":"\n<p>POR JULIE WATSON<\/p>\n\n\n\n<p>Cientos de elementos de la Guardia Nacional desplegados en Chicago y Portland, Oregon, ser\u00e1n enviados de vuelta a casa, y aquellos que se queden se mantendr\u00e1n fuera de las calles en medio de batallas judiciales sobre su misi\u00f3n en territorio nacional ordenada por el gobierno de Donald Trump, dijo un funcionario de defensa el lunes.<\/p>\n\n\n\n<p>El retiro de los soldados \u2014que fueron enviados desde California y Texas\u2014 es parte de un cambio m\u00e1s amplio en los despliegues de tropas despu\u00e9s de que Trump comenz\u00f3 con su batida contra inmigrantes en varias ciudades con gobiernos dem\u00f3cratas. El funcionario no estaba autorizado para discutir el tema p\u00fablicamente y solicit\u00f3 anonimato.<\/p>\n\n\n\n<p>El Comando Norte de Estados Unidos dijo en un comunicado el domingo que estaba \u201cajustando y\/o redimensionando\u201d unidades en Portland, Los \u00c1ngeles y Chicago, aunque afirm\u00f3 que habr\u00eda una \u201cpresencia constante, duradera y a largo plazo en cada ciudad\u201d.<\/p>\n\n\n\n<p>En los pr\u00f3ximos d\u00edas, los 200 soldados de la Guardia Nacional de California que se encuentran desplegados actualmente en Portland ser\u00e1n enviados a casa, dijo el funcionario. El ej\u00e9rcito tambi\u00e9n planea reducir de 200 a 100 el n\u00famero de efectivos de la Guardia Nacional de Oregon desplegados all\u00ed, agreg\u00f3 el funcionario.<\/p>\n\n\n\n<p>Alrededor de 200 soldados de la Guardia Nacional de Texas en Chicago tambi\u00e9n ser\u00e1n enviados a casa y unos 200 soldados estar\u00e1n en espera en Fort Bliss, una base del ej\u00e9rcito que se extiende por partes de Texas y Nuevo M\u00e9xico, indic\u00f3 el funcionario.<\/p>\n\n\n\n<p>Aproximadamente 300 efectivos de la Guardia Nacional de Illinois permanecer\u00e1n en el \u00e1rea metropolitana de Chicago, tambi\u00e9n realizando entrenamiento, pero actualmente no tienen permitido legalmente llevar a cabo operaciones con el Departamento de Seguridad Nacional, se\u00f1al\u00f3 el funcionario.<\/p>\n\n\n\n<p>El funcionario mencion\u00f3 que la temporada de fiestas de fin de a\u00f1o podr\u00eda haber influido en el cambio de despliegues.<\/p>\n\n\n\n<p>Diana Crofts-Pelayo, portavoz del gobernador de California, Gavin Newsom, aplaudi\u00f3 el regreso de los soldados de la Guardia Nacional del estado que fueron desplegados a Oregon, asegurando que Trump \u201cnunca debi\u00f3 haber desplegado ilegalmente a nuestras tropas en primer lugar\u201d.<\/p>\n\n\n\n<p>\u201cNos alegra que finalmente est\u00e9n regresando a casa\u201d, escribi\u00f3 en un correo electr\u00f3nico. &#8220;\u00a1Ya era hora!\u201d<\/p>\n\n\n\n<p>La gobernadora de Oregon, Tina Kotek, tambi\u00e9n le solicit\u00f3 al gobierno federal la desmovilizaci\u00f3n de los 100 soldados restantes en su estado.<\/p>\n\n\n\n<p>\u201cLos miembros de la Guardia Nacional de Oregon, quienes son nuestros amigos y vecinos, han estado lejos de sus familias y de sus trabajos durante 50 d\u00edas en un despliegue innecesario\u201d, se\u00f1al\u00f3 Kotek en un comunicado por escrito. \u201cCon las fiestas acerc\u00e1ndose, cada miembro merece ir a casa\u201d.<\/p>\n\n\n\n<p>El gobernador de Illinois, JB Pritzker, dijo que el gobierno federal no comunica sus planes con los mandatarios estatales y a\u00fan estaba amenazando con federalizar m\u00e1s tropas.<\/p>\n\n\n\n<p>\u201cEsto confirma lo que siempre hemos sabido: Esto se trata de normalizar las fuerzas militares en las ciudades estadounidenses\u201d, dijo el portavoz de Pritzker, Matt Hill, en un comunicado el s\u00e1bado.<\/p>\n\n\n\n<p>Hill no respondi\u00f3 de momento a un mensaje dejado el lunes.<\/p>\n\n\n\n<p>Las ciudades dem\u00f3cratas a las que Trump ha enviado militares han estado oponiendo resistencia. Argumentan que el presidente no ha cumplido con el umbral legal para desplegar tropas y que hacerlo violar\u00eda la soberan\u00eda de los estados.<\/p>\n\n\n\n<p>La jueza federal de distrito Karin Immergut, en Portland, emiti\u00f3 este mes una orden judicial permanente que proh\u00edbe a Trump desplegar tropas en la ciudad, ya que no hab\u00eda establecido que ten\u00eda derecho legal a hacerlo. El domingo, el gobierno federal present\u00f3 una moci\u00f3n de emergencia para suspender el fallo mientras apela.<\/p>\n\n\n\n<p>Por separado, el gobierno de Trump ha intensificado la aplicaci\u00f3n de la ley de inmigraci\u00f3n en Charlotte, Carolina del Norte, expandiendo una campa\u00f1a agresiva que ha sido liderada por la Oficina de Aduanas y Protecci\u00f3n Fronteriza de Estados Unidos.<\/p>\n\n\n\n<p>Los despliegues de la Guardia Nacional han sido una de las iniciativas m\u00e1s controvertidas del segundo mandato de Trump, y que demuestra una mayor disposici\u00f3n para usar el ej\u00e9rcito para lograr objetivos nacionales.<\/p>\n\n\n\n<p>Elementos castrenses, incluidos marines en servicio activo, fueron desplegados en Los \u00c1ngeles durante las protestas contras redadas de inmigraci\u00f3n este a\u00f1o.<\/p>\n\n\n\n<p>La Guardia Nacional tambi\u00e9n fue enviada a Washington, D.C., donde formaron parte de una intervenci\u00f3n federal m\u00e1s amplia que Trump alegaba era necesaria debido a problemas de criminalidad.<\/p>\n\n\n\n<p>Los despliegues luego se expandieron a Portland y Chicago.<\/p>\n\n\n\n<p>Aunque no desempe\u00f1an un papel policial, a los miembros de la Guardia Nacional se les ha encomendado la protecci\u00f3n de instalaciones federales, particularmente aquellas administradas por el Servicio de Inmigraci\u00f3n y Control de Aduanas de Estados Unidos.<\/p>\n\n\n\n<p>Aproximadamente 100 soldados que han estado en Los \u00c1ngeles permanecer\u00e1n en despliegue, dijo el funcionario de defensa.<\/p>\n","protected":false},"excerpt":{"rendered":"<p>POR JULIE WATSON Cientos de elementos de la Guardia Nacional desplegados en Chicago y Portland, Oregon, ser\u00e1n enviados de vuelta a casa, y aquellos que se queden se mantendr\u00e1n fuera&hellip;<\/p>\n","protected":false},"author":10,"featured_media":114891,"comment_status":"open","ping_status":"open","sticky":false,"template":"","format":"standard","meta":{"content-type":"","jetpack_post_was_ever_published":false,"_jetpack_newsletter_access":"","_jetpack_dont_email_post_to_subs":false,"_jetpack_newsletter_tier_id":0,"_jetpack_memberships_contains_paywalled_content":false,"_jetpack_memberships_contains_paid_content":false,"footnotes":""},"categories":[16289],"tags":[3112,27355,27354,20403,25163],"class_list":["post-114890","post","type-post","status-publish","format-standard","has-post-thumbnail","hentry","category-internacionales","tag-chicago","tag-cientos-de-soldados","tag-desplegados","tag-guardia-nacional","tag-portland"],"jetpack_featured_media_url":"https:\/\/lasprimeras.com.do\/wp-content\/uploads\/2025\/11\/Cientos-de-soldados-de-la-Guardia-Nacional.jpg","jetpack-related-posts":[{"id":110421,"url":"https:\/\/lasprimeras.com.do\/index.php\/2025\/09\/28\/funcionarios-de-oregon-dicen-que-trump-desplegara-a-200-soldados-de-la-guardia-nacional-en-el-estado\/","url_meta":{"origin":114890,"position":0},"title":"Funcionarios de Oregon dicen que Trump desplegar\u00e1 a 200 soldados de la Guardia Nacional en el estado","author":"Nelson Feliz","date":"28 de septiembre de 2025","format":false,"excerpt":"POR CHRIS MEGERIAN and KONSTANTIN TOROPIN WASHINGTON (AP) \u2014 El gobierno federal orden\u00f3 el despliegue de 200 miembros de la Guardia Nacional de Oregon para proteger a agentes de inmigraci\u00f3n e instalaciones gubernamentales, seg\u00fan un memorando del Departamento de Defensa que fue recibido por funcionarios estatales. El despliegue se llevar\u00e1\u2026","rel":"","context":"En \u00abINTERNACIONALES\u00bb","block_context":{"text":"INTERNACIONALES","link":"https:\/\/lasprimeras.com.do\/index.php\/category\/sin-categoria\/internacionales\/"},"img":{"alt_text":"","src":"https:\/\/i0.wp.com\/lasprimeras.com.do\/wp-content\/uploads\/2025\/09\/oregon-1.jpg?resize=350%2C200&ssl=1","width":350,"height":200,"srcset":"https:\/\/i0.wp.com\/lasprimeras.com.do\/wp-content\/uploads\/2025\/09\/oregon-1.jpg?resize=350%2C200&ssl=1 1x, https:\/\/i0.wp.com\/lasprimeras.com.do\/wp-content\/uploads\/2025\/09\/oregon-1.jpg?resize=525%2C300&ssl=1 1.5x, https:\/\/i0.wp.com\/lasprimeras.com.do\/wp-content\/uploads\/2025\/09\/oregon-1.jpg?resize=700%2C400&ssl=1 2x"},"classes":[]},{"id":110281,"url":"https:\/\/lasprimeras.com.do\/index.php\/2025\/09\/27\/trump-dice-que-enviara-tropas-a-portland-oregon-para-lidiar-con-terroristas-domesticos\/","url_meta":{"origin":114890,"position":1},"title":"Trump dice que enviar\u00e1 tropas a Portland, Oreg\u00f3n, para lidiar con &#8220;terroristas dom\u00e9sticos&#8221;","author":"Nelson Feliz","date":"27 de septiembre de 2025","format":false,"excerpt":"Por Chris Megerian WASHINGTON (AP) \u2014 El presidente Donald Trump dijo el s\u00e1bado que enviar\u00e1 tropas a Portland, Oregon, \u201cautorizando el uso de toda la fuerza, si es necesario\u201d para lidiar con \u201cterroristas dom\u00e9sticos\u201d mientras expande sus controvertidos despliegues a m\u00e1s ciudades estadounidenses. Hizo el anuncio en las redes sociales,\u2026","rel":"","context":"En \u00abINTERNACIONALES\u00bb","block_context":{"text":"INTERNACIONALES","link":"https:\/\/lasprimeras.com.do\/index.php\/category\/sin-categoria\/internacionales\/"},"img":{"alt_text":"","src":"https:\/\/i0.wp.com\/lasprimeras.com.do\/wp-content\/uploads\/2025\/09\/Oregon.jpg?resize=350%2C200&ssl=1","width":350,"height":200,"srcset":"https:\/\/i0.wp.com\/lasprimeras.com.do\/wp-content\/uploads\/2025\/09\/Oregon.jpg?resize=350%2C200&ssl=1 1x, https:\/\/i0.wp.com\/lasprimeras.com.do\/wp-content\/uploads\/2025\/09\/Oregon.jpg?resize=525%2C300&ssl=1 1.5x, https:\/\/i0.wp.com\/lasprimeras.com.do\/wp-content\/uploads\/2025\/09\/Oregon.jpg?resize=700%2C400&ssl=1 2x"},"classes":[]},{"id":116012,"url":"https:\/\/lasprimeras.com.do\/index.php\/2025\/11\/26\/gobierno-de-trump-ordena-enviar-500-soldados-mas-de-la-guardia-nacional-a-dc-tras-tiroteo\/","url_meta":{"origin":114890,"position":2},"title":"Gobierno de Trump ordena enviar 500 soldados m\u00e1s de la Guardia Nacional a DC tras tiroteo","author":"Nelson Feliz","date":"26 de noviembre de 2025","format":false,"excerpt":"POR ALANNA DURKIN RICHER and GARY FIELDS WASHINGTON (AP) \u2014 Dos miembros de la Guardia Nacional de Virginia Occidental que fueron desplegados en la capital de Estados Unidos fueron baleados el mi\u00e9rcoles a s\u00f3lo unas cuadras de la Casa Blanca. El director del FBI, Kash Patel, y la alcaldesa de\u2026","rel":"","context":"En \u00abINTERNACIONALES\u00bb","block_context":{"text":"INTERNACIONALES","link":"https:\/\/lasprimeras.com.do\/index.php\/category\/sin-categoria\/internacionales\/"},"img":{"alt_text":"","src":"https:\/\/i0.wp.com\/lasprimeras.com.do\/wp-content\/uploads\/2025\/11\/tiroteo.jpg?resize=350%2C200&ssl=1","width":350,"height":200,"srcset":"https:\/\/i0.wp.com\/lasprimeras.com.do\/wp-content\/uploads\/2025\/11\/tiroteo.jpg?resize=350%2C200&ssl=1 1x, https:\/\/i0.wp.com\/lasprimeras.com.do\/wp-content\/uploads\/2025\/11\/tiroteo.jpg?resize=525%2C300&ssl=1 1.5x, https:\/\/i0.wp.com\/lasprimeras.com.do\/wp-content\/uploads\/2025\/11\/tiroteo.jpg?resize=700%2C400&ssl=1 2x"},"classes":[]},{"id":92878,"url":"https:\/\/lasprimeras.com.do\/index.php\/2025\/01\/19\/chicago-se-prepara-para-cientos-de-arrestos-por-deportacion-tras-investidura-de-trump\/","url_meta":{"origin":114890,"position":3},"title":"Chicago se prepara para cientos de arrestos por deportaci\u00f3n tras investidura de Trump","author":"Nelson Feliz","date":"19 de enero de 2025","format":false,"excerpt":"POR TODD RICHMOND and ELLIOT SPAGAT Chicago , AP.-. Los funcionarios federales de inmigraci\u00f3n se centrar\u00e1n en m\u00e1s de 300 personas con antecedentes de delitos graves y violentos despu\u00e9s de que el presidente electo Donald Trump asuma el cargo el lunes, dijo un funcionario, lo que supone el primer intento\u2026","rel":"","context":"En \u00abINTERNACIONALES\u00bb","block_context":{"text":"INTERNACIONALES","link":"https:\/\/lasprimeras.com.do\/index.php\/category\/sin-categoria\/internacionales\/"},"img":{"alt_text":"","src":"https:\/\/i0.wp.com\/lasprimeras.com.do\/wp-content\/uploads\/2025\/01\/Tom-Homan.jpg?resize=350%2C200&ssl=1","width":350,"height":200,"srcset":"https:\/\/i0.wp.com\/lasprimeras.com.do\/wp-content\/uploads\/2025\/01\/Tom-Homan.jpg?resize=350%2C200&ssl=1 1x, https:\/\/i0.wp.com\/lasprimeras.com.do\/wp-content\/uploads\/2025\/01\/Tom-Homan.jpg?resize=525%2C300&ssl=1 1.5x, https:\/\/i0.wp.com\/lasprimeras.com.do\/wp-content\/uploads\/2025\/01\/Tom-Homan.jpg?resize=700%2C400&ssl=1 2x"},"classes":[]},{"id":116062,"url":"https:\/\/lasprimeras.com.do\/index.php\/2025\/11\/27\/un-afgano-detenido-tras-disparar-a-dos-guardias-nacionales-cerca-de-la-casa-blanca\/","url_meta":{"origin":114890,"position":4},"title":"Un afgano detenido tras disparar a dos guardias nacionales cerca de la Casa Blanca","author":"Nelson Feliz","date":"27 de noviembre de 2025","format":false,"excerpt":"POR ALANNA DURKIN RICHER and GARY FIELDS WASHINGTON (AP) \u2014 Un ciudadano afgano ha sido acusado de disparar a dos miembros de la Guardia Nacional de Virginia Occidental a solo unas cuadras de la Casa Blanca, en un acto de violencia flagrante en un momento en que la presencia de\u2026","rel":"","context":"En \u00abINTERNACIONALES\u00bb","block_context":{"text":"INTERNACIONALES","link":"https:\/\/lasprimeras.com.do\/index.php\/category\/sin-categoria\/internacionales\/"},"img":{"alt_text":"","src":"https:\/\/i0.wp.com\/lasprimeras.com.do\/wp-content\/uploads\/2025\/11\/Casa-Blanca.jpg?resize=350%2C200&ssl=1","width":350,"height":200,"srcset":"https:\/\/i0.wp.com\/lasprimeras.com.do\/wp-content\/uploads\/2025\/11\/Casa-Blanca.jpg?resize=350%2C200&ssl=1 1x, https:\/\/i0.wp.com\/lasprimeras.com.do\/wp-content\/uploads\/2025\/11\/Casa-Blanca.jpg?resize=525%2C300&ssl=1 1.5x, https:\/\/i0.wp.com\/lasprimeras.com.do\/wp-content\/uploads\/2025\/11\/Casa-Blanca.jpg?resize=700%2C400&ssl=1 2x"},"classes":[]},{"id":107989,"url":"https:\/\/lasprimeras.com.do\/index.php\/2025\/09\/02\/juez-dictamina-que-es-ilegal-uso-de-la-guardia-nacional-en-protestas-por-inmigracion-en-los-angeles\/","url_meta":{"origin":114890,"position":5},"title":"Juez dictamina que es ilegal uso de la Guardia Nacional en protestas por inmigraci\u00f3n en Los \u00c1ngeles","author":"Nelson Feliz","date":"2 de septiembre de 2025","format":false,"excerpt":"Por OLGA R. RODRIGUEZ SAN FRANCISCO (AP) \u2014 Un juez federal dictamin\u00f3 el martes que el gobierno de Trump viol\u00f3 la ley federal al utilizar tropas de la Guardia Nacional en medio de operativos de control de inmigraci\u00f3n en el sur de California y las protestas que los acompa\u00f1aron. El\u2026","rel":"","context":"En \u00abINTERNACIONALES\u00bb","block_context":{"text":"INTERNACIONALES","link":"https:\/\/lasprimeras.com.do\/index.php\/category\/sin-categoria\/internacionales\/"},"img":{"alt_text":"","src":"https:\/\/i0.wp.com\/lasprimeras.com.do\/wp-content\/uploads\/2025\/09\/Donald-Trump.jpg?resize=350%2C200&ssl=1","width":350,"height":200,"srcset":"https:\/\/i0.wp.com\/lasprimeras.com.do\/wp-content\/uploads\/2025\/09\/Donald-Trump.jpg?resize=350%2C200&ssl=1 1x, https:\/\/i0.wp.com\/lasprimeras.com.do\/wp-content\/uploads\/2025\/09\/Donald-Trump.jpg?resize=525%2C300&ssl=1 1.5x, https:\/\/i0.wp.com\/lasprimeras.com.do\/wp-content\/uploads\/2025\/09\/Donald-Trump.jpg?resize=700%2C400&ssl=1 2x"},"classes":[]}],"jetpack_sharing_enabled":true,"_links":{"self":[{"href":"https:\/\/lasprimeras.com.do\/index.php\/wp-json\/wp\/v2\/posts\/114890","targetHints":{"allow":["GET"]}}],"collection":[{"href":"https:\/\/lasprimeras.com.do\/index.php\/wp-json\/wp\/v2\/posts"}],"about":[{"href":"https:\/\/lasprimeras.com.do\/index.php\/wp-json\/wp\/v2\/types\/post"}],"author":[{"embeddable":true,"href":"https:\/\/lasprimeras.com.do\/index.php\/wp-json\/wp\/v2\/users\/10"}],"replies":[{"embeddable":true,"href":"https:\/\/lasprimeras.com.do\/index.php\/wp-json\/wp\/v2\/comments?post=114890"}],"version-history":[{"count":1,"href":"https:\/\/lasprimeras.com.do\/index.php\/wp-json\/wp\/v2\/posts\/114890\/revisions"}],"predecessor-version":[{"id":114892,"href":"https:\/\/lasprimeras.com.do\/index.php\/wp-json\/wp\/v2\/posts\/114890\/revisions\/114892"}],"wp:featuredmedia":[{"embeddable":true,"href":"https:\/\/lasprimeras.com.do\/index.php\/wp-json\/wp\/v2\/media\/114891"}],"wp:attachment":[{"href":"https:\/\/lasprimeras.com.do\/index.php\/wp-json\/wp\/v2\/media?parent=114890"}],"wp:term":[{"taxonomy":"category","embeddable":true,"href":"https:\/\/lasprimeras.com.do\/index.php\/wp-json\/wp\/v2\/categories?post=114890"},{"taxonomy":"post_tag","embeddable":true,"href":"https:\/\/lasprimeras.com.do\/index.php\/wp-json\/wp\/v2\/tags?post=114890"}],"curies":[{"name":"wp","href":"https:\/\/api.w.org\/{rel}","templated":true}]}}