{"id":114896,"date":"2025-11-17T20:16:24","date_gmt":"2025-11-18T00:16:24","guid":{"rendered":"https:\/\/lasprimeras.com.do\/?p=114896"},"modified":"2025-11-17T20:16:26","modified_gmt":"2025-11-18T00:16:26","slug":"acusan-de-homicidio-a-hombre-que-disparo-a-empleada-domestica-que-se-equivoco-de-casa","status":"publish","type":"post","link":"https:\/\/lasprimeras.com.do\/index.php\/2025\/11\/17\/acusan-de-homicidio-a-hombre-que-disparo-a-empleada-domestica-que-se-equivoco-de-casa\/","title":{"rendered":"Acusan de homicidio a hombre que dispar\u00f3 a empleada dom\u00e9stica que se equivoc\u00f3 de casa"},"content":{"rendered":"\n<p>POR TODD RICHMOND<\/p>\n\n\n\n<p>Indiana, AP- Un hombre de Indiana que mat\u00f3 a una trabajadora dom\u00e9stica guatemalteca que se equivoc\u00f3 de casa fue acusado el lunes de homicidio no premeditado en un caso que plantea preguntas sobre los l\u00edmites de las leyes de la defensa propia.<\/p>\n\n\n\n<p>Curt Anderson, de 62 a\u00f1os, podr\u00eda enfrentar entre 10 y 30 a\u00f1os de prisi\u00f3n y una multa de 10.000 d\u00f3lares en caso de ser condenado. Permanece detenido en la c\u00e1rcel del condado Boone a la espera de su proceso. Su abogado Guy Relford no ha comentado al respecto.<\/p>\n\n\n\n<p>Los oficiales encontraron a Mar\u00eda Florinda R\u00edos P\u00e9rez de Vel\u00e1squez, de 32 a\u00f1os, muerta en el porche delantero de una casa en Whitestown, un suburbio de Indian\u00e1polis, el 5 de noviembre.<\/p>\n\n\n\n<p>Las autoridades dijeron que la inmigrante de Guatemala formaba parte de un equipo de limpieza que lleg\u00f3 a la casa equivocada poco antes de las 7 de la ma\u00f1ana.<\/p>\n\n\n\n<p>Su esposo dijo a los medios que estaba con ella en el porche y alguien dispar\u00f3 a trav\u00e9s de la puerta principal. No se dio cuenta de que la hab\u00edan herido hasta que cay\u00f3 en sus brazos, sangrando. Las autoridades determinaron que recibi\u00f3 un disparo en la cabeza.<\/p>\n\n\n\n<p>Indiana es uno de los 31 estados con una ley de defensa propia que permite a los propietarios usar fuerza letal para impedir que alguien ingrese ilegalmente a su vivienda. Pero la polic\u00eda dijo que no hab\u00eda evidencia de que la mujer hubiese entrado en la casa antes de que le dispararan.<\/p>\n\n\n\n<p>El caso recuerda un episodio similar en Missouri en 2023, cuando Andrew Lester, un hombre de 86 a\u00f1os, le dispar\u00f3 a Ralph Yarl despu\u00e9s de que el adolescente negro de 16 a\u00f1os lleg\u00f3 a su puerta por error.<\/p>\n\n\n\n<p>Missouri tiene una ley de defensa propia similar, pero los fiscales acusaron a Lester de asalto en primer grado y acci\u00f3n criminal armada. Al final, se declar\u00f3 culpable de asalto en segundo grado y no fue a juicio.<\/p>\n\n\n\n<p>En 2024 en Nueva York, que no tiene una ley de defensa propia, un hombre fue condenado por asesinato no premeditado por disparar fatalmente contra una mujer que iba en autom\u00f3vil y por error se meti\u00f3 al camino de entrada de la casa del acusado, en el norte del estado.<\/p>\n\n\n\n<p>En Indiana, el fiscal del condado Boone, Kent Eastwood, dijo a los periodistas en una conferencia de prensa que la decisi\u00f3n de acusar a Anderson no fue dif\u00edcil. Las protecciones de defensa propia no se aplican a Anderson porque carec\u00eda de suficiente informaci\u00f3n para saber si sus acciones eran razonables, dijo Eastwood.<\/p>\n\n\n\n<p>\u201cCreemos que la persona no ten\u00eda una creencia razonable de que ese tipo de fuerza era necesaria dado todos los hechos que ten\u00eda en ese momento\u201d, dijo Eastwood.<\/p>\n\n\n\n<p>Seg\u00fan una declaraci\u00f3n de causa probable, Anderson dijo a los investigadores que \u00e9l y su esposa estaban dormidos en un dormitorio del piso superior cuando escuch\u00f3 un \u201calboroto en la puerta\u201d que se intensific\u00f3. Pens\u00f3 que alguien estaba usando llaves, herramientas o un instrumento en la puerta principal.<\/p>\n\n\n\n<p>Se asust\u00f3, fue a la parte superior de la escalera y vio a trav\u00e9s de las ventanas de la casa que dos personas estaban afuera de la puerta principal. Se dijo a s\u00ed mismo: \u201c\u00bfQu\u00e9 voy a hacer? No se va a ir y tengo que hacer algo ahora\u201d, seg\u00fan la declaraci\u00f3n.<\/p>\n\n\n\n<p>Entr\u00f3 en su habitaci\u00f3n segura, sac\u00f3 su pistola de su caja con llave y la carg\u00f3. El alboroto en la puerta se volvi\u00f3 \u201ccada vez m\u00e1s agresivo\u201d, dijo, y se aterroriz\u00f3 de que fueran a entrar.<\/p>\n\n\n\n<p>Le dijo a su esposa que entrara en la habitaci\u00f3n segura, volvi\u00f3 a la escalera y vio a trav\u00e9s de las ventanas a las personas en la puerta principal \u201cempujando\u201d la puerta y volvi\u00e9ndose m\u00e1s agresivas. Luego dispar\u00f3 un tiro hacia la puerta. Agreg\u00f3 que la puerta nunca se abri\u00f3 y que no dijo nada antes de apretar el gatillo.<\/p>\n\n\n\n<p>Luego escuch\u00f3 a un hombre llorando y sollozando y pens\u00f3 que los hab\u00eda asustado. Dijo que estaba tan asustado que inicialmente no sali\u00f3 de la casa cuando lleg\u00f3 la polic\u00eda porque tem\u00eda que los posibles intrusos a\u00fan estuvieran afuera, seg\u00fan la declaraci\u00f3n.<\/p>\n\n\n\n<p>Los investigadores encontraron un agujero de bala en la puerta, pero no hab\u00eda evidencia de ning\u00fan contacto forzoso con la puerta en s\u00ed o con el pestillo y el marco de la puerta.<\/p>\n\n\n\n<p>La empresa de limpieza que empleaba a la pareja confirm\u00f3 que se supon\u00eda que deb\u00edan limpiar una casa modelo en una subdivisi\u00f3n cercana, seg\u00fan la declaraci\u00f3n.<\/p>\n\n\n\n<p>Jody Madeira, profesora de derecho de la Universidad de Indiana que se especializa en derechos de armas, dijo la semana pasada que el caso R\u00edos era \u201chorrible\u201d y \u201cexcepcionalmente inusual\u201d.<\/p>\n\n\n\n<p>En general, el p\u00fablico puede acceder legalmente a la propiedad privada, incluido un porche delantero, con un prop\u00f3sito leg\u00edtimo hasta que se les diga que se vayan, dijo Madeira. Por ejemplo, por ley, un propietario no puede disparar contra un repartidor de pizza o a un conductor de Amazon solo por pisar su propiedad, se\u00f1al\u00f3.<\/p>\n","protected":false},"excerpt":{"rendered":"<p>POR TODD RICHMOND Indiana, AP- Un hombre de Indiana que mat\u00f3 a una trabajadora dom\u00e9stica guatemalteca que se equivoc\u00f3 de casa fue acusado el lunes de homicidio no premeditado en&hellip;<\/p>\n","protected":false},"author":10,"featured_media":114897,"comment_status":"open","ping_status":"open","sticky":false,"template":"","format":"standard","meta":{"content-type":"","jetpack_post_was_ever_published":false,"_jetpack_newsletter_access":"","_jetpack_dont_email_post_to_subs":false,"_jetpack_newsletter_tier_id":0,"_jetpack_memberships_contains_paywalled_content":false,"_jetpack_memberships_contains_paid_content":false,"footnotes":""},"categories":[16289],"tags":[3274,55,8944,27358,27359,46,492],"class_list":["post-114896","post","type-post","status-publish","format-standard","has-post-thumbnail","hentry","category-internacionales","tag-acusan","tag-casa","tag-disparo-2","tag-empleada-domestica","tag-equivoco","tag-hombre","tag-homicidio"],"jetpack_featured_media_url":"https:\/\/lasprimeras.com.do\/wp-content\/uploads\/2025\/11\/HOMICIDIO.jpg","jetpack-related-posts":[{"id":59248,"url":"https:\/\/lasprimeras.com.do\/index.php\/2023\/09\/01\/tragedia-de-familia-acuchillada-en-su-hogar-en-manhattan-recrudece-el-debate-sobre-la-violencia-domestica-silenciosa\/","url_meta":{"origin":114896,"position":0},"title":"Tragedia de familia acuchillada en su hogar en Manhattan recrudece el debate sobre la violencia dom\u00e9stica \u201csilenciosa\u201d","author":"Nelson Feliz","date":"1 de septiembre de 2023","format":false,"excerpt":"Ocho historias de presuntos asesinatos intrafamiliares han sacudido a Nueva York desde el pasado mes de diciembre. El caso de la familia L\u00f3pez Witek en la calle 86 y Riverside Drive todav\u00eda est\u00e1 bajo la sombra del misterio. Por Fernando Mart\u00ednez Pasan los d\u00edas y la conmoci\u00f3n, las dudas y\u2026","rel":"","context":"En \u00abSin categor\u00eda\u00bb","block_context":{"text":"Sin categor\u00eda","link":"https:\/\/lasprimeras.com.do\/index.php\/category\/sin-categoria\/"},"img":{"alt_text":"","src":"https:\/\/i0.wp.com\/lasprimeras.com.do\/wp-content\/uploads\/2023\/09\/rueda-de-prensa.jpg?resize=350%2C200&ssl=1","width":350,"height":200,"srcset":"https:\/\/i0.wp.com\/lasprimeras.com.do\/wp-content\/uploads\/2023\/09\/rueda-de-prensa.jpg?resize=350%2C200&ssl=1 1x, https:\/\/i0.wp.com\/lasprimeras.com.do\/wp-content\/uploads\/2023\/09\/rueda-de-prensa.jpg?resize=525%2C300&ssl=1 1.5x, https:\/\/i0.wp.com\/lasprimeras.com.do\/wp-content\/uploads\/2023\/09\/rueda-de-prensa.jpg?resize=700%2C400&ssl=1 2x"},"classes":[]},{"id":53258,"url":"https:\/\/lasprimeras.com.do\/index.php\/2023\/06\/24\/capturan-varios-hombres-acusados-de-homicidio-en-san-cristobal\/","url_meta":{"origin":114896,"position":1},"title":"Capturan varios hombres acusados de homicidio en San Crist\u00f3bal","author":"Nelson Feliz","date":"24 de junio de 2023","format":false,"excerpt":"La Direcci\u00f3n Regional San Crist\u00f3bal de la Polic\u00eda Nacional bajo el mandato del coronel Jes\u00fas R. Tejada Tejada, ha capturado varios sujetos acusados de cometer un homicidio en el sector de Jeringa. El tr\u00e1gico incidente se produjo en la calle Armando Nivar, en el sector Las Flores, donde funciona el\u2026","rel":"","context":"En \u00abNACIONALES\u00bb","block_context":{"text":"NACIONALES","link":"https:\/\/lasprimeras.com.do\/index.php\/category\/nacionales\/"},"img":{"alt_text":"Jes\u00fas R. Tejada Tejada","src":"https:\/\/i0.wp.com\/lasprimeras.com.do\/wp-content\/uploads\/2023\/06\/Jesus-R.-Tejada-Tejada.jpg?resize=350%2C200&ssl=1","width":350,"height":200,"srcset":"https:\/\/i0.wp.com\/lasprimeras.com.do\/wp-content\/uploads\/2023\/06\/Jesus-R.-Tejada-Tejada.jpg?resize=350%2C200&ssl=1 1x, https:\/\/i0.wp.com\/lasprimeras.com.do\/wp-content\/uploads\/2023\/06\/Jesus-R.-Tejada-Tejada.jpg?resize=525%2C300&ssl=1 1.5x"},"classes":[]},{"id":83943,"url":"https:\/\/lasprimeras.com.do\/index.php\/2024\/05\/28\/se-entrega-uno-de-dos-hombres-acusados-de-homicidio-de-adolescente-en-azua\/","url_meta":{"origin":114896,"position":2},"title":"Se entrega uno de dos hombres acusados de homicidio de adolescente en Azua","author":"Nelson Feliz","date":"28 de mayo de 2024","format":false,"excerpt":"-El detenido fue trasladado hacia la provincia de Azua, donde ser\u00e1 sometido a la justicia, v\u00eda el Ministerio P\u00fablico. Ante las labores de b\u00fasqueda y captura realizadas por agentes policiales investigadores, se entreg\u00f3 en el distrito municipal de Cabarete, en Sos\u00faa, Puerto Plata, un hombre se\u00f1alado como uno de los\u2026","rel":"","context":"En \u00abNACIONALES\u00bb","block_context":{"text":"NACIONALES","link":"https:\/\/lasprimeras.com.do\/index.php\/category\/nacionales\/"},"img":{"alt_text":"preso-celda","src":"https:\/\/i0.wp.com\/lasprimeras.com.do\/wp-content\/uploads\/2023\/06\/preso-celda.jpg?resize=350%2C200&ssl=1","width":350,"height":200,"srcset":"https:\/\/i0.wp.com\/lasprimeras.com.do\/wp-content\/uploads\/2023\/06\/preso-celda.jpg?resize=350%2C200&ssl=1 1x, https:\/\/i0.wp.com\/lasprimeras.com.do\/wp-content\/uploads\/2023\/06\/preso-celda.jpg?resize=525%2C300&ssl=1 1.5x, https:\/\/i0.wp.com\/lasprimeras.com.do\/wp-content\/uploads\/2023\/06\/preso-celda.jpg?resize=700%2C400&ssl=1 2x"},"classes":[]},{"id":127046,"url":"https:\/\/lasprimeras.com.do\/index.php\/2026\/04\/08\/hombre-de-76-anos-mata-a-tiros-a-joven-de-21-en-edificio-del-bronx-por-musica-alta\/","url_meta":{"origin":114896,"position":3},"title":"Hombre de 76 a\u00f1os mata a tiros a joven de 21 en edificio del Bronx por m\u00fasica alta","author":"Nelson Feliz","date":"8 de abril de 2026","format":false,"excerpt":"Por Ram\u00f3n Mercedes NUEVA YORK.-\u00a0Un hombre de 76 a\u00f1os, con problemas de salud y residente en el piso 23 del edificio River Park, un complejo de 44 pisos y 1,654 apartamentos, ubicado en una franja entre la autopista Major Deegan y el r\u00edo Harlem, en Morris Heights, El Bronx, mat\u00f3\u2026","rel":"","context":"En \u00abINTERNACIONALES\u00bb","block_context":{"text":"INTERNACIONALES","link":"https:\/\/lasprimeras.com.do\/index.php\/category\/sin-categoria\/internacionales\/"},"img":{"alt_text":"","src":"","width":0,"height":0},"classes":[]},{"id":96207,"url":"https:\/\/lasprimeras.com.do\/index.php\/2025\/03\/26\/prision-preventiva-contra-hombre-acusado-de-asesinar-a-su-madre-e-hija-en-sfm\/","url_meta":{"origin":114896,"position":4},"title":"Prisi\u00f3n preventiva contra hombre acusado de asesinar a su madre e hija en SFM","author":"Nelson Feliz","date":"26 de marzo de 2025","format":false,"excerpt":"La Oficina Judicial de Servicios de Atenci\u00f3n Permanente de Duarte impuso tres meses de prisi\u00f3n preventiva contra Eddy Jes\u00fas Camarena Jim\u00e9nez, imputado por el asesinato de su madre y su hija de tres a\u00f1os, as\u00ed como por tentativa de homicidio contra su expareja. La medida fue dictada a solicitud del\u2026","rel":"","context":"En \u00abJUSTICIA\u00bb","block_context":{"text":"JUSTICIA","link":"https:\/\/lasprimeras.com.do\/index.php\/category\/justicia\/"},"img":{"alt_text":"","src":"https:\/\/i0.wp.com\/lasprimeras.com.do\/wp-content\/uploads\/2025\/03\/preso.jpg?resize=350%2C200&ssl=1","width":350,"height":200,"srcset":"https:\/\/i0.wp.com\/lasprimeras.com.do\/wp-content\/uploads\/2025\/03\/preso.jpg?resize=350%2C200&ssl=1 1x, https:\/\/i0.wp.com\/lasprimeras.com.do\/wp-content\/uploads\/2025\/03\/preso.jpg?resize=525%2C300&ssl=1 1.5x, https:\/\/i0.wp.com\/lasprimeras.com.do\/wp-content\/uploads\/2025\/03\/preso.jpg?resize=700%2C400&ssl=1 2x"},"classes":[]},{"id":65533,"url":"https:\/\/lasprimeras.com.do\/index.php\/2023\/10\/29\/apresan-hombre-acusado-de-homicidio-de-una-mujer-en-santo-domingo-norte\/","url_meta":{"origin":114896,"position":5},"title":"Apresan hombre acusado de homicidio de una mujer en Santo Domingo Norte","author":"Nelson Feliz","date":"29 de octubre de 2023","format":false,"excerpt":"Por Martin Restituyo Agentes policiales de servicio en el municipio de Santo Domingo Norte, apresaron a un hombre requerido por la justicia por su presunta implicaci\u00f3n en la muerte de una mujer, a causa de herida corto punzante, el 18 de agosto del a\u00f1o en curso, cuyo cuerpo fue encontrado\u2026","rel":"","context":"En \u00abMILITARES\u00bb","block_context":{"text":"MILITARES","link":"https:\/\/lasprimeras.com.do\/index.php\/category\/militares\/"},"img":{"alt_text":"preso-celda","src":"https:\/\/i0.wp.com\/lasprimeras.com.do\/wp-content\/uploads\/2023\/06\/preso-celda.jpg?resize=350%2C200&ssl=1","width":350,"height":200,"srcset":"https:\/\/i0.wp.com\/lasprimeras.com.do\/wp-content\/uploads\/2023\/06\/preso-celda.jpg?resize=350%2C200&ssl=1 1x, https:\/\/i0.wp.com\/lasprimeras.com.do\/wp-content\/uploads\/2023\/06\/preso-celda.jpg?resize=525%2C300&ssl=1 1.5x, https:\/\/i0.wp.com\/lasprimeras.com.do\/wp-content\/uploads\/2023\/06\/preso-celda.jpg?resize=700%2C400&ssl=1 2x"},"classes":[]}],"jetpack_sharing_enabled":true,"_links":{"self":[{"href":"https:\/\/lasprimeras.com.do\/index.php\/wp-json\/wp\/v2\/posts\/114896","targetHints":{"allow":["GET"]}}],"collection":[{"href":"https:\/\/lasprimeras.com.do\/index.php\/wp-json\/wp\/v2\/posts"}],"about":[{"href":"https:\/\/lasprimeras.com.do\/index.php\/wp-json\/wp\/v2\/types\/post"}],"author":[{"embeddable":true,"href":"https:\/\/lasprimeras.com.do\/index.php\/wp-json\/wp\/v2\/users\/10"}],"replies":[{"embeddable":true,"href":"https:\/\/lasprimeras.com.do\/index.php\/wp-json\/wp\/v2\/comments?post=114896"}],"version-history":[{"count":1,"href":"https:\/\/lasprimeras.com.do\/index.php\/wp-json\/wp\/v2\/posts\/114896\/revisions"}],"predecessor-version":[{"id":114898,"href":"https:\/\/lasprimeras.com.do\/index.php\/wp-json\/wp\/v2\/posts\/114896\/revisions\/114898"}],"wp:featuredmedia":[{"embeddable":true,"href":"https:\/\/lasprimeras.com.do\/index.php\/wp-json\/wp\/v2\/media\/114897"}],"wp:attachment":[{"href":"https:\/\/lasprimeras.com.do\/index.php\/wp-json\/wp\/v2\/media?parent=114896"}],"wp:term":[{"taxonomy":"category","embeddable":true,"href":"https:\/\/lasprimeras.com.do\/index.php\/wp-json\/wp\/v2\/categories?post=114896"},{"taxonomy":"post_tag","embeddable":true,"href":"https:\/\/lasprimeras.com.do\/index.php\/wp-json\/wp\/v2\/tags?post=114896"}],"curies":[{"name":"wp","href":"https:\/\/api.w.org\/{rel}","templated":true}]}}