{"id":114939,"date":"2025-10-14T08:35:00","date_gmt":"2025-10-14T12:35:00","guid":{"rendered":"https:\/\/lasprimeras.com.do\/?p=114939"},"modified":"2025-11-18T08:40:05","modified_gmt":"2025-11-18T12:40:05","slug":"sns-juramenta-nuevas-autoridades-hospital-clinico-quirurgico-jose-joaquin-puello-de-la-ciudad-sanitaria-dr-luis-eduardo-aybar","status":"publish","type":"post","link":"https:\/\/lasprimeras.com.do\/index.php\/2025\/10\/14\/sns-juramenta-nuevas-autoridades-hospital-clinico-quirurgico-jose-joaquin-puello-de-la-ciudad-sanitaria-dr-luis-eduardo-aybar\/","title":{"rendered":"SNS juramenta nuevas autoridades Hospital Cl\u00ednico Quir\u00fargico Jos\u00e9 Joaqu\u00edn Puello de la Ciudad Sanitaria Dr. Luis Eduardo Aybar"},"content":{"rendered":"\n<p>El director del Servicio Nacional de Salud (SNS), doctor Mario Lama, jurament\u00f3 este martes al doctor Ram\u00f3n Feliz Jim\u00e9nez como nuevo director del Hospital Jos\u00e9 Joaqu\u00edn Puello y a la doctora Patricia \u00c1lvarez como subdirectora del centro, ubicado en la Ciudad Sanitaria Dr. Luis Eduardo Aybar.<\/p>\n\n\n\n<p>Al juramentarlos, el doctor Lama exhort\u00f3 a las nuevas autoridades a asumir con responsabilidad el reto de poner en marcha este moderno centro hospitalario, dotado de tecnolog\u00eda avanzada y dise\u00f1ado para ofrecer atenci\u00f3n m\u00e9dica de calidad y calidez humana.<\/p>\n\n\n\n<p>\u201cLa Ciudad Sanitaria representa un paso trascendental en el fortalecimiento del sistema p\u00fablico de salud. Con esta juramentaci\u00f3n, reafirmamos nuestro compromiso de brindar servicios eficientes y dignos, que respondan a las necesidades reales de la poblaci\u00f3n\u201d, expres\u00f3 el titular del SNS.<\/p>\n\n\n\n<p>En el acto tambi\u00e9n estuvo presente el director del Servicio Regional de Salud Metropolitano, doctor Edisson F\u00e9liz F\u00e9liz, quien destac\u00f3 la importancia de la designaci\u00f3n de un equipo m\u00e9dico altamente calificado para garantizar el \u00e9xito operativo y asistencial del nuevo hospital<\/p>\n\n\n\n<p>El doctor Ram\u00f3n Feliz Jim\u00e9nez es cirujano onc\u00f3logo con maestr\u00eda en Gerencia de Salud y diplomado en Fundamentos de Pol\u00edticas Sanitarias y Seguridad Social, entre otros estudios. Se desempe\u00f1\u00f3 como asesor de la Comandancia General del Ej\u00e9rcito de Rep\u00fablica Dominicana (ERD) en asuntos de salud.<\/p>\n\n\n\n<p>De 2022 a 2024, fungi\u00f3 como director general del Hospital Universitario Docente Central de las Fuerzas Armadas, donde consolid\u00f3 una gesti\u00f3n reconocida por su enfoque organizativo y su impulso a la modernizaci\u00f3n de los servicios hospitalarios.<\/p>\n\n\n\n<p>La doctora Patricia \u00c1lvarez, de su lado, es m\u00e9dico especialista en Medicina Interna y Gastroenterolog\u00eda, con amplia experiencia en investigaci\u00f3n cl\u00ednica, diplomada Gerencia y Gesti\u00f3n Hospitalaria,.<\/p>\n\n\n\n<p>El Servicio Nacional de Salud contin\u00faa fortaleciendo la red hospitalaria del pa\u00eds, impulsando la apertura y el funcionamiento de centros equipados con infraestructura moderna y personal altamente capacitado, con el objetivo de garantizar servicios oportunos, seguros y de calidad para todos los dominicanos.<\/p>\n","protected":false},"excerpt":{"rendered":"<p>El director del Servicio Nacional de Salud (SNS), doctor Mario Lama, jurament\u00f3 este martes al doctor Ram\u00f3n Feliz Jim\u00e9nez como nuevo director del Hospital Jos\u00e9 Joaqu\u00edn Puello y a la&hellip;<\/p>\n","protected":false},"author":10,"featured_media":114940,"comment_status":"open","ping_status":"open","sticky":false,"template":"","format":"standard","meta":{"content-type":"","jetpack_post_was_ever_published":false,"_jetpack_newsletter_access":"","_jetpack_dont_email_post_to_subs":false,"_jetpack_newsletter_tier_id":0,"_jetpack_memberships_contains_paywalled_content":false,"_jetpack_memberships_contains_paid_content":false,"footnotes":""},"categories":[25,16558],"tags":[949,27380,27379,268,2756],"class_list":["post-114939","post","type-post","status-publish","format-standard","has-post-thumbnail","hentry","category-portada","category-salud","tag-autoridades","tag-ciudad-sanitaria-dr-luis-eduardo-aybar","tag-hospital-clinico-quirurgico-jose-joaquin-puello","tag-juramenta","tag-sns"],"jetpack_featured_media_url":"https:\/\/lasprimeras.com.do\/wp-content\/uploads\/2025\/11\/Ciudad-Sanitaria-Dr.-Luis-Eduardo-Aybar.jpg","jetpack-related-posts":[{"id":112700,"url":"https:\/\/lasprimeras.com.do\/index.php\/2025\/10\/25\/jose-joaquin-puello-destaca-calidad-de-la-ciudad-sanitaria-luis-eduardo-aybar\/","url_meta":{"origin":114939,"position":0},"title":"Jos\u00e9 Joaqu\u00edn Puello destaca calidad de la Ciudad Sanitaria Luis Eduardo Aybar","author":"Nelson Feliz","date":"25 de octubre de 2025","format":false,"excerpt":"El director del Hospital Luis Eduardo Aybar, resalt\u00f3 la calidad, el dise\u00f1o y el nivel de modernidad de la Ciudad Sanitaria Luis Eduardo Aybar, asegurando que este complejo hospitalario cumple con los m\u00e1s altos est\u00e1ndares internacionales en infraestructura y equipamiento m\u00e9dico. El neurocirujano Jos\u00e9 Joaqu\u00edn Puello, explic\u00f3 que el centro\u2026","rel":"","context":"En \u00abSALUD\u00bb","block_context":{"text":"SALUD","link":"https:\/\/lasprimeras.com.do\/index.php\/category\/salud\/"},"img":{"alt_text":"Jos\u00e9 Joaqu\u00edn Puello Herrera","src":"https:\/\/i0.wp.com\/lasprimeras.com.do\/wp-content\/uploads\/2023\/09\/Jose-Joaquin-Puello-Herrera.jpg?resize=350%2C200&ssl=1","width":350,"height":200},"classes":[]},{"id":110696,"url":"https:\/\/lasprimeras.com.do\/index.php\/2025\/09\/30\/abinader-inaugura-hospital-clinico-quirurgico-de-alta-tecnologia-en-la-ciudad-sanitaria\/","url_meta":{"origin":114939,"position":1},"title":"Abinader inaugura Hospital Cl\u00ednico-Quir\u00fargico de alta tecnolog\u00eda en la Ciudad Sanitaria","author":"Nelson Feliz","date":"30 de septiembre de 2025","format":false,"excerpt":"El hospital ser\u00e1 un referente para toda la regi\u00f3n del Caribe y contar\u00e1 con una UCI de 40 cub\u00edculos, un \u00e1rea de hemodi\u00e1lisis con 28 sillones, 24 generales y 4 de aislamiento, servicios complementarios como laboratorio cl\u00ednico, im\u00e1genes, farmacia, emergencia y servicios generales, garantizando atenci\u00f3n integral a los pacientes. El\u2026","rel":"","context":"En \u00abNACIONALES\u00bb","block_context":{"text":"NACIONALES","link":"https:\/\/lasprimeras.com.do\/index.php\/category\/nacionales\/"},"img":{"alt_text":"","src":"https:\/\/i0.wp.com\/lasprimeras.com.do\/wp-content\/uploads\/2025\/09\/abinader.jpg?resize=350%2C200&ssl=1","width":350,"height":200,"srcset":"https:\/\/i0.wp.com\/lasprimeras.com.do\/wp-content\/uploads\/2025\/09\/abinader.jpg?resize=350%2C200&ssl=1 1x, https:\/\/i0.wp.com\/lasprimeras.com.do\/wp-content\/uploads\/2025\/09\/abinader.jpg?resize=525%2C300&ssl=1 1.5x, https:\/\/i0.wp.com\/lasprimeras.com.do\/wp-content\/uploads\/2025\/09\/abinader.jpg?resize=700%2C400&ssl=1 2x"},"classes":[]},{"id":114633,"url":"https:\/\/lasprimeras.com.do\/index.php\/2025\/09\/08\/sns-sera-proveedor-oficial-servicios-medicos-xxv-juegos-centroamericanos-y-del-caribe-2026\/","url_meta":{"origin":114939,"position":2},"title":"SNS ser\u00e1 proveedor oficial servicios m\u00e9dicos XXV Juegos Centroamericanos y del Caribe 2026","author":"Nelson Feliz","date":"8 de septiembre de 2025","format":false,"excerpt":"El Servicio Nacional de Salud (SNS) y el Comit\u00e9 Organizador de los XXV Juegos Centroamericanos y del Caribe Santo Domingo 2026 firmaron este lunes un convenio de colaboraci\u00f3n mediante el cual la Red P\u00fablica de Servicios de Salud ser\u00e1 el proveedor oficial de los servicios m\u00e9dicos hospitalarios durante la celebraci\u00f3n\u2026","rel":"","context":"En \u00abDEPORTES\u00bb","block_context":{"text":"DEPORTES","link":"https:\/\/lasprimeras.com.do\/index.php\/category\/deportes\/"},"img":{"alt_text":"","src":"https:\/\/i0.wp.com\/lasprimeras.com.do\/wp-content\/uploads\/2025\/11\/SNS-2.jpg?resize=350%2C200&ssl=1","width":350,"height":200,"srcset":"https:\/\/i0.wp.com\/lasprimeras.com.do\/wp-content\/uploads\/2025\/11\/SNS-2.jpg?resize=350%2C200&ssl=1 1x, https:\/\/i0.wp.com\/lasprimeras.com.do\/wp-content\/uploads\/2025\/11\/SNS-2.jpg?resize=525%2C300&ssl=1 1.5x, https:\/\/i0.wp.com\/lasprimeras.com.do\/wp-content\/uploads\/2025\/11\/SNS-2.jpg?resize=700%2C400&ssl=1 2x"},"classes":[]},{"id":108411,"url":"https:\/\/lasprimeras.com.do\/index.php\/2025\/09\/07\/jose-joaquin-puello-relata-su-rol-en-el-ajusticiamiento-de-trujillo-y-resalta-impacto-de-la-ciudad-sanitaria\/","url_meta":{"origin":114939,"position":3},"title":"Jos\u00e9 Joaqu\u00edn Puello relata su rol en el ajusticiamiento de Trujillo y resalta impacto de la Ciudad Sanitaria","author":"Nelson Feliz","date":"7 de septiembre de 2025","format":false,"excerpt":"El neurocirujano Jos\u00e9 Joaqu\u00edn Puello, relat\u00f3 su papel en la noche del 30 de mayo de 1961, cuando fue ajusticiado el dictador Rafael Le\u00f3nidas Trujillo, le correspondi\u00f3 recibir en la Cl\u00ednica Internacional al conjurado Pedro Livio Cede\u00f1o, herido tras el atentado contra el dictador. En el programa Rese\u00f1as, El Podcast,\u2026","rel":"","context":"En \u00abNACIONALES\u00bb","block_context":{"text":"NACIONALES","link":"https:\/\/lasprimeras.com.do\/index.php\/category\/nacionales\/"},"img":{"alt_text":"Jos\u00e9 Joaqu\u00edn Puello","src":"https:\/\/i0.wp.com\/lasprimeras.com.do\/wp-content\/uploads\/2023\/09\/Jose-Joaquin-Puello.jpg?resize=350%2C200&ssl=1","width":350,"height":200,"srcset":"https:\/\/i0.wp.com\/lasprimeras.com.do\/wp-content\/uploads\/2023\/09\/Jose-Joaquin-Puello.jpg?resize=350%2C200&ssl=1 1x, https:\/\/i0.wp.com\/lasprimeras.com.do\/wp-content\/uploads\/2023\/09\/Jose-Joaquin-Puello.jpg?resize=525%2C300&ssl=1 1.5x"},"classes":[]},{"id":101861,"url":"https:\/\/lasprimeras.com.do\/index.php\/2025\/06\/27\/jose-joaquin-puello-es-insostenible-el-pago-de-75-de-honorarios-de-cecanot-a-los-medicos\/","url_meta":{"origin":114939,"position":4},"title":"Jos\u00e9 Joaqu\u00edn Puello: &#8220;Es insostenible el pago de 75% de honorarios de Cecanot a los m\u00e9dicos&#8221;","author":"Nelson Feliz","date":"27 de junio de 2025","format":false,"excerpt":"El presidente de la Ciudad Sanitaria Luis Eduardo Aybar, doctor Jos\u00e9 Joaqu\u00edn Puello afirm\u00f3 que el modo de incentivo que solicita el Departamento de Oftalmolog\u00eda del Centro Cardio-Neuro Oftalmol\u00f3gico y Trasplante (CECANOT) es insostenible en la actualidad, por lo que podr\u00eda poner en peligro el futuro de este. El doctor\u2026","rel":"","context":"En \u00abSALUD\u00bb","block_context":{"text":"SALUD","link":"https:\/\/lasprimeras.com.do\/index.php\/category\/salud\/"},"img":{"alt_text":"Jos\u00e9 Joaqu\u00edn Puello","src":"https:\/\/i0.wp.com\/lasprimeras.com.do\/wp-content\/uploads\/2025\/06\/Jose-Joaquin-Puello.jpg?resize=350%2C200&ssl=1","width":350,"height":200,"srcset":"https:\/\/i0.wp.com\/lasprimeras.com.do\/wp-content\/uploads\/2025\/06\/Jose-Joaquin-Puello.jpg?resize=350%2C200&ssl=1 1x, https:\/\/i0.wp.com\/lasprimeras.com.do\/wp-content\/uploads\/2025\/06\/Jose-Joaquin-Puello.jpg?resize=525%2C300&ssl=1 1.5x, https:\/\/i0.wp.com\/lasprimeras.com.do\/wp-content\/uploads\/2025\/06\/Jose-Joaquin-Puello.jpg?resize=700%2C400&ssl=1 2x"},"classes":[]},{"id":61287,"url":"https:\/\/lasprimeras.com.do\/index.php\/2023\/09\/25\/jose-joaquin-puello-dice-que-la-ciudad-sanitaria-cuenta-con-equipos-de-alta-tecnologia\/","url_meta":{"origin":114939,"position":5},"title":"Jos\u00e9 Joaqu\u00edn Puello dice que la Ciudad Sanitaria cuenta con equipos de alta tecnolog\u00eda","author":"Nelson Feliz","date":"25 de septiembre de 2023","format":false,"excerpt":"El m\u00e9dico neurocirujano, Jos\u00e9 Joaqu\u00edn Puello, afirm\u00f3 que la ciudad sanitaria Doctor Luis E. Aybar es el principal centro de salud del pa\u00eds y cuenta con equipos de alta tecnolog\u00eda. El director de la ciudad sanitaria, dijo que ese centro cuenta con 13 instalaciones con equipos ultra modernos, adem\u00e1s es\u2026","rel":"","context":"En \u00abPORTADA\u00bb","block_context":{"text":"PORTADA","link":"https:\/\/lasprimeras.com.do\/index.php\/category\/portada\/"},"img":{"alt_text":"Jos\u00e9 Joaqu\u00edn Puello","src":"https:\/\/i0.wp.com\/lasprimeras.com.do\/wp-content\/uploads\/2023\/09\/Jose-Joaquin-Puello.jpg?resize=350%2C200&ssl=1","width":350,"height":200,"srcset":"https:\/\/i0.wp.com\/lasprimeras.com.do\/wp-content\/uploads\/2023\/09\/Jose-Joaquin-Puello.jpg?resize=350%2C200&ssl=1 1x, https:\/\/i0.wp.com\/lasprimeras.com.do\/wp-content\/uploads\/2023\/09\/Jose-Joaquin-Puello.jpg?resize=525%2C300&ssl=1 1.5x"},"classes":[]}],"jetpack_sharing_enabled":true,"_links":{"self":[{"href":"https:\/\/lasprimeras.com.do\/index.php\/wp-json\/wp\/v2\/posts\/114939","targetHints":{"allow":["GET"]}}],"collection":[{"href":"https:\/\/lasprimeras.com.do\/index.php\/wp-json\/wp\/v2\/posts"}],"about":[{"href":"https:\/\/lasprimeras.com.do\/index.php\/wp-json\/wp\/v2\/types\/post"}],"author":[{"embeddable":true,"href":"https:\/\/lasprimeras.com.do\/index.php\/wp-json\/wp\/v2\/users\/10"}],"replies":[{"embeddable":true,"href":"https:\/\/lasprimeras.com.do\/index.php\/wp-json\/wp\/v2\/comments?post=114939"}],"version-history":[{"count":1,"href":"https:\/\/lasprimeras.com.do\/index.php\/wp-json\/wp\/v2\/posts\/114939\/revisions"}],"predecessor-version":[{"id":114941,"href":"https:\/\/lasprimeras.com.do\/index.php\/wp-json\/wp\/v2\/posts\/114939\/revisions\/114941"}],"wp:featuredmedia":[{"embeddable":true,"href":"https:\/\/lasprimeras.com.do\/index.php\/wp-json\/wp\/v2\/media\/114940"}],"wp:attachment":[{"href":"https:\/\/lasprimeras.com.do\/index.php\/wp-json\/wp\/v2\/media?parent=114939"}],"wp:term":[{"taxonomy":"category","embeddable":true,"href":"https:\/\/lasprimeras.com.do\/index.php\/wp-json\/wp\/v2\/categories?post=114939"},{"taxonomy":"post_tag","embeddable":true,"href":"https:\/\/lasprimeras.com.do\/index.php\/wp-json\/wp\/v2\/tags?post=114939"}],"curies":[{"name":"wp","href":"https:\/\/api.w.org\/{rel}","templated":true}]}}