{"id":114958,"date":"2025-11-18T09:36:27","date_gmt":"2025-11-18T13:36:27","guid":{"rendered":"https:\/\/lasprimeras.com.do\/?p=114958"},"modified":"2025-11-18T09:36:29","modified_gmt":"2025-11-18T13:36:29","slug":"ejercito-detiene-30-indocumentados-haitianos-en-tres-vehiculos-en-moncion-santiago-rodriguez","status":"publish","type":"post","link":"https:\/\/lasprimeras.com.do\/index.php\/2025\/11\/18\/ejercito-detiene-30-indocumentados-haitianos-en-tres-vehiculos-en-moncion-santiago-rodriguez\/","title":{"rendered":"Ej\u00e9rcito detiene 30 indocumentados haitianos en tres veh\u00edculos en Monci\u00f3n, Santiago Rodr\u00edguez"},"content":{"rendered":"\n<p><strong>Los veh\u00edculos utilizados para el tr\u00e1fico de indocumentados fueron trasladados a la Inspector\u00eda ERD en Santiago Rodr\u00edguez.<\/strong><\/p>\n\n\n\n<p>En un operativo de seguridad fronteriza, soldados del Ej\u00e9rcito de Rep\u00fablica Dominicana (ERD), detuvieron a treinta (30) nacionales haitianos en estatus migratorio irregular y ocuparon tres veh\u00edculos que eran utilizados para su transporte en la secci\u00f3n Mamoncito, municipio Monci\u00f3n, provincia Santiago Rodr\u00edguez.<\/p>\n\n\n\n<p>El operativo fue llevado a cabo por una patrulla del Ej\u00e9rcito, que intercept\u00f3 los veh\u00edculos luego de establecer una vigilancia.<\/p>\n\n\n\n<p>Al notar la presencia militar, los conductores emprendieron la huida, dejando los veh\u00edculos abandonados en la zona.<\/p>\n\n\n\n<p>Los veh\u00edculos ocupados son una Toyota Highlander, color blanco, placa G432445, con trece (13) indocumentados, una Honda CRV, color blanco, con doce (12) indocumentados y otra Honda CRV, color blanco, placa G541095, con cinco (05) indocumentados.<\/p>\n\n\n\n<p>En total, fueron detenidos 30 nacionales haitianos, entre ellos 18 hombres, 11 mujeres y 1 menor de edad.<\/p>\n\n\n\n<p>Las autoridades militares informaron que los indocumentados y los veh\u00edculos fueron trasladados a la Inspector\u00eda del ERD en Santiago Rodr\u00edguez para los fines legales correspondientes.<\/p>\n\n\n\n<p>El Ej\u00e9rcito reafirma que estos operativos forman parte de las disposiciones del Comandante General del ERD, orientadas a fortalecer el control fronterizo, combatir el tr\u00e1fico de indocumentados y reforzar la seguridad en toda la zona fronteriza.<\/p>\n\n\n\n<figure class=\"wp-block-video\"><video height=\"480\" style=\"aspect-ratio: 848 \/ 480;\" width=\"848\" autoplay controls muted src=\"https:\/\/lasprimeras.com.do\/wp-content\/uploads\/2025\/11\/WhatsApp-Video-2025-11-18-at-9.06.33-AM.mp4\"><\/video><\/figure>\n\n\n\n<figure class=\"wp-block-video\"><video height=\"850\" style=\"aspect-ratio: 478 \/ 850;\" width=\"478\" autoplay controls muted src=\"https:\/\/lasprimeras.com.do\/wp-content\/uploads\/2025\/11\/WhatsApp-Video-2025-11-18-at-9.06.31-AM-1.mp4\"><\/video><\/figure>\n\n\n\n<figure class=\"wp-block-video\"><video height=\"478\" style=\"aspect-ratio: 848 \/ 478;\" width=\"848\" autoplay controls muted src=\"https:\/\/lasprimeras.com.do\/wp-content\/uploads\/2025\/11\/WhatsApp-Video-2025-11-18-at-9.06.32-AM-1.mp4\"><\/video><\/figure>\n","protected":false},"excerpt":{"rendered":"<p>Los veh\u00edculos utilizados para el tr\u00e1fico de indocumentados fueron trasladados a la Inspector\u00eda ERD en Santiago Rodr\u00edguez. En un operativo de seguridad fronteriza, soldados del Ej\u00e9rcito de Rep\u00fablica Dominicana (ERD),&hellip;<\/p>\n","protected":false},"author":10,"featured_media":0,"comment_status":"open","ping_status":"open","sticky":false,"template":"","format":"standard","meta":{"content-type":"","jetpack_post_was_ever_published":false,"_jetpack_newsletter_access":"","_jetpack_dont_email_post_to_subs":false,"_jetpack_newsletter_tier_id":0,"_jetpack_memberships_contains_paywalled_content":false,"_jetpack_memberships_contains_paid_content":false,"footnotes":""},"categories":[3057,25],"tags":[18666,263,2312],"class_list":["post-114958","post","type-post","status-publish","format-standard","hentry","category-militares","category-portada","tag-ejercito-2","tag-haitianos","tag-indocumentados"],"jetpack_featured_media_url":"","jetpack-related-posts":[{"id":106246,"url":"https:\/\/lasprimeras.com.do\/index.php\/2025\/08\/12\/ejercito-detiene-a-27-haitianos-indocumentados-en-puesto-de-chequeo-de-santiago-rodriguez-videos\/","url_meta":{"origin":114958,"position":0},"title":"Ej\u00e9rcito detiene a 27 haitianos indocumentados en puesto de chequeo de Santiago Rodr\u00edguez \/ Videos","author":"Nelson Feliz","date":"12 de agosto de 2025","format":false,"excerpt":"Con unidades de drones Ej\u00e9rcito localiza y detiene a 27 haitianos indocumentados en Santiago Rodr\u00edguez. Miembros del Ej\u00e9rcito de Rep\u00fablica Dominicana (ERD) detuvieron 27 nacionales haitianos en situaci\u00f3n migratoria irregular y fue ocupada una motocicleta en la que se desplazaban parte de los detenidos, durante un operativo de interdicci\u00f3n apoyado\u2026","rel":"","context":"En \u00abMILITARES\u00bb","block_context":{"text":"MILITARES","link":"https:\/\/lasprimeras.com.do\/index.php\/category\/militares\/"},"img":{"alt_text":"","src":"https:\/\/i0.wp.com\/lasprimeras.com.do\/wp-content\/uploads\/2025\/08\/detenidos.jpg?resize=350%2C200&ssl=1","width":350,"height":200,"srcset":"https:\/\/i0.wp.com\/lasprimeras.com.do\/wp-content\/uploads\/2025\/08\/detenidos.jpg?resize=350%2C200&ssl=1 1x, https:\/\/i0.wp.com\/lasprimeras.com.do\/wp-content\/uploads\/2025\/08\/detenidos.jpg?resize=525%2C300&ssl=1 1.5x, https:\/\/i0.wp.com\/lasprimeras.com.do\/wp-content\/uploads\/2025\/08\/detenidos.jpg?resize=700%2C400&ssl=1 2x"},"classes":[]},{"id":118939,"url":"https:\/\/lasprimeras.com.do\/index.php\/2026\/01\/04\/ejercito-arresta-a-reconocido-traficante-de-indocumentados-en-santiago-rodriguez\/","url_meta":{"origin":114958,"position":1},"title":"Ej\u00e9rcito arresta a reconocido traficante de indocumentados en Santiago Rodr\u00edguez","author":"Nelson Feliz","date":"4 de enero de 2026","format":false,"excerpt":"El detenido es conocido en la zona con el alias de \u201cBobol\u00e9\u201d y figura en registros como reincidente en actividades vinculadas al tr\u00e1fico il\u00edcito de personas y contrabando. Est\u00e1 vinculado a la operaci\u00f3n Frontera. El Ej\u00e9rcito de Rep\u00fablica Dominicana (ERD), realiz\u00f3 la detenci\u00f3n de un reconocido traficante de indocumentados, al\u2026","rel":"","context":"En \u00abMILITARES\u00bb","block_context":{"text":"MILITARES","link":"https:\/\/lasprimeras.com.do\/index.php\/category\/militares\/"},"img":{"alt_text":"Ej\u00e9rcito de Rep\u00fablica Dominicana","src":"https:\/\/i0.wp.com\/lasprimeras.com.do\/wp-content\/uploads\/2026\/01\/Ejercito-de-Republica-Dominicana-1.jpg?resize=350%2C200&ssl=1","width":350,"height":200,"srcset":"https:\/\/i0.wp.com\/lasprimeras.com.do\/wp-content\/uploads\/2026\/01\/Ejercito-de-Republica-Dominicana-1.jpg?resize=350%2C200&ssl=1 1x, https:\/\/i0.wp.com\/lasprimeras.com.do\/wp-content\/uploads\/2026\/01\/Ejercito-de-Republica-Dominicana-1.jpg?resize=525%2C300&ssl=1 1.5x, https:\/\/i0.wp.com\/lasprimeras.com.do\/wp-content\/uploads\/2026\/01\/Ejercito-de-Republica-Dominicana-1.jpg?resize=700%2C400&ssl=1 2x"},"classes":[]},{"id":93787,"url":"https:\/\/lasprimeras.com.do\/index.php\/2025\/02\/20\/ejercito-detiene-6-personas-por-trafico-ilegal-de-haitianos\/","url_meta":{"origin":114958,"position":2},"title":"Ej\u00e9rcito detiene 6 personas por tr\u00e1fico ilegal de haitianos","author":"Nelson Feliz","date":"20 de febrero de 2025","format":false,"excerpt":"El Ej\u00e9rcito de la Rep\u00fablica Dominicana (ERD) detuvo a cinco dominicanos y un haitiano en operativos de interdicci\u00f3n realizados en Dajab\u00f3n, Santiago Rodr\u00edguez, Montecristi, Valverde y San Juan de la Maguana, cuando transportaban decenas de indocumentados en distintos veh\u00edculos. En el puesto de chequeo militar Las Caobas, provincia Santiago Rodr\u00edguez,\u2026","rel":"","context":"En \u00abMILITARES\u00bb","block_context":{"text":"MILITARES","link":"https:\/\/lasprimeras.com.do\/index.php\/category\/militares\/"},"img":{"alt_text":"","src":"https:\/\/i0.wp.com\/lasprimeras.com.do\/wp-content\/uploads\/2025\/02\/presos.png?resize=350%2C200&ssl=1","width":350,"height":200,"srcset":"https:\/\/i0.wp.com\/lasprimeras.com.do\/wp-content\/uploads\/2025\/02\/presos.png?resize=350%2C200&ssl=1 1x, https:\/\/i0.wp.com\/lasprimeras.com.do\/wp-content\/uploads\/2025\/02\/presos.png?resize=525%2C300&ssl=1 1.5x, https:\/\/i0.wp.com\/lasprimeras.com.do\/wp-content\/uploads\/2025\/02\/presos.png?resize=700%2C400&ssl=1 2x"},"classes":[]},{"id":127816,"url":"https:\/\/lasprimeras.com.do\/index.php\/2026\/04\/16\/envian-ante-el-mp-hombre-detenido-en-un-vehiculo-con-haitianos-indocumentados-en-santiago\/","url_meta":{"origin":114958,"position":3},"title":"Env\u00edan ante el MP hombre detenido en un veh\u00edculo con haitianos indocumentados en Santiago","author":"Nelson Feliz","date":"16 de abril de 2026","format":false,"excerpt":"El Ej\u00e9rcito de Rep\u00fablica Dominicana (ERD) envi\u00f3 ante las autoridades del Ministerio P\u00fablico a un hombre que fue detenido con ocho nacionales haitianos en condici\u00f3n migratoria irregular en un veh\u00edculo en Santiago. El detenido fue identificado como Iv\u00e1n Manuel Fern\u00e1ndez Lora, de nacionalidad dominicana, quien conduc\u00eda un veh\u00edculo marca Toyota,\u2026","rel":"","context":"En \u00abMILITARES\u00bb","block_context":{"text":"MILITARES","link":"https:\/\/lasprimeras.com.do\/index.php\/category\/militares\/"},"img":{"alt_text":"","src":"https:\/\/i0.wp.com\/lasprimeras.com.do\/wp-content\/uploads\/2026\/04\/IMG-20260416-WA0287.jpg?resize=350%2C200&ssl=1","width":350,"height":200,"srcset":"https:\/\/i0.wp.com\/lasprimeras.com.do\/wp-content\/uploads\/2026\/04\/IMG-20260416-WA0287.jpg?resize=350%2C200&ssl=1 1x, https:\/\/i0.wp.com\/lasprimeras.com.do\/wp-content\/uploads\/2026\/04\/IMG-20260416-WA0287.jpg?resize=525%2C300&ssl=1 1.5x, https:\/\/i0.wp.com\/lasprimeras.com.do\/wp-content\/uploads\/2026\/04\/IMG-20260416-WA0287.jpg?resize=700%2C400&ssl=1 2x"},"classes":[]},{"id":111594,"url":"https:\/\/lasprimeras.com.do\/index.php\/2025\/10\/10\/ejercito-detiene-vehiculo-que-transportaba-haitianos-indocumentados-en-dajabon\/","url_meta":{"origin":114958,"position":4},"title":"Ej\u00e9rcito detiene veh\u00edculo que transportaba haitianos indocumentados en Dajab\u00f3n","author":"Nelson Feliz","date":"10 de octubre de 2025","format":false,"excerpt":"El veh\u00edculo fue perseguido con drones desde el aire e interceptado por patrullas terrestres del ERD. El Ej\u00e9rcito de Rep\u00fablica Dominicana (ERD), detuvo un veh\u00edculo que transportaba a nueve (9) nacionales haitianos en condici\u00f3n migratoria irregular, durante un operativo perseguido con drones realizado en el centro de la ciudad de\u2026","rel":"","context":"En \u00abMILITARES\u00bb","block_context":{"text":"MILITARES","link":"https:\/\/lasprimeras.com.do\/index.php\/category\/militares\/"},"img":{"alt_text":"","src":"https:\/\/i0.wp.com\/lasprimeras.com.do\/wp-content\/uploads\/2025\/10\/ERD-2.jpg?resize=350%2C200&ssl=1","width":350,"height":200,"srcset":"https:\/\/i0.wp.com\/lasprimeras.com.do\/wp-content\/uploads\/2025\/10\/ERD-2.jpg?resize=350%2C200&ssl=1 1x, https:\/\/i0.wp.com\/lasprimeras.com.do\/wp-content\/uploads\/2025\/10\/ERD-2.jpg?resize=525%2C300&ssl=1 1.5x, https:\/\/i0.wp.com\/lasprimeras.com.do\/wp-content\/uploads\/2025\/10\/ERD-2.jpg?resize=700%2C400&ssl=1 2x"},"classes":[]},{"id":107616,"url":"https:\/\/lasprimeras.com.do\/index.php\/2025\/08\/28\/ejercito-detiene-jeepeta-con-14-indocumentados-durante-operativo-en-mao\/","url_meta":{"origin":114958,"position":5},"title":"Ej\u00e9rcito detiene jeepeta con 14 indocumentados durante operativo en Mao","author":"Nelson Feliz","date":"28 de agosto de 2025","format":false,"excerpt":"De acuerdo con informaciones este caso estar\u00eda vinculado a una red de tr\u00e1fico de personas que opera en la zona. Miembros del Ej\u00e9rcito de Rep\u00fablica Dominicana detuvieron un veh\u00edculo con de 14 nacionales haitianos indocumentados durante un operativo realizado en la zona de responsabilidad de la 4ta. Brigada de Infanter\u00eda,\u2026","rel":"","context":"En \u00abMILITARES\u00bb","block_context":{"text":"MILITARES","link":"https:\/\/lasprimeras.com.do\/index.php\/category\/militares\/"},"img":{"alt_text":"","src":"https:\/\/i0.wp.com\/lasprimeras.com.do\/wp-content\/uploads\/2025\/08\/haitianos-3.jpg?resize=350%2C200&ssl=1","width":350,"height":200,"srcset":"https:\/\/i0.wp.com\/lasprimeras.com.do\/wp-content\/uploads\/2025\/08\/haitianos-3.jpg?resize=350%2C200&ssl=1 1x, https:\/\/i0.wp.com\/lasprimeras.com.do\/wp-content\/uploads\/2025\/08\/haitianos-3.jpg?resize=525%2C300&ssl=1 1.5x, https:\/\/i0.wp.com\/lasprimeras.com.do\/wp-content\/uploads\/2025\/08\/haitianos-3.jpg?resize=700%2C400&ssl=1 2x"},"classes":[]}],"jetpack_sharing_enabled":true,"_links":{"self":[{"href":"https:\/\/lasprimeras.com.do\/index.php\/wp-json\/wp\/v2\/posts\/114958","targetHints":{"allow":["GET"]}}],"collection":[{"href":"https:\/\/lasprimeras.com.do\/index.php\/wp-json\/wp\/v2\/posts"}],"about":[{"href":"https:\/\/lasprimeras.com.do\/index.php\/wp-json\/wp\/v2\/types\/post"}],"author":[{"embeddable":true,"href":"https:\/\/lasprimeras.com.do\/index.php\/wp-json\/wp\/v2\/users\/10"}],"replies":[{"embeddable":true,"href":"https:\/\/lasprimeras.com.do\/index.php\/wp-json\/wp\/v2\/comments?post=114958"}],"version-history":[{"count":1,"href":"https:\/\/lasprimeras.com.do\/index.php\/wp-json\/wp\/v2\/posts\/114958\/revisions"}],"predecessor-version":[{"id":114965,"href":"https:\/\/lasprimeras.com.do\/index.php\/wp-json\/wp\/v2\/posts\/114958\/revisions\/114965"}],"wp:attachment":[{"href":"https:\/\/lasprimeras.com.do\/index.php\/wp-json\/wp\/v2\/media?parent=114958"}],"wp:term":[{"taxonomy":"category","embeddable":true,"href":"https:\/\/lasprimeras.com.do\/index.php\/wp-json\/wp\/v2\/categories?post=114958"},{"taxonomy":"post_tag","embeddable":true,"href":"https:\/\/lasprimeras.com.do\/index.php\/wp-json\/wp\/v2\/tags?post=114958"}],"curies":[{"name":"wp","href":"https:\/\/api.w.org\/{rel}","templated":true}]}}