{"id":114966,"date":"2025-11-18T09:42:22","date_gmt":"2025-11-18T13:42:22","guid":{"rendered":"https:\/\/lasprimeras.com.do\/?p=114966"},"modified":"2025-11-18T09:42:24","modified_gmt":"2025-11-18T13:42:24","slug":"presidente-dncdcreacion-procuraduria-contra-el-trafico-de-drogas-robustece-el-crimen-transnacional","status":"publish","type":"post","link":"https:\/\/lasprimeras.com.do\/index.php\/2025\/11\/18\/presidente-dncdcreacion-procuraduria-contra-el-trafico-de-drogas-robustece-el-crimen-transnacional\/","title":{"rendered":"Presidente DNCD:Creaci\u00f3n procuradur\u00eda contra el Tr\u00e1fico de Drogas robustece el crimen transnacional"},"content":{"rendered":"\n<p><strong>El vicealmirante Cabrera Ulloa asegura nuevo organismo pone al pa\u00eds a la vanguardia en lucha contra el narcotr\u00e1fico y el delito transnacional<\/strong><\/p>\n\n\n\n<p>El presidente de la Direccion Nacional de Control de Drogas (DNCD), vicealmirante Jose M. Cabrera Ulloa, saludo la creaci\u00f3n de la nueva Procuradur\u00eda Especializada contra el Tr\u00e1fico Il\u00edcito de Drogas Narc\u00f3ticas, iniciativa que seg\u00fan dijo, robustece la colaboraci\u00f3n institucional para enfrentar el narcotr\u00e1fico y la complejidad del crimen transnacional.<\/p>\n\n\n<div class=\"wp-block-image\">\n<figure class=\"alignleft size-large is-resized\"><img decoding=\"async\" width=\"724\" height=\"1024\" src=\"https:\/\/lasprimeras.com.do\/wp-content\/uploads\/2025\/11\/Jose-M.-Cabrera-Ulloa-724x1024.jpeg\" alt=\"\" class=\"wp-image-114968\" style=\"width:239px;height:auto\" srcset=\"https:\/\/lasprimeras.com.do\/wp-content\/uploads\/2025\/11\/Jose-M.-Cabrera-Ulloa-724x1024.jpeg 724w, https:\/\/lasprimeras.com.do\/wp-content\/uploads\/2025\/11\/Jose-M.-Cabrera-Ulloa-212x300.jpeg 212w, https:\/\/lasprimeras.com.do\/wp-content\/uploads\/2025\/11\/Jose-M.-Cabrera-Ulloa-768x1086.jpeg 768w, https:\/\/lasprimeras.com.do\/wp-content\/uploads\/2025\/11\/Jose-M.-Cabrera-Ulloa-1087x1536.jpeg 1087w, https:\/\/lasprimeras.com.do\/wp-content\/uploads\/2025\/11\/Jose-M.-Cabrera-Ulloa.jpeg 1132w\" sizes=\"(max-width: 724px) 100vw, 724px\" \/><\/figure>\n<\/div>\n\n\n<p>El titular de la DNCD, precis\u00f3 que este nuevo \u00f3rgano judicial, ayudar\u00e1 a intensificar la operatividad, la estrategia integral y las labores de inteligencia, para desmantelar las redes de narcotr\u00e1fico y cortar de ra\u00edz sus fuentes de financiamiento ilegal.<\/p>\n\n\n\n<p>\u201cLa DNCD se enorgullece de trabajar de manera coordinada con la nueva Procuradur\u00eda para mantener a nuestro pa\u00eds a la vanguardia en la cooperaci\u00f3n jur\u00eddica internacional, garantizando que Rep\u00fablica Dominicana siga siendo un referente en incautaciones, extradiciones y desmantelamiento de estructuras criminales\u201d se\u00f1al\u00f3 el vicealmirante Cabrera Ulloa.<\/p>\n\n\n\n<p>Destac\u00f3 que desde el organismo antinarc\u00f3ticos se trabajar\u00e1 incansablemente con la Procuradur\u00eda Especializada contra el Tr\u00e1fico Il\u00edcito de Drogas Narc\u00f3ticas, lo que representa un significativo avance que refuerza nuestro compromiso absoluto en la lucha antidrogas en la Rep\u00fablica Dominicana.<\/p>\n\n\n\n<p>\u201cEn nombre de la DNCD, dejamos claro que esta es una respuesta contundente, moderna y decidida ante la evoluci\u00f3n del narcotr\u00e1fico y la criminalidad organizada transnacional\u201d, expres\u00f3 el presidente del organismo.<\/p>\n\n\n\n<p>El Consejo Superior del Ministerio P\u00fablico cre\u00f3, a solicitud de la procuradora Yeni Berenice Reynoso, la Procuradur\u00eda Especializada contra el Tr\u00e1fico Il\u00edcito de Drogas Narc\u00f3ticas, con el objetivo de profundizar en una estrategia integral de persecuci\u00f3n del narcotr\u00e1fico en Rep\u00fablica Dominicana.<\/p>\n\n\n\n<p>La nueva unidad responde a uno de los lineamientos estrat\u00e9gicos de la actual gesti\u00f3n del Ministerio P\u00fablico: desmantelar las estructuras criminales dedicadas al narcotr\u00e1fico y al lavado de activos, decomisando la totalidad de sus bienes il\u00edcitos para evitar que los sigan utilizando en acciones ligadas a la criminalidad organizada y la delincuencia que provocan inseguridad ciudadana.<\/p>\n","protected":false},"excerpt":{"rendered":"<p>El vicealmirante Cabrera Ulloa asegura nuevo organismo pone al pa\u00eds a la vanguardia en lucha contra el narcotr\u00e1fico y el delito transnacional El presidente de la Direccion Nacional de Control&hellip;<\/p>\n","protected":false},"author":10,"featured_media":114967,"comment_status":"open","ping_status":"open","sticky":false,"template":"","format":"standard","meta":{"content-type":"","jetpack_post_was_ever_published":false,"_jetpack_newsletter_access":"","_jetpack_dont_email_post_to_subs":false,"_jetpack_newsletter_tier_id":0,"_jetpack_memberships_contains_paywalled_content":false,"_jetpack_memberships_contains_paid_content":false,"footnotes":""},"categories":[3057,25],"tags":[22057,3707,3222,27392,24489],"class_list":["post-114966","post","type-post","status-publish","format-standard","has-post-thumbnail","hentry","category-militares","category-portada","tag-crimen-transnacional","tag-dncd","tag-procuraduria","tag-robustece","tag-trafico-de-drogas"],"jetpack_featured_media_url":"https:\/\/lasprimeras.com.do\/wp-content\/uploads\/2025\/11\/Jose-M.-Cabrera-Ulloa-1.jpg","jetpack-related-posts":[{"id":106603,"url":"https:\/\/lasprimeras.com.do\/index.php\/2025\/08\/17\/presidente-dncd-rd-a-decomisado-mas-de-224-toneladas-de-drogas-en-los-ultimos-cinco-anos\/","url_meta":{"origin":114966,"position":0},"title":"Presidente DNCD: RD a decomisado m\u00e1s de 224 toneladas de drogas en los \u00faltimos cinco a\u00f1os","author":"Nelson Feliz","date":"17 de agosto de 2025","format":false,"excerpt":"El presidente de la Direcci\u00f3n Nacional de Control de Drogas (DNCD), vicealmirante Jose M. Cabrera Ulloa, resalt\u00f3 el liderazgo del Gobierno del Presidente Luis Abinader, en la lucha contra el narcotr\u00e1fico y la criminalidad organizada transnacional, durante la graduaci\u00f3n de la 124 promoci\u00f3n del Curso B\u00e1sico de la Unidad de\u2026","rel":"","context":"En \u00abNACIONALES\u00bb","block_context":{"text":"NACIONALES","link":"https:\/\/lasprimeras.com.do\/index.php\/category\/nacionales\/"},"img":{"alt_text":"","src":"https:\/\/i0.wp.com\/lasprimeras.com.do\/wp-content\/uploads\/2025\/08\/ggg.jpg?resize=350%2C200&ssl=1","width":350,"height":200,"srcset":"https:\/\/i0.wp.com\/lasprimeras.com.do\/wp-content\/uploads\/2025\/08\/ggg.jpg?resize=350%2C200&ssl=1 1x, https:\/\/i0.wp.com\/lasprimeras.com.do\/wp-content\/uploads\/2025\/08\/ggg.jpg?resize=525%2C300&ssl=1 1.5x, https:\/\/i0.wp.com\/lasprimeras.com.do\/wp-content\/uploads\/2025\/08\/ggg.jpg?resize=700%2C400&ssl=1 2x"},"classes":[]},{"id":100089,"url":"https:\/\/lasprimeras.com.do\/index.php\/2025\/06\/01\/dncd-conmemora-37-aniversario-reafirmando-su-inquebrantable-compromiso-en-la-lucha-contra-el-narcotrafico\/","url_meta":{"origin":114966,"position":1},"title":"DNCD conmemora 37 aniversario reafirmando su inquebrantable compromiso en la lucha contra el narcotr\u00e1fico","author":"Nelson Feliz","date":"1 de junio de 2025","format":false,"excerpt":"La Direcci\u00f3n Nacional de Control de Drogas (DNCD) celebr\u00f3 con varios actos el 37 aniversario de fundaci\u00f3n, consolidando su fortaleza institucional y reafirmando su inquebrantable compromiso en la persecuci\u00f3n y combate contra el narcotr\u00e1fico, el lavado de activos y la criminalidad organizada transnacional. Los actos conmemorativos iniciaron con la izada\u2026","rel":"","context":"En \u00abMILITARES\u00bb","block_context":{"text":"MILITARES","link":"https:\/\/lasprimeras.com.do\/index.php\/category\/militares\/"},"img":{"alt_text":"","src":"https:\/\/i0.wp.com\/lasprimeras.com.do\/wp-content\/uploads\/2025\/06\/DNCD.jpg?resize=350%2C200&ssl=1","width":350,"height":200,"srcset":"https:\/\/i0.wp.com\/lasprimeras.com.do\/wp-content\/uploads\/2025\/06\/DNCD.jpg?resize=350%2C200&ssl=1 1x, https:\/\/i0.wp.com\/lasprimeras.com.do\/wp-content\/uploads\/2025\/06\/DNCD.jpg?resize=525%2C300&ssl=1 1.5x, https:\/\/i0.wp.com\/lasprimeras.com.do\/wp-content\/uploads\/2025\/06\/DNCD.jpg?resize=700%2C400&ssl=1 2x"},"classes":[]},{"id":121897,"url":"https:\/\/lasprimeras.com.do\/index.php\/2026\/02\/11\/dncd-y-ard-pasan-balance-a-operaciones-de-inteligencia-contra-el-narcotrafico\/","url_meta":{"origin":114966,"position":2},"title":"DNCD y ARD pasan balance a operaciones de inteligencia contra el narcotr\u00e1fico","author":"Nelson Feliz","date":"11 de febrero de 2026","format":false,"excerpt":"_El encuentro fue encabezado por los Vicealmirantes Jos\u00e9 M. Cabrera Ulloa y Juan B. Cris\u00f3stomo Mart\u00ednez_ La Direcci\u00f3n Nacional de Control de Drogas (DNCD) y la Armada de Rep\u00fablica Dominicana (ARD) reunieron su Estado Mayor Coordinador, para pasar balance a las operaciones de inteligencia, persecuci\u00f3n e interdicci\u00f3n en contra del\u2026","rel":"","context":"En \u00abMILITARES\u00bb","block_context":{"text":"MILITARES","link":"https:\/\/lasprimeras.com.do\/index.php\/category\/militares\/"},"img":{"alt_text":"","src":"https:\/\/i0.wp.com\/lasprimeras.com.do\/wp-content\/uploads\/2025\/04\/dncd.jpg?resize=350%2C200&ssl=1","width":350,"height":200,"srcset":"https:\/\/i0.wp.com\/lasprimeras.com.do\/wp-content\/uploads\/2025\/04\/dncd.jpg?resize=350%2C200&ssl=1 1x, https:\/\/i0.wp.com\/lasprimeras.com.do\/wp-content\/uploads\/2025\/04\/dncd.jpg?resize=525%2C300&ssl=1 1.5x, https:\/\/i0.wp.com\/lasprimeras.com.do\/wp-content\/uploads\/2025\/04\/dncd.jpg?resize=700%2C400&ssl=1 2x"},"classes":[]},{"id":61259,"url":"https:\/\/lasprimeras.com.do\/index.php\/2023\/09\/24\/rd-participa-en-37a-conferencia-internacional-de-drogas-en-montego-bay-jamaica\/","url_meta":{"origin":114966,"position":3},"title":"RD participa en 37\u00aa Conferencia Internacional de drogas en Montego Bay, Jamaica","author":"Nelson Feliz","date":"24 de septiembre de 2023","format":false,"excerpt":"Por Martin Restituyo La Rep\u00fablica Dominicana fortalece sus lazos de cooperaci\u00f3n en la lucha y persecuci\u00f3n en contra del narcotr\u00e1fico y la criminalidad organizada, con su participaci\u00f3n en la Trig\u00e9sima S\u00e9ptima Conferencia Internacional para el Control de Drogas, (IDEC), que re\u00fane a jefes y jefas antinarc\u00f3ticos de 135 pa\u00edses. El\u2026","rel":"","context":"En \u00abMILITARES\u00bb","block_context":{"text":"MILITARES","link":"https:\/\/lasprimeras.com.do\/index.php\/category\/militares\/"},"img":{"alt_text":"DNCD","src":"https:\/\/i0.wp.com\/lasprimeras.com.do\/wp-content\/uploads\/2023\/09\/DNCD-3.jpg?resize=350%2C200&ssl=1","width":350,"height":200,"srcset":"https:\/\/i0.wp.com\/lasprimeras.com.do\/wp-content\/uploads\/2023\/09\/DNCD-3.jpg?resize=350%2C200&ssl=1 1x, https:\/\/i0.wp.com\/lasprimeras.com.do\/wp-content\/uploads\/2023\/09\/DNCD-3.jpg?resize=525%2C300&ssl=1 1.5x, https:\/\/i0.wp.com\/lasprimeras.com.do\/wp-content\/uploads\/2023\/09\/DNCD-3.jpg?resize=700%2C400&ssl=1 2x"},"classes":[]},{"id":114436,"url":"https:\/\/lasprimeras.com.do\/index.php\/2025\/11\/14\/dea-felicita-al-presidente-abinader-por-su-lucha-contra-el-narcotrafico\/","url_meta":{"origin":114966,"position":4},"title":"DEA felicita al presidente Abinader por su lucha contra el narcotr\u00e1fico","author":"Nelson Feliz","date":"14 de noviembre de 2025","format":false,"excerpt":"El Presidente de la Republica, Lu\u00eds Abinader, fue felicitado por la Agencia Antidrogas de Estados Unidos (DEA) por el apoyo brindado a la lucha contra el narcotr\u00e1fico tanto en el pa\u00eds como en la regi\u00f3n del Caribe. Para tal efecto, una misi\u00f3n de alto nivel de la DEA viaj\u00f3 a\u2026","rel":"","context":"En \u00abNACIONALES\u00bb","block_context":{"text":"NACIONALES","link":"https:\/\/lasprimeras.com.do\/index.php\/category\/nacionales\/"},"img":{"alt_text":"","src":"https:\/\/i0.wp.com\/lasprimeras.com.do\/wp-content\/uploads\/2025\/11\/DEA.jpg?resize=350%2C200&ssl=1","width":350,"height":200,"srcset":"https:\/\/i0.wp.com\/lasprimeras.com.do\/wp-content\/uploads\/2025\/11\/DEA.jpg?resize=350%2C200&ssl=1 1x, https:\/\/i0.wp.com\/lasprimeras.com.do\/wp-content\/uploads\/2025\/11\/DEA.jpg?resize=525%2C300&ssl=1 1.5x, https:\/\/i0.wp.com\/lasprimeras.com.do\/wp-content\/uploads\/2025\/11\/DEA.jpg?resize=700%2C400&ssl=1 2x"},"classes":[]},{"id":88822,"url":"https:\/\/lasprimeras.com.do\/index.php\/2024\/09\/07\/subsecretario-antinarcoticos-de-ee-uu-se-reune-con-presidente-dncd\/","url_meta":{"origin":114966,"position":5},"title":"Subsecretario Antinarc\u00f3ticos de EE.UU. se re\u00fane con presidente DNCD","author":"Nelson Feliz","date":"7 de septiembre de 2024","format":false,"excerpt":"El Subsecretario Adjunto de la Oficina de Asuntos Antinarc\u00f3ticos y Aplicaci\u00f3n de la Ley de Estados Unidos, Christopher Landberg, se reuni\u00f3 con el presidente de la Direcci\u00f3n Nacional de Control de Drogas (DNCD), Vicealmirante Jos\u00e9 Manuel Cabrera Ulloa, con quien convers\u00f3 sobre temas de inter\u00e9s com\u00fan que afectan a la\u2026","rel":"","context":"En \u00abMILITARES\u00bb","block_context":{"text":"MILITARES","link":"https:\/\/lasprimeras.com.do\/index.php\/category\/militares\/"},"img":{"alt_text":"","src":"https:\/\/i0.wp.com\/lasprimeras.com.do\/wp-content\/uploads\/2024\/09\/dncd-1.jpg?resize=350%2C200&ssl=1","width":350,"height":200,"srcset":"https:\/\/i0.wp.com\/lasprimeras.com.do\/wp-content\/uploads\/2024\/09\/dncd-1.jpg?resize=350%2C200&ssl=1 1x, https:\/\/i0.wp.com\/lasprimeras.com.do\/wp-content\/uploads\/2024\/09\/dncd-1.jpg?resize=525%2C300&ssl=1 1.5x, https:\/\/i0.wp.com\/lasprimeras.com.do\/wp-content\/uploads\/2024\/09\/dncd-1.jpg?resize=700%2C400&ssl=1 2x"},"classes":[]}],"jetpack_sharing_enabled":true,"_links":{"self":[{"href":"https:\/\/lasprimeras.com.do\/index.php\/wp-json\/wp\/v2\/posts\/114966","targetHints":{"allow":["GET"]}}],"collection":[{"href":"https:\/\/lasprimeras.com.do\/index.php\/wp-json\/wp\/v2\/posts"}],"about":[{"href":"https:\/\/lasprimeras.com.do\/index.php\/wp-json\/wp\/v2\/types\/post"}],"author":[{"embeddable":true,"href":"https:\/\/lasprimeras.com.do\/index.php\/wp-json\/wp\/v2\/users\/10"}],"replies":[{"embeddable":true,"href":"https:\/\/lasprimeras.com.do\/index.php\/wp-json\/wp\/v2\/comments?post=114966"}],"version-history":[{"count":1,"href":"https:\/\/lasprimeras.com.do\/index.php\/wp-json\/wp\/v2\/posts\/114966\/revisions"}],"predecessor-version":[{"id":114969,"href":"https:\/\/lasprimeras.com.do\/index.php\/wp-json\/wp\/v2\/posts\/114966\/revisions\/114969"}],"wp:featuredmedia":[{"embeddable":true,"href":"https:\/\/lasprimeras.com.do\/index.php\/wp-json\/wp\/v2\/media\/114967"}],"wp:attachment":[{"href":"https:\/\/lasprimeras.com.do\/index.php\/wp-json\/wp\/v2\/media?parent=114966"}],"wp:term":[{"taxonomy":"category","embeddable":true,"href":"https:\/\/lasprimeras.com.do\/index.php\/wp-json\/wp\/v2\/categories?post=114966"},{"taxonomy":"post_tag","embeddable":true,"href":"https:\/\/lasprimeras.com.do\/index.php\/wp-json\/wp\/v2\/tags?post=114966"}],"curies":[{"name":"wp","href":"https:\/\/api.w.org\/{rel}","templated":true}]}}