{"id":114970,"date":"2025-11-18T10:05:45","date_gmt":"2025-11-18T14:05:45","guid":{"rendered":"https:\/\/lasprimeras.com.do\/?p=114970"},"modified":"2025-11-18T10:05:46","modified_gmt":"2025-11-18T14:05:46","slug":"senado-de-la-republica-y-la-lidom-suscriben-convenio-para-promover-el-deporte","status":"publish","type":"post","link":"https:\/\/lasprimeras.com.do\/index.php\/2025\/11\/18\/senado-de-la-republica-y-la-lidom-suscriben-convenio-para-promover-el-deporte\/","title":{"rendered":"Senado de la Rep\u00fablica y la LIDOM suscriben convenio para promover el deporte"},"content":{"rendered":"\n<p><strong>Ricardo de los Santos tambi\u00e9n lanz\u00f3 la primera bola durante el partido entre Tigres del Licey y \u00c1guilas Cibae\u00f1as.<\/strong><\/p>\n\n\n\n<p>El Senado de la Rep\u00fablica y la Liga Dominicana de B\u00e9isbol Profesional (LIDOM), suscribieron este lunes un acuerdo marco de colaboraci\u00f3n interinstitucional para fomentar el deporte, la educaci\u00f3n ciudadana, la identidad nacional y el desarrollo social y econ\u00f3mico asociados al b\u00e9isbol.<\/p>\n\n\n\n<p>\u201cDesde el Senado nos comprometemos a que toda iniciativa que fortalezca el beisbol, la estaremos apoyando\u201d manifest\u00f3 el presidente del Senado, Ricardo de los Santos, tras resaltar que cuando se impulsa el apoyo al deporte se env\u00eda el mensaje a los j\u00f3venes de que se aparten de la delincuencia y los vicios.<\/p>\n\n\n\n<p>Tambi\u00e9n resalt\u00f3 la garant\u00eda jur\u00eddica que tienen las academias de beisbol en el pa\u00eds para operar.<\/p>\n\n\n\n<figure class=\"wp-block-image size-full\"><img decoding=\"async\" width=\"900\" height=\"598\" src=\"https:\/\/lasprimeras.com.do\/wp-content\/uploads\/2025\/11\/senado-1.jpg\" alt=\"\" class=\"wp-image-114972\" srcset=\"https:\/\/lasprimeras.com.do\/wp-content\/uploads\/2025\/11\/senado-1.jpg 900w, https:\/\/lasprimeras.com.do\/wp-content\/uploads\/2025\/11\/senado-1-300x199.jpg 300w, https:\/\/lasprimeras.com.do\/wp-content\/uploads\/2025\/11\/senado-1-768x510.jpg 768w\" sizes=\"(max-width: 900px) 100vw, 900px\" \/><\/figure>\n\n\n\n<p>Ricardo de los Santos tambi\u00e9n destac\u00f3 c\u00f3mo han puesto en alto el nombre del pa\u00eds en el extranjero los peloteros dominicanos con sus haza\u00f1as deportivas. \u201cPodemos exhibir que tenemos cantidad y calidad de peloteros\u201d.<\/p>\n\n\n\n<p>A trav\u00e9s del acuerdo, la C\u00e1mara Alta promover\u00e1 la discusi\u00f3n legislativa y la elaboraci\u00f3n de pol\u00edticas p\u00fablicas que impulsen el desarrollo deportivo y juvenil, facilitar espacios institucionales y apoyo log\u00edstico para actividades de car\u00e1cter educativo vinculados al b\u00e9isbol y emitir reconocimientos y resoluciones honor\u00edficas a personalidades e instituciones destacadas del \u00e1mbito deportivo, as\u00ed como participar en campa\u00f1as institucionales y de comunicaci\u00f3n que promuevan el beisbol como instrumento de unidad y desarrollo nacional.<\/p>\n\n\n\n<figure class=\"wp-block-image size-full\"><img decoding=\"async\" width=\"900\" height=\"598\" src=\"https:\/\/lasprimeras.com.do\/wp-content\/uploads\/2025\/11\/senado-c.jpg\" alt=\"\" class=\"wp-image-114973\" srcset=\"https:\/\/lasprimeras.com.do\/wp-content\/uploads\/2025\/11\/senado-c.jpg 900w, https:\/\/lasprimeras.com.do\/wp-content\/uploads\/2025\/11\/senado-c-300x199.jpg 300w, https:\/\/lasprimeras.com.do\/wp-content\/uploads\/2025\/11\/senado-c-768x510.jpg 768w\" sizes=\"(max-width: 900px) 100vw, 900px\" \/><\/figure>\n\n\n\n<p>Ambas entidades se comprometieron a desarrollar actividades conjuntas para la promoci\u00f3n legislativa y normativa vinculadas al deporte y la juventud, educar y fomentar valores ciudadanos a trav\u00e9s del deporte; organizar eventos institucionales, protocolares y comunitarios; reconocer y proyectar el talento dominicano en el beisbol, as\u00ed como comunicar y difundir de manera conjunta iniciativas educativas, sociales y culturales.<\/p>\n\n\n\n<p>En tanto, el presidente de la LIDOM, Vitelio Mej\u00eda, afirm\u00f3 que acorde a su plan estrat\u00e9gico de esa instituci\u00f3n cumplen con la responsabilidad social de devolverle a la sociedad, a trav\u00e9s de la fanaticada, mensajes con valores que contribuyan a la formaci\u00f3n integral del pueblo dominicano.<\/p>\n\n\n\n<figure class=\"wp-block-image size-full\"><img decoding=\"async\" width=\"900\" height=\"598\" src=\"https:\/\/lasprimeras.com.do\/wp-content\/uploads\/2025\/11\/senado-2.jpg\" alt=\"\" class=\"wp-image-114974\" srcset=\"https:\/\/lasprimeras.com.do\/wp-content\/uploads\/2025\/11\/senado-2.jpg 900w, https:\/\/lasprimeras.com.do\/wp-content\/uploads\/2025\/11\/senado-2-300x199.jpg 300w, https:\/\/lasprimeras.com.do\/wp-content\/uploads\/2025\/11\/senado-2-768x510.jpg 768w\" sizes=\"(max-width: 900px) 100vw, 900px\" \/><\/figure>\n\n\n\n<p>Manifest\u00f3 que se sienten comprometidos en devolver a la sociedad el apoyo que reciben, no solo en un torneo cada vez m\u00e1s competitivo, sino tambi\u00e9n, aport\u00e1ndole en su formaci\u00f3n integral.<\/p>\n\n\n\n<p>Conforme al convenio suscrito, la LIDOM promover\u00e1 la imagen institucional del Senado como aliado del deporte nacional en sus eventos y plataformas comunicacionales, colaborar\u00e1 en la organizaci\u00f3n de actividades formativas y de integraci\u00f3n social vinculadas al deporte y la juventud, facilitar\u00e1 informaci\u00f3n y documentaci\u00f3n de sus programas, temporadas y actividades relevantes e incluir\u00e1 dentro de su calendario oficial iniciativas con el respaldo institucional del Senado.<\/p>\n\n\n\n<p>Lanzamiento primera bola<\/p>\n\n\n\n<p>Ricardo de los Santos lanz\u00f3 la primera bola en el partido de beisbol de este lunes donde se enfrentaron en el Estadio Quisqueya Juan Marichal los Tigres del Licey y las \u00c1guilas Cibae\u00f1as.<\/p>\n\n\n\n<p>Durante el lanzamiento estuvo acompa\u00f1ado del senador Gustavo Lara, presidente de la Comisi\u00f3n de Deportes del Senado de la Rep\u00fablica; el presidente de los Tigres del Licey, Miguel Guerra; el presidente de la LIDOM, Vitelio Mej\u00eda; Winston -Chilote- Llenas, primer vicepresidente de la LIDOM; Miguel \u00c1ngel Fern\u00e1ndez, entre otras destacadas personalidades del \u00e1mbito deportivo.<\/p>\n","protected":false},"excerpt":{"rendered":"<p>Ricardo de los Santos tambi\u00e9n lanz\u00f3 la primera bola durante el partido entre Tigres del Licey y \u00c1guilas Cibae\u00f1as. El Senado de la Rep\u00fablica y la Liga Dominicana de B\u00e9isbol&hellip;<\/p>\n","protected":false},"author":10,"featured_media":114971,"comment_status":"open","ping_status":"open","sticky":false,"template":"","format":"standard","meta":{"content-type":"","jetpack_post_was_ever_published":false,"_jetpack_newsletter_access":"","_jetpack_dont_email_post_to_subs":false,"_jetpack_newsletter_tier_id":0,"_jetpack_memberships_contains_paywalled_content":false,"_jetpack_memberships_contains_paid_content":false,"footnotes":""},"categories":[630,25],"tags":[3581,1873,7258,2969,11949],"class_list":["post-114970","post","type-post","status-publish","format-standard","has-post-thumbnail","hentry","category-deportes","category-portada","tag-convenio","tag-deporte","tag-lidom","tag-promover","tag-senado-de-la-republica"],"jetpack_featured_media_url":"https:\/\/lasprimeras.com.do\/wp-content\/uploads\/2025\/11\/senado-a.jpg","jetpack-related-posts":[{"id":119573,"url":"https:\/\/lasprimeras.com.do\/index.php\/2026\/01\/14\/presidente-del-senado-recibe-reconocimiento-de-adoturd-por-su-apoyo-al-deporte-dominicano\/","url_meta":{"origin":114970,"position":0},"title":"Presidente del Senado recibe reconocimiento de ADOTURD por su apoyo al deporte dominicano","author":"Nelson Feliz","date":"14 de enero de 2026","format":false,"excerpt":"Por Adalgisa S\u00e1nchez La Asociaci\u00f3n Dominicana de Turismo Deportivo (ADOTURD) reconoci\u00f3 este mi\u00e9rcoles al presidente de la C\u00e1mara Alta, Ricardo de los Santos, por su trayectoria marcada por el respeto institucional, servicio y fortalecimiento del Estado democr\u00e1tico, y su respaldo al deporte de turismo y a la juventud. La distinci\u00f3n\u2026","rel":"","context":"En \u00abDEPORTES\u00bb","block_context":{"text":"DEPORTES","link":"https:\/\/lasprimeras.com.do\/index.php\/category\/deportes\/"},"img":{"alt_text":"Ricardo de los Santos","src":"https:\/\/i0.wp.com\/lasprimeras.com.do\/wp-content\/uploads\/2026\/01\/Ricardo-de-los-Santos.jpg?resize=350%2C200&ssl=1","width":350,"height":200,"srcset":"https:\/\/i0.wp.com\/lasprimeras.com.do\/wp-content\/uploads\/2026\/01\/Ricardo-de-los-Santos.jpg?resize=350%2C200&ssl=1 1x, https:\/\/i0.wp.com\/lasprimeras.com.do\/wp-content\/uploads\/2026\/01\/Ricardo-de-los-Santos.jpg?resize=525%2C300&ssl=1 1.5x, https:\/\/i0.wp.com\/lasprimeras.com.do\/wp-content\/uploads\/2026\/01\/Ricardo-de-los-Santos.jpg?resize=700%2C400&ssl=1 2x"},"classes":[]},{"id":120808,"url":"https:\/\/lasprimeras.com.do\/index.php\/2026\/01\/28\/banreservas-entrega-copa-a-los-leones-del-escogido-campeones-de-la-serie-final-de-lidom-25-26\/","url_meta":{"origin":114970,"position":1},"title":"Banreservas entrega copa a los Leones del Escogido, campeones de la Serie Final de LIDOM 25-26","author":"Nelson Feliz","date":"28 de enero de 2026","format":false,"excerpt":"La instituci\u00f3n financiera reafirma su compromiso con la Liga de B\u00e9isbol Profesional de la Rep\u00fablica Dominicana y el deporte nacional. El Banco de Reservas entreg\u00f3 la copa de campeones a los Leones del Escogido, ganadores de la Serie Final del Torneo de B\u00e9isbol Oto\u00f1o-Invierno Dominicano (LIDOM) 2025-2026, reafirmando as\u00ed su\u2026","rel":"","context":"En \u00abDEPORTES\u00bb","block_context":{"text":"DEPORTES","link":"https:\/\/lasprimeras.com.do\/index.php\/category\/deportes\/"},"img":{"alt_text":"","src":"https:\/\/i0.wp.com\/lasprimeras.com.do\/wp-content\/uploads\/2026\/01\/IMG-20260127-WA0909.jpg?resize=350%2C200&ssl=1","width":350,"height":200,"srcset":"https:\/\/i0.wp.com\/lasprimeras.com.do\/wp-content\/uploads\/2026\/01\/IMG-20260127-WA0909.jpg?resize=350%2C200&ssl=1 1x, https:\/\/i0.wp.com\/lasprimeras.com.do\/wp-content\/uploads\/2026\/01\/IMG-20260127-WA0909.jpg?resize=525%2C300&ssl=1 1.5x, https:\/\/i0.wp.com\/lasprimeras.com.do\/wp-content\/uploads\/2026\/01\/IMG-20260127-WA0909.jpg?resize=700%2C400&ssl=1 2x, https:\/\/i0.wp.com\/lasprimeras.com.do\/wp-content\/uploads\/2026\/01\/IMG-20260127-WA0909.jpg?resize=1050%2C600&ssl=1 3x"},"classes":[]},{"id":120973,"url":"https:\/\/lasprimeras.com.do\/index.php\/2026\/01\/29\/abinader-entrega-la-bandera-dominicana-a-los-leones-del-escogido-para-la-serie-del-caribe-2026\/","url_meta":{"origin":114970,"position":2},"title":"Abinader entrega la bandera dominicana a los Leones del Escogido para la Serie del Caribe 2026","author":"Nelson Feliz","date":"29 de enero de 2026","format":false,"excerpt":"Mandatario exhorta al equipo dominicano a competir con disciplina, entrega y compromiso patri\u00f3tico en suelo mexicano. El presidente Luis Abinader recibi\u00f3 este jueves a los Leones del Escogido, campeones de la Liga de B\u00e9isbol Profesional de la Rep\u00fablica Dominicana (Lidom) en la temporada 2025-2026, quienes representar\u00e1n al pa\u00eds en la\u2026","rel":"","context":"En \u00abDEPORTES\u00bb","block_context":{"text":"DEPORTES","link":"https:\/\/lasprimeras.com.do\/index.php\/category\/deportes\/"},"img":{"alt_text":"","src":"https:\/\/i0.wp.com\/lasprimeras.com.do\/wp-content\/uploads\/2026\/01\/Luis-Escog.jpg?resize=350%2C200&ssl=1","width":350,"height":200,"srcset":"https:\/\/i0.wp.com\/lasprimeras.com.do\/wp-content\/uploads\/2026\/01\/Luis-Escog.jpg?resize=350%2C200&ssl=1 1x, https:\/\/i0.wp.com\/lasprimeras.com.do\/wp-content\/uploads\/2026\/01\/Luis-Escog.jpg?resize=525%2C300&ssl=1 1.5x, https:\/\/i0.wp.com\/lasprimeras.com.do\/wp-content\/uploads\/2026\/01\/Luis-Escog.jpg?resize=700%2C400&ssl=1 2x"},"classes":[]},{"id":118543,"url":"https:\/\/lasprimeras.com.do\/index.php\/2025\/12\/30\/senado-de-la-republica-cierra-el-2025-con-historica-productividad-legislativa\/","url_meta":{"origin":114970,"position":3},"title":"Senado de la Rep\u00fablica cierra el 2025 con hist\u00f3rica productividad legislativa","author":"Nelson Feliz","date":"30 de diciembre de 2025","format":false,"excerpt":"El Senado de la Rep\u00fablica, bajo el liderazgo de su presidente, el senador Ricardo de los Santos, concluye el a\u00f1o 2025 como uno de los per\u00edodos m\u00e1s productivos de su historia institucional, con la aprobaci\u00f3n de trascendentales iniciativas legislativas largamente demandadas por la sociedad dominicana. Entre las principales leyes aprobadas\u2026","rel":"","context":"En \u00abNACIONALES\u00bb","block_context":{"text":"NACIONALES","link":"https:\/\/lasprimeras.com.do\/index.php\/category\/nacionales\/"},"img":{"alt_text":"Ricardo de los Santos","src":"https:\/\/i0.wp.com\/lasprimeras.com.do\/wp-content\/uploads\/2025\/12\/Ricardo-de-los-Santos-1.jpg?resize=350%2C200&ssl=1","width":350,"height":200,"srcset":"https:\/\/i0.wp.com\/lasprimeras.com.do\/wp-content\/uploads\/2025\/12\/Ricardo-de-los-Santos-1.jpg?resize=350%2C200&ssl=1 1x, https:\/\/i0.wp.com\/lasprimeras.com.do\/wp-content\/uploads\/2025\/12\/Ricardo-de-los-Santos-1.jpg?resize=525%2C300&ssl=1 1.5x, https:\/\/i0.wp.com\/lasprimeras.com.do\/wp-content\/uploads\/2025\/12\/Ricardo-de-los-Santos-1.jpg?resize=700%2C400&ssl=1 2x"},"classes":[]},{"id":78789,"url":"https:\/\/lasprimeras.com.do\/index.php\/2024\/03\/20\/lidom-dedica-campeonato-2024-2025-a-la-memoria-de-jose-leon\/","url_meta":{"origin":114970,"position":4},"title":"Lidom dedica campeonato 2024-2025 a la memoria de Jos\u00e9 Le\u00f3n","author":"BIMARY DE JES\u00daS Matos","date":"20 de marzo de 2024","format":false,"excerpt":"Santo Domingo.- La Liga de B\u00e9isbol Profesional de la Rep\u00fablica Dominicana (Lidom) anunci\u00f3 que ha decidido dedicar su pr\u00f3ximo campeonato a la memoria del empresario Jos\u00e9 Le\u00f3n Asensio. La decisi\u00f3n, anunciada en un comunicado, fue tomada de manera un\u00e1nime por la junta de directores de la Lidom, para reconocer el\u2026","rel":"","context":"En \u00abSin categor\u00eda\u00bb","block_context":{"text":"Sin categor\u00eda","link":"https:\/\/lasprimeras.com.do\/index.php\/category\/sin-categoria\/"},"img":{"alt_text":"","src":"","width":0,"height":0},"classes":[]},{"id":109834,"url":"https:\/\/lasprimeras.com.do\/index.php\/2025\/09\/22\/senado-de-la-republica-y-tc-suscriben-acuerdo-de-cooperacion-interinstitucional\/","url_meta":{"origin":114970,"position":5},"title":"Senado de la Rep\u00fablica y TC suscriben acuerdo de cooperaci\u00f3n interinstitucional","author":"Nelson Feliz","date":"22 de septiembre de 2025","format":false,"excerpt":"El Senado de la Rep\u00fablica y el Tribunal Constitucional (TC) ratificaron este lunes un acuerdo marco de cooperaci\u00f3n interinstitucional, a trav\u00e9s del cual acordaron continuar uniendo esfuerzo con la finalidad de desarrollar proyectos de docencia, investigaci\u00f3n e intercambio de capacitaci\u00f3n. Con el convenio, suscrito por el presidente de la C\u00e1mara\u2026","rel":"","context":"En \u00abNACIONALES\u00bb","block_context":{"text":"NACIONALES","link":"https:\/\/lasprimeras.com.do\/index.php\/category\/nacionales\/"},"img":{"alt_text":"","src":"https:\/\/i0.wp.com\/lasprimeras.com.do\/wp-content\/uploads\/2025\/09\/acuerdo.jpg?resize=350%2C200&ssl=1","width":350,"height":200,"srcset":"https:\/\/i0.wp.com\/lasprimeras.com.do\/wp-content\/uploads\/2025\/09\/acuerdo.jpg?resize=350%2C200&ssl=1 1x, https:\/\/i0.wp.com\/lasprimeras.com.do\/wp-content\/uploads\/2025\/09\/acuerdo.jpg?resize=525%2C300&ssl=1 1.5x, https:\/\/i0.wp.com\/lasprimeras.com.do\/wp-content\/uploads\/2025\/09\/acuerdo.jpg?resize=700%2C400&ssl=1 2x"},"classes":[]}],"jetpack_sharing_enabled":true,"_links":{"self":[{"href":"https:\/\/lasprimeras.com.do\/index.php\/wp-json\/wp\/v2\/posts\/114970","targetHints":{"allow":["GET"]}}],"collection":[{"href":"https:\/\/lasprimeras.com.do\/index.php\/wp-json\/wp\/v2\/posts"}],"about":[{"href":"https:\/\/lasprimeras.com.do\/index.php\/wp-json\/wp\/v2\/types\/post"}],"author":[{"embeddable":true,"href":"https:\/\/lasprimeras.com.do\/index.php\/wp-json\/wp\/v2\/users\/10"}],"replies":[{"embeddable":true,"href":"https:\/\/lasprimeras.com.do\/index.php\/wp-json\/wp\/v2\/comments?post=114970"}],"version-history":[{"count":1,"href":"https:\/\/lasprimeras.com.do\/index.php\/wp-json\/wp\/v2\/posts\/114970\/revisions"}],"predecessor-version":[{"id":114975,"href":"https:\/\/lasprimeras.com.do\/index.php\/wp-json\/wp\/v2\/posts\/114970\/revisions\/114975"}],"wp:featuredmedia":[{"embeddable":true,"href":"https:\/\/lasprimeras.com.do\/index.php\/wp-json\/wp\/v2\/media\/114971"}],"wp:attachment":[{"href":"https:\/\/lasprimeras.com.do\/index.php\/wp-json\/wp\/v2\/media?parent=114970"}],"wp:term":[{"taxonomy":"category","embeddable":true,"href":"https:\/\/lasprimeras.com.do\/index.php\/wp-json\/wp\/v2\/categories?post=114970"},{"taxonomy":"post_tag","embeddable":true,"href":"https:\/\/lasprimeras.com.do\/index.php\/wp-json\/wp\/v2\/tags?post=114970"}],"curies":[{"name":"wp","href":"https:\/\/api.w.org\/{rel}","templated":true}]}}