{"id":114976,"date":"2025-11-18T10:09:46","date_gmt":"2025-11-18T14:09:46","guid":{"rendered":"https:\/\/lasprimeras.com.do\/?p=114976"},"modified":"2025-11-18T10:09:48","modified_gmt":"2025-11-18T14:09:48","slug":"victor-eddy-mateo-el-coba-debe-ser-convertido-en-una-ley-organica-y-no-seguir-funcionando-como-un-decreto-inconstitucional","status":"publish","type":"post","link":"https:\/\/lasprimeras.com.do\/index.php\/2025\/11\/18\/victor-eddy-mateo-el-coba-debe-ser-convertido-en-una-ley-organica-y-no-seguir-funcionando-como-un-decreto-inconstitucional\/","title":{"rendered":"V\u00edctor Eddy Mateo: &#8220;El COBA debe ser convertido en una Ley Org\u00e1nica y no seguir funcionando como un Decreto Inconstitucional&#8221;"},"content":{"rendered":"\n<p>El reconocido abogado y doctor en Derecho, V\u00edctor Eddy Mateo V\u00e1squez, ha generado controversia al declarar que el Programa de Control de Bebidas Alcoh\u00f3licas (COBA), que opera bajo el Decreto 308-06, es inconstitucional y debe ser elevado a rango de Ley Org\u00e1nica.<\/p>\n\n\n\n<p>Las declaraciones fueron ofrecidas durante su participaci\u00f3n en el programa &#8220;A Diario&#8221;.<\/p>\n\n\n\n<p>Mateo V\u00e1squez argument\u00f3 que en un Estado de Derecho &#8220;impera la Ley&#8221;, y que el Presidente de la Rep\u00fablica no tiene la facultad de decretar medidas que impliquen &#8220;cierre y clausura&#8221; de establecimientos, ya que estas acciones conllevan la restricci\u00f3n de derechos y deben estar fundamentadas en una ley aprobada por el Congreso Nacional.<\/p>\n\n\n\n<p>El jurista record\u00f3 que la propuesta original para regular el expendio de bebidas alcoh\u00f3licas fue sometida como norma por el entonces regidor Juli\u00e1n Roa en el a\u00f1o 2005.<\/p>\n\n\n\n<p>Sin embargo, en 2006, la propuesta fue emitida como un decreto por el Poder Ejecutivo, a pesar de que la Constituci\u00f3n de 2002 ya establec\u00eda las bases para que este tipo de medidas fueran adoptadas mediante ley.<\/p>\n\n\n\n<p>&#8220;\u00bfPor qu\u00e9 se adoptan medidas contra la ciudadan\u00eda que no tienen un sustento legal robusto?&#8221;, cuestion\u00f3 Mateo, enfatizando la necesidad de que cualquier normativa que regule aspectos tan sensibles como el cierre de negocios y la seguridad ciudadana cuente con el respaldo de una Ley Org\u00e1nica que garantice la seguridad jur\u00eddica y el debido proceso.<\/p>\n\n\n\n<p>Mateo V\u00e1squez inst\u00f3 a las autoridades a tomar las medidas legislativas necesarias para que el COBA, que actualmente regula el expendio y consumo de bebidas alcoh\u00f3licas, funcione bajo un marco legal adecuado y no como un simple decreto, evitando as\u00ed potenciales acciones de inconstitucionalidad.<\/p>\n","protected":false},"excerpt":{"rendered":"<p>El reconocido abogado y doctor en Derecho, V\u00edctor Eddy Mateo V\u00e1squez, ha generado controversia al declarar que el Programa de Control de Bebidas Alcoh\u00f3licas (COBA), que opera bajo el Decreto&hellip;<\/p>\n","protected":false},"author":10,"featured_media":114977,"comment_status":"open","ping_status":"open","sticky":false,"template":"","format":"standard","meta":{"content-type":"","jetpack_post_was_ever_published":false,"_jetpack_newsletter_access":"","_jetpack_dont_email_post_to_subs":false,"_jetpack_newsletter_tier_id":0,"_jetpack_memberships_contains_paywalled_content":false,"_jetpack_memberships_contains_paid_content":false,"footnotes":""},"categories":[35,25],"tags":[16267,4224,27395,4952,27393,27394],"class_list":["post-114976","post","type-post","status-publish","format-standard","has-post-thumbnail","hentry","category-nacionales","category-portada","tag-coba","tag-convertido","tag-decreto-inconstitucional","tag-ley-organica","tag-no-seguir-funcionando","tag-victor-eddy-mateo"],"jetpack_featured_media_url":"https:\/\/lasprimeras.com.do\/wp-content\/uploads\/2025\/11\/Victor-Eddy-Mateo.jpeg","jetpack-related-posts":[{"id":124137,"url":"https:\/\/lasprimeras.com.do\/index.php\/2026\/03\/08\/victor-eddy-mateo-denuncia-auge-descontrolado-de-marcas-blancas-en-supermercados\/","url_meta":{"origin":114976,"position":0},"title":"V\u00edctor Eddy Mateo denuncia auge descontrolado de marcas blancas en supermercados","author":"Nelson Feliz","date":"8 de marzo de 2026","format":false,"excerpt":"Por Jesus Feliz El abogado y dirigente pol\u00edtico V\u00edctor Eddy Mateo V\u00e1squez calific\u00f3 como una situaci\u00f3n de \"descuido total\" por parte de las autoridades la proliferaci\u00f3n de \"marcas blancas\" en los supermercados dominicanos que operan sin registros sanitarios definitivos, poniendo en riesgo la salud de la poblaci\u00f3n. Mateo V\u00e1squez, dijo\u2026","rel":"","context":"En \u00abECONOM\u00cdA\u00bb","block_context":{"text":"ECONOM\u00cdA","link":"https:\/\/lasprimeras.com.do\/index.php\/category\/economia\/"},"img":{"alt_text":"V\u00edctor Eddy Mateo V\u00e1squez","src":"https:\/\/i0.wp.com\/lasprimeras.com.do\/wp-content\/uploads\/2025\/01\/Victor-Eddy-Mateo-Vasquez.jpg?resize=350%2C200&ssl=1","width":350,"height":200,"srcset":"https:\/\/i0.wp.com\/lasprimeras.com.do\/wp-content\/uploads\/2025\/01\/Victor-Eddy-Mateo-Vasquez.jpg?resize=350%2C200&ssl=1 1x, https:\/\/i0.wp.com\/lasprimeras.com.do\/wp-content\/uploads\/2025\/01\/Victor-Eddy-Mateo-Vasquez.jpg?resize=525%2C300&ssl=1 1.5x, https:\/\/i0.wp.com\/lasprimeras.com.do\/wp-content\/uploads\/2025\/01\/Victor-Eddy-Mateo-Vasquez.jpg?resize=700%2C400&ssl=1 2x"},"classes":[]},{"id":124459,"url":"https:\/\/lasprimeras.com.do\/index.php\/2026\/03\/12\/denuncian-venta-masiva-de-productos-sin-registro-sanitario-en-supermercados\/","url_meta":{"origin":114976,"position":1},"title":"Denuncian venta masiva de productos sin registro sanitario en supermercados","author":"Nelson Feliz","date":"12 de marzo de 2026","format":false,"excerpt":"Dice Pro-Consumidor est\u00e1 trabajando de manera muy ambigua y negligente tras el auge de las marcas blancas. Por Alex Montero El Abogado e Investigador V\u00edctor Eddy Mateo V\u00e1squez, denuncio este mi\u00e9rcoles sobre el aumento de los productos importados o marcas blancas y que son colocadas en las g\u00f3ndolas de las\u2026","rel":"","context":"En \u00abECONOM\u00cdA\u00bb","block_context":{"text":"ECONOM\u00cdA","link":"https:\/\/lasprimeras.com.do\/index.php\/category\/economia\/"},"img":{"alt_text":"V\u00edctor Eddy Mateo V\u00e1squez","src":"https:\/\/i0.wp.com\/lasprimeras.com.do\/wp-content\/uploads\/2025\/01\/Victor-Eddy-Mateo-Vasquez.jpg?resize=350%2C200&ssl=1","width":350,"height":200,"srcset":"https:\/\/i0.wp.com\/lasprimeras.com.do\/wp-content\/uploads\/2025\/01\/Victor-Eddy-Mateo-Vasquez.jpg?resize=350%2C200&ssl=1 1x, https:\/\/i0.wp.com\/lasprimeras.com.do\/wp-content\/uploads\/2025\/01\/Victor-Eddy-Mateo-Vasquez.jpg?resize=525%2C300&ssl=1 1.5x, https:\/\/i0.wp.com\/lasprimeras.com.do\/wp-content\/uploads\/2025\/01\/Victor-Eddy-Mateo-Vasquez.jpg?resize=700%2C400&ssl=1 2x"},"classes":[]},{"id":124139,"url":"https:\/\/lasprimeras.com.do\/index.php\/2026\/03\/08\/abogado-denuncia-productos-de-marcas-blancas-se-venden-en-supermercados-de-forma-irregular\/","url_meta":{"origin":114976,"position":2},"title":"Abogado denuncia productos de &#8220;marcas blancas\u201d se venden en supermercados de forma irregular","author":"Nelson Feliz","date":"8 de marzo de 2026","format":false,"excerpt":"Abdias Estrella El abogado, pol\u00edtico dominicano miembros del Partido de la Liberaci\u00f3n Dominicano, V\u00edctor Eddy Mateo Vasquez, ha manifestado una situaci\u00f3n alarmante sobre las \" marcas blancas\u201d lo cual est\u00e1n siendo expendidas en los supermercados de forma irregular. Mateo Vasquez, manifest\u00f3 que estas marcas que no est\u00e1n siendo supervisadas por\u2026","rel":"","context":"En \u00abECONOM\u00cdA\u00bb","block_context":{"text":"ECONOM\u00cdA","link":"https:\/\/lasprimeras.com.do\/index.php\/category\/economia\/"},"img":{"alt_text":"","src":"https:\/\/i0.wp.com\/lasprimeras.com.do\/wp-content\/uploads\/2026\/03\/gondolas.jpg?resize=350%2C200&ssl=1","width":350,"height":200,"srcset":"https:\/\/i0.wp.com\/lasprimeras.com.do\/wp-content\/uploads\/2026\/03\/gondolas.jpg?resize=350%2C200&ssl=1 1x, https:\/\/i0.wp.com\/lasprimeras.com.do\/wp-content\/uploads\/2026\/03\/gondolas.jpg?resize=525%2C300&ssl=1 1.5x"},"classes":[]},{"id":125252,"url":"https:\/\/lasprimeras.com.do\/index.php\/2026\/03\/20\/victor-mateo-denuncia-gobierno-impone-reforma-fiscal-encubierta-via-combustibles\/","url_meta":{"origin":114976,"position":3},"title":"V\u00edctor Mateo denuncia Gobierno impone reforma fiscal encubierta v\u00eda combustibles","author":"Nelson Feliz","date":"20 de marzo de 2026","format":false,"excerpt":"El abogado V\u00edctor Mateo V\u00e1squez calific\u00f3 como una \"reforma fiscal por la izquierda\" la decisi\u00f3n del Gobierno dominicano de mantener los precios de los combustibles en niveles m\u00e1ximos, incluso cuando el precio del petr\u00f3leo a nivel internacional mostraba bajas significativas por debajo de los 85 d\u00f3lares. Mateo V\u00e1squez explic\u00f3 que,\u2026","rel":"","context":"En \u00abECONOM\u00cdA\u00bb","block_context":{"text":"ECONOM\u00cdA","link":"https:\/\/lasprimeras.com.do\/index.php\/category\/economia\/"},"img":{"alt_text":"V\u00edctor Eddy Mateo V\u00e1squez","src":"https:\/\/i0.wp.com\/lasprimeras.com.do\/wp-content\/uploads\/2025\/01\/Victor-Eddy-Mateo-Vasquez.jpg?resize=350%2C200&ssl=1","width":350,"height":200,"srcset":"https:\/\/i0.wp.com\/lasprimeras.com.do\/wp-content\/uploads\/2025\/01\/Victor-Eddy-Mateo-Vasquez.jpg?resize=350%2C200&ssl=1 1x, https:\/\/i0.wp.com\/lasprimeras.com.do\/wp-content\/uploads\/2025\/01\/Victor-Eddy-Mateo-Vasquez.jpg?resize=525%2C300&ssl=1 1.5x, https:\/\/i0.wp.com\/lasprimeras.com.do\/wp-content\/uploads\/2025\/01\/Victor-Eddy-Mateo-Vasquez.jpg?resize=700%2C400&ssl=1 2x"},"classes":[]},{"id":92423,"url":"https:\/\/lasprimeras.com.do\/index.php\/2025\/01\/04\/reflexiones-en-cuanto-al-orden-hipocresia-o-realidad\/","url_meta":{"origin":114976,"position":4},"title":"Reflexiones en cuanto al orden: \u00bfhipocres\u00eda o realidad?","author":"Nelson Feliz","date":"4 de enero de 2025","format":false,"excerpt":"Por V\u00edctor Eddy Mateo V\u00e1squez Ahora le llaman \u201cformalista\u201d e \u201cidealista\u201d al que cree en el Estado de Derecho. Todo es bueno hasta que nos toca. Nadie est\u00e1 en contra de que se ponga \u201corden\u201d, pero ese \u201corden\u201d debe respetar la jerarqu\u00eda normativa. Se quejan de Trujillo, pero nadie m\u00e1s\u2026","rel":"","context":"En \u00abOPINI\u00d3N\u00bb","block_context":{"text":"OPINI\u00d3N","link":"https:\/\/lasprimeras.com.do\/index.php\/category\/opinion\/"},"img":{"alt_text":"V\u00edctor Eddy Mateo V\u00e1squez","src":"https:\/\/i0.wp.com\/lasprimeras.com.do\/wp-content\/uploads\/2025\/01\/Victor-Eddy-Mateo-Vasquez.jpg?resize=350%2C200&ssl=1","width":350,"height":200,"srcset":"https:\/\/i0.wp.com\/lasprimeras.com.do\/wp-content\/uploads\/2025\/01\/Victor-Eddy-Mateo-Vasquez.jpg?resize=350%2C200&ssl=1 1x, https:\/\/i0.wp.com\/lasprimeras.com.do\/wp-content\/uploads\/2025\/01\/Victor-Eddy-Mateo-Vasquez.jpg?resize=525%2C300&ssl=1 1.5x, https:\/\/i0.wp.com\/lasprimeras.com.do\/wp-content\/uploads\/2025\/01\/Victor-Eddy-Mateo-Vasquez.jpg?resize=700%2C400&ssl=1 2x"},"classes":[]},{"id":125339,"url":"https:\/\/lasprimeras.com.do\/index.php\/2026\/03\/22\/eddy-mateo-vasquez-dice-barahona-se-identifica-con-el-pld\/","url_meta":{"origin":114976,"position":5},"title":"Eddy Mateo V\u00e1squez dice Barahona se identifica con el PLD","author":"Nelson Feliz","date":"22 de marzo de 2026","format":false,"excerpt":"El ex Senador resalta la resiliencia del Partido de la Liberaci\u00f3n Dominicana como fuerza pol\u00edtica. El ex senador del Partido de la Liberaci\u00f3n Dominicana por Barahona, Eddy Mateo V\u00e1squez, dijo que ese partido recuper\u00f3 la plaza en esa provincia, al tiempo que valor\u00f3 el legado de obras ejecutadas durante los\u2026","rel":"","context":"En \u00abPOLITICA\u00bb","block_context":{"text":"POLITICA","link":"https:\/\/lasprimeras.com.do\/index.php\/category\/politica\/"},"img":{"alt_text":"","src":"https:\/\/i0.wp.com\/lasprimeras.com.do\/wp-content\/uploads\/2026\/03\/Eddy-Mateo-Vasquez.jpg?resize=350%2C200&ssl=1","width":350,"height":200,"srcset":"https:\/\/i0.wp.com\/lasprimeras.com.do\/wp-content\/uploads\/2026\/03\/Eddy-Mateo-Vasquez.jpg?resize=350%2C200&ssl=1 1x, https:\/\/i0.wp.com\/lasprimeras.com.do\/wp-content\/uploads\/2026\/03\/Eddy-Mateo-Vasquez.jpg?resize=525%2C300&ssl=1 1.5x, https:\/\/i0.wp.com\/lasprimeras.com.do\/wp-content\/uploads\/2026\/03\/Eddy-Mateo-Vasquez.jpg?resize=700%2C400&ssl=1 2x"},"classes":[]}],"jetpack_sharing_enabled":true,"_links":{"self":[{"href":"https:\/\/lasprimeras.com.do\/index.php\/wp-json\/wp\/v2\/posts\/114976","targetHints":{"allow":["GET"]}}],"collection":[{"href":"https:\/\/lasprimeras.com.do\/index.php\/wp-json\/wp\/v2\/posts"}],"about":[{"href":"https:\/\/lasprimeras.com.do\/index.php\/wp-json\/wp\/v2\/types\/post"}],"author":[{"embeddable":true,"href":"https:\/\/lasprimeras.com.do\/index.php\/wp-json\/wp\/v2\/users\/10"}],"replies":[{"embeddable":true,"href":"https:\/\/lasprimeras.com.do\/index.php\/wp-json\/wp\/v2\/comments?post=114976"}],"version-history":[{"count":1,"href":"https:\/\/lasprimeras.com.do\/index.php\/wp-json\/wp\/v2\/posts\/114976\/revisions"}],"predecessor-version":[{"id":114978,"href":"https:\/\/lasprimeras.com.do\/index.php\/wp-json\/wp\/v2\/posts\/114976\/revisions\/114978"}],"wp:featuredmedia":[{"embeddable":true,"href":"https:\/\/lasprimeras.com.do\/index.php\/wp-json\/wp\/v2\/media\/114977"}],"wp:attachment":[{"href":"https:\/\/lasprimeras.com.do\/index.php\/wp-json\/wp\/v2\/media?parent=114976"}],"wp:term":[{"taxonomy":"category","embeddable":true,"href":"https:\/\/lasprimeras.com.do\/index.php\/wp-json\/wp\/v2\/categories?post=114976"},{"taxonomy":"post_tag","embeddable":true,"href":"https:\/\/lasprimeras.com.do\/index.php\/wp-json\/wp\/v2\/tags?post=114976"}],"curies":[{"name":"wp","href":"https:\/\/api.w.org\/{rel}","templated":true}]}}