{"id":114979,"date":"2025-11-18T11:08:43","date_gmt":"2025-11-18T15:08:43","guid":{"rendered":"https:\/\/lasprimeras.com.do\/?p=114979"},"modified":"2025-11-18T11:08:45","modified_gmt":"2025-11-18T15:08:45","slug":"conape-fortalece-jornada-de-inclusion-social-en-samana","status":"publish","type":"post","link":"https:\/\/lasprimeras.com.do\/index.php\/2025\/11\/18\/conape-fortalece-jornada-de-inclusion-social-en-samana\/","title":{"rendered":"CONAPE fortalece jornada de inclusi\u00f3n social en Saman\u00e1"},"content":{"rendered":"\n<p>El Consejo Nacional de la Persona Envejeciente (CONAPE) dio continuidad en este municipio a sus Jornadas de Inclusi\u00f3n Social, dirigidas a los adultos mayores, con el prop\u00f3sito de ampliar el alcance de estas acciones y garantizar que cada vez m\u00e1s envejecientes de la provincia se beneficien de los servicios sociales y del fortalecimiento de sus derechos al bienestar y la protecci\u00f3n integral.<\/p>\n\n\n\n<p>Durante esta tercera jornada, celebrada en las instalaciones del Ayuntamiento Municipal de S\u00e1nchez, m\u00e1s de 400 adultos mayores fueron beneficiados con atenciones m\u00e9dicas, entrega de medicamentos, raciones alimenticias, servicios odontol\u00f3gicos, as\u00ed como charlas informativas sobre programas y servicios institucionales.<\/p>\n\n\n\n<p>Adem\u00e1s, los adultos mayores recibieron orientaciones sobre la Ley 352-98 de Protecci\u00f3n a la Persona Envejeciente, y aquellos que lo ameritaron fueron beneficiados con la entrega de dispositivos de apoyo, herramientas que facilitan la vida diaria de personas con limitaciones f\u00edsicas, sensoriales o cognitivas, ayud\u00e1ndolas a mantener su independencia y bienestar.<\/p>\n\n\n\n<p>Asimismo, se realizaron inscripciones al Seguro SeNaSa, solicitudes de pensiones solidarias y otros beneficios, en una jornada concurrida jornada en la que los adultos mayores fueron atendidos por un equipo multidisciplinario del CONAPE, integrado por m\u00e9dicos, psic\u00f3logos, abogados y trabajadores sociales.<\/p>\n\n\n\n<p>Al encabezar la actividad, el doctor Demetrio Vicente, director ejecutivo del CONAPE, destac\u00f3 que estas jornadas se desarrollan en toda la provincia de Saman\u00e1, con el objetivo de acercar los servicios de la instituci\u00f3n a la poblaci\u00f3n adulta mayor, garantizando la protecci\u00f3n de sus derechos.<\/p>\n\n\n\n<p>Reiter\u00f3, adem\u00e1s, el compromiso del Gobierno dominicano de establecer hogares de d\u00eda en cada municipio del pa\u00eds, espacios donde las personas mayores puedan recibir atenci\u00f3n integral, recreaci\u00f3n y acompa\u00f1amiento.<\/p>\n\n\n\n<p>De su lado, La gobernadora Teodora Mullix, resalt\u00f3 el trabajo del CONAPE en la implementaci\u00f3n de pol\u00edticas p\u00fablicas a favor de los adultos mayores de todo del pa\u00eds.<\/p>\n\n\n\n<p>Las palabras de bienvenida estuvieron a cargo del alcalde del municipio de Saman\u00e1, Inocencio de Jes\u00fas Calca\u00f1o, quien destac\u00f3 el trabajo que desarrolla el CONAPE a favor de los envejecientes, y expres\u00f3 su respaldo a estas iniciativas sociales en beneficio de la comunidad.<\/p>\n\n\n\n<p>Formaron parte del comit\u00e9 de coordinaci\u00f3n de la jornada Jorge George Garc\u00eda, asistente de la Direcci\u00f3n Ejecutiva; Robert Angomas, coordinador regional; Jos\u00e9 Est\u00e9vez, encargado de Cultura, Educaci\u00f3n y Recreaci\u00f3n; Luis \u00c1ngel Santo, auxiliar de Asistencia Social; Eligio Metivier, asesor de la Direcci\u00f3n Ejecutiva; y F\u00e9lix Moris, asesor de Planificaci\u00f3n y Desarrollo, todos del CONAPE, entre otros.<\/p>\n\n\n\n<p>Adem\u00e1s de las autoridades provinciales y municipales, el operativo cont\u00f3 adem\u00e1s con el respaldo de las autoridades locales, del diputado Cecilio Garc\u00eda, la viceministra de la Mujer, Amada Manzueta, el Seguro Nacional de Salud (Senasa), el Fondo Especial para el Desarrollo Agropecuario (FEDA) y la Direcci\u00f3n de Asistencia Social y Alimentaci\u00f3n Comunitaria.<\/p>\n\n\n\n<p>Testimonios<\/p>\n\n\n\n<p>Durante el desarrollo de la jornada, los adultos mayores expresaron su alegr\u00eda y agradecimiento por la atenci\u00f3n recibida. Do\u00f1a Mar\u00eda Pe\u00f1a, residente en el sector El Caimito del municipio se S\u00e1nchez, manifest\u00f3 que \u201cnunca hab\u00eda sentido una atenci\u00f3n tan humana; me revisaron la presi\u00f3n, me dieron mis medicinas y me escucharon con cari\u00f1o\u201d.<\/p>\n\n\n\n<p>En tanto, don Rafael Hern\u00e1ndez, de la comunidad de Los Rieles, dijo sentirse \u201cfeliz y esperanzado, porque el CONAPE est\u00e1 llegando hasta donde antes nadie llegaba\u201d.<\/p>\n\n\n\n<p>Mientras que do\u00f1a Antonia G\u00f3mez, beneficiada con un dispositivo de apoyo, expres\u00f3 entre l\u00e1grimas: \u201cAhora podr\u00e9 caminar con m\u00e1s confianza. Gracias al CONAPE por pensar en nosotros\u201d.<\/p>\n\n\n\n<p>Estas jornadas, que continuar\u00e1n desarroll\u00e1ndose en otras comunidades de Saman\u00e1, y en todo el pa\u00eds, buscan fortalecer la inclusi\u00f3n social, la autonom\u00eda y la participaci\u00f3n de las personas mayores, promoviendo la convivencia intergeneracional y el respeto a sus derechos fundamentales.<\/p>\n","protected":false},"excerpt":{"rendered":"<p>El Consejo Nacional de la Persona Envejeciente (CONAPE) dio continuidad en este municipio a sus Jornadas de Inclusi\u00f3n Social, dirigidas a los adultos mayores, con el prop\u00f3sito de ampliar el&hellip;<\/p>\n","protected":false},"author":10,"featured_media":114980,"comment_status":"open","ping_status":"open","sticky":false,"template":"","format":"standard","meta":{"content-type":"","jetpack_post_was_ever_published":false,"_jetpack_newsletter_access":"","_jetpack_dont_email_post_to_subs":false,"_jetpack_newsletter_tier_id":0,"_jetpack_memberships_contains_paywalled_content":false,"_jetpack_memberships_contains_paid_content":false,"footnotes":""},"categories":[35],"tags":[9257,9256,3648,10912,281,4233,2752],"class_list":["post-114979","post","type-post","status-publish","format-standard","has-post-thumbnail","hentry","category-nacionales","tag-adultos-mayores","tag-conape","tag-fortalece","tag-inclusion-social","tag-jornada","tag-samana","tag-sanchez"],"jetpack_featured_media_url":"https:\/\/lasprimeras.com.do\/wp-content\/uploads\/2025\/11\/CONAPE-1.jpg","jetpack-related-posts":[{"id":128818,"url":"https:\/\/lasprimeras.com.do\/index.php\/2026\/04\/27\/gobierno-y-conape-amplian-cobertura-social-con-nuevo-hogar-de-dia-en-samana\/","url_meta":{"origin":114979,"position":0},"title":"Gobierno y CONAPE ampl\u00edan cobertura social con nuevo Hogar de D\u00eda en Saman\u00e1","author":"Nelson Feliz","date":"27 de abril de 2026","format":false,"excerpt":"Con este centro, se eleva a 39 el n\u00famero de Hogares de D\u00eda en funcionamiento a nivel nacional. El Gobierno dominicano y el Consejo Nacional de la Persona Envejeciente, encabezado por su director ejecutivo, doctor Demetrio Vicente, dejaron en funcionamiento el Hogar de D\u00eda CONAPE Saman\u00e1 Do\u00f1a Ni\u00f1a, en esta\u2026","rel":"","context":"En \u00abNACIONALES\u00bb","block_context":{"text":"NACIONALES","link":"https:\/\/lasprimeras.com.do\/index.php\/category\/nacionales\/"},"img":{"alt_text":"","src":"https:\/\/i0.wp.com\/lasprimeras.com.do\/wp-content\/uploads\/2026\/04\/IMG-20260427-WA0215-scaled.jpg?resize=350%2C200&ssl=1","width":350,"height":200,"srcset":"https:\/\/i0.wp.com\/lasprimeras.com.do\/wp-content\/uploads\/2026\/04\/IMG-20260427-WA0215-scaled.jpg?resize=350%2C200&ssl=1 1x, https:\/\/i0.wp.com\/lasprimeras.com.do\/wp-content\/uploads\/2026\/04\/IMG-20260427-WA0215-scaled.jpg?resize=525%2C300&ssl=1 1.5x, https:\/\/i0.wp.com\/lasprimeras.com.do\/wp-content\/uploads\/2026\/04\/IMG-20260427-WA0215-scaled.jpg?resize=700%2C400&ssl=1 2x, https:\/\/i0.wp.com\/lasprimeras.com.do\/wp-content\/uploads\/2026\/04\/IMG-20260427-WA0215-scaled.jpg?resize=1050%2C600&ssl=1 3x, https:\/\/i0.wp.com\/lasprimeras.com.do\/wp-content\/uploads\/2026\/04\/IMG-20260427-WA0215-scaled.jpg?resize=1400%2C800&ssl=1 4x"},"classes":[]},{"id":94049,"url":"https:\/\/lasprimeras.com.do\/index.php\/2025\/02\/24\/gabinete-social-amplia-alcance-de-beneficios-en-jornadas-de-inclusion-social\/","url_meta":{"origin":114979,"position":1},"title":"Gabinete Social ampli\u0301a alcance de beneficios en jornadas de inclusio\u0301n social","author":"Nelson Feliz","date":"24 de febrero de 2025","format":false,"excerpt":"El Gabinete de Poli\u0301tica Social, realizo\u0301 varias jornadas de inclusio\u0301n social en Santiago y Santo Domingo Este, impactando a miles de residentes de La Ceibita, Los Ciruelitos y La Cumbre, en el municipio cabecera de Santiago de los Caballeros. Tambie\u0301n moradores en el distrito municipal Guayabal, el municipio Gurabo y\u2026","rel":"","context":"En \u00abNACIONALES\u00bb","block_context":{"text":"NACIONALES","link":"https:\/\/lasprimeras.com.do\/index.php\/category\/nacionales\/"},"img":{"alt_text":"","src":"https:\/\/i0.wp.com\/lasprimeras.com.do\/wp-content\/uploads\/2025\/02\/gabinete-social-amplia-alcance-de-beneficios-en-jornadas-de-inclusion-social.jpg?resize=350%2C200&ssl=1","width":350,"height":200,"srcset":"https:\/\/i0.wp.com\/lasprimeras.com.do\/wp-content\/uploads\/2025\/02\/gabinete-social-amplia-alcance-de-beneficios-en-jornadas-de-inclusion-social.jpg?resize=350%2C200&ssl=1 1x, https:\/\/i0.wp.com\/lasprimeras.com.do\/wp-content\/uploads\/2025\/02\/gabinete-social-amplia-alcance-de-beneficios-en-jornadas-de-inclusion-social.jpg?resize=525%2C300&ssl=1 1.5x, https:\/\/i0.wp.com\/lasprimeras.com.do\/wp-content\/uploads\/2025\/02\/gabinete-social-amplia-alcance-de-beneficios-en-jornadas-de-inclusion-social.jpg?resize=700%2C400&ssl=1 2x"},"classes":[]},{"id":102986,"url":"https:\/\/lasprimeras.com.do\/index.php\/2025\/07\/10\/robert-polancopara-abinader-el-bienestar-colectivo-es-lo-primero-el-gobierno-esta-presente-donde-mas-se-necesita\/","url_meta":{"origin":114979,"position":2},"title":"Robert Polanco:&#8221;Para Abinader el bienestar colectivo es lo primero; el Gobierno est\u00e1 presente donde m\u00e1s se necesita&#8221;","author":"Nelson Feliz","date":"10 de julio de 2025","format":false,"excerpt":"Cientos de personas en condiciones de vulnerabilidad fueron beneficiadas en el municipio Enriquillo, Barahona; con los servicios que ofrecen las Jornadas \u201cPrimero t\u00fa\u201d de Propeep. El director general de Proyectos Estrat\u00e9gicos y Especiales de la Presidencia (Propeep), Robert Polanco, afirm\u00f3 este jueves que el presidente Luis Abinader tiene como prioridad\u2026","rel":"","context":"En \u00abNACIONALES\u00bb","block_context":{"text":"NACIONALES","link":"https:\/\/lasprimeras.com.do\/index.php\/category\/nacionales\/"},"img":{"alt_text":"","src":"https:\/\/i0.wp.com\/lasprimeras.com.do\/wp-content\/uploads\/2025\/07\/Robert-Polanco.jpg?resize=350%2C200&ssl=1","width":350,"height":200,"srcset":"https:\/\/i0.wp.com\/lasprimeras.com.do\/wp-content\/uploads\/2025\/07\/Robert-Polanco.jpg?resize=350%2C200&ssl=1 1x, https:\/\/i0.wp.com\/lasprimeras.com.do\/wp-content\/uploads\/2025\/07\/Robert-Polanco.jpg?resize=525%2C300&ssl=1 1.5x, https:\/\/i0.wp.com\/lasprimeras.com.do\/wp-content\/uploads\/2025\/07\/Robert-Polanco.jpg?resize=700%2C400&ssl=1 2x"},"classes":[]},{"id":111040,"url":"https:\/\/lasprimeras.com.do\/index.php\/2025\/10\/03\/abinader-entrega-premios-adulto-mayor-del-ano-a-josefina-minino-y-protector-de-la-persona-envejeciente-a-sor-agripina-acosta\/","url_meta":{"origin":114979,"position":3},"title":"Abinader entrega premios Adulto Mayor del A\u00f1o a Josefina Mini\u00f1o y Protector de la Persona Envejeciente a Sor Agripina Acosta","author":"Nelson Feliz","date":"3 de octubre de 2025","format":false,"excerpt":"Director de CONAPE agradece respaldo del presidente Abinader a la instituci\u00f3n en su compromiso con la dignidad, protecci\u00f3n y bienestar de los adultos mayores. El presidente Luis Abinader, junto a la primera dama Raquel Arbaje, encabez\u00f3 este viernes la sexta edici\u00f3n del Premio Anual Protector de la Persona Envejeciente y\u2026","rel":"","context":"En \u00abNACIONALES\u00bb","block_context":{"text":"NACIONALES","link":"https:\/\/lasprimeras.com.do\/index.php\/category\/nacionales\/"},"img":{"alt_text":"","src":"https:\/\/i0.wp.com\/lasprimeras.com.do\/wp-content\/uploads\/2025\/10\/luis.jpg?resize=350%2C200&ssl=1","width":350,"height":200,"srcset":"https:\/\/i0.wp.com\/lasprimeras.com.do\/wp-content\/uploads\/2025\/10\/luis.jpg?resize=350%2C200&ssl=1 1x, https:\/\/i0.wp.com\/lasprimeras.com.do\/wp-content\/uploads\/2025\/10\/luis.jpg?resize=525%2C300&ssl=1 1.5x, https:\/\/i0.wp.com\/lasprimeras.com.do\/wp-content\/uploads\/2025\/10\/luis.jpg?resize=700%2C400&ssl=1 2x"},"classes":[]},{"id":69248,"url":"https:\/\/lasprimeras.com.do\/index.php\/2023\/11\/30\/conape-reune-expertos-para-evaluar-politicas-publicas-de-cuidado-para-adultos-mayores\/","url_meta":{"origin":114979,"position":4},"title":"CONAPE re\u00fane expertos para evaluar pol\u00edticas p\u00fablicas de cuidado para adultos mayores","author":"Nelson Feliz","date":"30 de noviembre de 2023","format":false,"excerpt":"El Estado considera que los cuidados son esenciales para la sostenibilidad del sistema econ\u00f3mico, social y cultural. Por Emmanuel Solano El Gobierno dominicano a trav\u00e9s del Consejo Nacional de la Persona Envejeciente (CONAPE) est\u00e1 inmerso en un proceso de cambios para eliminar de ra\u00edz la cultura del asistencialismo hacia las\u2026","rel":"","context":"En \u00abNACIONALES\u00bb","block_context":{"text":"NACIONALES","link":"https:\/\/lasprimeras.com.do\/index.php\/category\/nacionales\/"},"img":{"alt_text":"","src":"https:\/\/i0.wp.com\/lasprimeras.com.do\/wp-content\/uploads\/2023\/11\/EXPERTOS-SEMINARIO.jpg?resize=350%2C200&ssl=1","width":350,"height":200,"srcset":"https:\/\/i0.wp.com\/lasprimeras.com.do\/wp-content\/uploads\/2023\/11\/EXPERTOS-SEMINARIO.jpg?resize=350%2C200&ssl=1 1x, https:\/\/i0.wp.com\/lasprimeras.com.do\/wp-content\/uploads\/2023\/11\/EXPERTOS-SEMINARIO.jpg?resize=525%2C300&ssl=1 1.5x, https:\/\/i0.wp.com\/lasprimeras.com.do\/wp-content\/uploads\/2023\/11\/EXPERTOS-SEMINARIO.jpg?resize=700%2C400&ssl=1 2x"},"classes":[]},{"id":66532,"url":"https:\/\/lasprimeras.com.do\/index.php\/2023\/11\/07\/jce-y-conape-firman-acuerdo-para-facilitar-el-voto-a-adultos-mayores\/","url_meta":{"origin":114979,"position":5},"title":"JCE y CONAPE firman acuerdo para facilitar el voto a adultos mayores","author":"Nelson Feliz","date":"7 de noviembre de 2023","format":false,"excerpt":"Por Martin Restituyo La Junta Central Electoral (JCE) y el Consejo Nacional de la Persona Envejeciente (CONAPE) suscribieron un acuerdo de cooperaci\u00f3n para desarrollar acciones conjuntas que garanticen la participaci\u00f3n de los adultos mayores en los procesos electorales de forma confiable, eficiente y segura. El acuerdo fue firmado por presidente\u2026","rel":"","context":"En \u00abNACIONALES\u00bb","block_context":{"text":"NACIONALES","link":"https:\/\/lasprimeras.com.do\/index.php\/category\/nacionales\/"},"img":{"alt_text":"JCE y CONAPE","src":"https:\/\/i0.wp.com\/lasprimeras.com.do\/wp-content\/uploads\/2023\/11\/JCE-y-CONAPE.jpg?resize=350%2C200&ssl=1","width":350,"height":200,"srcset":"https:\/\/i0.wp.com\/lasprimeras.com.do\/wp-content\/uploads\/2023\/11\/JCE-y-CONAPE.jpg?resize=350%2C200&ssl=1 1x, https:\/\/i0.wp.com\/lasprimeras.com.do\/wp-content\/uploads\/2023\/11\/JCE-y-CONAPE.jpg?resize=525%2C300&ssl=1 1.5x, https:\/\/i0.wp.com\/lasprimeras.com.do\/wp-content\/uploads\/2023\/11\/JCE-y-CONAPE.jpg?resize=700%2C400&ssl=1 2x"},"classes":[]}],"jetpack_sharing_enabled":true,"_links":{"self":[{"href":"https:\/\/lasprimeras.com.do\/index.php\/wp-json\/wp\/v2\/posts\/114979","targetHints":{"allow":["GET"]}}],"collection":[{"href":"https:\/\/lasprimeras.com.do\/index.php\/wp-json\/wp\/v2\/posts"}],"about":[{"href":"https:\/\/lasprimeras.com.do\/index.php\/wp-json\/wp\/v2\/types\/post"}],"author":[{"embeddable":true,"href":"https:\/\/lasprimeras.com.do\/index.php\/wp-json\/wp\/v2\/users\/10"}],"replies":[{"embeddable":true,"href":"https:\/\/lasprimeras.com.do\/index.php\/wp-json\/wp\/v2\/comments?post=114979"}],"version-history":[{"count":1,"href":"https:\/\/lasprimeras.com.do\/index.php\/wp-json\/wp\/v2\/posts\/114979\/revisions"}],"predecessor-version":[{"id":114981,"href":"https:\/\/lasprimeras.com.do\/index.php\/wp-json\/wp\/v2\/posts\/114979\/revisions\/114981"}],"wp:featuredmedia":[{"embeddable":true,"href":"https:\/\/lasprimeras.com.do\/index.php\/wp-json\/wp\/v2\/media\/114980"}],"wp:attachment":[{"href":"https:\/\/lasprimeras.com.do\/index.php\/wp-json\/wp\/v2\/media?parent=114979"}],"wp:term":[{"taxonomy":"category","embeddable":true,"href":"https:\/\/lasprimeras.com.do\/index.php\/wp-json\/wp\/v2\/categories?post=114979"},{"taxonomy":"post_tag","embeddable":true,"href":"https:\/\/lasprimeras.com.do\/index.php\/wp-json\/wp\/v2\/tags?post=114979"}],"curies":[{"name":"wp","href":"https:\/\/api.w.org\/{rel}","templated":true}]}}