{"id":114991,"date":"2025-11-18T11:47:49","date_gmt":"2025-11-18T15:47:49","guid":{"rendered":"https:\/\/lasprimeras.com.do\/?p=114991"},"modified":"2025-11-18T11:47:51","modified_gmt":"2025-11-18T15:47:51","slug":"zelenskyy-y-enviado-de-eeuu-visitaran-turquia-en-intento-por-poner-fin-a-guerra-en-ucrania","status":"publish","type":"post","link":"https:\/\/lasprimeras.com.do\/index.php\/2025\/11\/18\/zelenskyy-y-enviado-de-eeuu-visitaran-turquia-en-intento-por-poner-fin-a-guerra-en-ucrania\/","title":{"rendered":"Zelenskyy y enviado de EEUU visitar\u00e1n Turqu\u00eda en intento por poner fin a guerra en Ucrania"},"content":{"rendered":"\n<p>POR ILLIA NOVIKOV<\/p>\n\n\n\n<p>KIEV, Ucrania (AP) \u2014 El presidente de Ucrania, Volodymyr Zelenskyy, dijo el martes que viajar\u00e1 a Turqu\u00eda esta semana en un intento por reactivar las negociaciones para poner fin a la invasi\u00f3n de Rusia, que comenz\u00f3 hace casi cuatro a\u00f1os.<\/p>\n\n\n\n<p>El enviado especial de Estados Unidos, Steve Witkoff, se unir\u00e1 a Zelenskyy en Turqu\u00eda, dijo un alto funcionario turco a The Associated Press. El Kremlin, por su parte, apunt\u00f3 que Rusia no enviar\u00e1 a nadie.<\/p>\n\n\n\n<p>Turqu\u00eda fue el escenario de unas conversaciones de bajo nivel entre Kiev y Mosc\u00fa a principios de a\u00f1o, aunque el \u00fanico progreso significativo en Estambul fue el intercambio de prisioneros de guerra.<\/p>\n\n\n\n<p>Los esfuerzos internacionales de paz liderados por Estados Unidos tampoco han logrado avances relevantes.<\/p>\n\n\n\n<p>Zelenskyy dijo que estar\u00e1 en Turqu\u00eda el mi\u00e9rcoles, un d\u00eda despu\u00e9s de visitar Espa\u00f1a, donde esperaba obtener nuevos compromisos de apoyo el martes.<\/p>\n\n\n\n<p>\u201cNos estamos preparando para reactivar las negociaciones y hemos desarrollado soluciones que propondremos a nuestros socios\u201d, indic\u00f3 Zelenskyy en redes sociales, sin ofrecer m\u00e1s detalles.<\/p>\n\n\n\n<p>\u201cHacer todo lo posible para acercar el fin de la guerra es la m\u00e1xima prioridad de Ucrania\u201d.<\/p>\n\n\n\n<p>El presidente de Estados Unidos, Donald Trump, ha expresado su frustraci\u00f3n con la negativa del l\u00edder ruso, Vlad\u00edmir Putin, a ceder en sus demandas para poner fin al conflicto.<\/p>\n\n\n\n<p>Las nuevas sanciones de la Casa Blanca a la crucial industria petrolera de Rusia, dise\u00f1adas para llevar a Putin a la mesa de negociaciones, entrar\u00e1n en vigor el viernes.<\/p>\n\n\n\n<p>Las medidas contra las petroleras Rosneft y Lukoil buscan privar de fondos a la maquinaria b\u00e9lica de Putin y detener su guerra de desgaste, que se ha cobrado decenas de miles de vidas en Ucrania.<\/p>\n\n\n\n<p>El portavoz del Kremlin, Dmitry Peskov, dijo el martes que \u201cno habr\u00e1 ning\u00fan representante ruso en Turqu\u00eda\u201d el mi\u00e9rcoles, aunque insisti\u00f3 en que Mosc\u00fa est\u00e1 listo para negociar.<\/p>\n\n\n\n<p>\u201cPor ahora, estos contactos se est\u00e1n llevando a cabo sin la participaci\u00f3n rusa. Esperaremos a recibir informaci\u00f3n sobre lo que se discutir\u00e1 realmente en Estambul\u201d, agreg\u00f3 el vocero durante su teleconferencia diaria con periodistas.<\/p>\n\n\n\n<p>Adem\u00e1s, conllevan la amenaza de sanciones secundarias contra cualquiera que las viole. China e India son grandes importadores de petr\u00f3leo ruso.<\/p>\n\n\n\n<p>Zelenskyy dijo que se reunir\u00eda con altos funcionarios del gobierno el jueves, as\u00ed como con los l\u00edderes del Parlamento ucraniano y con su partido, Servidor del Pueblo.<\/p>\n\n\n\n<p>Durante su estancia en Madrid, Zelenskyy se reunir\u00e1 el martes con el presidente del gobierno, Pedro S\u00e1nchez, y con el rey Felipe VI, y visitar\u00e1 el Congreso de los Diputados.<\/p>\n\n\n\n<p>El presidente ucraniano comenz\u00f3 su ajetreada semana el lunes en Par\u00eds, donde firm\u00f3 una carta de intenciones para la compra de hasta 100 aviones de combate Rafale franceses, adem\u00e1s de drones y sistemas tierra-aire.<\/p>\n\n\n\n<p>En el campo de batalla, Ucrania lanz\u00f3 un ataque a\u00e9reo sorpresa contra la infraestructura energ\u00e9tica en partes ocupadas por las fuerzas de Mosc\u00fa de su regi\u00f3n oriental de Donetsk.<\/p>\n\n\n\n<p>El jefe designado por Rusia para la regi\u00f3n parcialmente ocupada, Denis Pushilin, report\u00f3 el martes por la ma\u00f1ana un ataque de Kiev \u201csin precedentes\u201d que da\u00f1\u00f3 dos centrales t\u00e9rmicas en la provincia y dej\u00f3 muchas zonas sin electricidad.<\/p>\n\n\n\n<p>En la v\u00edspera, Pushilin dijo que drones ucranianos hab\u00edan atacado la infraestructura energ\u00e9tica en la regi\u00f3n y unos 500.000 clientes quedaron sin suministro. Las \u00e1reas ocupadas tambi\u00e9n han sufrido escasez de agua.<\/p>\n\n\n\n<p>Las fuerzas ucranianas, a pesar de estar en gran desventaja num\u00e9rica, est\u00e1n luchando con ah\u00ednco para evitar que el ej\u00e9rcito del Kremlin capture m\u00e1s partes de Donetsk.<\/p>\n\n\n\n<p>Por otra parte, en la regi\u00f3n de J\u00e1rkiv, en el noreste de Ucrania, una joven de 17 a\u00f1os muri\u00f3 y otras 10 personas resultaron heridas en un ataque con misiles sobre la ciudad de Berestyn, a unos 110 kil\u00f3metros (70 millas) de la frontera con Rusia, explic\u00f3 el jefe regional, Oleh Syniehubov.<\/p>\n\n\n\n<p>Aviones rusos no tripulados provocaron m\u00faltiples incendios en la ciudad central ucraniana de Dnipro el lunes por la noche y dos personas sufrieron lesiones, de acuerdo con Vladyslav Haivanenko, jefe de la administraci\u00f3n militar regional.<\/p>\n\n\n\n<p>Los drones causaron da\u00f1os en seis edificios residenciales adem\u00e1s de en las oficinas locales de la cadena p\u00fablica Suspilne, aunque la compa\u00f1\u00eda aclar\u00f3 que el inmueble estaba vac\u00edo en ese momento.<\/p>\n\n\n\n<p>El operador ferroviario de Ucrania, Ukrzaliznytsia, se\u00f1al\u00f3 que el ataque a Dnipro caus\u00f3 da\u00f1os en vagones de tren y en otra infraestructura.<\/p>\n\n\n\n<p>La fuerza a\u00e9rea de Ucrania dijo que Rusia dispar\u00f3 cuatro misiles bal\u00edsticos Iskander-M, adem\u00e1s de 114 drones de ataque y se\u00f1uelo contra el pa\u00eds durante la noche.<\/p>\n\n\n\n<p>El Ministerio de Defensa de Rusia inform\u00f3 el martes que sus defensas a\u00e9reas derribaron 31 aviones no tripulados ucranianos sobre varias regiones rusas.<\/p>\n","protected":false},"excerpt":{"rendered":"<p>POR ILLIA NOVIKOV KIEV, Ucrania (AP) \u2014 El presidente de Ucrania, Volodymyr Zelenskyy, dijo el martes que viajar\u00e1 a Turqu\u00eda esta semana en un intento por reactivar las negociaciones para&hellip;<\/p>\n","protected":false},"author":10,"featured_media":114992,"comment_status":"open","ping_status":"open","sticky":false,"template":"","format":"standard","meta":{"content-type":"","jetpack_post_was_ever_published":false,"_jetpack_newsletter_access":"","_jetpack_dont_email_post_to_subs":false,"_jetpack_newsletter_tier_id":0,"_jetpack_memberships_contains_paywalled_content":false,"_jetpack_memberships_contains_paid_content":false,"footnotes":""},"categories":[16289],"tags":[979,27399,1474,1108,11941],"class_list":["post-114991","post","type-post","status-publish","format-standard","has-post-thumbnail","hentry","category-internacionales","tag-eeuu","tag-poner-fin-a-guerra","tag-turquia","tag-ucrania","tag-volodymyr-zelenskyy"],"jetpack_featured_media_url":"https:\/\/lasprimeras.com.do\/wp-content\/uploads\/2025\/11\/Volodymyr-Zelenskyy-1.jpg","jetpack-related-posts":[{"id":99002,"url":"https:\/\/lasprimeras.com.do\/index.php\/2025\/05\/15\/zelenskyy-llega-a-turquia-para-conversaciones-de-paz-sobre-ucrania-pero-putin-no-acude\/","url_meta":{"origin":114991,"position":0},"title":"Zelenskyy llega a Turqu\u00eda para conversaciones de paz sobre Ucrania, pero Putin no acude","author":"Nelson Feliz","date":"15 de mayo de 2025","format":false,"excerpt":"POR MEHMET GUZEL ESTAMBUL, Turqu\u00eda (AP) \u2014 El presidente de Rusia, Vlad\u00edmir Putin, no se present\u00f3 en Turqu\u00eda el jueves para las conversaciones de paz directas propuestas con el l\u00edder ucraniano Volodymyr Zelenskyy, quien lo esperaba en la capital de Ankara tras desafiar al l\u00edder del Kremlin a reunirse cara\u2026","rel":"","context":"En \u00abINTERNACIONALES\u00bb","block_context":{"text":"INTERNACIONALES","link":"https:\/\/lasprimeras.com.do\/index.php\/category\/sin-categoria\/internacionales\/"},"img":{"alt_text":"","src":"https:\/\/i0.wp.com\/lasprimeras.com.do\/wp-content\/uploads\/2025\/05\/ARMADOS.jpg?resize=350%2C200&ssl=1","width":350,"height":200,"srcset":"https:\/\/i0.wp.com\/lasprimeras.com.do\/wp-content\/uploads\/2025\/05\/ARMADOS.jpg?resize=350%2C200&ssl=1 1x, https:\/\/i0.wp.com\/lasprimeras.com.do\/wp-content\/uploads\/2025\/05\/ARMADOS.jpg?resize=525%2C300&ssl=1 1.5x, https:\/\/i0.wp.com\/lasprimeras.com.do\/wp-content\/uploads\/2025\/05\/ARMADOS.jpg?resize=700%2C400&ssl=1 2x"},"classes":[]},{"id":99197,"url":"https:\/\/lasprimeras.com.do\/index.php\/2025\/05\/19\/trump-espera-avanzar-en-un-alto-el-fuego-en-ucrania-en-llamadas-con-putin-y-zelenskyy\/","url_meta":{"origin":114991,"position":1},"title":"Trump espera avanzar en un alto el fuego en Ucrania en llamadas con Putin y Zelenskyy","author":"Nelson Feliz","date":"19 de mayo de 2025","format":false,"excerpt":"POR JOSH BOAK WASHINGTON (AP) \u2014 El presidente de Estados Unidos, Donald Trump, espera que las llamadas telef\u00f3nicas separadas el lunes con el l\u00edder ruso, Vlad\u00edmir Putin, y el presidente ucraniano, Volodymyr Zelenskyy, logren avances hacia un alto el fuego en la guerra en Ucrania. Trump expres\u00f3 sus esperanzas de\u2026","rel":"","context":"En \u00abINTERNACIONALES\u00bb","block_context":{"text":"INTERNACIONALES","link":"https:\/\/lasprimeras.com.do\/index.php\/category\/sin-categoria\/internacionales\/"},"img":{"alt_text":"Donald Trump vs Vlad\u00edmir Putin","src":"https:\/\/i0.wp.com\/lasprimeras.com.do\/wp-content\/uploads\/2025\/05\/Donald-Trump-vs-Vladimir-Putin.jpg?resize=350%2C200&ssl=1","width":350,"height":200,"srcset":"https:\/\/i0.wp.com\/lasprimeras.com.do\/wp-content\/uploads\/2025\/05\/Donald-Trump-vs-Vladimir-Putin.jpg?resize=350%2C200&ssl=1 1x, https:\/\/i0.wp.com\/lasprimeras.com.do\/wp-content\/uploads\/2025\/05\/Donald-Trump-vs-Vladimir-Putin.jpg?resize=525%2C300&ssl=1 1.5x, https:\/\/i0.wp.com\/lasprimeras.com.do\/wp-content\/uploads\/2025\/05\/Donald-Trump-vs-Vladimir-Putin.jpg?resize=700%2C400&ssl=1 2x"},"classes":[]},{"id":96173,"url":"https:\/\/lasprimeras.com.do\/index.php\/2025\/03\/26\/zelenskyy-dice-que-ucrania-esta-lista-para-un-alto-el-fuego-parcial-tras-acuerdo-mediado-por-eeuu\/","url_meta":{"origin":114991,"position":2},"title":"Zelenskyy dice que Ucrania est\u00e1 lista para un alto el fuego parcial tras acuerdo mediado por EEUU","author":"Nelson Feliz","date":"26 de marzo de 2025","format":false,"excerpt":"POR ILLIA NOVIKOV KIEV, Ucrania (AP) \u2014 Ucrania est\u00e1 lista para proceder con un alto el fuego que proh\u00edbe los ataques a la infraestructura energ\u00e9tica, afirm\u00f3 el presidente, Volodymyr Zelenskyy, en l\u00ednea con un acuerdo mediado por Estados Unidos durante tres d\u00edas de negociaciones con funcionarios ucranianos y rusos en\u2026","rel":"","context":"En \u00abINTERNACIONALES\u00bb","block_context":{"text":"INTERNACIONALES","link":"https:\/\/lasprimeras.com.do\/index.php\/category\/sin-categoria\/internacionales\/"},"img":{"alt_text":"Volodymyr Zelenskyy","src":"https:\/\/i0.wp.com\/lasprimeras.com.do\/wp-content\/uploads\/2025\/03\/Volodymyr-Zelenskyy-1.jpg?resize=350%2C200&ssl=1","width":350,"height":200,"srcset":"https:\/\/i0.wp.com\/lasprimeras.com.do\/wp-content\/uploads\/2025\/03\/Volodymyr-Zelenskyy-1.jpg?resize=350%2C200&ssl=1 1x, https:\/\/i0.wp.com\/lasprimeras.com.do\/wp-content\/uploads\/2025\/03\/Volodymyr-Zelenskyy-1.jpg?resize=525%2C300&ssl=1 1.5x, https:\/\/i0.wp.com\/lasprimeras.com.do\/wp-content\/uploads\/2025\/03\/Volodymyr-Zelenskyy-1.jpg?resize=700%2C400&ssl=1 2x"},"classes":[]},{"id":93716,"url":"https:\/\/lasprimeras.com.do\/index.php\/2025\/02\/19\/asesor-de-zelenskyy-dice-que-eeuu-renuncio-a-papel-en-la-guerra-fortaleciendo-a-rusia\/","url_meta":{"origin":114991,"position":3},"title":"Asesor de Zelenskyy dice que EEUU renunci\u00f3 a papel en la guerra, fortaleciendo a Rusia","author":"Nelson Feliz","date":"19 de febrero de 2025","format":false,"excerpt":"POR SUSIE BLANN and HANNA ARHIROVA KIEV, Ucrania (AP) \u2014 Un asesor presidencial ucraniano afirm\u00f3 el mi\u00e9rcoles que Estados Unidos ha debilitado su posici\u00f3n y ha cedido el liderazgo diplom\u00e1tico a Rusia antes de posibles conversaciones de paz sobre Ucrania, tras una reuni\u00f3n en Arabia Saud\u00ed entre altos diplom\u00e1ticos estadounidenses\u2026","rel":"","context":"En \u00abINTERNACIONALES\u00bb","block_context":{"text":"INTERNACIONALES","link":"https:\/\/lasprimeras.com.do\/index.php\/category\/sin-categoria\/internacionales\/"},"img":{"alt_text":"","src":"https:\/\/i0.wp.com\/lasprimeras.com.do\/wp-content\/uploads\/2025\/02\/guerra.jpg?resize=350%2C200&ssl=1","width":350,"height":200,"srcset":"https:\/\/i0.wp.com\/lasprimeras.com.do\/wp-content\/uploads\/2025\/02\/guerra.jpg?resize=350%2C200&ssl=1 1x, https:\/\/i0.wp.com\/lasprimeras.com.do\/wp-content\/uploads\/2025\/02\/guerra.jpg?resize=525%2C300&ssl=1 1.5x, https:\/\/i0.wp.com\/lasprimeras.com.do\/wp-content\/uploads\/2025\/02\/guerra.jpg?resize=700%2C400&ssl=1 2x"},"classes":[]},{"id":93719,"url":"https:\/\/lasprimeras.com.do\/index.php\/2025\/02\/19\/trump-advierte-a-zelenskyy-que-debe-negociar-rapidamente-el-fin-de-la-guerra-con-rusia\/","url_meta":{"origin":114991,"position":4},"title":"Trump advierte a Zelenskyy que debe negociar r\u00e1pidamente el fin de la guerra con Rusia","author":"Nelson Feliz","date":"19 de febrero de 2025","format":false,"excerpt":"POR AAMER MADHANI, MIKE PESOLI and STEPHANY MATAT MIAMI (AP) \u2014 El presidente Donald Trump advirti\u00f3 el mi\u00e9rcoles al presidente ucraniano Volodymyr Zelenskyy que \u201cmejor act\u00fae r\u00e1pido\u201d para negociar el fin de la invasi\u00f3n de Rusia a Ucrania, o se arriesga a no tener una naci\u00f3n que liderar. La ret\u00f3rica\u2026","rel":"","context":"En \u00abINTERNACIONALES\u00bb","block_context":{"text":"INTERNACIONALES","link":"https:\/\/lasprimeras.com.do\/index.php\/category\/sin-categoria\/internacionales\/"},"img":{"alt_text":"Volodymyr Zelenskyy","src":"https:\/\/i0.wp.com\/lasprimeras.com.do\/wp-content\/uploads\/2025\/02\/Volodymyr-Zelenskyy-1.jpg?resize=350%2C200&ssl=1","width":350,"height":200,"srcset":"https:\/\/i0.wp.com\/lasprimeras.com.do\/wp-content\/uploads\/2025\/02\/Volodymyr-Zelenskyy-1.jpg?resize=350%2C200&ssl=1 1x, https:\/\/i0.wp.com\/lasprimeras.com.do\/wp-content\/uploads\/2025\/02\/Volodymyr-Zelenskyy-1.jpg?resize=525%2C300&ssl=1 1.5x"},"classes":[]},{"id":94935,"url":"https:\/\/lasprimeras.com.do\/index.php\/2025\/03\/07\/rusia-bombardea-red-electrica-de-ucrania-tras-anuncio-de-zelenskyy-de-conversaciones-con-eeuu\/","url_meta":{"origin":114991,"position":5},"title":"Rusia bombardea red el\u00e9ctrica de Ucrania tras anuncio de Zelenskyy de conversaciones con EEUU","author":"Nelson Feliz","date":"7 de marzo de 2025","format":false,"excerpt":"POR ILLIA NOVIKOV KIEV, Ucrania (AP) \u2014 Rusia atac\u00f3 la infraestructura energ\u00e9tica de Ucrania con un bombardeo a gran escala con misiles y aviones no tripulados durante la noche, informaron autoridades el viernes, horas despu\u00e9s que el presidente Volodymyr Zelenskyy anunci\u00f3 que la pr\u00f3xima semana tendr\u00e1 conversaciones con Estados Unidos\u2026","rel":"","context":"En \u00abINTERNACIONALES\u00bb","block_context":{"text":"INTERNACIONALES","link":"https:\/\/lasprimeras.com.do\/index.php\/category\/sin-categoria\/internacionales\/"},"img":{"alt_text":"","src":"https:\/\/i0.wp.com\/lasprimeras.com.do\/wp-content\/uploads\/2025\/03\/INCENDIO.png?resize=350%2C200&ssl=1","width":350,"height":200,"srcset":"https:\/\/i0.wp.com\/lasprimeras.com.do\/wp-content\/uploads\/2025\/03\/INCENDIO.png?resize=350%2C200&ssl=1 1x, https:\/\/i0.wp.com\/lasprimeras.com.do\/wp-content\/uploads\/2025\/03\/INCENDIO.png?resize=525%2C300&ssl=1 1.5x, https:\/\/i0.wp.com\/lasprimeras.com.do\/wp-content\/uploads\/2025\/03\/INCENDIO.png?resize=700%2C400&ssl=1 2x"},"classes":[]}],"jetpack_sharing_enabled":true,"_links":{"self":[{"href":"https:\/\/lasprimeras.com.do\/index.php\/wp-json\/wp\/v2\/posts\/114991","targetHints":{"allow":["GET"]}}],"collection":[{"href":"https:\/\/lasprimeras.com.do\/index.php\/wp-json\/wp\/v2\/posts"}],"about":[{"href":"https:\/\/lasprimeras.com.do\/index.php\/wp-json\/wp\/v2\/types\/post"}],"author":[{"embeddable":true,"href":"https:\/\/lasprimeras.com.do\/index.php\/wp-json\/wp\/v2\/users\/10"}],"replies":[{"embeddable":true,"href":"https:\/\/lasprimeras.com.do\/index.php\/wp-json\/wp\/v2\/comments?post=114991"}],"version-history":[{"count":1,"href":"https:\/\/lasprimeras.com.do\/index.php\/wp-json\/wp\/v2\/posts\/114991\/revisions"}],"predecessor-version":[{"id":114993,"href":"https:\/\/lasprimeras.com.do\/index.php\/wp-json\/wp\/v2\/posts\/114991\/revisions\/114993"}],"wp:featuredmedia":[{"embeddable":true,"href":"https:\/\/lasprimeras.com.do\/index.php\/wp-json\/wp\/v2\/media\/114992"}],"wp:attachment":[{"href":"https:\/\/lasprimeras.com.do\/index.php\/wp-json\/wp\/v2\/media?parent=114991"}],"wp:term":[{"taxonomy":"category","embeddable":true,"href":"https:\/\/lasprimeras.com.do\/index.php\/wp-json\/wp\/v2\/categories?post=114991"},{"taxonomy":"post_tag","embeddable":true,"href":"https:\/\/lasprimeras.com.do\/index.php\/wp-json\/wp\/v2\/tags?post=114991"}],"curies":[{"name":"wp","href":"https:\/\/api.w.org\/{rel}","templated":true}]}}