{"id":114997,"date":"2025-11-18T12:12:10","date_gmt":"2025-11-18T16:12:10","guid":{"rendered":"https:\/\/lasprimeras.com.do\/?p=114997"},"modified":"2025-11-18T12:12:12","modified_gmt":"2025-11-18T16:12:12","slug":"el-servicio-de-robotaxis-zoox-de-amazon-ofrecera-viajes-gratis-en-san-francisco","status":"publish","type":"post","link":"https:\/\/lasprimeras.com.do\/index.php\/2025\/11\/18\/el-servicio-de-robotaxis-zoox-de-amazon-ofrecera-viajes-gratis-en-san-francisco\/","title":{"rendered":"El servicio de robotaxis Zoox de Amazon ofrecer\u00e1 viajes gratis en San Francisco"},"content":{"rendered":"\n<p>POR MICHAEL LIEDTKE<\/p>\n\n\n\n<p>SAN FRANCISCO (AP) \u2014 Zoox de Amazon comenzar\u00e1 a ofrecer viajes gratuitos en robotaxis en zonas de San Francisco mientras intenta alcanzar a Waymo en la carrera por transportar pasajeros en veh\u00edculos aut\u00f3nomos.<\/p>\n\n\n\n<p>La expansi\u00f3n anunciada el martes se limitar\u00e1 a algunos vecindarios importantes de San Francisco y estar\u00e1 restringida a personas que se inscribieron en una lista de espera para viajar en los robotaxis con forma de g\u00f3ndola de Zoox, que no tienen volante.<\/p>\n\n\n\n<p>Hace menos de tres meses, la empresa de robotaxis propiedad de Amazon lleg\u00f3 a Las Vegas.<\/p>\n\n\n\n<p>Sin embargo, Zoox a\u00fan no cobra por los viajes, algo que Waymo ha hecho desde su debut en Phoenix hace cinco a\u00f1os.<\/p>\n\n\n\n<p>Los viajes gratuitos son el pr\u00f3ximo gran hito antes de cobrar tarifas como Waymo y los servicios tradicionales de transporte como Uber y Lyft, mientras Amazon intenta abrirse camino en la conducci\u00f3n aut\u00f3noma, un viaje que comenz\u00f3 en 2020 cuando el gigante del comercio electr\u00f3nico compr\u00f3 Zoox por 1.200 millones de d\u00f3lares.<\/p>\n\n\n\n<p>Los reguladores de California a\u00fan deben aprobar la solicitud de Zoox para cobrar por los viajes en San Francisco, una autorizaci\u00f3n que Waymo recibi\u00f3 en agosto de 2023 despu\u00e9s de aprobar temas de seguridad planteados por las autoridades locales.<\/p>\n\n\n\n<p>Desde entonces, los robotaxis de Waymo se ven por todo San Francisco, donde incluso los turistas ahora se aseguran de tomar un viaje en un autom\u00f3vil aut\u00f3nomo adem\u00e1s de subirse a uno de los famosos tranv\u00edas de la ciudad que operan desde hace 152 a\u00f1os.<\/p>\n\n\n\n<p>Waymo, que comenz\u00f3 como un proyecto secreto dentro de Google en 2009, tambi\u00e9n opera sus robotaxis en San Jos\u00e9, California, Los \u00c1ngeles, Atlanta y Austin, Texas, y hay planes de expandirse a m\u00e1s ciudades de Estados Unidos el pr\u00f3ximo a\u00f1o.<\/p>\n\n\n\n<p>En otro signo del crecimiento acelerado de Waymo, sus robotaxis comenzaron a extender sus rutas m\u00e1s all\u00e1 de las calles de la ciudad y hacia las autopistas en San Francisco, Los \u00c1ngeles y Phoenix.<\/p>\n\n\n\n<p>Al igual que Waymo, Amazon se est\u00e1 preparando para llevar sus robotaxis a otras ciudades importantes, incluidas Austin y Miami.<\/p>\n\n\n\n<p>Para lograrlo, Amazon convirti\u00f3 una antigua f\u00e1brica de autobuses en Hayward, California, a 40 kil\u00f3metros (25 millas) al sureste de San Francisco, en una planta de robotaxis de alta tecnolog\u00eda. Zoox espera fabricar hasta 10.000 robotaxis anualmente en la planta.<\/p>\n","protected":false},"excerpt":{"rendered":"<p>POR MICHAEL LIEDTKE SAN FRANCISCO (AP) \u2014 Zoox de Amazon comenzar\u00e1 a ofrecer viajes gratuitos en robotaxis en zonas de San Francisco mientras intenta alcanzar a Waymo en la carrera&hellip;<\/p>\n","protected":false},"author":10,"featured_media":114998,"comment_status":"open","ping_status":"open","sticky":false,"template":"","format":"standard","meta":{"content-type":"","jetpack_post_was_ever_published":false,"_jetpack_newsletter_access":"","_jetpack_dont_email_post_to_subs":false,"_jetpack_newsletter_tier_id":0,"_jetpack_memberships_contains_paywalled_content":false,"_jetpack_memberships_contains_paid_content":false,"footnotes":""},"categories":[23746],"tags":[4902,27403,9561,865,27402],"class_list":["post-114997","post","type-post","status-publish","format-standard","has-post-thumbnail","hentry","category-tecnologia","tag-amazon","tag-robotaxis-zoox","tag-san-francisco","tag-servicio","tag-viajes-gratis"],"jetpack_featured_media_url":"https:\/\/lasprimeras.com.do\/wp-content\/uploads\/2025\/11\/robotaxis-Zoox-de-Amazon.jpg","jetpack-related-posts":[{"id":113024,"url":"https:\/\/lasprimeras.com.do\/index.php\/2025\/10\/29\/uber-planea-ofrecer-viajes-en-taxi-autonomos-en-san-francisco-a-partir-del-proximo-ano\/","url_meta":{"origin":114997,"position":0},"title":"Uber planea ofrecer viajes en taxi aut\u00f3nomos en San Francisco a partir del pr\u00f3ximo a\u00f1o","author":"Nelson Feliz","date":"29 de octubre de 2025","format":false,"excerpt":"Por DEE-ANN DURBIN Uber anunci\u00f3 el mi\u00e9rcoles que el \u00c1rea de la Bah\u00eda de San Francisco ser\u00e1 el primer mercado para su taxi aut\u00f3nomo especialmente dise\u00f1ado, cuyo lanzamiento est\u00e1 previsto para finales de 2026. La empresa de transporte compartido con sede en San Francisco anunci\u00f3 en julio que estaba desarrollando\u2026","rel":"","context":"En \u00abTECNOL\u00d3GIA\u00bb","block_context":{"text":"TECNOL\u00d3GIA","link":"https:\/\/lasprimeras.com.do\/index.php\/category\/tecnologia\/"},"img":{"alt_text":"","src":"https:\/\/i0.wp.com\/lasprimeras.com.do\/wp-content\/uploads\/2025\/10\/UBER.jpg?resize=350%2C200&ssl=1","width":350,"height":200,"srcset":"https:\/\/i0.wp.com\/lasprimeras.com.do\/wp-content\/uploads\/2025\/10\/UBER.jpg?resize=350%2C200&ssl=1 1x, https:\/\/i0.wp.com\/lasprimeras.com.do\/wp-content\/uploads\/2025\/10\/UBER.jpg?resize=525%2C300&ssl=1 1.5x, https:\/\/i0.wp.com\/lasprimeras.com.do\/wp-content\/uploads\/2025\/10\/UBER.jpg?resize=700%2C400&ssl=1 2x"},"classes":[]},{"id":100722,"url":"https:\/\/lasprimeras.com.do\/index.php\/2025\/06\/11\/musk-afirma-que-servicio-de-robotaxis-de-tesla-en-austin-se-lanzara-tentativamente-el-22-de-junio\/","url_meta":{"origin":114997,"position":1},"title":"Musk afirma que servicio de robotaxis de Tesla en Austin se lanzar\u00e1 \u201ctentativamente\u201d el 22 de junio","author":"Nelson Feliz","date":"11 de junio de 2025","format":false,"excerpt":"AUSTIN, Texas, EE.UU. (AP) \u2014 Elon Musk afirm\u00f3 que el servicio de robotaxis de Tesla est\u00e1 \u201ctentativamente\u201d programado para comenzar a operar en Austin, Texas, el 22 de junio. En una publicaci\u00f3n en su red social X, Musk escribi\u00f3 que la fecha podr\u00eda cambiar porque Tesla est\u00e1 \u201csiendo s\u00faper paranoico\u2026","rel":"","context":"En \u00abINTERNACIONALES\u00bb","block_context":{"text":"INTERNACIONALES","link":"https:\/\/lasprimeras.com.do\/index.php\/category\/sin-categoria\/internacionales\/"},"img":{"alt_text":"","src":"https:\/\/i0.wp.com\/lasprimeras.com.do\/wp-content\/uploads\/2025\/06\/robotaxis-de-Tesla.jpg?resize=350%2C200&ssl=1","width":350,"height":200,"srcset":"https:\/\/i0.wp.com\/lasprimeras.com.do\/wp-content\/uploads\/2025\/06\/robotaxis-de-Tesla.jpg?resize=350%2C200&ssl=1 1x, https:\/\/i0.wp.com\/lasprimeras.com.do\/wp-content\/uploads\/2025\/06\/robotaxis-de-Tesla.jpg?resize=525%2C300&ssl=1 1.5x"},"classes":[]},{"id":97658,"url":"https:\/\/lasprimeras.com.do\/index.php\/2025\/04\/25\/abinader-viaja-hoy-al-vaticano-al-funeral-de-su-santidad-el-papa-francisco\/","url_meta":{"origin":114997,"position":2},"title":"Abinader viaja hoy al Vaticano al funeral de su Santidad el Papa Francisco","author":"Nelson Feliz","date":"25 de abril de 2025","format":false,"excerpt":"Mandatario dominicano, se suma as\u00ed a otros jefes de estado y de gobiernos que asisten a los actos por el fallecimiento del Sumo Pont\u00edfice. El presidente Luis Abinader y la primera dama, Raquel Arbaje, viajar\u00e1n este viernes al Vaticano para asistir a la misa funeral de Su Santidad el papa\u2026","rel":"","context":"En \u00abNACIONALES\u00bb","block_context":{"text":"NACIONALES","link":"https:\/\/lasprimeras.com.do\/index.php\/category\/nacionales\/"},"img":{"alt_text":"","src":"https:\/\/i0.wp.com\/lasprimeras.com.do\/wp-content\/uploads\/2025\/04\/luis-abinader-1.jpg?resize=350%2C200&ssl=1","width":350,"height":200,"srcset":"https:\/\/i0.wp.com\/lasprimeras.com.do\/wp-content\/uploads\/2025\/04\/luis-abinader-1.jpg?resize=350%2C200&ssl=1 1x, https:\/\/i0.wp.com\/lasprimeras.com.do\/wp-content\/uploads\/2025\/04\/luis-abinader-1.jpg?resize=525%2C300&ssl=1 1.5x"},"classes":[]},{"id":53492,"url":"https:\/\/lasprimeras.com.do\/index.php\/2023\/06\/27\/expedicion-intentara-probar-que-el-rio-amazonas-es-mas-largo-que-el-nilo\/","url_meta":{"origin":114997,"position":3},"title":"Expedici\u00f3n intentar\u00e1 probar que el r\u00edo Amazonas es m\u00e1s largo que el Nilo","author":"Nelson Feliz","date":"27 de junio de 2023","format":false,"excerpt":"\u00bfCu\u00e1l es el r\u00edo m\u00e1s largo del mundo: el Nilo o el Amazonas? Una expedici\u00f3n internacional de exploradores intentar\u00e1 resolver la disputa que se arrastra desde hace d\u00e9cadas, recorriendo en barcos ecol\u00f3gicos el r\u00edo que ba\u00f1a la mayor selva tropical del planeta. En tres barcos movidos con energ\u00eda solar y\u2026","rel":"","context":"En \u00abSin categor\u00eda\u00bb","block_context":{"text":"Sin categor\u00eda","link":"https:\/\/lasprimeras.com.do\/index.php\/category\/sin-categoria\/"},"img":{"alt_text":"Cient\u00edficos de EEUU logran im\u00e1genes in\u00e9ditas de especies del Amazonas peruano. Foto: www.eldiario.ec.","src":"https:\/\/i0.wp.com\/lasprimeras.com.do\/wp-content\/uploads\/2023\/06\/Amazonas.jpg?resize=350%2C200&ssl=1","width":350,"height":200,"srcset":"https:\/\/i0.wp.com\/lasprimeras.com.do\/wp-content\/uploads\/2023\/06\/Amazonas.jpg?resize=350%2C200&ssl=1 1x, https:\/\/i0.wp.com\/lasprimeras.com.do\/wp-content\/uploads\/2023\/06\/Amazonas.jpg?resize=525%2C300&ssl=1 1.5x, https:\/\/i0.wp.com\/lasprimeras.com.do\/wp-content\/uploads\/2023\/06\/Amazonas.jpg?resize=700%2C400&ssl=1 2x"},"classes":[]},{"id":83619,"url":"https:\/\/lasprimeras.com.do\/index.php\/2024\/05\/20\/presidente-abinader-anuncia-viajara-a-italia-el-vaticano-y-portugal\/","url_meta":{"origin":114997,"position":4},"title":"Presidente Abinader anuncia viajar\u00e1 a Italia, el Vaticano y Portugal","author":"Nelson Feliz","date":"20 de mayo de 2024","format":false,"excerpt":"Durante este viaje, el jefe del Estado sostendr\u00e1 un encuentro en el Vaticano con el Papa Francisco. El presidente Luis Abinader anunci\u00f3 este lunes que a partir del pr\u00f3ximo viernes 24 de mayo viajar\u00e1 a Italia, el Vaticano y Portugal, y que durante su permanencia en Roma sostendr\u00e1 un encuentro\u2026","rel":"","context":"En \u00abNACIONALES\u00bb","block_context":{"text":"NACIONALES","link":"https:\/\/lasprimeras.com.do\/index.php\/category\/nacionales\/"},"img":{"alt_text":"Luis Abinader","src":"https:\/\/i0.wp.com\/lasprimeras.com.do\/wp-content\/uploads\/2023\/07\/Luis-Abinader-viaja.jpg?resize=350%2C200&ssl=1","width":350,"height":200,"srcset":"https:\/\/i0.wp.com\/lasprimeras.com.do\/wp-content\/uploads\/2023\/07\/Luis-Abinader-viaja.jpg?resize=350%2C200&ssl=1 1x, https:\/\/i0.wp.com\/lasprimeras.com.do\/wp-content\/uploads\/2023\/07\/Luis-Abinader-viaja.jpg?resize=525%2C300&ssl=1 1.5x, https:\/\/i0.wp.com\/lasprimeras.com.do\/wp-content\/uploads\/2023\/07\/Luis-Abinader-viaja.jpg?resize=700%2C400&ssl=1 2x"},"classes":[]},{"id":97646,"url":"https:\/\/lasprimeras.com.do\/index.php\/2025\/04\/25\/viaje-de-trump-al-funeral-del-papa-pone-de-relieve-sus-enfrentamientos-a-lo-largo-de-los-anos\/","url_meta":{"origin":114997,"position":5},"title":"Viaje de Trump al funeral del papa pone de relieve sus enfrentamientos a lo largo de los a\u00f1os","author":"Nelson Feliz","date":"25 de abril de 2025","format":false,"excerpt":"POR PETER SMITH and MICHELLE L. PRICE WASHINGTON (AP) \u2014 El d\u00eda antes de morir, en su \u00faltimo discurso p\u00fablico, el papa Francisco transmiti\u00f3 un mensaje de unidad en el Domingo de Pascua e hizo un llamado a favor de los marginados y los migrantes. \u201cTodos nosotros\u201d, proclam\u00f3, \u201csomos hijos\u2026","rel":"","context":"En \u00abINTERNACIONALES\u00bb","block_context":{"text":"INTERNACIONALES","link":"https:\/\/lasprimeras.com.do\/index.php\/category\/sin-categoria\/internacionales\/"},"img":{"alt_text":"","src":"https:\/\/i0.wp.com\/lasprimeras.com.do\/wp-content\/uploads\/2025\/04\/Donald-Trump-1.jpg?resize=350%2C200&ssl=1","width":350,"height":200,"srcset":"https:\/\/i0.wp.com\/lasprimeras.com.do\/wp-content\/uploads\/2025\/04\/Donald-Trump-1.jpg?resize=350%2C200&ssl=1 1x, https:\/\/i0.wp.com\/lasprimeras.com.do\/wp-content\/uploads\/2025\/04\/Donald-Trump-1.jpg?resize=525%2C300&ssl=1 1.5x, https:\/\/i0.wp.com\/lasprimeras.com.do\/wp-content\/uploads\/2025\/04\/Donald-Trump-1.jpg?resize=700%2C400&ssl=1 2x"},"classes":[]}],"jetpack_sharing_enabled":true,"_links":{"self":[{"href":"https:\/\/lasprimeras.com.do\/index.php\/wp-json\/wp\/v2\/posts\/114997","targetHints":{"allow":["GET"]}}],"collection":[{"href":"https:\/\/lasprimeras.com.do\/index.php\/wp-json\/wp\/v2\/posts"}],"about":[{"href":"https:\/\/lasprimeras.com.do\/index.php\/wp-json\/wp\/v2\/types\/post"}],"author":[{"embeddable":true,"href":"https:\/\/lasprimeras.com.do\/index.php\/wp-json\/wp\/v2\/users\/10"}],"replies":[{"embeddable":true,"href":"https:\/\/lasprimeras.com.do\/index.php\/wp-json\/wp\/v2\/comments?post=114997"}],"version-history":[{"count":1,"href":"https:\/\/lasprimeras.com.do\/index.php\/wp-json\/wp\/v2\/posts\/114997\/revisions"}],"predecessor-version":[{"id":114999,"href":"https:\/\/lasprimeras.com.do\/index.php\/wp-json\/wp\/v2\/posts\/114997\/revisions\/114999"}],"wp:featuredmedia":[{"embeddable":true,"href":"https:\/\/lasprimeras.com.do\/index.php\/wp-json\/wp\/v2\/media\/114998"}],"wp:attachment":[{"href":"https:\/\/lasprimeras.com.do\/index.php\/wp-json\/wp\/v2\/media?parent=114997"}],"wp:term":[{"taxonomy":"category","embeddable":true,"href":"https:\/\/lasprimeras.com.do\/index.php\/wp-json\/wp\/v2\/categories?post=114997"},{"taxonomy":"post_tag","embeddable":true,"href":"https:\/\/lasprimeras.com.do\/index.php\/wp-json\/wp\/v2\/tags?post=114997"}],"curies":[{"name":"wp","href":"https:\/\/api.w.org\/{rel}","templated":true}]}}