{"id":115019,"date":"2025-11-18T18:48:13","date_gmt":"2025-11-18T22:48:13","guid":{"rendered":"https:\/\/lasprimeras.com.do\/?p=115019"},"modified":"2025-11-18T18:48:14","modified_gmt":"2025-11-18T22:48:14","slug":"intrant-convertira-el-malecon-en-una-ruta-familiar-y-turistica","status":"publish","type":"post","link":"https:\/\/lasprimeras.com.do\/index.php\/2025\/11\/18\/intrant-convertira-el-malecon-en-una-ruta-familiar-y-turistica\/","title":{"rendered":"INTRANT convertir\u00e1 el malec\u00f3n en una ruta familiar y tur\u00edstica"},"content":{"rendered":"\n<p class=\"wp-block-paragraph\"><strong>La intervenci\u00f3n cuenta con el apoyo del Cl\u00faster Tur\u00edstico y la Asociaci\u00f3n de Hoteles de la ciudad, en un esfuerzo orientado a reducir riesgos y salvar vidas.<\/strong><\/p>\n\n\n\n<p class=\"wp-block-paragraph\">En el marco de la 8va. Semana Nacional de la Seguridad Vial, el Instituto Nacional de Tr\u00e1nsito y Transporte Terrestre (INTRANT) present\u00f3 el Proyecto de Calmado del Tr\u00e1nsito del Malec\u00f3n, una intervenci\u00f3n integral orientada a reducir siniestros viales y fortalecer la seguridad en uno de los espacios m\u00e1s emblem\u00e1ticos de la ciudad.<\/p>\n\n\n\n<p class=\"wp-block-paragraph\">La obra cuenta con el acompa\u00f1amiento de la Alcald\u00eda del Distrito Nacional (ADN), el Cl\u00faster Tur\u00edstico de Santo Domingo y la Asociaci\u00f3n de Hoteles de Santo Domingo, que se integran como aliados estrat\u00e9gicos en la iniciativa.<\/p>\n\n\n\n<figure class=\"wp-block-image size-full\"><img decoding=\"async\" width=\"900\" height=\"599\" src=\"https:\/\/lasprimeras.com.do\/wp-content\/uploads\/2025\/11\/Milton-Morrison-2.jpg\" alt=\"\" class=\"wp-image-115021\" srcset=\"https:\/\/lasprimeras.com.do\/wp-content\/uploads\/2025\/11\/Milton-Morrison-2.jpg 900w, https:\/\/lasprimeras.com.do\/wp-content\/uploads\/2025\/11\/Milton-Morrison-2-300x200.jpg 300w, https:\/\/lasprimeras.com.do\/wp-content\/uploads\/2025\/11\/Milton-Morrison-2-768x511.jpg 768w\" sizes=\"(max-width: 900px) 100vw, 900px\" \/><\/figure>\n\n\n\n<p class=\"wp-block-paragraph\">Bajo el mensaje \u201cDonde hay vida, bajamos la velocidad\u201d, la intervenci\u00f3n reafirma el compromiso del INTRANT con una movilidad m\u00e1s segura en este corredor de alta actividad recreativa y tur\u00edstica.<\/p>\n\n\n\n<p class=\"wp-block-paragraph\">Durante la actividad, el Sr. Juan Manuel Martin D\u2019Oliva, presidente del Cl\u00faster Tur\u00edstico de Santo Domingo, entreg\u00f3 un reconocimiento al director ejecutivo del INTRANT, Milton Morrison, en m\u00e9rito a las acciones que ha impulsado para reducir riesgos en zonas de alto tr\u00e1nsito, mejorar la movilidad en el Distrito Nacional y fortalecer la seguridad vial en \u00e1reas tur\u00edsticas clave como el Malec\u00f3n.<\/p>\n\n\n\n<p class=\"wp-block-paragraph\">Martin D\u2019Oliva destac\u00f3 que estas acciones representan \u201cun liderazgo evidente y comprometido con resultados\u201d, subrayando que este proyecto devuelve orden y seguridad a un espacio vital para residentes y visitantes.<\/p>\n\n\n\n<figure class=\"wp-block-image size-full\"><img decoding=\"async\" width=\"900\" height=\"599\" src=\"https:\/\/lasprimeras.com.do\/wp-content\/uploads\/2025\/11\/Milton-Morrison-3.jpg\" alt=\"\" class=\"wp-image-115022\" srcset=\"https:\/\/lasprimeras.com.do\/wp-content\/uploads\/2025\/11\/Milton-Morrison-3.jpg 900w, https:\/\/lasprimeras.com.do\/wp-content\/uploads\/2025\/11\/Milton-Morrison-3-300x200.jpg 300w, https:\/\/lasprimeras.com.do\/wp-content\/uploads\/2025\/11\/Milton-Morrison-3-768x511.jpg 768w\" sizes=\"(max-width: 900px) 100vw, 900px\" \/><\/figure>\n\n\n\n<p class=\"wp-block-paragraph\">Al recibir la distinci\u00f3n, Morrison afirm\u00f3 que esta obra responde a \u201cuna deuda hist\u00f3rica con la seguridad vial del Malec\u00f3n\u201d, y subray\u00f3 que el Gobierno del presidente Luis Abinader mantiene como prioridad la protecci\u00f3n de la vida mediante acciones multisectoriales que ya est\u00e1n incidiendo en la reducci\u00f3n de siniestros viales.<\/p>\n\n\n\n<p class=\"wp-block-paragraph\">Resalt\u00f3 que el objetivo es cerrar el a\u00f1o con cifras significativamente menores, especialmente en los puntos cr\u00edticos de la ciudad.<\/p>\n\n\n\n<p class=\"wp-block-paragraph\">El INTRANT explic\u00f3 que el Malec\u00f3n, aunque es uno de los lugares m\u00e1s visitados y valorados por la ciudadan\u00eda, presenta niveles elevados de riesgo vial.<\/p>\n\n\n\n<p class=\"wp-block-paragraph\">En los \u00faltimos tres a\u00f1os, esta v\u00eda ha registrado 20 accidentes graves, 11 personas fallecidas y 41 lesionadas, cifras que motivaron la intervenci\u00f3n urgente de los tramos con mayor incidencia de siniestros.<\/p>\n\n\n\n<p class=\"wp-block-paragraph\"><strong>Medidas implementadas para reducir riesgos y salvar vidas<\/strong><\/p>\n\n\n\n<p class=\"wp-block-paragraph\">El proyecto comprende la instalaci\u00f3n de 170 nuevas se\u00f1ales verticales, 700 metros de bandas sonoras (vibralines), 10,500 metros lineales de marcas viales y cruces peatonales elevados en puntos cr\u00edticos. Todas estas medidas est\u00e1n orientadas a reducir la velocidad, alertar con mayor claridad a los conductores y ordenar la v\u00eda para prevenir maniobras riesgosas.<\/p>\n\n\n\n<p class=\"wp-block-paragraph\">Las proyecciones t\u00e9cnicas del INTRANT indican que esta intervenci\u00f3n permitir\u00e1 salvar al menos dos vidas al a\u00f1o y evitar alrededor de nueve lesiones graves, adem\u00e1s de mejorar la experiencia de quienes utilizan el Malec\u00f3n para recreaci\u00f3n, turismo o movilidad diaria.<\/p>\n\n\n\n<p class=\"wp-block-paragraph\">Durante el acto, el ministro Coordinador del Gabinete de Transporte, Deligne Ascenci\u00f3n, afirm\u00f3 que esta obra \u201ces el resultado de una articulaci\u00f3n efectiva entre instituciones p\u00fablicas, el sector privado y los actores del turismo\u201d.<\/p>\n\n\n\n<p class=\"wp-block-paragraph\">Valor\u00f3 la labor del INTRANT como instituci\u00f3n que \u201cha demostrado rigor t\u00e9cnico y capacidad de respuesta para implementar soluciones que se traducen en m\u00e1s orden, m\u00e1s protecci\u00f3n y m\u00e1s vidas salvadas en nuestras v\u00edas\u201d.<\/p>\n\n\n\n<p class=\"wp-block-paragraph\">La actividad tambi\u00e9n cont\u00f3 con la presencia de Fabeth Mart\u00ednez, directora ejecutiva de la Asociaci\u00f3n de Hoteles de Santo Domingo; el general Pascual Cruz M\u00e9ndez, director de la DIGESETT; Dar\u00edo Dom\u00ednguez, director de Tr\u00e1nsito y Movilidad Urbana de la Alcald\u00eda del Distrito Nacional; as\u00ed como miembros del Consejo de Direcci\u00f3n del INTRANT, representantes de la Comisi\u00f3n Militar y Policial (COMIPOL);el Fideicomiso para la Movilidad y el Transporte (FIMOVIT), (CODINTRANT); as\u00ed como representantes de otras instituciones que integran el Gabinete de Transporte.<\/p>\n\n\n\n<p class=\"wp-block-paragraph\">El INTRANT agradeci\u00f3 especialmente el apoyo del Renaissance Santo Domingo Jaragua Hotel &amp; Casino y del Hotel Catalonia, aliados estrat\u00e9gicos que respaldaron el proceso de intervenci\u00f3n.<\/p>\n\n\n\n<p class=\"wp-block-paragraph\"><strong>Un Malec\u00f3n m\u00e1s seguro, accesible y humano<\/strong><\/p>\n\n\n\n<p class=\"wp-block-paragraph\">Con esta acci\u00f3n, el INTRANT reafirma su compromiso con la protecci\u00f3n de la vida y con una movilidad responsable. El Malec\u00f3n se transforma para convertirse nuevamente en un espacio donde caminar, cruzar y disfrutar sea una experiencia segura para todos.<\/p>\n","protected":false},"excerpt":{"rendered":"<p>La intervenci\u00f3n cuenta con el apoyo del Cl\u00faster Tur\u00edstico y la Asociaci\u00f3n de Hoteles de la ciudad, en un esfuerzo orientado a reducir riesgos y salvar vidas. En el marco&hellip;<\/p>\n","protected":false},"author":10,"featured_media":115020,"comment_status":"open","ping_status":"open","sticky":false,"template":"","format":"standard","meta":{"content-type":"","_jetpack_newsletter_access":"","_jetpack_dont_email_post_to_subs":false,"_jetpack_newsletter_tier_id":0,"_jetpack_memberships_contains_paywalled_content":false,"_jetpack_feature_clip_id":0,"_jetpack_memberships_contains_paid_content":false,"footnotes":"","jetpack_post_was_ever_published":false},"categories":[35,25],"tags":[21624,349,5475,5990,1775,27413,2216],"class_list":["post-115019","post","type-post","status-publish","format-standard","has-post-thumbnail","hentry","category-nacionales","category-portada","tag-alta-velocidad","tag-intrant","tag-malecon","tag-obra","tag-reducir","tag-ruta-familiar","tag-turistica"],"jetpack-related-posts":[{"id":115130,"url":"https:\/\/lasprimeras.com.do\/index.php\/2025\/11\/19\/cluster-turistico-reconoce-a-milton-morrison-por-liderazgo-frente-al-intrant\/","url_meta":{"origin":115019,"position":0},"title":"Cl\u00faster Tur\u00edstico reconoce a Milton Morrison por liderazgo frente al INTRANT","author":"Nelson Feliz","date":"19 de noviembre de 2025","format":false,"excerpt":"La distinci\u00f3n resalta las acciones del INTRANT para reducir la alta velocidad, prevenir siniestros y transformar el Malec\u00f3n en un corredor m\u00e1s seguro, familiar y tur\u00edstico. En el marco de la 8va. Semana Nacional de la Seguridad Vial, el director ejecutivo del INTRANT, Milton Morrison, recibi\u00f3 un destacado reconocimiento del\u2026","rel":"","context":"En \u00abPORTADA\u00bb","block_context":{"text":"PORTADA","link":"https:\/\/lasprimeras.com.do\/index.php\/category\/portada\/"},"img":{"alt_text":"Milton Morrison","src":"https:\/\/i0.wp.com\/lasprimeras.com.do\/wp-content\/uploads\/2025\/11\/Milton-Morrison-4.jpg?resize=350%2C200&ssl=1","width":350,"height":200,"srcset":"https:\/\/i0.wp.com\/lasprimeras.com.do\/wp-content\/uploads\/2025\/11\/Milton-Morrison-4.jpg?resize=350%2C200&ssl=1 1x, https:\/\/i0.wp.com\/lasprimeras.com.do\/wp-content\/uploads\/2025\/11\/Milton-Morrison-4.jpg?resize=525%2C300&ssl=1 1.5x, https:\/\/i0.wp.com\/lasprimeras.com.do\/wp-content\/uploads\/2025\/11\/Milton-Morrison-4.jpg?resize=700%2C400&ssl=1 2x"},"classes":[]},{"id":117366,"url":"https:\/\/lasprimeras.com.do\/index.php\/2025\/12\/09\/20-accidentes-graves-y-11-fallecidos-en-tres-anos-motivaron-intervencion-del-intrant-en-el-malecon-para-salvar-vidas\/","url_meta":{"origin":115019,"position":1},"title":"20 accidentes graves y 11 fallecidos en tres a\u00f1os motivaron intervenci\u00f3n del INTRANT en el Malec\u00f3n para salvar vidas","author":"Nelson Feliz","date":"9 de diciembre de 2025","format":false,"excerpt":"La instituci\u00f3n explica que las obras responden a la alta siniestralidad vial, ante denuncias sobre un bad\u00e9n instalado en la v\u00eda. Ante las denuncias publicadas en redes sociales en relaci\u00f3n con la construcci\u00f3n de un bad\u00e9n en el Malec\u00f3n de Santo Domingo, el Instituto Nacional de Tr\u00e1nsito y Transporte Terrestre\u2026","rel":"","context":"En \u00abNACIONALES\u00bb","block_context":{"text":"NACIONALES","link":"https:\/\/lasprimeras.com.do\/index.php\/category\/nacionales\/"},"img":{"alt_text":"INTRANT","src":"https:\/\/i0.wp.com\/lasprimeras.com.do\/wp-content\/uploads\/2025\/12\/malecon.jpg?resize=350%2C200&ssl=1","width":350,"height":200,"srcset":"https:\/\/i0.wp.com\/lasprimeras.com.do\/wp-content\/uploads\/2025\/12\/malecon.jpg?resize=350%2C200&ssl=1 1x, https:\/\/i0.wp.com\/lasprimeras.com.do\/wp-content\/uploads\/2025\/12\/malecon.jpg?resize=525%2C300&ssl=1 1.5x, https:\/\/i0.wp.com\/lasprimeras.com.do\/wp-content\/uploads\/2025\/12\/malecon.jpg?resize=700%2C400&ssl=1 2x"},"classes":[]},{"id":100383,"url":"https:\/\/lasprimeras.com.do\/index.php\/2025\/06\/06\/presidente-de-asonahores-vaticina-la-llegada-de-300-a-400-mil-turistas-anuales-a-samana\/","url_meta":{"origin":115019,"position":2},"title":"Presidente de ASONAHORES vaticina la llegada de 300 a 400 mil turistas anuales a Saman\u00e1","author":"Nelson Feliz","date":"6 de junio de 2025","format":false,"excerpt":"Dice, presidente ha cumplido con las obras prometidas. Empresarios e inversionistas de la provincia de Saman\u00e1 agradecieron este domingo al presidente Luis Abinader y al ministro de Turismo, David Collado, por el conjunto de obras entregadas, las cuales dijeron representan un impulso para el desarrollo tur\u00edstico y econ\u00f3mico de la\u2026","rel":"","context":"En \u00abTURISMO\u00bb","block_context":{"text":"TURISMO","link":"https:\/\/lasprimeras.com.do\/index.php\/category\/turismo\/"},"img":{"alt_text":"Juan Bancalari (Papo)","src":"https:\/\/i0.wp.com\/lasprimeras.com.do\/wp-content\/uploads\/2025\/06\/Juan-Bancalari-Papo.jpg?resize=350%2C200&ssl=1","width":350,"height":200,"srcset":"https:\/\/i0.wp.com\/lasprimeras.com.do\/wp-content\/uploads\/2025\/06\/Juan-Bancalari-Papo.jpg?resize=350%2C200&ssl=1 1x, https:\/\/i0.wp.com\/lasprimeras.com.do\/wp-content\/uploads\/2025\/06\/Juan-Bancalari-Papo.jpg?resize=525%2C300&ssl=1 1.5x, https:\/\/i0.wp.com\/lasprimeras.com.do\/wp-content\/uploads\/2025\/06\/Juan-Bancalari-Papo.jpg?resize=700%2C400&ssl=1 2x"},"classes":[]},{"id":135481,"url":"https:\/\/lasprimeras.com.do\/index.php\/2026\/07\/24\/intrant-lidera-encuentro-con-autoridades-nacionales-e-internacionales-de-la-seguridad-vial\/","url_meta":{"origin":115019,"position":3},"title":"Intrant lidera encuentro con autoridades nacionales e internacionales de la seguridad vial","author":"Nelson Feliz","date":"24 de julio de 2026","format":false,"excerpt":"La Reuni\u00f3n Ministerial de Alto Nivel de Articulaci\u00f3n de Acciones por la Seguridad Vial reuni\u00f3 al enviado especial del secretario general de las Naciones Unidas para la Seguridad Vial, Jean Todt, junto a representantes del Gobierno dominicano y organismos internacionales para fortalecer la coordinaci\u00f3n de las pol\u00edticas p\u00fablicas orientadas a\u2026","rel":"","context":"En \u00abNACIONALES\u00bb","block_context":{"text":"NACIONALES","link":"https:\/\/lasprimeras.com.do\/index.php\/category\/nacionales\/"},"img":{"alt_text":"","src":"https:\/\/i0.wp.com\/lasprimeras.com.do\/wp-content\/uploads\/2025\/10\/Milton-Morrison-1.jpg?resize=350%2C200&ssl=1","width":350,"height":200,"srcset":"https:\/\/i0.wp.com\/lasprimeras.com.do\/wp-content\/uploads\/2025\/10\/Milton-Morrison-1.jpg?resize=350%2C200&ssl=1 1x, https:\/\/i0.wp.com\/lasprimeras.com.do\/wp-content\/uploads\/2025\/10\/Milton-Morrison-1.jpg?resize=525%2C300&ssl=1 1.5x, https:\/\/i0.wp.com\/lasprimeras.com.do\/wp-content\/uploads\/2025\/10\/Milton-Morrison-1.jpg?resize=700%2C400&ssl=1 2x"},"classes":[]},{"id":137544,"url":"https:\/\/lasprimeras.com.do\/index.php\/2026\/08\/18\/una-prohibicion-ignorada-por-anos-la-circulacion-de-vehiculos-pesados-por-el-malecon\/","url_meta":{"origin":115019,"position":4},"title":"Una prohibici\u00f3n ignorada por a\u00f1os la circulaci\u00f3n de veh\u00edculos pesados por el malec\u00f3n","author":"Nelson Feliz","date":"18 de agosto de 2026","format":false,"excerpt":"Santo Domingo = Desde 2012, diferentes instituciones como desde la propia Alcald\u00eda del Distrito Nacional hasta el Instituto Nacional de Tr\u00e1nsito y Transporte Terrestre (Intrant) han emitido resoluciones y ordenanzas que han prohibido, en varias ocasiones, que camiones transiten por la avenida George Washington. La ma\u00f1ana del lunes inici\u00f3 con\u2026","rel":"","context":"En \u00abNACIONALES\u00bb","block_context":{"text":"NACIONALES","link":"https:\/\/lasprimeras.com.do\/index.php\/category\/nacionales\/"},"img":{"alt_text":"","src":"https:\/\/i0.wp.com\/lasprimeras.com.do\/wp-content\/uploads\/2026\/08\/67959a418ebb6.jpeg?resize=350%2C200&ssl=1","width":350,"height":200,"srcset":"https:\/\/i0.wp.com\/lasprimeras.com.do\/wp-content\/uploads\/2026\/08\/67959a418ebb6.jpeg?resize=350%2C200&ssl=1 1x, https:\/\/i0.wp.com\/lasprimeras.com.do\/wp-content\/uploads\/2026\/08\/67959a418ebb6.jpeg?resize=525%2C300&ssl=1 1.5x, https:\/\/i0.wp.com\/lasprimeras.com.do\/wp-content\/uploads\/2026\/08\/67959a418ebb6.jpeg?resize=700%2C400&ssl=1 2x"},"classes":[]},{"id":67931,"url":"https:\/\/lasprimeras.com.do\/index.php\/2023\/11\/20\/intrant-informa-restriccion-circulacion-en-el-tramo-de-avenida-malecon\/","url_meta":{"origin":115019,"position":5},"title":"Intrant informa restricci\u00f3n circulaci\u00f3n en el tramo de Avenida Malec\u00f3n","author":"Nelson Feliz","date":"20 de noviembre de 2023","format":false,"excerpt":"Por Mart\u00edn Restituyo El Instituto Nacional de Tr\u00e1nsito y Transporte Terrestre (Intrant), informa a los ciudadanos que queda restringido el tr\u00e1nsito vehicular por escombros en la Avenida Malec\u00f3n, pr\u00f3ximo a La Marinita, Santo Domingo Este, hasta tanto sea restaurada esa zona. En ese sentido, se recomienda a los conductores utilizar\u2026","rel":"","context":"En \u00abNACIONALES\u00bb","block_context":{"text":"NACIONALES","link":"https:\/\/lasprimeras.com.do\/index.php\/category\/nacionales\/"},"img":{"alt_text":"Tragedia naciona","src":"https:\/\/i0.wp.com\/lasprimeras.com.do\/wp-content\/uploads\/2023\/11\/Tragedia-naciona.jpg?resize=350%2C200&ssl=1","width":350,"height":200,"srcset":"https:\/\/i0.wp.com\/lasprimeras.com.do\/wp-content\/uploads\/2023\/11\/Tragedia-naciona.jpg?resize=350%2C200&ssl=1 1x, https:\/\/i0.wp.com\/lasprimeras.com.do\/wp-content\/uploads\/2023\/11\/Tragedia-naciona.jpg?resize=525%2C300&ssl=1 1.5x, https:\/\/i0.wp.com\/lasprimeras.com.do\/wp-content\/uploads\/2023\/11\/Tragedia-naciona.jpg?resize=700%2C400&ssl=1 2x"},"classes":[]}],"jetpack_sharing_enabled":true,"jetpack_featured_media_url":"https:\/\/lasprimeras.com.do\/wp-content\/uploads\/2025\/11\/Milton-Morrison-1-1.jpg","_links":{"self":[{"href":"https:\/\/lasprimeras.com.do\/index.php\/wp-json\/wp\/v2\/posts\/115019","targetHints":{"allow":["GET"]}}],"collection":[{"href":"https:\/\/lasprimeras.com.do\/index.php\/wp-json\/wp\/v2\/posts"}],"about":[{"href":"https:\/\/lasprimeras.com.do\/index.php\/wp-json\/wp\/v2\/types\/post"}],"author":[{"embeddable":true,"href":"https:\/\/lasprimeras.com.do\/index.php\/wp-json\/wp\/v2\/users\/10"}],"replies":[{"embeddable":true,"href":"https:\/\/lasprimeras.com.do\/index.php\/wp-json\/wp\/v2\/comments?post=115019"}],"version-history":[{"count":1,"href":"https:\/\/lasprimeras.com.do\/index.php\/wp-json\/wp\/v2\/posts\/115019\/revisions"}],"predecessor-version":[{"id":115023,"href":"https:\/\/lasprimeras.com.do\/index.php\/wp-json\/wp\/v2\/posts\/115019\/revisions\/115023"}],"wp:featuredmedia":[{"embeddable":true,"href":"https:\/\/lasprimeras.com.do\/index.php\/wp-json\/wp\/v2\/media\/115020"}],"wp:attachment":[{"href":"https:\/\/lasprimeras.com.do\/index.php\/wp-json\/wp\/v2\/media?parent=115019"}],"wp:term":[{"taxonomy":"category","embeddable":true,"href":"https:\/\/lasprimeras.com.do\/index.php\/wp-json\/wp\/v2\/categories?post=115019"},{"taxonomy":"post_tag","embeddable":true,"href":"https:\/\/lasprimeras.com.do\/index.php\/wp-json\/wp\/v2\/tags?post=115019"}],"curies":[{"name":"wp","href":"https:\/\/api.w.org\/{rel}","templated":true}]}}